{"id":110895,"date":"2024-09-11T20:41:03","date_gmt":"2024-09-11T18:41:03","guid":{"rendered":"https:\/\/batijournal.com\/?p=110895"},"modified":"2024-09-11T20:42:07","modified_gmt":"2024-09-11T18:42:07","slug":"ile-dyeu-mobilisation-des-archeologues-face-au-recul-du-trait-de-cote","status":"publish","type":"post","link":"https:\/\/batijournal.com\/index.php\/ile-dyeu-mobilisation-des-archeologues-face-au-recul-du-trait-de-cote\/110895\/","title":{"rendered":"Ile d&rsquo;Yeu : mobilisation des arch\u00e9ologues face au recul du trait de c\u00f4te"},"content":{"rendered":"<p>La d\u00e9couverte fortuite d\u2019un cr\u00e2ne humain \u00e0 la Pointe de Gilberge sur l&rsquo;Ile d&rsquo;Yeu et signal\u00e9e par un promeneur en f\u00e9vrier 2024 a permis d\u2019initier, sur demande de la DRAC Pays de la Loire, une premi\u00e8re op\u00e9ration arch\u00e9ologique sous la direction de Chlo\u00e9 Martin (Eveha). Les objectifs de cette op\u00e9ration \u00e9taient doubles : \u00e0 la fois de pr\u00e9ciser le contexte de la d\u00e9couverte et la p\u00e9riode chronologique concern\u00e9e. Un sondage arch\u00e9ologique, des relev\u00e9s de l\u2019ensemble de la zone ainsi qu\u2019une coupe stratigraphique, grignot\u00e9e par la mer, ont \u00e9t\u00e9 r\u00e9alis\u00e9s. L\u2019op\u00e9ration a r\u00e9v\u00e9l\u00e9 la pr\u00e9sence d\u2019un coffre fun\u00e9raire attribuable \u00e0 l\u2019\u00e2ge du Bronze moyen, d\u2019apr\u00e8s une datation par radiocarbone sur des restes humains pr\u00e9lev\u00e9s.<\/p>\n<p>L\u2019\u00e9rosion naturelle s\u2019est acc\u00e9l\u00e9r\u00e9e au printemps 2024, mettant en p\u00e9ril ce monument fun\u00e9raire dont l\u2019int\u00e9r\u00eat scientifique est majeur pour l\u2019Ouest de la France. Command\u00e9e et financ\u00e9e par le Service r\u00e9gional de l\u2019arch\u00e9ologie (DRAC Pays de la Loire), une op\u00e9ration de fouille programm\u00e9e est men\u00e9e actuellement sous la direction de Sylvie Boulud-Gazo (Universit\u00e9 de Nantes) et Chlo\u00e9 Martin (Eveha), avec une \u00e9quipe compos\u00e9e d\u2019arch\u00e9ologues et de b\u00e9n\u00e9voles. Cette \u00e9tude est men\u00e9e conjointement avec le service du Patrimoine de la mairie de l\u2019\u00cele d\u2019Yeu. Afin de pas perdre d\u00e9finitivement la connaissance sur ce site vou\u00e9 \u00e0 la destruction par la mer, la DRAC, dans le cadre de sa politique d\u2019\u00e9tude et de conservation du patrimoine arch\u00e9ologique du littoral, mais aussi les partenaires (Universit\u00e9, op\u00e9rateurs, b\u00e9n\u00e9voles) ont su se mobiliser pour organiser et r\u00e9aliser cette op\u00e9ration d\u2019urgence avant les temp\u00eates de l\u2019hiver prochain. L\u2019enjeu est d\u2019\u00e9tudier le monument fun\u00e9raire sous tous ses angles avant qu\u2019il ne soit d\u00e9truit par l\u2019\u00e9rosion : relev\u00e9 topographique, prises de vues, fouille. Le site sera renatur\u00e9 en collaboration avec le service environnement de la mairie de l\u2019\u00cele d\u2019Yeu.<\/p>\n<p>Op\u00e9ration arch\u00e9ologique r\u00e9alis\u00e9e en collaboration avec le service Patrimoine de l\u2019Ile d\u2019Yeu, le Gvep, l\u2019Universit\u00e9 de Nantes, et Eveha. Source : Drac Pays de la Loire.<\/p>\n","protected":false},"excerpt":{"rendered":"<p>La d\u00e9couverte fortuite d\u2019un cr\u00e2ne humain \u00e0 la Pointe de Gilberge sur l&rsquo;Ile d&rsquo;Yeu et signal\u00e9e par un promeneur en f\u00e9vrier 2024 a permis d\u2019initier, sur demande de la DRAC Pays de la Loire, une premi\u00e8re op\u00e9ration arch\u00e9ologique sous la direction de Chlo\u00e9 Martin (Eveha). Les objectifs de cette op\u00e9ration \u00e9taient doubles : \u00e0 la [&hellip;]<\/p>\n","protected":false},"author":17,"featured_media":110896,"comment_status":"closed","ping_status":"closed","sticky":false,"template":"","format":"standard","meta":{"_et_pb_use_builder":"","_et_pb_old_content":"","_et_gb_content_width":"","footnotes":""},"categories":[10530,6362,10789,10785],"tags":[12875],"class_list":["post-110895","post","type-post","status-publish","format-standard","has-post-thumbnail","hentry","category-actualites","category-services-equipements","category-publications-atrium","category-atrium","tag-archeologie"],"yoast_head":"<!-- This site is optimized with the Yoast SEO plugin v27.4 - https:\/\/yoast.com\/product\/yoast-seo-wordpress\/ -->\n<title>Ile d&#039;Yeu : mobilisation des arch\u00e9ologues face au recul du trait de c\u00f4te<\/title>\n<meta name=\"robots\" content=\"index, follow, max-snippet:-1, max-image-preview:large, max-video-preview:-1\" \/>\n<link rel=\"canonical\" href=\"https:\/\/batijournal.com\/index.php\/ile-dyeu-mobilisation-des-archeologues-face-au-recul-du-trait-de-cote\/110895\/\" \/>\n<meta property=\"og:locale\" content=\"fr_FR\" \/>\n<meta property=\"og:type\" content=\"article\" \/>\n<meta property=\"og:title\" content=\"Ile d&#039;Yeu : mobilisation des arch\u00e9ologues face au recul du trait de c\u00f4te\" \/>\n<meta property=\"og:description\" content=\"La d\u00e9couverte fortuite d\u2019un cr\u00e2ne humain \u00e0 la Pointe de Gilberge sur l&rsquo;Ile d&rsquo;Yeu et signal\u00e9e par un promeneur en f\u00e9vrier 2024 a permis d\u2019initier, sur demande de la DRAC Pays de la Loire, une premi\u00e8re op\u00e9ration arch\u00e9ologique sous la direction de Chlo\u00e9 Martin (Eveha). Les objectifs de cette op\u00e9ration \u00e9taient doubles : \u00e0 la [&hellip;]\" \/>\n<meta property=\"og:url\" content=\"https:\/\/batijournal.com\/index.php\/ile-dyeu-mobilisation-des-archeologues-face-au-recul-du-trait-de-cote\/110895\/\" \/>\n<meta property=\"og:site_name\" content=\"Batijournal\" \/>\n<meta property=\"article:published_time\" content=\"2024-09-11T18:41:03+00:00\" \/>\n<meta property=\"article:modified_time\" content=\"2024-09-11T18:42:07+00:00\" \/>\n<meta property=\"og:image\" content=\"https:\/\/batijournal.com\/wp-content\/uploads\/2024\/09\/archeologie-ile-d-yeu.jpg\" \/>\n\t<meta property=\"og:image:width\" content=\"1992\" \/>\n\t<meta property=\"og:image:height\" content=\"1120\" \/>\n\t<meta property=\"og:image:type\" content=\"image\/jpeg\" \/>\n<meta name=\"author\" content=\"St\u00e9phane Miget\" \/>\n<meta name=\"twitter:card\" content=\"summary_large_image\" \/>\n<meta name=\"twitter:creator\" content=\"@bati_journal\" \/>\n<meta name=\"twitter:site\" content=\"@bati_journal\" \/>\n<meta name=\"twitter:label1\" content=\"\u00c9crit par\" \/>\n\t<meta name=\"twitter:data1\" content=\"St\u00e9phane Miget\" \/>\n\t<meta name=\"twitter:label2\" content=\"Dur\u00e9e de lecture estim\u00e9e\" \/>\n\t<meta name=\"twitter:data2\" content=\"2 minutes\" \/>\n<script type=\"application\/ld+json\" class=\"yoast-schema-graph\">{\"@context\":\"https:\\\/\\\/schema.org\",\"@graph\":[{\"@type\":\"Article\",\"@id\":\"https:\\\/\\\/batijournal.com\\\/index.php\\\/ile-dyeu-mobilisation-des-archeologues-face-au-recul-du-trait-de-cote\\\/110895\\\/#article\",\"isPartOf\":{\"@id\":\"https:\\\/\\\/batijournal.com\\\/index.php\\\/ile-dyeu-mobilisation-des-archeologues-face-au-recul-du-trait-de-cote\\\/110895\\\/\"},\"author\":{\"name\":\"St\u00e9phane Miget\",\"@id\":\"https:\\\/\\\/batijournal.com\\\/#\\\/schema\\\/person\\\/1dc96ec6957aa1ccb25ebe78bb19f100\"},\"headline\":\"Ile d&rsquo;Yeu : mobilisation des arch\u00e9ologues face au recul du trait de c\u00f4te\",\"datePublished\":\"2024-09-11T18:41:03+00:00\",\"dateModified\":\"2024-09-11T18:42:07+00:00\",\"mainEntityOfPage\":{\"@id\":\"https:\\\/\\\/batijournal.com\\\/index.php\\\/ile-dyeu-mobilisation-des-archeologues-face-au-recul-du-trait-de-cote\\\/110895\\\/\"},\"wordCount\":413,\"image\":{\"@id\":\"https:\\\/\\\/batijournal.com\\\/index.php\\\/ile-dyeu-mobilisation-des-archeologues-face-au-recul-du-trait-de-cote\\\/110895\\\/#primaryimage\"},\"thumbnailUrl\":\"https:\\\/\\\/batijournal.com\\\/wp-content\\\/uploads\\\/2024\\\/09\\\/archeologie-ile-d-yeu.jpg\",\"keywords\":[\"arch\u00e9ologie\"],\"articleSection\":[\"Actualit\u00e9s\",\"Divers\",\"zz_Actualit\u00e9s - Atrium\",\"zz_Atrium Patrimoine\"],\"inLanguage\":\"fr-FR\"},{\"@type\":\"WebPage\",\"@id\":\"https:\\\/\\\/batijournal.com\\\/index.php\\\/ile-dyeu-mobilisation-des-archeologues-face-au-recul-du-trait-de-cote\\\/110895\\\/\",\"url\":\"https:\\\/\\\/batijournal.com\\\/index.php\\\/ile-dyeu-mobilisation-des-archeologues-face-au-recul-du-trait-de-cote\\\/110895\\\/\",\"name\":\"Ile d'Yeu : mobilisation des arch\u00e9ologues face au recul du trait de c\u00f4te\",\"isPartOf\":{\"@id\":\"https:\\\/\\\/batijournal.com\\\/#website\"},\"primaryImageOfPage\":{\"@id\":\"https:\\\/\\\/batijournal.com\\\/index.php\\\/ile-dyeu-mobilisation-des-archeologues-face-au-recul-du-trait-de-cote\\\/110895\\\/#primaryimage\"},\"image\":{\"@id\":\"https:\\\/\\\/batijournal.com\\\/index.php\\\/ile-dyeu-mobilisation-des-archeologues-face-au-recul-du-trait-de-cote\\\/110895\\\/#primaryimage\"},\"thumbnailUrl\":\"https:\\\/\\\/batijournal.com\\\/wp-content\\\/uploads\\\/2024\\\/09\\\/archeologie-ile-d-yeu.jpg\",\"datePublished\":\"2024-09-11T18:41:03+00:00\",\"dateModified\":\"2024-09-11T18:42:07+00:00\",\"author\":{\"@id\":\"https:\\\/\\\/batijournal.com\\\/#\\\/schema\\\/person\\\/1dc96ec6957aa1ccb25ebe78bb19f100\"},\"breadcrumb\":{\"@id\":\"https:\\\/\\\/batijournal.com\\\/index.php\\\/ile-dyeu-mobilisation-des-archeologues-face-au-recul-du-trait-de-cote\\\/110895\\\/#breadcrumb\"},\"inLanguage\":\"fr-FR\",\"potentialAction\":[{\"@type\":\"ReadAction\",\"target\":[\"https:\\\/\\\/batijournal.com\\\/index.php\\\/ile-dyeu-mobilisation-des-archeologues-face-au-recul-du-trait-de-cote\\\/110895\\\/\"]}]},{\"@type\":\"ImageObject\",\"inLanguage\":\"fr-FR\",\"@id\":\"https:\\\/\\\/batijournal.com\\\/index.php\\\/ile-dyeu-mobilisation-des-archeologues-face-au-recul-du-trait-de-cote\\\/110895\\\/#primaryimage\",\"url\":\"https:\\\/\\\/batijournal.com\\\/wp-content\\\/uploads\\\/2024\\\/09\\\/archeologie-ile-d-yeu.jpg\",\"contentUrl\":\"https:\\\/\\\/batijournal.com\\\/wp-content\\\/uploads\\\/2024\\\/09\\\/archeologie-ile-d-yeu.jpg\",\"width\":1992,\"height\":1120},{\"@type\":\"BreadcrumbList\",\"@id\":\"https:\\\/\\\/batijournal.com\\\/index.php\\\/ile-dyeu-mobilisation-des-archeologues-face-au-recul-du-trait-de-cote\\\/110895\\\/#breadcrumb\",\"itemListElement\":[{\"@type\":\"ListItem\",\"position\":1,\"name\":\"Accueil\",\"item\":\"https:\\\/\\\/batijournal.com\\\/\"},{\"@type\":\"ListItem\",\"position\":2,\"name\":\"Actualit\u00e9s\",\"item\":\"https:\\\/\\\/batijournal.com\\\/index.php\\\/category\\\/actualites\\\/\"},{\"@type\":\"ListItem\",\"position\":3,\"name\":\"Ile d&rsquo;Yeu : mobilisation des arch\u00e9ologues face au recul du trait de c\u00f4te\"}]},{\"@type\":\"WebSite\",\"@id\":\"https:\\\/\\\/batijournal.com\\\/#website\",\"url\":\"https:\\\/\\\/batijournal.com\\\/\",\"name\":\"Batijournal\",\"description\":\"L&#039;actualit\u00e9 du b\u00e2timent\",\"potentialAction\":[{\"@type\":\"SearchAction\",\"target\":{\"@type\":\"EntryPoint\",\"urlTemplate\":\"https:\\\/\\\/batijournal.com\\\/?s={search_term_string}\"},\"query-input\":{\"@type\":\"PropertyValueSpecification\",\"valueRequired\":true,\"valueName\":\"search_term_string\"}}],\"inLanguage\":\"fr-FR\"},{\"@type\":\"Person\",\"@id\":\"https:\\\/\\\/batijournal.com\\\/#\\\/schema\\\/person\\\/1dc96ec6957aa1ccb25ebe78bb19f100\",\"name\":\"St\u00e9phane Miget\",\"image\":{\"@type\":\"ImageObject\",\"inLanguage\":\"fr-FR\",\"@id\":\"https:\\\/\\\/secure.gravatar.com\\\/avatar\\\/89915563d925342126b8ef0281b93d9d7fc337043e8df017f780908eb9644451?s=96&d=mm&r=g\",\"url\":\"https:\\\/\\\/secure.gravatar.com\\\/avatar\\\/89915563d925342126b8ef0281b93d9d7fc337043e8df017f780908eb9644451?s=96&d=mm&r=g\",\"contentUrl\":\"https:\\\/\\\/secure.gravatar.com\\\/avatar\\\/89915563d925342126b8ef0281b93d9d7fc337043e8df017f780908eb9644451?s=96&d=mm&r=g\",\"caption\":\"St\u00e9phane Miget\"},\"url\":\"https:\\\/\\\/batijournal.com\\\/index.php\\\/author\\\/stephane\\\/\"}]}<\/script>\n<!-- \/ Yoast SEO plugin. -->","yoast_head_json":{"title":"Ile d'Yeu : mobilisation des arch\u00e9ologues face au recul du trait de c\u00f4te","robots":{"index":"index","follow":"follow","max-snippet":"max-snippet:-1","max-image-preview":"max-image-preview:large","max-video-preview":"max-video-preview:-1"},"canonical":"https:\/\/batijournal.com\/index.php\/ile-dyeu-mobilisation-des-archeologues-face-au-recul-du-trait-de-cote\/110895\/","og_locale":"fr_FR","og_type":"article","og_title":"Ile d'Yeu : mobilisation des arch\u00e9ologues face au recul du trait de c\u00f4te","og_description":"La d\u00e9couverte fortuite d\u2019un cr\u00e2ne humain \u00e0 la Pointe de Gilberge sur l&rsquo;Ile d&rsquo;Yeu et signal\u00e9e par un promeneur en f\u00e9vrier 2024 a permis d\u2019initier, sur demande de la DRAC Pays de la Loire, une premi\u00e8re op\u00e9ration arch\u00e9ologique sous la direction de Chlo\u00e9 Martin (Eveha). Les objectifs de cette op\u00e9ration \u00e9taient doubles : \u00e0 la [&hellip;]","og_url":"https:\/\/batijournal.com\/index.php\/ile-dyeu-mobilisation-des-archeologues-face-au-recul-du-trait-de-cote\/110895\/","og_site_name":"Batijournal","article_published_time":"2024-09-11T18:41:03+00:00","article_modified_time":"2024-09-11T18:42:07+00:00","og_image":[{"width":1992,"height":1120,"url":"https:\/\/batijournal.com\/wp-content\/uploads\/2024\/09\/archeologie-ile-d-yeu.jpg","type":"image\/jpeg"}],"author":"St\u00e9phane Miget","twitter_card":"summary_large_image","twitter_creator":"@bati_journal","twitter_site":"@bati_journal","twitter_misc":{"\u00c9crit par":"St\u00e9phane Miget","Dur\u00e9e de lecture estim\u00e9e":"2 minutes"},"schema":{"@context":"https:\/\/schema.org","@graph":[{"@type":"Article","@id":"https:\/\/batijournal.com\/index.php\/ile-dyeu-mobilisation-des-archeologues-face-au-recul-du-trait-de-cote\/110895\/#article","isPartOf":{"@id":"https:\/\/batijournal.com\/index.php\/ile-dyeu-mobilisation-des-archeologues-face-au-recul-du-trait-de-cote\/110895\/"},"author":{"name":"St\u00e9phane Miget","@id":"https:\/\/batijournal.com\/#\/schema\/person\/1dc96ec6957aa1ccb25ebe78bb19f100"},"headline":"Ile d&rsquo;Yeu : mobilisation des arch\u00e9ologues face au recul du trait de c\u00f4te","datePublished":"2024-09-11T18:41:03+00:00","dateModified":"2024-09-11T18:42:07+00:00","mainEntityOfPage":{"@id":"https:\/\/batijournal.com\/index.php\/ile-dyeu-mobilisation-des-archeologues-face-au-recul-du-trait-de-cote\/110895\/"},"wordCount":413,"image":{"@id":"https:\/\/batijournal.com\/index.php\/ile-dyeu-mobilisation-des-archeologues-face-au-recul-du-trait-de-cote\/110895\/#primaryimage"},"thumbnailUrl":"https:\/\/batijournal.com\/wp-content\/uploads\/2024\/09\/archeologie-ile-d-yeu.jpg","keywords":["arch\u00e9ologie"],"articleSection":["Actualit\u00e9s","Divers","zz_Actualit\u00e9s - Atrium","zz_Atrium Patrimoine"],"inLanguage":"fr-FR"},{"@type":"WebPage","@id":"https:\/\/batijournal.com\/index.php\/ile-dyeu-mobilisation-des-archeologues-face-au-recul-du-trait-de-cote\/110895\/","url":"https:\/\/batijournal.com\/index.php\/ile-dyeu-mobilisation-des-archeologues-face-au-recul-du-trait-de-cote\/110895\/","name":"Ile d'Yeu : mobilisation des arch\u00e9ologues face au recul du trait de c\u00f4te","isPartOf":{"@id":"https:\/\/batijournal.com\/#website"},"primaryImageOfPage":{"@id":"https:\/\/batijournal.com\/index.php\/ile-dyeu-mobilisation-des-archeologues-face-au-recul-du-trait-de-cote\/110895\/#primaryimage"},"image":{"@id":"https:\/\/batijournal.com\/index.php\/ile-dyeu-mobilisation-des-archeologues-face-au-recul-du-trait-de-cote\/110895\/#primaryimage"},"thumbnailUrl":"https:\/\/batijournal.com\/wp-content\/uploads\/2024\/09\/archeologie-ile-d-yeu.jpg","datePublished":"2024-09-11T18:41:03+00:00","dateModified":"2024-09-11T18:42:07+00:00","author":{"@id":"https:\/\/batijournal.com\/#\/schema\/person\/1dc96ec6957aa1ccb25ebe78bb19f100"},"breadcrumb":{"@id":"https:\/\/batijournal.com\/index.php\/ile-dyeu-mobilisation-des-archeologues-face-au-recul-du-trait-de-cote\/110895\/#breadcrumb"},"inLanguage":"fr-FR","potentialAction":[{"@type":"ReadAction","target":["https:\/\/batijournal.com\/index.php\/ile-dyeu-mobilisation-des-archeologues-face-au-recul-du-trait-de-cote\/110895\/"]}]},{"@type":"ImageObject","inLanguage":"fr-FR","@id":"https:\/\/batijournal.com\/index.php\/ile-dyeu-mobilisation-des-archeologues-face-au-recul-du-trait-de-cote\/110895\/#primaryimage","url":"https:\/\/batijournal.com\/wp-content\/uploads\/2024\/09\/archeologie-ile-d-yeu.jpg","contentUrl":"https:\/\/batijournal.com\/wp-content\/uploads\/2024\/09\/archeologie-ile-d-yeu.jpg","width":1992,"height":1120},{"@type":"BreadcrumbList","@id":"https:\/\/batijournal.com\/index.php\/ile-dyeu-mobilisation-des-archeologues-face-au-recul-du-trait-de-cote\/110895\/#breadcrumb","itemListElement":[{"@type":"ListItem","position":1,"name":"Accueil","item":"https:\/\/batijournal.com\/"},{"@type":"ListItem","position":2,"name":"Actualit\u00e9s","item":"https:\/\/batijournal.com\/index.php\/category\/actualites\/"},{"@type":"ListItem","position":3,"name":"Ile d&rsquo;Yeu : mobilisation des arch\u00e9ologues face au recul du trait de c\u00f4te"}]},{"@type":"WebSite","@id":"https:\/\/batijournal.com\/#website","url":"https:\/\/batijournal.com\/","name":"Batijournal","description":"L&#039;actualit\u00e9 du b\u00e2timent","potentialAction":[{"@type":"SearchAction","target":{"@type":"EntryPoint","urlTemplate":"https:\/\/batijournal.com\/?s={search_term_string}"},"query-input":{"@type":"PropertyValueSpecification","valueRequired":true,"valueName":"search_term_string"}}],"inLanguage":"fr-FR"},{"@type":"Person","@id":"https:\/\/batijournal.com\/#\/schema\/person\/1dc96ec6957aa1ccb25ebe78bb19f100","name":"St\u00e9phane Miget","image":{"@type":"ImageObject","inLanguage":"fr-FR","@id":"https:\/\/secure.gravatar.com\/avatar\/89915563d925342126b8ef0281b93d9d7fc337043e8df017f780908eb9644451?s=96&d=mm&r=g","url":"https:\/\/secure.gravatar.com\/avatar\/89915563d925342126b8ef0281b93d9d7fc337043e8df017f780908eb9644451?s=96&d=mm&r=g","contentUrl":"https:\/\/secure.gravatar.com\/avatar\/89915563d925342126b8ef0281b93d9d7fc337043e8df017f780908eb9644451?s=96&d=mm&r=g","caption":"St\u00e9phane Miget"},"url":"https:\/\/batijournal.com\/index.php\/author\/stephane\/"}]}},"_links":{"self":[{"href":"https:\/\/batijournal.com\/index.php\/wp-json\/wp\/v2\/posts\/110895","targetHints":{"allow":["GET"]}}],"collection":[{"href":"https:\/\/batijournal.com\/index.php\/wp-json\/wp\/v2\/posts"}],"about":[{"href":"https:\/\/batijournal.com\/index.php\/wp-json\/wp\/v2\/types\/post"}],"author":[{"embeddable":true,"href":"https:\/\/batijournal.com\/index.php\/wp-json\/wp\/v2\/users\/17"}],"replies":[{"embeddable":true,"href":"https:\/\/batijournal.com\/index.php\/wp-json\/wp\/v2\/comments?post=110895"}],"version-history":[{"count":0,"href":"https:\/\/batijournal.com\/index.php\/wp-json\/wp\/v2\/posts\/110895\/revisions"}],"wp:featuredmedia":[{"embeddable":true,"href":"https:\/\/batijournal.com\/index.php\/wp-json\/wp\/v2\/media\/110896"}],"wp:attachment":[{"href":"https:\/\/batijournal.com\/index.php\/wp-json\/wp\/v2\/media?parent=110895"}],"wp:term":[{"taxonomy":"category","embeddable":true,"href":"https:\/\/batijournal.com\/index.php\/wp-json\/wp\/v2\/categories?post=110895"},{"taxonomy":"post_tag","embeddable":true,"href":"https:\/\/batijournal.com\/index.php\/wp-json\/wp\/v2\/tags?post=110895"}],"curies":[{"name":"wp","href":"https:\/\/api.w.org\/{rel}","templated":true}]}}