{"id":110920,"date":"2024-09-18T18:44:00","date_gmt":"2024-09-18T16:44:00","guid":{"rendered":"https:\/\/batijournal.com\/?p=110920"},"modified":"2024-09-18T18:44:00","modified_gmt":"2024-09-18T16:44:00","slug":"linconnu-mis-au-jour-dans-la-croisee-du-transept-de-notre-dame-de-paris-serait-joachim-du-bellay","status":"publish","type":"post","link":"https:\/\/batijournal.com\/index.php\/linconnu-mis-au-jour-dans-la-croisee-du-transept-de-notre-dame-de-paris-serait-joachim-du-bellay\/110920\/","title":{"rendered":"L&rsquo;inconnu mis au jour dans la crois\u00e9e du transept de Notre-Dame de Paris serait Joachim du Bellay"},"content":{"rendered":"<p><strong>Au lendemain de l\u2019incendie du 15 avril 2019, les arch\u00e9ologues sont intervenus au chevet de la cath\u00e9drale Notre-Dame de Paris. La loi d\u2019exception du 29 juillet 2019 a confi\u00e9 \u00e0 l\u2019Inrap la responsabilit\u00e9 des interventions d\u2019arch\u00e9ologie pr\u00e9ventive. C\u2019est donc sur prescription de l\u2019\u00c9tat (Drac \u00cele-de-France) en lien \u00e9troit avec l\u2019\u00e9tablissement public charg\u00e9 de la conservation et de la restauration de la cath\u00e9drale Notre-Dame de Paris (EPRND), ma\u00eetre d\u2019ouvrage du chantier, que les \u00e9quipes de l\u2019Inrap \u0153uvrent depuis cinq ans, \u00e0 un programme de diagnostics et fouilles arch\u00e9ologiques, \u00e0 l\u2019ext\u00e9rieur et l\u2019int\u00e9rieur de la cath\u00e9drale.<\/strong><\/p>\n<p>Les travaux entrepris dans le cadre de sa restauration ont n\u00e9cessit\u00e9 le percement de tranch\u00e9es, impactant le sous-sol et ses s\u00e9pultures. Les tombes mises au jour ont fait l\u2019objet d\u2019une fouille minutieuse. Les ossements ont \u00e9t\u00e9 pr\u00e9lev\u00e9s ainsi que les restes de certains cercueils en bois ou cuves en pl\u00e2tre pour \u00e9tude en laboratoire. Plus d\u2019une centaine de s\u00e9pultures ont \u00e9t\u00e9 identifi\u00e9es et 80 d\u2019entre-elles ont \u00e9t\u00e9 fouill\u00e9es. Crois\u00e9e du transept, r\u00e9seaux int\u00e9rieurs et carneaux, cave Soufflot : la majeure partie des zones a livr\u00e9 des s\u00e9pultures, la plus forte densit\u00e9 se situant dans des collat\u00e9raux nord et sud de la cath\u00e9drale. Les deux sarcophages de plomb mis au jour \u00e0 la crois\u00e9e du transept ont \u00e9t\u00e9 fouill\u00e9s en 2022 \u00e0 l\u2019institut m\u00e9dico-l\u00e9gal du CHU de Toulouse. Si l\u2019identification du chanoine Antoine de La Porte avait \u00e9t\u00e9 facilit\u00e9 par l\u2019\u00e9pitaphe figurant sur son cercueil, l&rsquo;autre d\u00e9funt restait anonyme.<\/p>\n<p>L\u2019UMR 5288 de l\u2019Universit\u00e9 Toulouse III\/CNRS et le professeur Eric Crub\u00e9zy ont entrepris une recherche pluridisciplinaire et proposent des pistes d\u2019identification :<br \/>\n<em>\u00ab L\u2019individu anonyme est d\u00e9c\u00e9d\u00e9 d&rsquo;une m\u00e9ningite chronique tuberculeuse au XVIe si\u00e8cle dans sa quatri\u00e8me d\u00e9cennie, un \u00e2ge peu repr\u00e9sent\u00e9 parmi les inhumations de sujets d\u2019importance dans la cath\u00e9drale. Cet inconnu, autopsi\u00e9 et embaum\u00e9, intrigue car il repose dans une zone sp\u00e9cifique o\u00f9, \u00e0 part Antoine de La Porte, aucune autre tombe intacte n\u2019a \u00e9t\u00e9 d\u00e9couverte. Les recherches sugg\u00e8rent qu&rsquo;il pourrait avoir r\u00e9occup\u00e9 une tombe ayant accueilli deux personnes bien connues \u00e0 leur \u00e9poque, mais sans titres religieux un peu exceptionnels. Notre attention s&rsquo;est port\u00e9e sur Joachim du Bellay, cavalier \u00e9m\u00e9rite, po\u00e8te tuberculeux, d\u00e9c\u00e9d\u00e9 en 1560, dont l&rsquo;autopsie avait r\u00e9v\u00e9l\u00e9 des signes de m\u00e9ningite chronique. Inhum\u00e9 dans la cath\u00e9drale alors qu\u2019il n\u2019en \u00e9tait m\u00eame plus chanoine, sa tombe n&rsquo;a pas \u00e9t\u00e9 retrouv\u00e9e en 1758 pr\u00e8s de celle de son oncle, bien que la famille souhait\u00e2t qu&rsquo;il soit inhum\u00e9 \u00e0 ses c\u00f4t\u00e9s. Cette situation cr\u00e9e une discordance entre l&rsquo;accord du chapitre, qui choisissait les lieux d\u2019inhumations \u00e0 Notre-Dame, et l&#8217;emplacement dans la crois\u00e9e du transept. Deux hypoth\u00e8ses argument\u00e9es sont avanc\u00e9es : une s\u00e9pulture transitoire devenue permanente ou un transfert de son cercueil lors d\u2019une autre inhumation, en 1569, apr\u00e8s la publication de ses \u0153uvres compl\u00e8tes. \u00bb<\/em><\/p>\n<p>Presque tous les individus mis au jour \u00e0 l\u2019int\u00e9rieur de Notre-Dame sont des adultes. La plupart d\u2019entre-eux pr\u00e9sentent des pathologies li\u00e9es \u00e0 la s\u00e9nescence comme l\u2019arthrose, l\u2019\u00e9dentation ou l\u2019ossification des cartilages qui t\u00e9moignent d\u2019une population plut\u00f4t \u00e2g\u00e9e. Enfin, \u00e0 une exception pr\u00e8s, tous les squelettes sont de sexe masculin. Sans surprise, ce constat refl\u00e8te une population attendue dans une cath\u00e9drale : religieux ou la\u00efcs issus des classes privil\u00e9gi\u00e9es. Tous les squelettes exhum\u00e9s font l\u2019objet d\u2019une \u00e9tude anthropologique exhaustive. Par ailleurs des datations radiocarbones, des analyses pal\u00e9og\u00e9nomiques et des analyses isotopiques seront entreprises afin de reconstituer l\u2019origine g\u00e9ographique et la mobilit\u00e9 des individus.<\/p>\n<p>Am\u00e9nagement : \u00c9tablissement public charg\u00e9 de la conservation et de la restauration de la cath\u00e9drale Notre-Dame de Paris<br \/>\nContr\u00f4le scientifique : Service r\u00e9gional de l\u2019arch\u00e9ologie (Drac \u00cele-de-France)<br \/>\nPrescription : SRA &#8211; Drac (Doroth\u00e9e Chaoui-Derieux)<br \/>\nRecherche arch\u00e9ologique : Inrap<br \/>\nResponsables scientifiques d\u2019op\u00e9ration Inrap : Christophe Besnier, H\u00e9l\u00e8ne Civalleri, Camille Colonna, Patricia Guinchard-Panseri, Guillaume Hulin, Xavier Peixoto, Agn\u00e8s Poyeton, Boris Robin<\/p>\n<p>Photo : fouille au CHU de Toulouse du sarcophage et du squelette de l&rsquo;inconnu mis au jour dans la crois\u00e9e du transept et attribu\u00e9 \u00e0 Joachim du Bellay par une \u00e9tude. Son traitement fun\u00e9raire indique un statut aristocratique (cr\u00e2ne sci\u00e9, embaumement). \u00a9 Denis Gliksman, Inrap<\/p>\n","protected":false},"excerpt":{"rendered":"<p>Au lendemain de l\u2019incendie du 15 avril 2019, les arch\u00e9ologues sont intervenus au chevet de la cath\u00e9drale Notre-Dame de Paris. La loi d\u2019exception du 29 juillet 2019 a confi\u00e9 \u00e0 l\u2019Inrap la responsabilit\u00e9 des interventions d\u2019arch\u00e9ologie pr\u00e9ventive. C\u2019est donc sur prescription de l\u2019\u00c9tat (Drac \u00cele-de-France) en lien \u00e9troit avec l\u2019\u00e9tablissement public charg\u00e9 de la conservation [&hellip;]<\/p>\n","protected":false},"author":17,"featured_media":110921,"comment_status":"closed","ping_status":"closed","sticky":false,"template":"","format":"standard","meta":{"_et_pb_use_builder":"","_et_pb_old_content":"","_et_gb_content_width":"","footnotes":""},"categories":[10530,6362,10789,10785],"tags":[6454,6842],"class_list":["post-110920","post","type-post","status-publish","format-standard","has-post-thumbnail","hentry","category-actualites","category-services-equipements","category-publications-atrium","category-atrium","tag-inrap","tag-notre-dame-de-paris"],"yoast_head":"<!-- This site is optimized with the Yoast SEO plugin v27.4 - https:\/\/yoast.com\/product\/yoast-seo-wordpress\/ -->\n<title>L&#039;inconnu mis au jour dans la crois\u00e9e du transept de Notre-Dame de Paris serait Joachim du Bellay<\/title>\n<meta name=\"robots\" content=\"index, follow, max-snippet:-1, max-image-preview:large, max-video-preview:-1\" \/>\n<link rel=\"canonical\" href=\"https:\/\/batijournal.com\/index.php\/linconnu-mis-au-jour-dans-la-croisee-du-transept-de-notre-dame-de-paris-serait-joachim-du-bellay\/110920\/\" \/>\n<meta property=\"og:locale\" content=\"fr_FR\" \/>\n<meta property=\"og:type\" content=\"article\" \/>\n<meta property=\"og:title\" content=\"L&#039;inconnu mis au jour dans la crois\u00e9e du transept de Notre-Dame de Paris serait Joachim du Bellay\" \/>\n<meta property=\"og:description\" content=\"Au lendemain de l\u2019incendie du 15 avril 2019, les arch\u00e9ologues sont intervenus au chevet de la cath\u00e9drale Notre-Dame de Paris. La loi d\u2019exception du 29 juillet 2019 a confi\u00e9 \u00e0 l\u2019Inrap la responsabilit\u00e9 des interventions d\u2019arch\u00e9ologie pr\u00e9ventive. C\u2019est donc sur prescription de l\u2019\u00c9tat (Drac \u00cele-de-France) en lien \u00e9troit avec l\u2019\u00e9tablissement public charg\u00e9 de la conservation [&hellip;]\" \/>\n<meta property=\"og:url\" content=\"https:\/\/batijournal.com\/index.php\/linconnu-mis-au-jour-dans-la-croisee-du-transept-de-notre-dame-de-paris-serait-joachim-du-bellay\/110920\/\" \/>\n<meta property=\"og:site_name\" content=\"Batijournal\" \/>\n<meta property=\"article:published_time\" content=\"2024-09-18T16:44:00+00:00\" \/>\n<meta property=\"og:image\" content=\"https:\/\/batijournal.com\/wp-content\/uploads\/2024\/09\/sarcophage-notre-dame-de-paris_c_denis_gliksman_inrap_0.jpg\" \/>\n\t<meta property=\"og:image:width\" content=\"1920\" \/>\n\t<meta property=\"og:image:height\" content=\"1281\" \/>\n\t<meta property=\"og:image:type\" content=\"image\/jpeg\" \/>\n<meta name=\"author\" content=\"St\u00e9phane Miget\" \/>\n<meta name=\"twitter:card\" content=\"summary_large_image\" \/>\n<meta name=\"twitter:creator\" content=\"@bati_journal\" \/>\n<meta name=\"twitter:site\" content=\"@bati_journal\" \/>\n<meta name=\"twitter:label1\" content=\"\u00c9crit par\" \/>\n\t<meta name=\"twitter:data1\" content=\"St\u00e9phane Miget\" \/>\n\t<meta name=\"twitter:label2\" content=\"Dur\u00e9e de lecture estim\u00e9e\" \/>\n\t<meta name=\"twitter:data2\" content=\"4 minutes\" \/>\n<script type=\"application\/ld+json\" class=\"yoast-schema-graph\">{\"@context\":\"https:\\\/\\\/schema.org\",\"@graph\":[{\"@type\":\"Article\",\"@id\":\"https:\\\/\\\/batijournal.com\\\/index.php\\\/linconnu-mis-au-jour-dans-la-croisee-du-transept-de-notre-dame-de-paris-serait-joachim-du-bellay\\\/110920\\\/#article\",\"isPartOf\":{\"@id\":\"https:\\\/\\\/batijournal.com\\\/index.php\\\/linconnu-mis-au-jour-dans-la-croisee-du-transept-de-notre-dame-de-paris-serait-joachim-du-bellay\\\/110920\\\/\"},\"author\":{\"name\":\"St\u00e9phane Miget\",\"@id\":\"https:\\\/\\\/batijournal.com\\\/#\\\/schema\\\/person\\\/1dc96ec6957aa1ccb25ebe78bb19f100\"},\"headline\":\"L&rsquo;inconnu mis au jour dans la crois\u00e9e du transept de Notre-Dame de Paris serait Joachim du Bellay\",\"datePublished\":\"2024-09-18T16:44:00+00:00\",\"mainEntityOfPage\":{\"@id\":\"https:\\\/\\\/batijournal.com\\\/index.php\\\/linconnu-mis-au-jour-dans-la-croisee-du-transept-de-notre-dame-de-paris-serait-joachim-du-bellay\\\/110920\\\/\"},\"wordCount\":795,\"image\":{\"@id\":\"https:\\\/\\\/batijournal.com\\\/index.php\\\/linconnu-mis-au-jour-dans-la-croisee-du-transept-de-notre-dame-de-paris-serait-joachim-du-bellay\\\/110920\\\/#primaryimage\"},\"thumbnailUrl\":\"https:\\\/\\\/batijournal.com\\\/wp-content\\\/uploads\\\/2024\\\/09\\\/sarcophage-notre-dame-de-paris_c_denis_gliksman_inrap_0.jpg\",\"keywords\":[\"inrap\",\"notre dame de paris\"],\"articleSection\":[\"Actualit\u00e9s\",\"Divers\",\"zz_Actualit\u00e9s - Atrium\",\"zz_Atrium Patrimoine\"],\"inLanguage\":\"fr-FR\"},{\"@type\":\"WebPage\",\"@id\":\"https:\\\/\\\/batijournal.com\\\/index.php\\\/linconnu-mis-au-jour-dans-la-croisee-du-transept-de-notre-dame-de-paris-serait-joachim-du-bellay\\\/110920\\\/\",\"url\":\"https:\\\/\\\/batijournal.com\\\/index.php\\\/linconnu-mis-au-jour-dans-la-croisee-du-transept-de-notre-dame-de-paris-serait-joachim-du-bellay\\\/110920\\\/\",\"name\":\"L'inconnu mis au jour dans la crois\u00e9e du transept de Notre-Dame de Paris serait Joachim du Bellay\",\"isPartOf\":{\"@id\":\"https:\\\/\\\/batijournal.com\\\/#website\"},\"primaryImageOfPage\":{\"@id\":\"https:\\\/\\\/batijournal.com\\\/index.php\\\/linconnu-mis-au-jour-dans-la-croisee-du-transept-de-notre-dame-de-paris-serait-joachim-du-bellay\\\/110920\\\/#primaryimage\"},\"image\":{\"@id\":\"https:\\\/\\\/batijournal.com\\\/index.php\\\/linconnu-mis-au-jour-dans-la-croisee-du-transept-de-notre-dame-de-paris-serait-joachim-du-bellay\\\/110920\\\/#primaryimage\"},\"thumbnailUrl\":\"https:\\\/\\\/batijournal.com\\\/wp-content\\\/uploads\\\/2024\\\/09\\\/sarcophage-notre-dame-de-paris_c_denis_gliksman_inrap_0.jpg\",\"datePublished\":\"2024-09-18T16:44:00+00:00\",\"author\":{\"@id\":\"https:\\\/\\\/batijournal.com\\\/#\\\/schema\\\/person\\\/1dc96ec6957aa1ccb25ebe78bb19f100\"},\"breadcrumb\":{\"@id\":\"https:\\\/\\\/batijournal.com\\\/index.php\\\/linconnu-mis-au-jour-dans-la-croisee-du-transept-de-notre-dame-de-paris-serait-joachim-du-bellay\\\/110920\\\/#breadcrumb\"},\"inLanguage\":\"fr-FR\",\"potentialAction\":[{\"@type\":\"ReadAction\",\"target\":[\"https:\\\/\\\/batijournal.com\\\/index.php\\\/linconnu-mis-au-jour-dans-la-croisee-du-transept-de-notre-dame-de-paris-serait-joachim-du-bellay\\\/110920\\\/\"]}]},{\"@type\":\"ImageObject\",\"inLanguage\":\"fr-FR\",\"@id\":\"https:\\\/\\\/batijournal.com\\\/index.php\\\/linconnu-mis-au-jour-dans-la-croisee-du-transept-de-notre-dame-de-paris-serait-joachim-du-bellay\\\/110920\\\/#primaryimage\",\"url\":\"https:\\\/\\\/batijournal.com\\\/wp-content\\\/uploads\\\/2024\\\/09\\\/sarcophage-notre-dame-de-paris_c_denis_gliksman_inrap_0.jpg\",\"contentUrl\":\"https:\\\/\\\/batijournal.com\\\/wp-content\\\/uploads\\\/2024\\\/09\\\/sarcophage-notre-dame-de-paris_c_denis_gliksman_inrap_0.jpg\",\"width\":1920,\"height\":1281},{\"@type\":\"BreadcrumbList\",\"@id\":\"https:\\\/\\\/batijournal.com\\\/index.php\\\/linconnu-mis-au-jour-dans-la-croisee-du-transept-de-notre-dame-de-paris-serait-joachim-du-bellay\\\/110920\\\/#breadcrumb\",\"itemListElement\":[{\"@type\":\"ListItem\",\"position\":1,\"name\":\"Accueil\",\"item\":\"https:\\\/\\\/batijournal.com\\\/\"},{\"@type\":\"ListItem\",\"position\":2,\"name\":\"Actualit\u00e9s\",\"item\":\"https:\\\/\\\/batijournal.com\\\/index.php\\\/category\\\/actualites\\\/\"},{\"@type\":\"ListItem\",\"position\":3,\"name\":\"L&rsquo;inconnu mis au jour dans la crois\u00e9e du transept de Notre-Dame de Paris serait Joachim du Bellay\"}]},{\"@type\":\"WebSite\",\"@id\":\"https:\\\/\\\/batijournal.com\\\/#website\",\"url\":\"https:\\\/\\\/batijournal.com\\\/\",\"name\":\"Batijournal\",\"description\":\"L&#039;actualit\u00e9 du b\u00e2timent\",\"potentialAction\":[{\"@type\":\"SearchAction\",\"target\":{\"@type\":\"EntryPoint\",\"urlTemplate\":\"https:\\\/\\\/batijournal.com\\\/?s={search_term_string}\"},\"query-input\":{\"@type\":\"PropertyValueSpecification\",\"valueRequired\":true,\"valueName\":\"search_term_string\"}}],\"inLanguage\":\"fr-FR\"},{\"@type\":\"Person\",\"@id\":\"https:\\\/\\\/batijournal.com\\\/#\\\/schema\\\/person\\\/1dc96ec6957aa1ccb25ebe78bb19f100\",\"name\":\"St\u00e9phane Miget\",\"image\":{\"@type\":\"ImageObject\",\"inLanguage\":\"fr-FR\",\"@id\":\"https:\\\/\\\/secure.gravatar.com\\\/avatar\\\/89915563d925342126b8ef0281b93d9d7fc337043e8df017f780908eb9644451?s=96&d=mm&r=g\",\"url\":\"https:\\\/\\\/secure.gravatar.com\\\/avatar\\\/89915563d925342126b8ef0281b93d9d7fc337043e8df017f780908eb9644451?s=96&d=mm&r=g\",\"contentUrl\":\"https:\\\/\\\/secure.gravatar.com\\\/avatar\\\/89915563d925342126b8ef0281b93d9d7fc337043e8df017f780908eb9644451?s=96&d=mm&r=g\",\"caption\":\"St\u00e9phane Miget\"},\"url\":\"https:\\\/\\\/batijournal.com\\\/index.php\\\/author\\\/stephane\\\/\"}]}<\/script>\n<!-- \/ Yoast SEO plugin. -->","yoast_head_json":{"title":"L'inconnu mis au jour dans la crois\u00e9e du transept de Notre-Dame de Paris serait Joachim du Bellay","robots":{"index":"index","follow":"follow","max-snippet":"max-snippet:-1","max-image-preview":"max-image-preview:large","max-video-preview":"max-video-preview:-1"},"canonical":"https:\/\/batijournal.com\/index.php\/linconnu-mis-au-jour-dans-la-croisee-du-transept-de-notre-dame-de-paris-serait-joachim-du-bellay\/110920\/","og_locale":"fr_FR","og_type":"article","og_title":"L'inconnu mis au jour dans la crois\u00e9e du transept de Notre-Dame de Paris serait Joachim du Bellay","og_description":"Au lendemain de l\u2019incendie du 15 avril 2019, les arch\u00e9ologues sont intervenus au chevet de la cath\u00e9drale Notre-Dame de Paris. La loi d\u2019exception du 29 juillet 2019 a confi\u00e9 \u00e0 l\u2019Inrap la responsabilit\u00e9 des interventions d\u2019arch\u00e9ologie pr\u00e9ventive. C\u2019est donc sur prescription de l\u2019\u00c9tat (Drac \u00cele-de-France) en lien \u00e9troit avec l\u2019\u00e9tablissement public charg\u00e9 de la conservation [&hellip;]","og_url":"https:\/\/batijournal.com\/index.php\/linconnu-mis-au-jour-dans-la-croisee-du-transept-de-notre-dame-de-paris-serait-joachim-du-bellay\/110920\/","og_site_name":"Batijournal","article_published_time":"2024-09-18T16:44:00+00:00","og_image":[{"width":1920,"height":1281,"url":"https:\/\/batijournal.com\/wp-content\/uploads\/2024\/09\/sarcophage-notre-dame-de-paris_c_denis_gliksman_inrap_0.jpg","type":"image\/jpeg"}],"author":"St\u00e9phane Miget","twitter_card":"summary_large_image","twitter_creator":"@bati_journal","twitter_site":"@bati_journal","twitter_misc":{"\u00c9crit par":"St\u00e9phane Miget","Dur\u00e9e de lecture estim\u00e9e":"4 minutes"},"schema":{"@context":"https:\/\/schema.org","@graph":[{"@type":"Article","@id":"https:\/\/batijournal.com\/index.php\/linconnu-mis-au-jour-dans-la-croisee-du-transept-de-notre-dame-de-paris-serait-joachim-du-bellay\/110920\/#article","isPartOf":{"@id":"https:\/\/batijournal.com\/index.php\/linconnu-mis-au-jour-dans-la-croisee-du-transept-de-notre-dame-de-paris-serait-joachim-du-bellay\/110920\/"},"author":{"name":"St\u00e9phane Miget","@id":"https:\/\/batijournal.com\/#\/schema\/person\/1dc96ec6957aa1ccb25ebe78bb19f100"},"headline":"L&rsquo;inconnu mis au jour dans la crois\u00e9e du transept de Notre-Dame de Paris serait Joachim du Bellay","datePublished":"2024-09-18T16:44:00+00:00","mainEntityOfPage":{"@id":"https:\/\/batijournal.com\/index.php\/linconnu-mis-au-jour-dans-la-croisee-du-transept-de-notre-dame-de-paris-serait-joachim-du-bellay\/110920\/"},"wordCount":795,"image":{"@id":"https:\/\/batijournal.com\/index.php\/linconnu-mis-au-jour-dans-la-croisee-du-transept-de-notre-dame-de-paris-serait-joachim-du-bellay\/110920\/#primaryimage"},"thumbnailUrl":"https:\/\/batijournal.com\/wp-content\/uploads\/2024\/09\/sarcophage-notre-dame-de-paris_c_denis_gliksman_inrap_0.jpg","keywords":["inrap","notre dame de paris"],"articleSection":["Actualit\u00e9s","Divers","zz_Actualit\u00e9s - Atrium","zz_Atrium Patrimoine"],"inLanguage":"fr-FR"},{"@type":"WebPage","@id":"https:\/\/batijournal.com\/index.php\/linconnu-mis-au-jour-dans-la-croisee-du-transept-de-notre-dame-de-paris-serait-joachim-du-bellay\/110920\/","url":"https:\/\/batijournal.com\/index.php\/linconnu-mis-au-jour-dans-la-croisee-du-transept-de-notre-dame-de-paris-serait-joachim-du-bellay\/110920\/","name":"L'inconnu mis au jour dans la crois\u00e9e du transept de Notre-Dame de Paris serait Joachim du Bellay","isPartOf":{"@id":"https:\/\/batijournal.com\/#website"},"primaryImageOfPage":{"@id":"https:\/\/batijournal.com\/index.php\/linconnu-mis-au-jour-dans-la-croisee-du-transept-de-notre-dame-de-paris-serait-joachim-du-bellay\/110920\/#primaryimage"},"image":{"@id":"https:\/\/batijournal.com\/index.php\/linconnu-mis-au-jour-dans-la-croisee-du-transept-de-notre-dame-de-paris-serait-joachim-du-bellay\/110920\/#primaryimage"},"thumbnailUrl":"https:\/\/batijournal.com\/wp-content\/uploads\/2024\/09\/sarcophage-notre-dame-de-paris_c_denis_gliksman_inrap_0.jpg","datePublished":"2024-09-18T16:44:00+00:00","author":{"@id":"https:\/\/batijournal.com\/#\/schema\/person\/1dc96ec6957aa1ccb25ebe78bb19f100"},"breadcrumb":{"@id":"https:\/\/batijournal.com\/index.php\/linconnu-mis-au-jour-dans-la-croisee-du-transept-de-notre-dame-de-paris-serait-joachim-du-bellay\/110920\/#breadcrumb"},"inLanguage":"fr-FR","potentialAction":[{"@type":"ReadAction","target":["https:\/\/batijournal.com\/index.php\/linconnu-mis-au-jour-dans-la-croisee-du-transept-de-notre-dame-de-paris-serait-joachim-du-bellay\/110920\/"]}]},{"@type":"ImageObject","inLanguage":"fr-FR","@id":"https:\/\/batijournal.com\/index.php\/linconnu-mis-au-jour-dans-la-croisee-du-transept-de-notre-dame-de-paris-serait-joachim-du-bellay\/110920\/#primaryimage","url":"https:\/\/batijournal.com\/wp-content\/uploads\/2024\/09\/sarcophage-notre-dame-de-paris_c_denis_gliksman_inrap_0.jpg","contentUrl":"https:\/\/batijournal.com\/wp-content\/uploads\/2024\/09\/sarcophage-notre-dame-de-paris_c_denis_gliksman_inrap_0.jpg","width":1920,"height":1281},{"@type":"BreadcrumbList","@id":"https:\/\/batijournal.com\/index.php\/linconnu-mis-au-jour-dans-la-croisee-du-transept-de-notre-dame-de-paris-serait-joachim-du-bellay\/110920\/#breadcrumb","itemListElement":[{"@type":"ListItem","position":1,"name":"Accueil","item":"https:\/\/batijournal.com\/"},{"@type":"ListItem","position":2,"name":"Actualit\u00e9s","item":"https:\/\/batijournal.com\/index.php\/category\/actualites\/"},{"@type":"ListItem","position":3,"name":"L&rsquo;inconnu mis au jour dans la crois\u00e9e du transept de Notre-Dame de Paris serait Joachim du Bellay"}]},{"@type":"WebSite","@id":"https:\/\/batijournal.com\/#website","url":"https:\/\/batijournal.com\/","name":"Batijournal","description":"L&#039;actualit\u00e9 du b\u00e2timent","potentialAction":[{"@type":"SearchAction","target":{"@type":"EntryPoint","urlTemplate":"https:\/\/batijournal.com\/?s={search_term_string}"},"query-input":{"@type":"PropertyValueSpecification","valueRequired":true,"valueName":"search_term_string"}}],"inLanguage":"fr-FR"},{"@type":"Person","@id":"https:\/\/batijournal.com\/#\/schema\/person\/1dc96ec6957aa1ccb25ebe78bb19f100","name":"St\u00e9phane Miget","image":{"@type":"ImageObject","inLanguage":"fr-FR","@id":"https:\/\/secure.gravatar.com\/avatar\/89915563d925342126b8ef0281b93d9d7fc337043e8df017f780908eb9644451?s=96&d=mm&r=g","url":"https:\/\/secure.gravatar.com\/avatar\/89915563d925342126b8ef0281b93d9d7fc337043e8df017f780908eb9644451?s=96&d=mm&r=g","contentUrl":"https:\/\/secure.gravatar.com\/avatar\/89915563d925342126b8ef0281b93d9d7fc337043e8df017f780908eb9644451?s=96&d=mm&r=g","caption":"St\u00e9phane Miget"},"url":"https:\/\/batijournal.com\/index.php\/author\/stephane\/"}]}},"_links":{"self":[{"href":"https:\/\/batijournal.com\/index.php\/wp-json\/wp\/v2\/posts\/110920","targetHints":{"allow":["GET"]}}],"collection":[{"href":"https:\/\/batijournal.com\/index.php\/wp-json\/wp\/v2\/posts"}],"about":[{"href":"https:\/\/batijournal.com\/index.php\/wp-json\/wp\/v2\/types\/post"}],"author":[{"embeddable":true,"href":"https:\/\/batijournal.com\/index.php\/wp-json\/wp\/v2\/users\/17"}],"replies":[{"embeddable":true,"href":"https:\/\/batijournal.com\/index.php\/wp-json\/wp\/v2\/comments?post=110920"}],"version-history":[{"count":0,"href":"https:\/\/batijournal.com\/index.php\/wp-json\/wp\/v2\/posts\/110920\/revisions"}],"wp:featuredmedia":[{"embeddable":true,"href":"https:\/\/batijournal.com\/index.php\/wp-json\/wp\/v2\/media\/110921"}],"wp:attachment":[{"href":"https:\/\/batijournal.com\/index.php\/wp-json\/wp\/v2\/media?parent=110920"}],"wp:term":[{"taxonomy":"category","embeddable":true,"href":"https:\/\/batijournal.com\/index.php\/wp-json\/wp\/v2\/categories?post=110920"},{"taxonomy":"post_tag","embeddable":true,"href":"https:\/\/batijournal.com\/index.php\/wp-json\/wp\/v2\/tags?post=110920"}],"curies":[{"name":"wp","href":"https:\/\/api.w.org\/{rel}","templated":true}]}}