{"id":110943,"date":"2024-09-25T08:13:50","date_gmt":"2024-09-25T06:13:50","guid":{"rendered":"https:\/\/batijournal.com\/?p=110943"},"modified":"2024-09-25T08:13:50","modified_gmt":"2024-09-25T06:13:50","slug":"le-museum-et-le-cnrs-celebrent-les-50-ans-de-la-decouverte-de-lucy","status":"publish","type":"post","link":"https:\/\/batijournal.com\/index.php\/le-museum-et-le-cnrs-celebrent-les-50-ans-de-la-decouverte-de-lucy\/110943\/","title":{"rendered":"Le Mus\u00e9um et le CNRS c\u00e9l\u00e8brent les 50 ans de la d\u00e9couverte de Lucy"},"content":{"rendered":"<p>Le dimanche 24 novembre 1974 reste un jour particulier pour la pal\u00e9oanthropologie, science du pass\u00e9 de l\u2019humanit\u00e9. Il correspond en effet \u00e0 la d\u00e9couverte d\u2019AL 288-1, squelette partiel d\u2019australopith\u00e8que dat\u00e9 \u00e0 3,2 millions d\u2019ann\u00e9es, et plus connu sous le nom de \u00ab Lucy \u00bb, par l\u2019International Afar Research Expedition, cr\u00e9\u00e9e par Maurice Taieb, Yves Coppens, Donald Johanson, Jon Kalb et Raymonde Bonnefille. \u00c0 l\u2019occasion du cinquanti\u00e8me anniversaire de la d\u00e9couverte de Lucy, le Mus\u00e9um national d\u2019Histoire naturelle et le CNRS proposent au grand public un week-end d\u2019activit\u00e9s enti\u00e8rement d\u00e9di\u00e9es \u00e0 l\u2019australopith\u00e8que pr\u00e9f\u00e9r\u00e9e des Fran\u00e7ais. Les 16 et 17 novembre, au Mus\u00e9e de l\u2019Homme, venez rencontrer les scientifiques, participer \u00e0 des ateliers, assister \u00e0 des spectacles et \u00e0 des conf\u00e9rences. Temps fort du week-end : une rencontre \u00e0 distance avec le Mus\u00e9e national d\u2019\u00c9thiopie, lieu de conservation du fossile original. Le public pourra \u00e9galement consulter des archives in\u00e9dites de la d\u00e9couverte.<\/p>\n","protected":false},"excerpt":{"rendered":"<p>Le dimanche 24 novembre 1974 reste un jour particulier pour la pal\u00e9oanthropologie, science du pass\u00e9 de l\u2019humanit\u00e9. Il correspond en effet \u00e0 la d\u00e9couverte d\u2019AL 288-1, squelette partiel d\u2019australopith\u00e8que dat\u00e9 \u00e0 3,2 millions d\u2019ann\u00e9es, et plus connu sous le nom de \u00ab Lucy \u00bb, par l\u2019International Afar Research Expedition, cr\u00e9\u00e9e par Maurice Taieb, Yves Coppens, [&hellip;]<\/p>\n","protected":false},"author":17,"featured_media":110944,"comment_status":"closed","ping_status":"closed","sticky":false,"template":"","format":"standard","meta":{"_et_pb_use_builder":"","_et_pb_old_content":"","_et_gb_content_width":"","footnotes":""},"categories":[10530,6362,10789,10785],"tags":[12875,11705,13270],"class_list":["post-110943","post","type-post","status-publish","format-standard","has-post-thumbnail","hentry","category-actualites","category-services-equipements","category-publications-atrium","category-atrium","tag-archeologie","tag-museum-national-dhistoire-naturelle","tag-paleontologie"],"yoast_head":"<!-- This site is optimized with the Yoast SEO plugin v27.4 - https:\/\/yoast.com\/product\/yoast-seo-wordpress\/ -->\n<title>Le Mus\u00e9um et le CNRS c\u00e9l\u00e8brent les 50 ans de la d\u00e9couverte de Lucy<\/title>\n<meta name=\"robots\" content=\"index, follow, max-snippet:-1, max-image-preview:large, max-video-preview:-1\" \/>\n<link rel=\"canonical\" href=\"https:\/\/batijournal.com\/index.php\/le-museum-et-le-cnrs-celebrent-les-50-ans-de-la-decouverte-de-lucy\/110943\/\" \/>\n<meta property=\"og:locale\" content=\"fr_FR\" \/>\n<meta property=\"og:type\" content=\"article\" \/>\n<meta property=\"og:title\" content=\"Le Mus\u00e9um et le CNRS c\u00e9l\u00e8brent les 50 ans de la d\u00e9couverte de Lucy\" \/>\n<meta property=\"og:description\" content=\"Le dimanche 24 novembre 1974 reste un jour particulier pour la pal\u00e9oanthropologie, science du pass\u00e9 de l\u2019humanit\u00e9. Il correspond en effet \u00e0 la d\u00e9couverte d\u2019AL 288-1, squelette partiel d\u2019australopith\u00e8que dat\u00e9 \u00e0 3,2 millions d\u2019ann\u00e9es, et plus connu sous le nom de \u00ab Lucy \u00bb, par l\u2019International Afar Research Expedition, cr\u00e9\u00e9e par Maurice Taieb, Yves Coppens, [&hellip;]\" \/>\n<meta property=\"og:url\" content=\"https:\/\/batijournal.com\/index.php\/le-museum-et-le-cnrs-celebrent-les-50-ans-de-la-decouverte-de-lucy\/110943\/\" \/>\n<meta property=\"og:site_name\" content=\"Batijournal\" \/>\n<meta property=\"article:published_time\" content=\"2024-09-25T06:13:50+00:00\" \/>\n<meta property=\"og:image\" content=\"https:\/\/batijournal.com\/wp-content\/uploads\/2024\/09\/lucy.jpg\" \/>\n\t<meta property=\"og:image:width\" content=\"1000\" \/>\n\t<meta property=\"og:image:height\" content=\"1500\" \/>\n\t<meta property=\"og:image:type\" content=\"image\/jpeg\" \/>\n<meta name=\"author\" content=\"St\u00e9phane Miget\" \/>\n<meta name=\"twitter:card\" content=\"summary_large_image\" \/>\n<meta name=\"twitter:creator\" content=\"@bati_journal\" \/>\n<meta name=\"twitter:site\" content=\"@bati_journal\" \/>\n<meta name=\"twitter:label1\" content=\"\u00c9crit par\" \/>\n\t<meta name=\"twitter:data1\" content=\"St\u00e9phane Miget\" \/>\n\t<meta name=\"twitter:label2\" content=\"Dur\u00e9e de lecture estim\u00e9e\" \/>\n\t<meta name=\"twitter:data2\" content=\"1 minute\" \/>\n<script type=\"application\/ld+json\" class=\"yoast-schema-graph\">{\"@context\":\"https:\\\/\\\/schema.org\",\"@graph\":[{\"@type\":\"Article\",\"@id\":\"https:\\\/\\\/batijournal.com\\\/index.php\\\/le-museum-et-le-cnrs-celebrent-les-50-ans-de-la-decouverte-de-lucy\\\/110943\\\/#article\",\"isPartOf\":{\"@id\":\"https:\\\/\\\/batijournal.com\\\/index.php\\\/le-museum-et-le-cnrs-celebrent-les-50-ans-de-la-decouverte-de-lucy\\\/110943\\\/\"},\"author\":{\"name\":\"St\u00e9phane Miget\",\"@id\":\"https:\\\/\\\/batijournal.com\\\/#\\\/schema\\\/person\\\/1dc96ec6957aa1ccb25ebe78bb19f100\"},\"headline\":\"Le Mus\u00e9um et le CNRS c\u00e9l\u00e8brent les 50 ans de la d\u00e9couverte de Lucy\",\"datePublished\":\"2024-09-25T06:13:50+00:00\",\"mainEntityOfPage\":{\"@id\":\"https:\\\/\\\/batijournal.com\\\/index.php\\\/le-museum-et-le-cnrs-celebrent-les-50-ans-de-la-decouverte-de-lucy\\\/110943\\\/\"},\"wordCount\":184,\"image\":{\"@id\":\"https:\\\/\\\/batijournal.com\\\/index.php\\\/le-museum-et-le-cnrs-celebrent-les-50-ans-de-la-decouverte-de-lucy\\\/110943\\\/#primaryimage\"},\"thumbnailUrl\":\"https:\\\/\\\/batijournal.com\\\/wp-content\\\/uploads\\\/2024\\\/09\\\/lucy.jpg\",\"keywords\":[\"arch\u00e9ologie\",\"mus\u00e9um national d'histoire naturelle\",\"pal\u00e9ontologie\"],\"articleSection\":[\"Actualit\u00e9s\",\"Divers\",\"zz_Actualit\u00e9s - Atrium\",\"zz_Atrium Patrimoine\"],\"inLanguage\":\"fr-FR\"},{\"@type\":\"WebPage\",\"@id\":\"https:\\\/\\\/batijournal.com\\\/index.php\\\/le-museum-et-le-cnrs-celebrent-les-50-ans-de-la-decouverte-de-lucy\\\/110943\\\/\",\"url\":\"https:\\\/\\\/batijournal.com\\\/index.php\\\/le-museum-et-le-cnrs-celebrent-les-50-ans-de-la-decouverte-de-lucy\\\/110943\\\/\",\"name\":\"Le Mus\u00e9um et le CNRS c\u00e9l\u00e8brent les 50 ans de la d\u00e9couverte de Lucy\",\"isPartOf\":{\"@id\":\"https:\\\/\\\/batijournal.com\\\/#website\"},\"primaryImageOfPage\":{\"@id\":\"https:\\\/\\\/batijournal.com\\\/index.php\\\/le-museum-et-le-cnrs-celebrent-les-50-ans-de-la-decouverte-de-lucy\\\/110943\\\/#primaryimage\"},\"image\":{\"@id\":\"https:\\\/\\\/batijournal.com\\\/index.php\\\/le-museum-et-le-cnrs-celebrent-les-50-ans-de-la-decouverte-de-lucy\\\/110943\\\/#primaryimage\"},\"thumbnailUrl\":\"https:\\\/\\\/batijournal.com\\\/wp-content\\\/uploads\\\/2024\\\/09\\\/lucy.jpg\",\"datePublished\":\"2024-09-25T06:13:50+00:00\",\"author\":{\"@id\":\"https:\\\/\\\/batijournal.com\\\/#\\\/schema\\\/person\\\/1dc96ec6957aa1ccb25ebe78bb19f100\"},\"breadcrumb\":{\"@id\":\"https:\\\/\\\/batijournal.com\\\/index.php\\\/le-museum-et-le-cnrs-celebrent-les-50-ans-de-la-decouverte-de-lucy\\\/110943\\\/#breadcrumb\"},\"inLanguage\":\"fr-FR\",\"potentialAction\":[{\"@type\":\"ReadAction\",\"target\":[\"https:\\\/\\\/batijournal.com\\\/index.php\\\/le-museum-et-le-cnrs-celebrent-les-50-ans-de-la-decouverte-de-lucy\\\/110943\\\/\"]}]},{\"@type\":\"ImageObject\",\"inLanguage\":\"fr-FR\",\"@id\":\"https:\\\/\\\/batijournal.com\\\/index.php\\\/le-museum-et-le-cnrs-celebrent-les-50-ans-de-la-decouverte-de-lucy\\\/110943\\\/#primaryimage\",\"url\":\"https:\\\/\\\/batijournal.com\\\/wp-content\\\/uploads\\\/2024\\\/09\\\/lucy.jpg\",\"contentUrl\":\"https:\\\/\\\/batijournal.com\\\/wp-content\\\/uploads\\\/2024\\\/09\\\/lucy.jpg\",\"width\":1000,\"height\":1500},{\"@type\":\"BreadcrumbList\",\"@id\":\"https:\\\/\\\/batijournal.com\\\/index.php\\\/le-museum-et-le-cnrs-celebrent-les-50-ans-de-la-decouverte-de-lucy\\\/110943\\\/#breadcrumb\",\"itemListElement\":[{\"@type\":\"ListItem\",\"position\":1,\"name\":\"Accueil\",\"item\":\"https:\\\/\\\/batijournal.com\\\/\"},{\"@type\":\"ListItem\",\"position\":2,\"name\":\"Actualit\u00e9s\",\"item\":\"https:\\\/\\\/batijournal.com\\\/index.php\\\/category\\\/actualites\\\/\"},{\"@type\":\"ListItem\",\"position\":3,\"name\":\"Le Mus\u00e9um et le CNRS c\u00e9l\u00e8brent les 50 ans de la d\u00e9couverte de Lucy\"}]},{\"@type\":\"WebSite\",\"@id\":\"https:\\\/\\\/batijournal.com\\\/#website\",\"url\":\"https:\\\/\\\/batijournal.com\\\/\",\"name\":\"Batijournal\",\"description\":\"L&#039;actualit\u00e9 du b\u00e2timent\",\"potentialAction\":[{\"@type\":\"SearchAction\",\"target\":{\"@type\":\"EntryPoint\",\"urlTemplate\":\"https:\\\/\\\/batijournal.com\\\/?s={search_term_string}\"},\"query-input\":{\"@type\":\"PropertyValueSpecification\",\"valueRequired\":true,\"valueName\":\"search_term_string\"}}],\"inLanguage\":\"fr-FR\"},{\"@type\":\"Person\",\"@id\":\"https:\\\/\\\/batijournal.com\\\/#\\\/schema\\\/person\\\/1dc96ec6957aa1ccb25ebe78bb19f100\",\"name\":\"St\u00e9phane Miget\",\"image\":{\"@type\":\"ImageObject\",\"inLanguage\":\"fr-FR\",\"@id\":\"https:\\\/\\\/secure.gravatar.com\\\/avatar\\\/89915563d925342126b8ef0281b93d9d7fc337043e8df017f780908eb9644451?s=96&d=mm&r=g\",\"url\":\"https:\\\/\\\/secure.gravatar.com\\\/avatar\\\/89915563d925342126b8ef0281b93d9d7fc337043e8df017f780908eb9644451?s=96&d=mm&r=g\",\"contentUrl\":\"https:\\\/\\\/secure.gravatar.com\\\/avatar\\\/89915563d925342126b8ef0281b93d9d7fc337043e8df017f780908eb9644451?s=96&d=mm&r=g\",\"caption\":\"St\u00e9phane Miget\"},\"url\":\"https:\\\/\\\/batijournal.com\\\/index.php\\\/author\\\/stephane\\\/\"}]}<\/script>\n<!-- \/ Yoast SEO plugin. -->","yoast_head_json":{"title":"Le Mus\u00e9um et le CNRS c\u00e9l\u00e8brent les 50 ans de la d\u00e9couverte de Lucy","robots":{"index":"index","follow":"follow","max-snippet":"max-snippet:-1","max-image-preview":"max-image-preview:large","max-video-preview":"max-video-preview:-1"},"canonical":"https:\/\/batijournal.com\/index.php\/le-museum-et-le-cnrs-celebrent-les-50-ans-de-la-decouverte-de-lucy\/110943\/","og_locale":"fr_FR","og_type":"article","og_title":"Le Mus\u00e9um et le CNRS c\u00e9l\u00e8brent les 50 ans de la d\u00e9couverte de Lucy","og_description":"Le dimanche 24 novembre 1974 reste un jour particulier pour la pal\u00e9oanthropologie, science du pass\u00e9 de l\u2019humanit\u00e9. Il correspond en effet \u00e0 la d\u00e9couverte d\u2019AL 288-1, squelette partiel d\u2019australopith\u00e8que dat\u00e9 \u00e0 3,2 millions d\u2019ann\u00e9es, et plus connu sous le nom de \u00ab Lucy \u00bb, par l\u2019International Afar Research Expedition, cr\u00e9\u00e9e par Maurice Taieb, Yves Coppens, [&hellip;]","og_url":"https:\/\/batijournal.com\/index.php\/le-museum-et-le-cnrs-celebrent-les-50-ans-de-la-decouverte-de-lucy\/110943\/","og_site_name":"Batijournal","article_published_time":"2024-09-25T06:13:50+00:00","og_image":[{"width":1000,"height":1500,"url":"https:\/\/batijournal.com\/wp-content\/uploads\/2024\/09\/lucy.jpg","type":"image\/jpeg"}],"author":"St\u00e9phane Miget","twitter_card":"summary_large_image","twitter_creator":"@bati_journal","twitter_site":"@bati_journal","twitter_misc":{"\u00c9crit par":"St\u00e9phane Miget","Dur\u00e9e de lecture estim\u00e9e":"1 minute"},"schema":{"@context":"https:\/\/schema.org","@graph":[{"@type":"Article","@id":"https:\/\/batijournal.com\/index.php\/le-museum-et-le-cnrs-celebrent-les-50-ans-de-la-decouverte-de-lucy\/110943\/#article","isPartOf":{"@id":"https:\/\/batijournal.com\/index.php\/le-museum-et-le-cnrs-celebrent-les-50-ans-de-la-decouverte-de-lucy\/110943\/"},"author":{"name":"St\u00e9phane Miget","@id":"https:\/\/batijournal.com\/#\/schema\/person\/1dc96ec6957aa1ccb25ebe78bb19f100"},"headline":"Le Mus\u00e9um et le CNRS c\u00e9l\u00e8brent les 50 ans de la d\u00e9couverte de Lucy","datePublished":"2024-09-25T06:13:50+00:00","mainEntityOfPage":{"@id":"https:\/\/batijournal.com\/index.php\/le-museum-et-le-cnrs-celebrent-les-50-ans-de-la-decouverte-de-lucy\/110943\/"},"wordCount":184,"image":{"@id":"https:\/\/batijournal.com\/index.php\/le-museum-et-le-cnrs-celebrent-les-50-ans-de-la-decouverte-de-lucy\/110943\/#primaryimage"},"thumbnailUrl":"https:\/\/batijournal.com\/wp-content\/uploads\/2024\/09\/lucy.jpg","keywords":["arch\u00e9ologie","mus\u00e9um national d'histoire naturelle","pal\u00e9ontologie"],"articleSection":["Actualit\u00e9s","Divers","zz_Actualit\u00e9s - Atrium","zz_Atrium Patrimoine"],"inLanguage":"fr-FR"},{"@type":"WebPage","@id":"https:\/\/batijournal.com\/index.php\/le-museum-et-le-cnrs-celebrent-les-50-ans-de-la-decouverte-de-lucy\/110943\/","url":"https:\/\/batijournal.com\/index.php\/le-museum-et-le-cnrs-celebrent-les-50-ans-de-la-decouverte-de-lucy\/110943\/","name":"Le Mus\u00e9um et le CNRS c\u00e9l\u00e8brent les 50 ans de la d\u00e9couverte de Lucy","isPartOf":{"@id":"https:\/\/batijournal.com\/#website"},"primaryImageOfPage":{"@id":"https:\/\/batijournal.com\/index.php\/le-museum-et-le-cnrs-celebrent-les-50-ans-de-la-decouverte-de-lucy\/110943\/#primaryimage"},"image":{"@id":"https:\/\/batijournal.com\/index.php\/le-museum-et-le-cnrs-celebrent-les-50-ans-de-la-decouverte-de-lucy\/110943\/#primaryimage"},"thumbnailUrl":"https:\/\/batijournal.com\/wp-content\/uploads\/2024\/09\/lucy.jpg","datePublished":"2024-09-25T06:13:50+00:00","author":{"@id":"https:\/\/batijournal.com\/#\/schema\/person\/1dc96ec6957aa1ccb25ebe78bb19f100"},"breadcrumb":{"@id":"https:\/\/batijournal.com\/index.php\/le-museum-et-le-cnrs-celebrent-les-50-ans-de-la-decouverte-de-lucy\/110943\/#breadcrumb"},"inLanguage":"fr-FR","potentialAction":[{"@type":"ReadAction","target":["https:\/\/batijournal.com\/index.php\/le-museum-et-le-cnrs-celebrent-les-50-ans-de-la-decouverte-de-lucy\/110943\/"]}]},{"@type":"ImageObject","inLanguage":"fr-FR","@id":"https:\/\/batijournal.com\/index.php\/le-museum-et-le-cnrs-celebrent-les-50-ans-de-la-decouverte-de-lucy\/110943\/#primaryimage","url":"https:\/\/batijournal.com\/wp-content\/uploads\/2024\/09\/lucy.jpg","contentUrl":"https:\/\/batijournal.com\/wp-content\/uploads\/2024\/09\/lucy.jpg","width":1000,"height":1500},{"@type":"BreadcrumbList","@id":"https:\/\/batijournal.com\/index.php\/le-museum-et-le-cnrs-celebrent-les-50-ans-de-la-decouverte-de-lucy\/110943\/#breadcrumb","itemListElement":[{"@type":"ListItem","position":1,"name":"Accueil","item":"https:\/\/batijournal.com\/"},{"@type":"ListItem","position":2,"name":"Actualit\u00e9s","item":"https:\/\/batijournal.com\/index.php\/category\/actualites\/"},{"@type":"ListItem","position":3,"name":"Le Mus\u00e9um et le CNRS c\u00e9l\u00e8brent les 50 ans de la d\u00e9couverte de Lucy"}]},{"@type":"WebSite","@id":"https:\/\/batijournal.com\/#website","url":"https:\/\/batijournal.com\/","name":"Batijournal","description":"L&#039;actualit\u00e9 du b\u00e2timent","potentialAction":[{"@type":"SearchAction","target":{"@type":"EntryPoint","urlTemplate":"https:\/\/batijournal.com\/?s={search_term_string}"},"query-input":{"@type":"PropertyValueSpecification","valueRequired":true,"valueName":"search_term_string"}}],"inLanguage":"fr-FR"},{"@type":"Person","@id":"https:\/\/batijournal.com\/#\/schema\/person\/1dc96ec6957aa1ccb25ebe78bb19f100","name":"St\u00e9phane Miget","image":{"@type":"ImageObject","inLanguage":"fr-FR","@id":"https:\/\/secure.gravatar.com\/avatar\/89915563d925342126b8ef0281b93d9d7fc337043e8df017f780908eb9644451?s=96&d=mm&r=g","url":"https:\/\/secure.gravatar.com\/avatar\/89915563d925342126b8ef0281b93d9d7fc337043e8df017f780908eb9644451?s=96&d=mm&r=g","contentUrl":"https:\/\/secure.gravatar.com\/avatar\/89915563d925342126b8ef0281b93d9d7fc337043e8df017f780908eb9644451?s=96&d=mm&r=g","caption":"St\u00e9phane Miget"},"url":"https:\/\/batijournal.com\/index.php\/author\/stephane\/"}]}},"_links":{"self":[{"href":"https:\/\/batijournal.com\/index.php\/wp-json\/wp\/v2\/posts\/110943","targetHints":{"allow":["GET"]}}],"collection":[{"href":"https:\/\/batijournal.com\/index.php\/wp-json\/wp\/v2\/posts"}],"about":[{"href":"https:\/\/batijournal.com\/index.php\/wp-json\/wp\/v2\/types\/post"}],"author":[{"embeddable":true,"href":"https:\/\/batijournal.com\/index.php\/wp-json\/wp\/v2\/users\/17"}],"replies":[{"embeddable":true,"href":"https:\/\/batijournal.com\/index.php\/wp-json\/wp\/v2\/comments?post=110943"}],"version-history":[{"count":0,"href":"https:\/\/batijournal.com\/index.php\/wp-json\/wp\/v2\/posts\/110943\/revisions"}],"wp:featuredmedia":[{"embeddable":true,"href":"https:\/\/batijournal.com\/index.php\/wp-json\/wp\/v2\/media\/110944"}],"wp:attachment":[{"href":"https:\/\/batijournal.com\/index.php\/wp-json\/wp\/v2\/media?parent=110943"}],"wp:term":[{"taxonomy":"category","embeddable":true,"href":"https:\/\/batijournal.com\/index.php\/wp-json\/wp\/v2\/categories?post=110943"},{"taxonomy":"post_tag","embeddable":true,"href":"https:\/\/batijournal.com\/index.php\/wp-json\/wp\/v2\/tags?post=110943"}],"curies":[{"name":"wp","href":"https:\/\/api.w.org\/{rel}","templated":true}]}}