{"id":110963,"date":"2024-09-30T04:32:54","date_gmt":"2024-09-30T02:32:54","guid":{"rendered":"https:\/\/batijournal.com\/?p=110963"},"modified":"2024-10-08T14:07:00","modified_gmt":"2024-10-08T12:07:00","slug":"le-mondial-du-batiment-demarre-aujourdhui-avec-un-programme-ambitieux","status":"publish","type":"post","link":"https:\/\/batijournal.com\/index.php\/le-mondial-du-batiment-demarre-aujourdhui-avec-un-programme-ambitieux\/110963\/","title":{"rendered":"Le MONDIAL DU B\u00c2TIMENT d\u00e9marre aujourd&rsquo;hui avec un programme ambitieux"},"content":{"rendered":"<p>Le Mondial du B\u00e2timent (BATIMAT, ID\u00c9OBAIN et INTERCLIMA) ouvre ses portes jusqu&rsquo;\u00e0 jeudi. Les trois salons ont travaill\u00e9 sur un programme de prises de paroles riches et diversifi\u00e9es. Ce sont ainsi 14 sc\u00e8nes qui seront ouvertes, avec plus de 350 conf\u00e9rences et animations port\u00e9es par plus de 700 intervenants et dans diff\u00e9rents formats. Ce sera l\u2019occasion de faire le tour des sujets phares pour le monde du b\u00e2timent \u00e0 travers les quatre th\u00e9matiques choisies cette ann\u00e9e : adaptation, innovation, territoires, femmes et hommes du b\u00e2timent. Un focus particulier sera mis sur la r\u00e9novation avec un programme de Renotalks et l\u2019arriv\u00e9e des RENODAYS sur BATIMAT et INTERCLIMA.<br \/>\nCette ann\u00e9e, le Mondial du B\u00e2timent invite toutes les parties prenantes du secteur du b\u00e2timent et de la construction \u00e0 changer de perspectives \u00e0 travers quatre th\u00e9matiques phares :<br \/>\n\u2022 Adaptation : pour \u00e9voluer dans un monde qui change en permanence.<br \/>\n\u2022 Innovation : pour am\u00e9liorer la qualit\u00e9 des b\u00e2timents, rendre les entreprises plus performantes.<br \/>\n\u2022 Territoires : pour r\u00e9pondre aux enjeux globaux gr\u00e2ce \u00e0 des solutions locales.<br \/>\n\u2022 Femmes et Hommes du b\u00e2timent : pour transmettre les savoir-faire, accompagner la mont\u00e9e en comp\u00e9tence, aider \u00e0 la reconversion et donner sa chance \u00e0 la jeune g\u00e9n\u00e9ration.<br \/>\nCes grands sujets seront trait\u00e9s \u00e0 travers les produits et solutions propos\u00e9s par les exposants, mais aussi via un programme de contenus favorisant l\u2019\u00e9change et les rencontres1. Conf\u00e9rences, colloques, ateliers, retours d\u2019exp\u00e9riences, workshops, masterclass, campus sans oublier la mise en valeur des innovations, les visiteurs auront le choix selon leurs besoins et le temps dont ils disposeront.<\/p>\n<p><a href=\"https:\/\/www.batimat.com\/fr-fr\/le-programme\/liste-programme.html#\/sessions\">https:\/\/www.batimat.com\/fr-fr\/le-programme\/liste-programme.html#\/sessions<\/a><\/p>\n<p>&nbsp;<\/p>\n","protected":false},"excerpt":{"rendered":"<p>Le Mondial du B\u00e2timent (BATIMAT, ID\u00c9OBAIN et INTERCLIMA) ouvre ses portes jusqu&rsquo;\u00e0 jeudi. Les trois salons ont travaill\u00e9 sur un programme de prises de paroles riches et diversifi\u00e9es. Ce sont ainsi 14 sc\u00e8nes qui seront ouvertes, avec plus de 350 conf\u00e9rences et animations port\u00e9es par plus de 700 intervenants et dans diff\u00e9rents formats. Ce sera [&hellip;]<\/p>\n","protected":false},"author":17,"featured_media":110828,"comment_status":"closed","ping_status":"closed","sticky":false,"template":"","format":"standard","meta":{"_et_pb_use_builder":"","_et_pb_old_content":"","_et_gb_content_width":"","footnotes":""},"categories":[10530,6362],"tags":[13267],"class_list":["post-110963","post","type-post","status-publish","format-standard","has-post-thumbnail","hentry","category-actualites","category-services-equipements","tag-batimat-2024"],"yoast_head":"<!-- This site is optimized with the Yoast SEO plugin v27.4 - https:\/\/yoast.com\/product\/yoast-seo-wordpress\/ -->\n<title>Le MONDIAL DU B\u00c2TIMENT d\u00e9marre aujourd&#039;hui avec un programme ambitieux<\/title>\n<meta name=\"robots\" content=\"index, follow, max-snippet:-1, max-image-preview:large, max-video-preview:-1\" \/>\n<link rel=\"canonical\" href=\"https:\/\/batijournal.com\/index.php\/le-mondial-du-batiment-demarre-aujourdhui-avec-un-programme-ambitieux\/110963\/\" \/>\n<meta property=\"og:locale\" content=\"fr_FR\" \/>\n<meta property=\"og:type\" content=\"article\" \/>\n<meta property=\"og:title\" content=\"Le MONDIAL DU B\u00c2TIMENT d\u00e9marre aujourd&#039;hui avec un programme ambitieux\" \/>\n<meta property=\"og:description\" content=\"Le Mondial du B\u00e2timent (BATIMAT, ID\u00c9OBAIN et INTERCLIMA) ouvre ses portes jusqu&rsquo;\u00e0 jeudi. Les trois salons ont travaill\u00e9 sur un programme de prises de paroles riches et diversifi\u00e9es. Ce sont ainsi 14 sc\u00e8nes qui seront ouvertes, avec plus de 350 conf\u00e9rences et animations port\u00e9es par plus de 700 intervenants et dans diff\u00e9rents formats. Ce sera [&hellip;]\" \/>\n<meta property=\"og:url\" content=\"https:\/\/batijournal.com\/index.php\/le-mondial-du-batiment-demarre-aujourdhui-avec-un-programme-ambitieux\/110963\/\" \/>\n<meta property=\"og:site_name\" content=\"Batijournal\" \/>\n<meta property=\"article:published_time\" content=\"2024-09-30T02:32:54+00:00\" \/>\n<meta property=\"article:modified_time\" content=\"2024-10-08T12:07:00+00:00\" \/>\n<meta property=\"og:image\" content=\"https:\/\/batijournal.com\/wp-content\/uploads\/2024\/08\/01-Batimat@Oslo.jpg\" \/>\n\t<meta property=\"og:image:width\" content=\"900\" \/>\n\t<meta property=\"og:image:height\" content=\"510\" \/>\n\t<meta property=\"og:image:type\" content=\"image\/jpeg\" \/>\n<meta name=\"author\" content=\"St\u00e9phane Miget\" \/>\n<meta name=\"twitter:card\" content=\"summary_large_image\" \/>\n<meta name=\"twitter:creator\" content=\"@bati_journal\" \/>\n<meta name=\"twitter:site\" content=\"@bati_journal\" \/>\n<meta name=\"twitter:label1\" content=\"\u00c9crit par\" \/>\n\t<meta name=\"twitter:data1\" content=\"St\u00e9phane Miget\" \/>\n\t<meta name=\"twitter:label2\" content=\"Dur\u00e9e de lecture estim\u00e9e\" \/>\n\t<meta name=\"twitter:data2\" content=\"1 minute\" \/>\n<script type=\"application\/ld+json\" class=\"yoast-schema-graph\">{\"@context\":\"https:\\\/\\\/schema.org\",\"@graph\":[{\"@type\":\"Article\",\"@id\":\"https:\\\/\\\/batijournal.com\\\/index.php\\\/le-mondial-du-batiment-demarre-aujourdhui-avec-un-programme-ambitieux\\\/110963\\\/#article\",\"isPartOf\":{\"@id\":\"https:\\\/\\\/batijournal.com\\\/index.php\\\/le-mondial-du-batiment-demarre-aujourdhui-avec-un-programme-ambitieux\\\/110963\\\/\"},\"author\":{\"name\":\"St\u00e9phane Miget\",\"@id\":\"https:\\\/\\\/batijournal.com\\\/#\\\/schema\\\/person\\\/1dc96ec6957aa1ccb25ebe78bb19f100\"},\"headline\":\"Le MONDIAL DU B\u00c2TIMENT d\u00e9marre aujourd&rsquo;hui avec un programme ambitieux\",\"datePublished\":\"2024-09-30T02:32:54+00:00\",\"dateModified\":\"2024-10-08T12:07:00+00:00\",\"mainEntityOfPage\":{\"@id\":\"https:\\\/\\\/batijournal.com\\\/index.php\\\/le-mondial-du-batiment-demarre-aujourdhui-avec-un-programme-ambitieux\\\/110963\\\/\"},\"wordCount\":296,\"image\":{\"@id\":\"https:\\\/\\\/batijournal.com\\\/index.php\\\/le-mondial-du-batiment-demarre-aujourdhui-avec-un-programme-ambitieux\\\/110963\\\/#primaryimage\"},\"thumbnailUrl\":\"https:\\\/\\\/batijournal.com\\\/wp-content\\\/uploads\\\/2024\\\/08\\\/01-Batimat@Oslo.jpg\",\"keywords\":[\"Batimat 2024\"],\"articleSection\":[\"Actualit\u00e9s\",\"Divers\"],\"inLanguage\":\"fr-FR\"},{\"@type\":\"WebPage\",\"@id\":\"https:\\\/\\\/batijournal.com\\\/index.php\\\/le-mondial-du-batiment-demarre-aujourdhui-avec-un-programme-ambitieux\\\/110963\\\/\",\"url\":\"https:\\\/\\\/batijournal.com\\\/index.php\\\/le-mondial-du-batiment-demarre-aujourdhui-avec-un-programme-ambitieux\\\/110963\\\/\",\"name\":\"Le MONDIAL DU B\u00c2TIMENT d\u00e9marre aujourd'hui avec un programme ambitieux\",\"isPartOf\":{\"@id\":\"https:\\\/\\\/batijournal.com\\\/#website\"},\"primaryImageOfPage\":{\"@id\":\"https:\\\/\\\/batijournal.com\\\/index.php\\\/le-mondial-du-batiment-demarre-aujourdhui-avec-un-programme-ambitieux\\\/110963\\\/#primaryimage\"},\"image\":{\"@id\":\"https:\\\/\\\/batijournal.com\\\/index.php\\\/le-mondial-du-batiment-demarre-aujourdhui-avec-un-programme-ambitieux\\\/110963\\\/#primaryimage\"},\"thumbnailUrl\":\"https:\\\/\\\/batijournal.com\\\/wp-content\\\/uploads\\\/2024\\\/08\\\/01-Batimat@Oslo.jpg\",\"datePublished\":\"2024-09-30T02:32:54+00:00\",\"dateModified\":\"2024-10-08T12:07:00+00:00\",\"author\":{\"@id\":\"https:\\\/\\\/batijournal.com\\\/#\\\/schema\\\/person\\\/1dc96ec6957aa1ccb25ebe78bb19f100\"},\"breadcrumb\":{\"@id\":\"https:\\\/\\\/batijournal.com\\\/index.php\\\/le-mondial-du-batiment-demarre-aujourdhui-avec-un-programme-ambitieux\\\/110963\\\/#breadcrumb\"},\"inLanguage\":\"fr-FR\",\"potentialAction\":[{\"@type\":\"ReadAction\",\"target\":[\"https:\\\/\\\/batijournal.com\\\/index.php\\\/le-mondial-du-batiment-demarre-aujourdhui-avec-un-programme-ambitieux\\\/110963\\\/\"]}]},{\"@type\":\"ImageObject\",\"inLanguage\":\"fr-FR\",\"@id\":\"https:\\\/\\\/batijournal.com\\\/index.php\\\/le-mondial-du-batiment-demarre-aujourdhui-avec-un-programme-ambitieux\\\/110963\\\/#primaryimage\",\"url\":\"https:\\\/\\\/batijournal.com\\\/wp-content\\\/uploads\\\/2024\\\/08\\\/01-Batimat@Oslo.jpg\",\"contentUrl\":\"https:\\\/\\\/batijournal.com\\\/wp-content\\\/uploads\\\/2024\\\/08\\\/01-Batimat@Oslo.jpg\",\"width\":900,\"height\":510},{\"@type\":\"BreadcrumbList\",\"@id\":\"https:\\\/\\\/batijournal.com\\\/index.php\\\/le-mondial-du-batiment-demarre-aujourdhui-avec-un-programme-ambitieux\\\/110963\\\/#breadcrumb\",\"itemListElement\":[{\"@type\":\"ListItem\",\"position\":1,\"name\":\"Accueil\",\"item\":\"https:\\\/\\\/batijournal.com\\\/\"},{\"@type\":\"ListItem\",\"position\":2,\"name\":\"Actualit\u00e9s\",\"item\":\"https:\\\/\\\/batijournal.com\\\/index.php\\\/category\\\/actualites\\\/\"},{\"@type\":\"ListItem\",\"position\":3,\"name\":\"Le MONDIAL DU B\u00c2TIMENT d\u00e9marre aujourd&rsquo;hui avec un programme ambitieux\"}]},{\"@type\":\"WebSite\",\"@id\":\"https:\\\/\\\/batijournal.com\\\/#website\",\"url\":\"https:\\\/\\\/batijournal.com\\\/\",\"name\":\"Batijournal\",\"description\":\"L&#039;actualit\u00e9 du b\u00e2timent\",\"potentialAction\":[{\"@type\":\"SearchAction\",\"target\":{\"@type\":\"EntryPoint\",\"urlTemplate\":\"https:\\\/\\\/batijournal.com\\\/?s={search_term_string}\"},\"query-input\":{\"@type\":\"PropertyValueSpecification\",\"valueRequired\":true,\"valueName\":\"search_term_string\"}}],\"inLanguage\":\"fr-FR\"},{\"@type\":\"Person\",\"@id\":\"https:\\\/\\\/batijournal.com\\\/#\\\/schema\\\/person\\\/1dc96ec6957aa1ccb25ebe78bb19f100\",\"name\":\"St\u00e9phane Miget\",\"image\":{\"@type\":\"ImageObject\",\"inLanguage\":\"fr-FR\",\"@id\":\"https:\\\/\\\/secure.gravatar.com\\\/avatar\\\/89915563d925342126b8ef0281b93d9d7fc337043e8df017f780908eb9644451?s=96&d=mm&r=g\",\"url\":\"https:\\\/\\\/secure.gravatar.com\\\/avatar\\\/89915563d925342126b8ef0281b93d9d7fc337043e8df017f780908eb9644451?s=96&d=mm&r=g\",\"contentUrl\":\"https:\\\/\\\/secure.gravatar.com\\\/avatar\\\/89915563d925342126b8ef0281b93d9d7fc337043e8df017f780908eb9644451?s=96&d=mm&r=g\",\"caption\":\"St\u00e9phane Miget\"},\"url\":\"https:\\\/\\\/batijournal.com\\\/index.php\\\/author\\\/stephane\\\/\"}]}<\/script>\n<!-- \/ Yoast SEO plugin. -->","yoast_head_json":{"title":"Le MONDIAL DU B\u00c2TIMENT d\u00e9marre aujourd'hui avec un programme ambitieux","robots":{"index":"index","follow":"follow","max-snippet":"max-snippet:-1","max-image-preview":"max-image-preview:large","max-video-preview":"max-video-preview:-1"},"canonical":"https:\/\/batijournal.com\/index.php\/le-mondial-du-batiment-demarre-aujourdhui-avec-un-programme-ambitieux\/110963\/","og_locale":"fr_FR","og_type":"article","og_title":"Le MONDIAL DU B\u00c2TIMENT d\u00e9marre aujourd'hui avec un programme ambitieux","og_description":"Le Mondial du B\u00e2timent (BATIMAT, ID\u00c9OBAIN et INTERCLIMA) ouvre ses portes jusqu&rsquo;\u00e0 jeudi. Les trois salons ont travaill\u00e9 sur un programme de prises de paroles riches et diversifi\u00e9es. Ce sont ainsi 14 sc\u00e8nes qui seront ouvertes, avec plus de 350 conf\u00e9rences et animations port\u00e9es par plus de 700 intervenants et dans diff\u00e9rents formats. Ce sera [&hellip;]","og_url":"https:\/\/batijournal.com\/index.php\/le-mondial-du-batiment-demarre-aujourdhui-avec-un-programme-ambitieux\/110963\/","og_site_name":"Batijournal","article_published_time":"2024-09-30T02:32:54+00:00","article_modified_time":"2024-10-08T12:07:00+00:00","og_image":[{"width":900,"height":510,"url":"https:\/\/batijournal.com\/wp-content\/uploads\/2024\/08\/01-Batimat@Oslo.jpg","type":"image\/jpeg"}],"author":"St\u00e9phane Miget","twitter_card":"summary_large_image","twitter_creator":"@bati_journal","twitter_site":"@bati_journal","twitter_misc":{"\u00c9crit par":"St\u00e9phane Miget","Dur\u00e9e de lecture estim\u00e9e":"1 minute"},"schema":{"@context":"https:\/\/schema.org","@graph":[{"@type":"Article","@id":"https:\/\/batijournal.com\/index.php\/le-mondial-du-batiment-demarre-aujourdhui-avec-un-programme-ambitieux\/110963\/#article","isPartOf":{"@id":"https:\/\/batijournal.com\/index.php\/le-mondial-du-batiment-demarre-aujourdhui-avec-un-programme-ambitieux\/110963\/"},"author":{"name":"St\u00e9phane Miget","@id":"https:\/\/batijournal.com\/#\/schema\/person\/1dc96ec6957aa1ccb25ebe78bb19f100"},"headline":"Le MONDIAL DU B\u00c2TIMENT d\u00e9marre aujourd&rsquo;hui avec un programme ambitieux","datePublished":"2024-09-30T02:32:54+00:00","dateModified":"2024-10-08T12:07:00+00:00","mainEntityOfPage":{"@id":"https:\/\/batijournal.com\/index.php\/le-mondial-du-batiment-demarre-aujourdhui-avec-un-programme-ambitieux\/110963\/"},"wordCount":296,"image":{"@id":"https:\/\/batijournal.com\/index.php\/le-mondial-du-batiment-demarre-aujourdhui-avec-un-programme-ambitieux\/110963\/#primaryimage"},"thumbnailUrl":"https:\/\/batijournal.com\/wp-content\/uploads\/2024\/08\/01-Batimat@Oslo.jpg","keywords":["Batimat 2024"],"articleSection":["Actualit\u00e9s","Divers"],"inLanguage":"fr-FR"},{"@type":"WebPage","@id":"https:\/\/batijournal.com\/index.php\/le-mondial-du-batiment-demarre-aujourdhui-avec-un-programme-ambitieux\/110963\/","url":"https:\/\/batijournal.com\/index.php\/le-mondial-du-batiment-demarre-aujourdhui-avec-un-programme-ambitieux\/110963\/","name":"Le MONDIAL DU B\u00c2TIMENT d\u00e9marre aujourd'hui avec un programme ambitieux","isPartOf":{"@id":"https:\/\/batijournal.com\/#website"},"primaryImageOfPage":{"@id":"https:\/\/batijournal.com\/index.php\/le-mondial-du-batiment-demarre-aujourdhui-avec-un-programme-ambitieux\/110963\/#primaryimage"},"image":{"@id":"https:\/\/batijournal.com\/index.php\/le-mondial-du-batiment-demarre-aujourdhui-avec-un-programme-ambitieux\/110963\/#primaryimage"},"thumbnailUrl":"https:\/\/batijournal.com\/wp-content\/uploads\/2024\/08\/01-Batimat@Oslo.jpg","datePublished":"2024-09-30T02:32:54+00:00","dateModified":"2024-10-08T12:07:00+00:00","author":{"@id":"https:\/\/batijournal.com\/#\/schema\/person\/1dc96ec6957aa1ccb25ebe78bb19f100"},"breadcrumb":{"@id":"https:\/\/batijournal.com\/index.php\/le-mondial-du-batiment-demarre-aujourdhui-avec-un-programme-ambitieux\/110963\/#breadcrumb"},"inLanguage":"fr-FR","potentialAction":[{"@type":"ReadAction","target":["https:\/\/batijournal.com\/index.php\/le-mondial-du-batiment-demarre-aujourdhui-avec-un-programme-ambitieux\/110963\/"]}]},{"@type":"ImageObject","inLanguage":"fr-FR","@id":"https:\/\/batijournal.com\/index.php\/le-mondial-du-batiment-demarre-aujourdhui-avec-un-programme-ambitieux\/110963\/#primaryimage","url":"https:\/\/batijournal.com\/wp-content\/uploads\/2024\/08\/01-Batimat@Oslo.jpg","contentUrl":"https:\/\/batijournal.com\/wp-content\/uploads\/2024\/08\/01-Batimat@Oslo.jpg","width":900,"height":510},{"@type":"BreadcrumbList","@id":"https:\/\/batijournal.com\/index.php\/le-mondial-du-batiment-demarre-aujourdhui-avec-un-programme-ambitieux\/110963\/#breadcrumb","itemListElement":[{"@type":"ListItem","position":1,"name":"Accueil","item":"https:\/\/batijournal.com\/"},{"@type":"ListItem","position":2,"name":"Actualit\u00e9s","item":"https:\/\/batijournal.com\/index.php\/category\/actualites\/"},{"@type":"ListItem","position":3,"name":"Le MONDIAL DU B\u00c2TIMENT d\u00e9marre aujourd&rsquo;hui avec un programme ambitieux"}]},{"@type":"WebSite","@id":"https:\/\/batijournal.com\/#website","url":"https:\/\/batijournal.com\/","name":"Batijournal","description":"L&#039;actualit\u00e9 du b\u00e2timent","potentialAction":[{"@type":"SearchAction","target":{"@type":"EntryPoint","urlTemplate":"https:\/\/batijournal.com\/?s={search_term_string}"},"query-input":{"@type":"PropertyValueSpecification","valueRequired":true,"valueName":"search_term_string"}}],"inLanguage":"fr-FR"},{"@type":"Person","@id":"https:\/\/batijournal.com\/#\/schema\/person\/1dc96ec6957aa1ccb25ebe78bb19f100","name":"St\u00e9phane Miget","image":{"@type":"ImageObject","inLanguage":"fr-FR","@id":"https:\/\/secure.gravatar.com\/avatar\/89915563d925342126b8ef0281b93d9d7fc337043e8df017f780908eb9644451?s=96&d=mm&r=g","url":"https:\/\/secure.gravatar.com\/avatar\/89915563d925342126b8ef0281b93d9d7fc337043e8df017f780908eb9644451?s=96&d=mm&r=g","contentUrl":"https:\/\/secure.gravatar.com\/avatar\/89915563d925342126b8ef0281b93d9d7fc337043e8df017f780908eb9644451?s=96&d=mm&r=g","caption":"St\u00e9phane Miget"},"url":"https:\/\/batijournal.com\/index.php\/author\/stephane\/"}]}},"_links":{"self":[{"href":"https:\/\/batijournal.com\/index.php\/wp-json\/wp\/v2\/posts\/110963","targetHints":{"allow":["GET"]}}],"collection":[{"href":"https:\/\/batijournal.com\/index.php\/wp-json\/wp\/v2\/posts"}],"about":[{"href":"https:\/\/batijournal.com\/index.php\/wp-json\/wp\/v2\/types\/post"}],"author":[{"embeddable":true,"href":"https:\/\/batijournal.com\/index.php\/wp-json\/wp\/v2\/users\/17"}],"replies":[{"embeddable":true,"href":"https:\/\/batijournal.com\/index.php\/wp-json\/wp\/v2\/comments?post=110963"}],"version-history":[{"count":0,"href":"https:\/\/batijournal.com\/index.php\/wp-json\/wp\/v2\/posts\/110963\/revisions"}],"wp:featuredmedia":[{"embeddable":true,"href":"https:\/\/batijournal.com\/index.php\/wp-json\/wp\/v2\/media\/110828"}],"wp:attachment":[{"href":"https:\/\/batijournal.com\/index.php\/wp-json\/wp\/v2\/media?parent=110963"}],"wp:term":[{"taxonomy":"category","embeddable":true,"href":"https:\/\/batijournal.com\/index.php\/wp-json\/wp\/v2\/categories?post=110963"},{"taxonomy":"post_tag","embeddable":true,"href":"https:\/\/batijournal.com\/index.php\/wp-json\/wp\/v2\/tags?post=110963"}],"curies":[{"name":"wp","href":"https:\/\/api.w.org\/{rel}","templated":true}]}}