{"id":110970,"date":"2024-09-30T05:24:38","date_gmt":"2024-09-30T03:24:38","guid":{"rendered":"https:\/\/batijournal.com\/?p=110970"},"modified":"2024-09-30T05:31:00","modified_gmt":"2024-09-30T03:31:00","slug":"la-facade-de-demain-sera-legere-et-en-aluminium","status":"publish","type":"post","link":"https:\/\/batijournal.com\/index.php\/la-facade-de-demain-sera-legere-et-en-aluminium\/110970\/","title":{"rendered":"La fa\u00e7ade de demain sera l\u00e9g\u00e8re et en aluminium"},"content":{"rendered":"<p>[et_pb_section fb_built=\u00a0\u00bb1&Prime; _builder_version=\u00a0\u00bb4.16&Prime; global_colors_info=\u00a0\u00bb{}\u00a0\u00bb][et_pb_row use_custom_gutter=\u00a0\u00bbon\u00a0\u00bb gutter_width=\u00a0\u00bb2&Prime; _builder_version=\u00a0\u00bb4.27.0&Prime; background_size=\u00a0\u00bbinitial\u00a0\u00bb background_position=\u00a0\u00bbtop_left\u00a0\u00bb background_repeat=\u00a0\u00bbrepeat\u00a0\u00bb global_colors_info=\u00a0\u00bb{}\u00a0\u00bb][et_pb_column type=\u00a0\u00bb4_4&Prime; _builder_version=\u00a0\u00bb4.16&Prime; custom_padding=\u00a0\u00bb|||\u00a0\u00bb global_colors_info=\u00a0\u00bb{}\u00a0\u00bb custom_padding__hover=\u00a0\u00bb|||\u00a0\u00bb][et_pb_post_title _builder_version=\u00a0\u00bb4.27.0&Prime; _module_preset=\u00a0\u00bbdefault\u00a0\u00bb meta=\u00a0\u00bboff\u00a0\u00bb featured_image=\u00a0\u00bboff\u00a0\u00bb hover_enabled=\u00a0\u00bb0&Prime; sticky_enabled=\u00a0\u00bb0&Prime; title_level=\u00a0\u00bbh2&Prime; title_font_size=\u00a0\u00bb35px\u00a0\u00bb][\/et_pb_post_title][et_pb_text _builder_version=\u00a0\u00bb4.27.0&Prime; background_size=\u00a0\u00bbinitial\u00a0\u00bb background_position=\u00a0\u00bbtop_left\u00a0\u00bb background_repeat=\u00a0\u00bbrepeat\u00a0\u00bb global_colors_info=\u00a0\u00bb{}\u00a0\u00bb]<\/p>\n<h2><strong>La fa\u00e7ade aluminium : le combo gagnant entre confort d\u2019\u00e9t\u00e9 et visuel et empreinte carbone ma\u00eetris\u00e9e.<\/strong><\/h2>\n<p>[\/et_pb_text][et_pb_divider show_divider=\u00a0\u00bboff\u00a0\u00bb _builder_version=\u00a0\u00bb4.27.0&Prime; _module_preset=\u00a0\u00bbdefault\u00a0\u00bb height=\u00a0\u00bb10px\u00a0\u00bb global_colors_info=\u00a0\u00bb{}\u00a0\u00bb][\/et_pb_divider][\/et_pb_column][\/et_pb_row][et_pb_row use_custom_gutter=\u00a0\u00bbon\u00a0\u00bb gutter_width=\u00a0\u00bb2&Prime; _builder_version=\u00a0\u00bb4.27.0&Prime; _module_preset=\u00a0\u00bbdefault\u00a0\u00bb global_colors_info=\u00a0\u00bb{}\u00a0\u00bb][et_pb_column type=\u00a0\u00bb4_4&Prime; _builder_version=\u00a0\u00bb4.27.0&Prime; _module_preset=\u00a0\u00bbdefault\u00a0\u00bb global_colors_info=\u00a0\u00bb{}\u00a0\u00bb][et_pb_text _builder_version=\u00a0\u00bb4.27.0&Prime; background_size=\u00a0\u00bbinitial\u00a0\u00bb background_position=\u00a0\u00bbtop_left\u00a0\u00bb background_repeat=\u00a0\u00bbrepeat\u00a0\u00bb global_colors_info=\u00a0\u00bb{}\u00a0\u00bb]<\/p>\n<h2>Architecturale : la libert\u00e9 du sur-mesure<\/h2>\n<p>[\/et_pb_text][et_pb_divider show_divider=\u00a0\u00bboff\u00a0\u00bb _builder_version=\u00a0\u00bb4.27.0&Prime; _module_preset=\u00a0\u00bbdefault\u00a0\u00bb height=\u00a0\u00bb10px\u00a0\u00bb global_colors_info=\u00a0\u00bb{}\u00a0\u00bb][\/et_pb_divider][\/et_pb_column][\/et_pb_row][et_pb_row column_structure=\u00a0\u00bb2_5,3_5&Prime; use_custom_gutter=\u00a0\u00bbon\u00a0\u00bb gutter_width=\u00a0\u00bb2&Prime; _builder_version=\u00a0\u00bb4.27.0&Prime; _module_preset=\u00a0\u00bbdefault\u00a0\u00bb global_colors_info=\u00a0\u00bb{}\u00a0\u00bb][et_pb_column type=\u00a0\u00bb2_5&Prime; _builder_version=\u00a0\u00bb4.27.0&Prime; _module_preset=\u00a0\u00bbdefault\u00a0\u00bb global_colors_info=\u00a0\u00bb{}\u00a0\u00bb][et_pb_image src=\u00a0\u00bbhttps:\/\/batijournal.com\/wp-content\/uploads\/2024\/09\/Luma-Arles-13-Schuco-International-SCS.jpg\u00a0\u00bb title_text=\u00a0\u00bbLuma, Arles 13 Sch\u00fcco International SCS\u00a0\u00bb _builder_version=\u00a0\u00bb4.27.0&Prime; _module_preset=\u00a0\u00bbdefault\u00a0\u00bb animation_style=\u00a0\u00bbfade\u00a0\u00bb global_colors_info=\u00a0\u00bb{}\u00a0\u00bb][\/et_pb_image][\/et_pb_column][et_pb_column type=\u00a0\u00bb3_5&Prime; _builder_version=\u00a0\u00bb4.27.0&Prime; _module_preset=\u00a0\u00bbdefault\u00a0\u00bb global_colors_info=\u00a0\u00bb{}\u00a0\u00bb][et_pb_text _builder_version=\u00a0\u00bb4.27.0&Prime; background_size=\u00a0\u00bbinitial\u00a0\u00bb background_position=\u00a0\u00bbtop_left\u00a0\u00bb background_repeat=\u00a0\u00bbrepeat\u00a0\u00bb global_colors_info=\u00a0\u00bb{}\u00a0\u00bb]<\/p>\n<p>La fa\u00e7ade aluminium offre des possibilit\u00e9s infinies de signature architecturale. La grande vari\u00e9t\u00e9 de celles-ci en atteste, quels que soient les territoires et les b\u00e2timents. Elle r\u00e9pond aussi aux exigences d\u2019adaptabilit\u00e9 et de prise en compte de l\u2019existant pour la ma\u00eetrise d\u2019ouvrage, notamment pour le march\u00e9 en fort d\u00e9veloppement de la r\u00e9novation des b\u00e2timents tertiaires. Quand la r\u00e9novation concerne tout le b\u00e2timent, elle donne l\u2019opportunit\u00e9 \u00e0 celui-ci d\u2019\u00eatre revaloris\u00e9 en lui cr\u00e9ant une nouvelle identit\u00e9 : c\u2019est d\u2019ailleurs, souvent la demande lors d\u2019un changement de ma\u00eetre d\u2019ouvrage. Lorsque la r\u00e9novation ne concerne que la fa\u00e7ade, elle permet de faire des \u00e9conomies avec une r\u00e9novation partielle sans d\u00e9monter l\u2019ensemble de la structure. Dans les deux cas, les entreprises de fa\u00e7ades savent travailler en milieu occup\u00e9, limitant ainsi la contrainte du d\u00e9m\u00e9nagement pendant les travaux. Ce sont de nouvelles perspectives en termes de calculs d\u2019impacts environnementaux et d\u2019impacts \u00e9conomiques qui s\u2019ouvrent \u00e0 la ma\u00eetrise d\u2019ouvrage.<\/p>\n<p>[\/et_pb_text][\/et_pb_column][\/et_pb_row][et_pb_row _builder_version=\u00a0\u00bb4.16&Prime; background_size=\u00a0\u00bbinitial\u00a0\u00bb background_position=\u00a0\u00bbtop_left\u00a0\u00bb background_repeat=\u00a0\u00bbrepeat\u00a0\u00bb global_colors_info=\u00a0\u00bb{}\u00a0\u00bb][et_pb_column type=\u00a0\u00bb4_4&Prime; _builder_version=\u00a0\u00bb4.16&Prime; custom_padding=\u00a0\u00bb|||\u00a0\u00bb global_colors_info=\u00a0\u00bb{}\u00a0\u00bb custom_padding__hover=\u00a0\u00bb|||\u00a0\u00bb][et_pb_divider show_divider=\u00a0\u00bboff\u00a0\u00bb _builder_version=\u00a0\u00bb4.27.0&Prime; _module_preset=\u00a0\u00bbdefault\u00a0\u00bb height=\u00a0\u00bb10px\u00a0\u00bb global_colors_info=\u00a0\u00bb{}\u00a0\u00bb][\/et_pb_divider][et_pb_text _builder_version=\u00a0\u00bb4.27.0&Prime; background_size=\u00a0\u00bbinitial\u00a0\u00bb background_position=\u00a0\u00bbtop_left\u00a0\u00bb background_repeat=\u00a0\u00bbrepeat\u00a0\u00bb global_colors_info=\u00a0\u00bb{}\u00a0\u00bb]<\/p>\n<h2>Confortable : la fa\u00e7ade l\u00e9g\u00e8re face au climat<\/h2>\n<p>Les professionnels de la construction doivent d\u00e9sormais tenir compte des nouvelles contraintes climatiques dans leurs projets architecturaux. Que ce soit en neuf ou en r\u00e9novation, les concepteurs doivent prendre en compte le confort des occupants. Ces contraintes concernent notamment l\u2019\u00e9volution des temp\u00e9ratures, les vagues de chaleur plus fr\u00e9quentes, plus intenses et plus longues. Pour accompagner les professionnels, le SNFA a r\u00e9alis\u00e9 un outil qui int\u00e8gre les indicateurs et les seuils de la RE2020 et qui g\u00e9n\u00e8re des calculs pr\u00e9cis sur les besoins techniques du b\u00e2timent selon sa localisation, son orientation, son usage, \u2026 Par exemple, pour le confort d\u2019\u00e9t\u00e9 et d\u2019hiver il est conseill\u00e9 de pousser au nord l\u2019isolation et au sud la modularit\u00e9 des apports solaires. Associ\u00e9e \u00e0 la domotique, la multiplication des ouvrants facilite le renouvellement d\u2019air, le rafra\u00eechissement nocturne et le d\u00e9ploiement des protections solaires. Des solutions \u00e0 consid\u00e9rer aussi en r\u00e9novation puisque toutes les fa\u00e7ades l\u00e9g\u00e8res sont con\u00e7ues pour pouvoir recevoir des protections solaires m\u00eame une fois en \u0153uvre. Autre exemple avec le confort visuel auquel participe la fa\u00e7ade avec l\u2019apport de lumi\u00e8re naturelle. A noter que ces m\u00eames apports, gratuits, contribuent \u00e0 la ma\u00eetrise des co\u00fbts sur le poste \u00ab \u00e9clairage \u00bb, premier poste de d\u00e9pense \u00e9nerg\u00e9tique des b\u00e2timents tertiaires.<\/p>\n<p>[\/et_pb_text][et_pb_divider show_divider=\u00a0\u00bboff\u00a0\u00bb _builder_version=\u00a0\u00bb4.27.0&Prime; _module_preset=\u00a0\u00bbdefault\u00a0\u00bb height=\u00a0\u00bb10px\u00a0\u00bb global_colors_info=\u00a0\u00bb{}\u00a0\u00bb][\/et_pb_divider][et_pb_image src=\u00a0\u00bbhttps:\/\/batijournal.com\/wp-content\/uploads\/2024\/09\/Mediatheque-Garches-Nathalie-Four-mentin-architecte-Profils-Syste.jpg\u00a0\u00bb title_text=\u00a0\u00bbMediatheque Garches Nathalie Four mentin architecte Profils Syste\u00a0\u00bb _builder_version=\u00a0\u00bb4.27.0&Prime; _module_preset=\u00a0\u00bbdefault\u00a0\u00bb animation_style=\u00a0\u00bbfade\u00a0\u00bb global_colors_info=\u00a0\u00bb{}\u00a0\u00bb][\/et_pb_image][et_pb_divider show_divider=\u00a0\u00bboff\u00a0\u00bb _builder_version=\u00a0\u00bb4.27.0&Prime; _module_preset=\u00a0\u00bbdefault\u00a0\u00bb height=\u00a0\u00bb10px\u00a0\u00bb global_colors_info=\u00a0\u00bb{}\u00a0\u00bb][\/et_pb_divider][et_pb_text _builder_version=\u00a0\u00bb4.27.0&Prime; background_size=\u00a0\u00bbinitial\u00a0\u00bb background_position=\u00a0\u00bbtop_left\u00a0\u00bb background_repeat=\u00a0\u00bbrepeat\u00a0\u00bb global_colors_info=\u00a0\u00bb{}\u00a0\u00bb]<\/p>\n<h2>Environnementale : le pouvoir de recyclabilit\u00e9 de la fa\u00e7ade l\u00e9g\u00e8re en aluminium<\/h2>\n<p>La fa\u00e7ade l\u00e9g\u00e8re a un impact carbone ma\u00eetris\u00e9 et r\u00e9duit, gr\u00e2ce, notamment \u00e0 la d\u00e9marche de tra\u00e7abilit\u00e9 sur l\u2019aluminium, incluant le contenu recycl\u00e9, Alu+C-. Cet impact r\u00e9duit est mesur\u00e9 \u00e0 l\u2019\u00e9chelle du b\u00e2timent et confirm\u00e9 par les FDES collectives du SNFA. Ces FDES sont, par ailleurs, int\u00e9gr\u00e9es dans un configurateur permettant d\u2019obtenir des FDES personnalis\u00e9es pour chaque chantier. La tra\u00e7abilit\u00e9 et la r\u00e9introduction de l\u2019aluminium du b\u00e2timent vers les fonderies productrices de billettes aluminium qualit\u00e9 b\u00e2timent sont des sujets prioritaires pour le SNFA. Le SNFA travaille avec VALOBAT, \u00e9co-organisme dont il est actionnaire fondateur, \u00e0 la r\u00e9daction du cahier des charges de collecte, de tri et de traitement des ouvrages menuis\u00e9s, dont la fa\u00e7ade l\u00e9g\u00e8re aluminium fait partie. Ainsi, en suivant et en orientant cet aluminium, la fili\u00e8re devient actrice de la baisse de l\u2019empreinte carbone de ses ouvrages. Cette d\u00e9marche se retrouve \u00e9galement dans le r\u00e9f\u00e9rentiel du LABEL fa\u00e7adealu dont nombreux adh\u00e9rents du SNFA sont titulaires. Ce Label de qualit\u00e9 permet aux ma\u00eetres d\u2019ouvrage et ma\u00eetres d\u2019\u0153uvre d\u2019identifier facilement des entreprises qualifi\u00e9es disposant d\u2019un syst\u00e8me de qualit\u00e9 et environnemental adapt\u00e9 aux fa\u00e7adiers.<\/p>\n<p>[\/et_pb_text][et_pb_divider show_divider=\u00a0\u00bboff\u00a0\u00bb _builder_version=\u00a0\u00bb4.27.0&Prime; _module_preset=\u00a0\u00bbdefault\u00a0\u00bb height=\u00a0\u00bb10px\u00a0\u00bb global_colors_info=\u00a0\u00bb{}\u00a0\u00bb][\/et_pb_divider][et_pb_image src=\u00a0\u00bbhttps:\/\/batijournal.com\/wp-content\/uploads\/2024\/09\/La-Dirrecte-Montpellier-34-Barsalou.jpg\u00a0\u00bb title_text=\u00a0\u00bbLa Dirrecte Montpellier 34 Barsalou\u00a0\u00bb _builder_version=\u00a0\u00bb4.27.0&Prime; _module_preset=\u00a0\u00bbdefault\u00a0\u00bb animation_style=\u00a0\u00bbfade\u00a0\u00bb global_colors_info=\u00a0\u00bb{}\u00a0\u00bb][\/et_pb_image][et_pb_divider show_divider=\u00a0\u00bboff\u00a0\u00bb _builder_version=\u00a0\u00bb4.27.0&Prime; _module_preset=\u00a0\u00bbdefault\u00a0\u00bb height=\u00a0\u00bb10px\u00a0\u00bb global_colors_info=\u00a0\u00bb{}\u00a0\u00bb][\/et_pb_divider][et_pb_text _builder_version=\u00a0\u00bb4.27.0&Prime; background_size=\u00a0\u00bbinitial\u00a0\u00bb background_position=\u00a0\u00bbtop_left\u00a0\u00bb background_repeat=\u00a0\u00bbrepeat\u00a0\u00bb global_colors_info=\u00a0\u00bb{}\u00a0\u00bb]<\/p>\n<h2>En synth\u00e8se<\/h2>\n<p>On aurait pu croire que la RE2020 allait signer la fin des fa\u00e7ades l\u00e9g\u00e8res avec de grands pans vitr\u00e9s. Pas si vite ! Le SNFA, agit pour que leur mise en \u0153uvre soit toujours possible \u00e0 condition de satisfaire \u00e0 l\u2019exigence du confort d\u2019\u00e9t\u00e9 sans que cela nuise au calcul de l\u2019impact carbone du b\u00e2timent. Le march\u00e9 de la r\u00e9novation ouvre aussi une voie pour les fa\u00e7ades l\u00e9g\u00e8res qui ont de nombreux atouts \u00e0 y faire valoir. La r\u00e9glementation n\u2019impose rien pour le moment m\u00eame si le d\u00e9cret tertiaire, nouvellement renomm\u00e9 \u00c9co \u00c9nergie Tertiaire (EET) va entra\u00eener une multiplication des op\u00e9rations de r\u00e9novation ou de remplacement des fa\u00e7ades l\u00e9g\u00e8res. Pourtant, pour permettre aux diff\u00e9rentes parties prenantes de l\u2019acte de construire d\u2019appr\u00e9hender au mieux ces nouveaux projets, le SNFA propose un \u00ab Guide des bonnes pratiques de r\u00e9novation partielle des fa\u00e7ades m\u00e9talliques \u00bb<\/p>\n<h2>La suite ?<\/h2>\n<p>La fa\u00e7ade l\u00e9g\u00e8re en aluminium est sur la bonne voie. L&#8217;empreinte carbone li\u00e9e \u00e0 l&rsquo;aluminium est \u00e0 la baisse. Les industriels du vitrage sont aussi en phase avec la d\u00e9marche de baisse de l\u2019empreinte carbone. Les fa\u00e7adiers sont donc optimistes, il sera toujours possible de maintenir de grandes surfaces vitr\u00e9es quelle que soit l\u2019orientation des fa\u00e7ades. Il faudra n\u00e9anmoins \u00eatre plus attentifs \u00e0 leur conception avec des propositions diff\u00e9rentes en fonction de l\u2019orientation : pousser au nord l\u2019isolation et au sud le contr\u00f4le solaire pour ma\u00eetriser le confort d&rsquo;\u00e9t\u00e9. Multiplier les ouvrants permettra aussi de faciliter le renouvellement d\u2019air et le rafra\u00eechissement nocturne. Une nouvelle proposition de valeur pour le march\u00e9.<\/p>\n<p>&nbsp;<\/p>\n<p>[\/et_pb_text][\/et_pb_column][\/et_pb_row][\/et_pb_section]<\/p>\n","protected":false},"excerpt":{"rendered":"<p>La fa\u00e7ade aluminium : le combo gagnant entre confort d\u2019\u00e9t\u00e9 et visuel et empreinte carbone ma\u00eetris\u00e9e.<\/p>\n","protected":false},"author":17,"featured_media":110967,"comment_status":"closed","ping_status":"closed","sticky":false,"template":"","format":"standard","meta":{"_et_pb_use_builder":"on","_et_pb_old_content":"<p>La fa\u00e7ade aluminium : le combo gagnant entre confort d\u2019\u00e9t\u00e9 et visuel et empreinte carbone ma\u00eetris\u00e9e.<\/p><h2>Architecturale : la libert\u00e9 du sur-mesure<\/h2><p>La fa\u00e7ade aluminium offre des possibilit\u00e9s infinies de signature architecturale. La grande vari\u00e9t\u00e9 de celles-ci en atteste, quels que soient les territoires et les b\u00e2timents. Elle r\u00e9pond aussi aux exigences d\u2019adaptabilit\u00e9 et de prise en compte de l\u2019existant pour la ma\u00eetrise d\u2019ouvrage, notamment pour le march\u00e9 en fort d\u00e9veloppement de la r\u00e9novation des b\u00e2timents tertiaires. Quand la r\u00e9novation concerne tout le b\u00e2timent, elle donne l\u2019opportunit\u00e9 \u00e0 celui-ci d\u2019\u00eatre revaloris\u00e9 en lui cr\u00e9ant une nouvelle identit\u00e9 : c\u2019est d\u2019ailleurs, souvent la demande lors d\u2019un changement de ma\u00eetre d\u2019ouvrage. Lorsque la r\u00e9novation ne concerne que la fa\u00e7ade, elle permet de faire des \u00e9conomies avec une r\u00e9novation partielle sans d\u00e9monter l\u2019ensemble de la structure.<\/p><p>Dans les deux cas, les entreprises de fa\u00e7ades savent travailler en milieu occup\u00e9, limitant ainsi la contrainte du d\u00e9m\u00e9nagement pendant les travaux. Ce sont de nouvelles perspectives en termes de calculs d\u2019impacts environnementaux et d\u2019impacts \u00e9conomiques qui s\u2019ouvrent \u00e0 la ma\u00eetrise d\u2019ouvrage.<\/p><p>SNFA<\/p><h2>Confortable : la fa\u00e7ade l\u00e9g\u00e8re face au climat<\/h2><p>Les professionnels de la construction doivent d\u00e9sormais tenir compte des nouvelles contraintes climatiques dans leurs projets architecturaux. Que ce soit en neuf ou en r\u00e9novation, les concepteurs doivent prendre en compte le confort des occupants. Ces contraintes concernent notamment l\u2019\u00e9volution des temp\u00e9ratures, les vagues de chaleur plus fr\u00e9quentes, plus intenses et plus longues. Pour accompagner les professionnels, le SNFA a r\u00e9alis\u00e9 un outil qui int\u00e8gre les indicateurs et les seuils de la RE2020 et qui g\u00e9n\u00e8re des calculs pr\u00e9cis sur les besoins techniques du b\u00e2timent selon sa localisation, son orientation, son usage, \u2026 Par exemple, pour le confort d\u2019\u00e9t\u00e9 et d\u2019hiver il est conseill\u00e9 de pousser au nord l\u2019isolation et au sud la modularit\u00e9 des apports solaires. Associ\u00e9e \u00e0 la domotique, la multiplication des ouvrants facilite le renouvellement d\u2019air, le rafra\u00eechissement nocturne et le d\u00e9ploiement des protections solaires. Des solutions \u00e0 consid\u00e9rer aussi en r\u00e9novation puisque toutes les fa\u00e7ades l\u00e9g\u00e8res sont con\u00e7ues pour pouvoir recevoir des protections solaires m\u00eame une fois en \u0153uvre. Autre exemple avec le confort visuel auquel participe la fa\u00e7ade avec l\u2019apport de lumi\u00e8re naturelle. A noter que ces m\u00eames apports, gratuits, contribuent \u00e0 la ma\u00eetrise des co\u00fbts sur le poste \u00ab \u00e9clairage \u00bb, premier poste de d\u00e9pense \u00e9nerg\u00e9tique des b\u00e2timents tertiaires.<\/p><h2>Environnementale : le pouvoir de recyclabilit\u00e9 de la fa\u00e7ade l\u00e9g\u00e8re en aluminium<\/h2><p>La fa\u00e7ade l\u00e9g\u00e8re a un impact carbone ma\u00eetris\u00e9 et r\u00e9duit, gr\u00e2ce, notamment \u00e0 la d\u00e9marche de tra\u00e7abilit\u00e9 sur l\u2019aluminium, incluant le contenu recycl\u00e9, Alu+C-. Cet impact r\u00e9duit est mesur\u00e9 \u00e0 l\u2019\u00e9chelle du b\u00e2timent et confirm\u00e9 par les FDES collectives du SNFA. Ces FDES sont, par ailleurs, int\u00e9gr\u00e9es dans un configurateur permettant d\u2019obtenir des FDES personnalis\u00e9es pour chaque chantier.<\/p><p>SNFA<\/p><p>La tra\u00e7abilit\u00e9 et la r\u00e9introduction de l\u2019aluminium du b\u00e2timent vers les fonderies productrices de billettes aluminium qualit\u00e9 b\u00e2timent sont des sujets prioritaires pour le SNFA. Le SNFA travaille avec VALOBAT, \u00e9co-organisme dont il est actionnaire fondateur, \u00e0 la r\u00e9daction du cahier des charges de collecte, de tri et de traitement des ouvrages menuis\u00e9s, dont la fa\u00e7ade l\u00e9g\u00e8re aluminium fait partie. Ainsi, en suivant et en orientant cet aluminium, la fili\u00e8re devient actrice de la baisse de l\u2019empreinte carbone de ses ouvrages. Cette d\u00e9marche se retrouve \u00e9galement dans le r\u00e9f\u00e9rentiel du LABEL fa\u00e7adealu dont nombreux adh\u00e9rents du SNFA sont titulaires. Ce Label de qualit\u00e9 permet aux ma\u00eetres d\u2019ouvrage et ma\u00eetres d\u2019\u0153uvre d\u2019identifier facilement des entreprises qualifi\u00e9es disposant d\u2019un syst\u00e8me de qualit\u00e9 et environnemental adapt\u00e9 aux fa\u00e7adiers.<\/p><h2><br \/>En synth\u00e8se<\/h2><p>On aurait pu croire que la RE2020 allait signer la fin des fa\u00e7ades l\u00e9g\u00e8res avec de grands pans vitr\u00e9s. Pas si vite ! Le SNFA, agit pour que leur mise en \u0153uvre soit toujours possible \u00e0 condition de satisfaire \u00e0 l\u2019exigence du confort d\u2019\u00e9t\u00e9 sans que cela nuise au calcul de l\u2019impact carbone du b\u00e2timent. Le march\u00e9 de la r\u00e9novation ouvre aussi une voie pour les fa\u00e7ades l\u00e9g\u00e8res qui ont de nombreux atouts \u00e0 y faire valoir. La r\u00e9glementation n\u2019impose rien pour le moment m\u00eame si le d\u00e9cret tertiaire, nouvellement renomm\u00e9 \u00c9co \u00c9nergie Tertiaire (EET) va entra\u00eener une multiplication des op\u00e9rations de r\u00e9novation ou de remplacement des fa\u00e7ades l\u00e9g\u00e8res. Pourtant, pour permettre aux diff\u00e9rentes parties prenantes de l\u2019acte de construire d\u2019appr\u00e9hender au mieux ces nouveaux projets, le SNFA propose un \u00ab Guide des bonnes pratiques de r\u00e9novation partielle des fa\u00e7ades m\u00e9talliques \u00bb<\/p><h2>La suite ?<\/h2><p>La fa\u00e7ade l\u00e9g\u00e8re en aluminium est sur la bonne voie. L'empreinte carbone li\u00e9e \u00e0 l'aluminium est \u00e0 la baisse. Les industriels du vitrage sont aussi en phase avec la d\u00e9marche de baisse de l\u2019empreinte carbone. Les fa\u00e7adiers sont donc optimistes, il sera toujours possible de maintenir de grandes surfaces vitr\u00e9es quelle que soit l\u2019orientation des fa\u00e7ades. Il faudra n\u00e9anmoins \u00eatre plus attentifs \u00e0 leur conception avec des propositions diff\u00e9rentes en fonction de l\u2019orientation : pousser au nord l\u2019isolation et au sud le contr\u00f4le solaire pour ma\u00eetriser le confort d'\u00e9t\u00e9. Multiplier les ouvrants permettra aussi de faciliter le renouvellement d\u2019air et le rafra\u00eechissement nocturne. Une nouvelle proposition de valeur pour le march\u00e9.<\/p><p>\u00a0<\/p>","_et_gb_content_width":"","footnotes":""},"categories":[10530,6356,10771,10775],"tags":[13197,126,2496],"class_list":["post-110970","post","type-post","status-publish","format-standard","has-post-thumbnail","hentry","category-actualites","category-produits-solutions-techniques","category-5facades","category-actualites-5facades","tag-aluminium","tag-facade","tag-snfa"],"yoast_head":"<!-- This site is optimized with the Yoast SEO plugin v27.4 - https:\/\/yoast.com\/product\/yoast-seo-wordpress\/ -->\n<title>La fa\u00e7ade de demain sera l\u00e9g\u00e8re et en aluminium<\/title>\n<meta name=\"robots\" content=\"index, follow, max-snippet:-1, max-image-preview:large, max-video-preview:-1\" \/>\n<link rel=\"canonical\" href=\"https:\/\/batijournal.com\/index.php\/la-facade-de-demain-sera-legere-et-en-aluminium\/110970\/\" \/>\n<meta property=\"og:locale\" content=\"fr_FR\" \/>\n<meta property=\"og:type\" content=\"article\" \/>\n<meta property=\"og:title\" content=\"La fa\u00e7ade de demain sera l\u00e9g\u00e8re et en aluminium\" \/>\n<meta property=\"og:description\" content=\"La fa\u00e7ade aluminium : le combo gagnant entre confort d\u2019\u00e9t\u00e9 et visuel et empreinte carbone ma\u00eetris\u00e9e.\" \/>\n<meta property=\"og:url\" content=\"https:\/\/batijournal.com\/index.php\/la-facade-de-demain-sera-legere-et-en-aluminium\/110970\/\" \/>\n<meta property=\"og:site_name\" content=\"Batijournal\" \/>\n<meta property=\"article:published_time\" content=\"2024-09-30T03:24:38+00:00\" \/>\n<meta property=\"article:modified_time\" content=\"2024-09-30T03:31:00+00:00\" \/>\n<meta property=\"og:image\" content=\"https:\/\/batijournal.com\/wp-content\/uploads\/2024\/09\/Mediatheque-Garches-Nathalie-Four-mentin-architecte-Profils-Syste.jpg\" \/>\n\t<meta property=\"og:image:width\" content=\"1000\" \/>\n\t<meta property=\"og:image:height\" content=\"667\" \/>\n\t<meta property=\"og:image:type\" content=\"image\/jpeg\" \/>\n<meta name=\"author\" content=\"St\u00e9phane Miget\" \/>\n<meta name=\"twitter:card\" content=\"summary_large_image\" \/>\n<meta name=\"twitter:creator\" content=\"@bati_journal\" \/>\n<meta name=\"twitter:site\" content=\"@bati_journal\" \/>\n<meta name=\"twitter:label1\" content=\"\u00c9crit par\" \/>\n\t<meta name=\"twitter:data1\" content=\"St\u00e9phane Miget\" \/>\n\t<meta name=\"twitter:label2\" content=\"Dur\u00e9e de lecture estim\u00e9e\" \/>\n\t<meta name=\"twitter:data2\" content=\"8 minutes\" \/>\n<script type=\"application\/ld+json\" class=\"yoast-schema-graph\">{\"@context\":\"https:\\\/\\\/schema.org\",\"@graph\":[{\"@type\":\"Article\",\"@id\":\"https:\\\/\\\/batijournal.com\\\/index.php\\\/la-facade-de-demain-sera-legere-et-en-aluminium\\\/110970\\\/#article\",\"isPartOf\":{\"@id\":\"https:\\\/\\\/batijournal.com\\\/index.php\\\/la-facade-de-demain-sera-legere-et-en-aluminium\\\/110970\\\/\"},\"author\":{\"name\":\"St\u00e9phane Miget\",\"@id\":\"https:\\\/\\\/batijournal.com\\\/#\\\/schema\\\/person\\\/1dc96ec6957aa1ccb25ebe78bb19f100\"},\"headline\":\"La fa\u00e7ade de demain sera l\u00e9g\u00e8re et en aluminium\",\"datePublished\":\"2024-09-30T03:24:38+00:00\",\"dateModified\":\"2024-09-30T03:31:00+00:00\",\"mainEntityOfPage\":{\"@id\":\"https:\\\/\\\/batijournal.com\\\/index.php\\\/la-facade-de-demain-sera-legere-et-en-aluminium\\\/110970\\\/\"},\"wordCount\":1571,\"image\":{\"@id\":\"https:\\\/\\\/batijournal.com\\\/index.php\\\/la-facade-de-demain-sera-legere-et-en-aluminium\\\/110970\\\/#primaryimage\"},\"thumbnailUrl\":\"https:\\\/\\\/batijournal.com\\\/wp-content\\\/uploads\\\/2024\\\/09\\\/Mediatheque-Garches-Nathalie-Four-mentin-architecte-Profils-Syste.jpg\",\"keywords\":[\"aluminium\",\"fa\u00e7ade\",\"SNFA\"],\"articleSection\":[\"Actualit\u00e9s\",\"Produits &amp; Solutions techniques\",\"zz_5fa\u00e7ades\",\"zz_Actualit\u00e9s - 5fa\u00e7ades\"],\"inLanguage\":\"fr-FR\"},{\"@type\":\"WebPage\",\"@id\":\"https:\\\/\\\/batijournal.com\\\/index.php\\\/la-facade-de-demain-sera-legere-et-en-aluminium\\\/110970\\\/\",\"url\":\"https:\\\/\\\/batijournal.com\\\/index.php\\\/la-facade-de-demain-sera-legere-et-en-aluminium\\\/110970\\\/\",\"name\":\"La fa\u00e7ade de demain sera l\u00e9g\u00e8re et en aluminium\",\"isPartOf\":{\"@id\":\"https:\\\/\\\/batijournal.com\\\/#website\"},\"primaryImageOfPage\":{\"@id\":\"https:\\\/\\\/batijournal.com\\\/index.php\\\/la-facade-de-demain-sera-legere-et-en-aluminium\\\/110970\\\/#primaryimage\"},\"image\":{\"@id\":\"https:\\\/\\\/batijournal.com\\\/index.php\\\/la-facade-de-demain-sera-legere-et-en-aluminium\\\/110970\\\/#primaryimage\"},\"thumbnailUrl\":\"https:\\\/\\\/batijournal.com\\\/wp-content\\\/uploads\\\/2024\\\/09\\\/Mediatheque-Garches-Nathalie-Four-mentin-architecte-Profils-Syste.jpg\",\"datePublished\":\"2024-09-30T03:24:38+00:00\",\"dateModified\":\"2024-09-30T03:31:00+00:00\",\"author\":{\"@id\":\"https:\\\/\\\/batijournal.com\\\/#\\\/schema\\\/person\\\/1dc96ec6957aa1ccb25ebe78bb19f100\"},\"breadcrumb\":{\"@id\":\"https:\\\/\\\/batijournal.com\\\/index.php\\\/la-facade-de-demain-sera-legere-et-en-aluminium\\\/110970\\\/#breadcrumb\"},\"inLanguage\":\"fr-FR\",\"potentialAction\":[{\"@type\":\"ReadAction\",\"target\":[\"https:\\\/\\\/batijournal.com\\\/index.php\\\/la-facade-de-demain-sera-legere-et-en-aluminium\\\/110970\\\/\"]}]},{\"@type\":\"ImageObject\",\"inLanguage\":\"fr-FR\",\"@id\":\"https:\\\/\\\/batijournal.com\\\/index.php\\\/la-facade-de-demain-sera-legere-et-en-aluminium\\\/110970\\\/#primaryimage\",\"url\":\"https:\\\/\\\/batijournal.com\\\/wp-content\\\/uploads\\\/2024\\\/09\\\/Mediatheque-Garches-Nathalie-Four-mentin-architecte-Profils-Syste.jpg\",\"contentUrl\":\"https:\\\/\\\/batijournal.com\\\/wp-content\\\/uploads\\\/2024\\\/09\\\/Mediatheque-Garches-Nathalie-Four-mentin-architecte-Profils-Syste.jpg\",\"width\":1000,\"height\":667},{\"@type\":\"BreadcrumbList\",\"@id\":\"https:\\\/\\\/batijournal.com\\\/index.php\\\/la-facade-de-demain-sera-legere-et-en-aluminium\\\/110970\\\/#breadcrumb\",\"itemListElement\":[{\"@type\":\"ListItem\",\"position\":1,\"name\":\"Accueil\",\"item\":\"https:\\\/\\\/batijournal.com\\\/\"},{\"@type\":\"ListItem\",\"position\":2,\"name\":\"Actualit\u00e9s\",\"item\":\"https:\\\/\\\/batijournal.com\\\/index.php\\\/category\\\/actualites\\\/\"},{\"@type\":\"ListItem\",\"position\":3,\"name\":\"La fa\u00e7ade de demain sera l\u00e9g\u00e8re et en aluminium\"}]},{\"@type\":\"WebSite\",\"@id\":\"https:\\\/\\\/batijournal.com\\\/#website\",\"url\":\"https:\\\/\\\/batijournal.com\\\/\",\"name\":\"Batijournal\",\"description\":\"L&#039;actualit\u00e9 du b\u00e2timent\",\"potentialAction\":[{\"@type\":\"SearchAction\",\"target\":{\"@type\":\"EntryPoint\",\"urlTemplate\":\"https:\\\/\\\/batijournal.com\\\/?s={search_term_string}\"},\"query-input\":{\"@type\":\"PropertyValueSpecification\",\"valueRequired\":true,\"valueName\":\"search_term_string\"}}],\"inLanguage\":\"fr-FR\"},{\"@type\":\"Person\",\"@id\":\"https:\\\/\\\/batijournal.com\\\/#\\\/schema\\\/person\\\/1dc96ec6957aa1ccb25ebe78bb19f100\",\"name\":\"St\u00e9phane Miget\",\"image\":{\"@type\":\"ImageObject\",\"inLanguage\":\"fr-FR\",\"@id\":\"https:\\\/\\\/secure.gravatar.com\\\/avatar\\\/89915563d925342126b8ef0281b93d9d7fc337043e8df017f780908eb9644451?s=96&d=mm&r=g\",\"url\":\"https:\\\/\\\/secure.gravatar.com\\\/avatar\\\/89915563d925342126b8ef0281b93d9d7fc337043e8df017f780908eb9644451?s=96&d=mm&r=g\",\"contentUrl\":\"https:\\\/\\\/secure.gravatar.com\\\/avatar\\\/89915563d925342126b8ef0281b93d9d7fc337043e8df017f780908eb9644451?s=96&d=mm&r=g\",\"caption\":\"St\u00e9phane Miget\"},\"url\":\"https:\\\/\\\/batijournal.com\\\/index.php\\\/author\\\/stephane\\\/\"}]}<\/script>\n<!-- \/ Yoast SEO plugin. -->","yoast_head_json":{"title":"La fa\u00e7ade de demain sera l\u00e9g\u00e8re et en aluminium","robots":{"index":"index","follow":"follow","max-snippet":"max-snippet:-1","max-image-preview":"max-image-preview:large","max-video-preview":"max-video-preview:-1"},"canonical":"https:\/\/batijournal.com\/index.php\/la-facade-de-demain-sera-legere-et-en-aluminium\/110970\/","og_locale":"fr_FR","og_type":"article","og_title":"La fa\u00e7ade de demain sera l\u00e9g\u00e8re et en aluminium","og_description":"La fa\u00e7ade aluminium : le combo gagnant entre confort d\u2019\u00e9t\u00e9 et visuel et empreinte carbone ma\u00eetris\u00e9e.","og_url":"https:\/\/batijournal.com\/index.php\/la-facade-de-demain-sera-legere-et-en-aluminium\/110970\/","og_site_name":"Batijournal","article_published_time":"2024-09-30T03:24:38+00:00","article_modified_time":"2024-09-30T03:31:00+00:00","og_image":[{"width":1000,"height":667,"url":"https:\/\/batijournal.com\/wp-content\/uploads\/2024\/09\/Mediatheque-Garches-Nathalie-Four-mentin-architecte-Profils-Syste.jpg","type":"image\/jpeg"}],"author":"St\u00e9phane Miget","twitter_card":"summary_large_image","twitter_creator":"@bati_journal","twitter_site":"@bati_journal","twitter_misc":{"\u00c9crit par":"St\u00e9phane Miget","Dur\u00e9e de lecture estim\u00e9e":"8 minutes"},"schema":{"@context":"https:\/\/schema.org","@graph":[{"@type":"Article","@id":"https:\/\/batijournal.com\/index.php\/la-facade-de-demain-sera-legere-et-en-aluminium\/110970\/#article","isPartOf":{"@id":"https:\/\/batijournal.com\/index.php\/la-facade-de-demain-sera-legere-et-en-aluminium\/110970\/"},"author":{"name":"St\u00e9phane Miget","@id":"https:\/\/batijournal.com\/#\/schema\/person\/1dc96ec6957aa1ccb25ebe78bb19f100"},"headline":"La fa\u00e7ade de demain sera l\u00e9g\u00e8re et en aluminium","datePublished":"2024-09-30T03:24:38+00:00","dateModified":"2024-09-30T03:31:00+00:00","mainEntityOfPage":{"@id":"https:\/\/batijournal.com\/index.php\/la-facade-de-demain-sera-legere-et-en-aluminium\/110970\/"},"wordCount":1571,"image":{"@id":"https:\/\/batijournal.com\/index.php\/la-facade-de-demain-sera-legere-et-en-aluminium\/110970\/#primaryimage"},"thumbnailUrl":"https:\/\/batijournal.com\/wp-content\/uploads\/2024\/09\/Mediatheque-Garches-Nathalie-Four-mentin-architecte-Profils-Syste.jpg","keywords":["aluminium","fa\u00e7ade","SNFA"],"articleSection":["Actualit\u00e9s","Produits &amp; Solutions techniques","zz_5fa\u00e7ades","zz_Actualit\u00e9s - 5fa\u00e7ades"],"inLanguage":"fr-FR"},{"@type":"WebPage","@id":"https:\/\/batijournal.com\/index.php\/la-facade-de-demain-sera-legere-et-en-aluminium\/110970\/","url":"https:\/\/batijournal.com\/index.php\/la-facade-de-demain-sera-legere-et-en-aluminium\/110970\/","name":"La fa\u00e7ade de demain sera l\u00e9g\u00e8re et en aluminium","isPartOf":{"@id":"https:\/\/batijournal.com\/#website"},"primaryImageOfPage":{"@id":"https:\/\/batijournal.com\/index.php\/la-facade-de-demain-sera-legere-et-en-aluminium\/110970\/#primaryimage"},"image":{"@id":"https:\/\/batijournal.com\/index.php\/la-facade-de-demain-sera-legere-et-en-aluminium\/110970\/#primaryimage"},"thumbnailUrl":"https:\/\/batijournal.com\/wp-content\/uploads\/2024\/09\/Mediatheque-Garches-Nathalie-Four-mentin-architecte-Profils-Syste.jpg","datePublished":"2024-09-30T03:24:38+00:00","dateModified":"2024-09-30T03:31:00+00:00","author":{"@id":"https:\/\/batijournal.com\/#\/schema\/person\/1dc96ec6957aa1ccb25ebe78bb19f100"},"breadcrumb":{"@id":"https:\/\/batijournal.com\/index.php\/la-facade-de-demain-sera-legere-et-en-aluminium\/110970\/#breadcrumb"},"inLanguage":"fr-FR","potentialAction":[{"@type":"ReadAction","target":["https:\/\/batijournal.com\/index.php\/la-facade-de-demain-sera-legere-et-en-aluminium\/110970\/"]}]},{"@type":"ImageObject","inLanguage":"fr-FR","@id":"https:\/\/batijournal.com\/index.php\/la-facade-de-demain-sera-legere-et-en-aluminium\/110970\/#primaryimage","url":"https:\/\/batijournal.com\/wp-content\/uploads\/2024\/09\/Mediatheque-Garches-Nathalie-Four-mentin-architecte-Profils-Syste.jpg","contentUrl":"https:\/\/batijournal.com\/wp-content\/uploads\/2024\/09\/Mediatheque-Garches-Nathalie-Four-mentin-architecte-Profils-Syste.jpg","width":1000,"height":667},{"@type":"BreadcrumbList","@id":"https:\/\/batijournal.com\/index.php\/la-facade-de-demain-sera-legere-et-en-aluminium\/110970\/#breadcrumb","itemListElement":[{"@type":"ListItem","position":1,"name":"Accueil","item":"https:\/\/batijournal.com\/"},{"@type":"ListItem","position":2,"name":"Actualit\u00e9s","item":"https:\/\/batijournal.com\/index.php\/category\/actualites\/"},{"@type":"ListItem","position":3,"name":"La fa\u00e7ade de demain sera l\u00e9g\u00e8re et en aluminium"}]},{"@type":"WebSite","@id":"https:\/\/batijournal.com\/#website","url":"https:\/\/batijournal.com\/","name":"Batijournal","description":"L&#039;actualit\u00e9 du b\u00e2timent","potentialAction":[{"@type":"SearchAction","target":{"@type":"EntryPoint","urlTemplate":"https:\/\/batijournal.com\/?s={search_term_string}"},"query-input":{"@type":"PropertyValueSpecification","valueRequired":true,"valueName":"search_term_string"}}],"inLanguage":"fr-FR"},{"@type":"Person","@id":"https:\/\/batijournal.com\/#\/schema\/person\/1dc96ec6957aa1ccb25ebe78bb19f100","name":"St\u00e9phane Miget","image":{"@type":"ImageObject","inLanguage":"fr-FR","@id":"https:\/\/secure.gravatar.com\/avatar\/89915563d925342126b8ef0281b93d9d7fc337043e8df017f780908eb9644451?s=96&d=mm&r=g","url":"https:\/\/secure.gravatar.com\/avatar\/89915563d925342126b8ef0281b93d9d7fc337043e8df017f780908eb9644451?s=96&d=mm&r=g","contentUrl":"https:\/\/secure.gravatar.com\/avatar\/89915563d925342126b8ef0281b93d9d7fc337043e8df017f780908eb9644451?s=96&d=mm&r=g","caption":"St\u00e9phane Miget"},"url":"https:\/\/batijournal.com\/index.php\/author\/stephane\/"}]}},"_links":{"self":[{"href":"https:\/\/batijournal.com\/index.php\/wp-json\/wp\/v2\/posts\/110970","targetHints":{"allow":["GET"]}}],"collection":[{"href":"https:\/\/batijournal.com\/index.php\/wp-json\/wp\/v2\/posts"}],"about":[{"href":"https:\/\/batijournal.com\/index.php\/wp-json\/wp\/v2\/types\/post"}],"author":[{"embeddable":true,"href":"https:\/\/batijournal.com\/index.php\/wp-json\/wp\/v2\/users\/17"}],"replies":[{"embeddable":true,"href":"https:\/\/batijournal.com\/index.php\/wp-json\/wp\/v2\/comments?post=110970"}],"version-history":[{"count":0,"href":"https:\/\/batijournal.com\/index.php\/wp-json\/wp\/v2\/posts\/110970\/revisions"}],"wp:featuredmedia":[{"embeddable":true,"href":"https:\/\/batijournal.com\/index.php\/wp-json\/wp\/v2\/media\/110967"}],"wp:attachment":[{"href":"https:\/\/batijournal.com\/index.php\/wp-json\/wp\/v2\/media?parent=110970"}],"wp:term":[{"taxonomy":"category","embeddable":true,"href":"https:\/\/batijournal.com\/index.php\/wp-json\/wp\/v2\/categories?post=110970"},{"taxonomy":"post_tag","embeddable":true,"href":"https:\/\/batijournal.com\/index.php\/wp-json\/wp\/v2\/tags?post=110970"}],"curies":[{"name":"wp","href":"https:\/\/api.w.org\/{rel}","templated":true}]}}