{"id":110975,"date":"2024-09-30T14:19:30","date_gmt":"2024-09-30T12:19:30","guid":{"rendered":"https:\/\/batijournal.com\/?p=110975"},"modified":"2024-09-30T14:28:51","modified_gmt":"2024-09-30T12:28:51","slug":"le-developpement-de-la-facade-a-ossature-bois","status":"publish","type":"post","link":"https:\/\/batijournal.com\/index.php\/le-developpement-de-la-facade-a-ossature-bois\/110975\/","title":{"rendered":"Le d\u00e9veloppement de la fa\u00e7ade \u00e0 ossature bois"},"content":{"rendered":"<p>La fa\u00e7ade \u00e0 ossature bois (FOB) est surtout utilis\u00e9e en ville en r\u00e9novation \u00e9nerg\u00e9tique des fa\u00e7ades&#8230;<\/p>\n<p><iframe loading=\"lazy\" title=\"Le d\u00e9veloppement de la fa\u00e7ade \u00e0 ossature bois\" width=\"1080\" height=\"608\" src=\"https:\/\/www.youtube.com\/embed\/6viodyb6zAs?feature=oembed\"  allow=\"accelerometer; autoplay; clipboard-write; encrypted-media; gyroscope; picture-in-picture; web-share\" referrerpolicy=\"strict-origin-when-cross-origin\" allowfullscreen><\/iframe><\/p>\n<p>avec Nicolas Delplanque, architecte &#8211; VS-A et Dominique Charmoille, g\u00e9rant de Charm\u2019Ossature<\/p>\n<p>Avec le soutien du CODIFAB<\/p>\n<p>\u00c0 l\u2019occasion de <a href=\"https:\/\/www.batimat.com\/#\/\" target=\"_blank\" rel=\"noopener\">Batimat<\/a>, du 30 septembre au 03 octobre 2024, les \u00e9quipes de Bati-Journal sont pr\u00e9sentes avec une nouvelle \u00e9dition de son plateau TV (Hall 1 stand K050).<span class=\"Apple-converted-space\">\u00a0<\/span>Cette animation est organis\u00e9e par \u00c9ditions des Halles et Batimat, avec le soutien du <a href=\"https:\/\/www.codifab.fr\" target=\"_blank\" rel=\"noopener\">CODIFAB<\/a> (Comit\u00e9 Professionnel de D\u00e9veloppement des Industries Fran\u00e7aises de l\u2019Ameublement et du Bois), en partenariat avec les magazines 5fa\u00e7ades, Atrium patrimoine &amp; restauration, L\u2019Atelier Bois et Wood Surfer, et sera anim\u00e9e par St\u00e9phane Miget, journaliste sp\u00e9cialiste b\u00e2timent construction.<\/p>\n<p>V\u00e9ritable cha\u00eene TV d\u00e9di\u00e9e au monde du b\u00e2timent, Bati-Journal accompagne les grands \u00e9v\u00e9nements du secteur afin de vous emmener au coeur de ces rencontres. Bati-Journal r\u00e9unit dans une ambiance plateau TV des professionnels, des experts ou des politiques afin de d\u00e9battre autour des enjeux du secteur.<\/p>\n","protected":false},"excerpt":{"rendered":"<p>La fa\u00e7ade \u00e0 ossature bois (FOB) est surtout utilis\u00e9e en ville en r\u00e9novation \u00e9nerg\u00e9tique des fa\u00e7ades&#8230;<\/p>\n","protected":false},"author":17,"featured_media":110976,"comment_status":"closed","ping_status":"closed","sticky":false,"template":"","format":"standard","meta":{"_et_pb_use_builder":"","_et_pb_old_content":"","_et_gb_content_width":"","footnotes":""},"categories":[10530,6340,11200,13272,10771,10764],"tags":[11201,13267,13271],"class_list":["post-110975","post","type-post","status-publish","format-standard","has-post-thumbnail","hentry","category-actualites","category-architecture-conception","category-batijournal-tv","category-tv-batimat-2024","category-5facades","category-woodsurfer","tag-bati-journal-tv","tag-batimat-2024","tag-tv-batimat-2024"],"yoast_head":"<!-- This site is optimized with the Yoast SEO plugin v27.4 - https:\/\/yoast.com\/product\/yoast-seo-wordpress\/ -->\n<title>Le d\u00e9veloppement de la fa\u00e7ade \u00e0 ossature bois<\/title>\n<meta name=\"robots\" content=\"index, follow, max-snippet:-1, max-image-preview:large, max-video-preview:-1\" \/>\n<link rel=\"canonical\" href=\"https:\/\/batijournal.com\/index.php\/le-developpement-de-la-facade-a-ossature-bois\/110975\/\" \/>\n<meta property=\"og:locale\" content=\"fr_FR\" \/>\n<meta property=\"og:type\" content=\"article\" \/>\n<meta property=\"og:title\" content=\"Le d\u00e9veloppement de la fa\u00e7ade \u00e0 ossature bois\" \/>\n<meta property=\"og:description\" content=\"La fa\u00e7ade \u00e0 ossature bois (FOB) est surtout utilis\u00e9e en ville en r\u00e9novation \u00e9nerg\u00e9tique des fa\u00e7ades...\" \/>\n<meta property=\"og:url\" content=\"https:\/\/batijournal.com\/index.php\/le-developpement-de-la-facade-a-ossature-bois\/110975\/\" \/>\n<meta property=\"og:site_name\" content=\"Batijournal\" \/>\n<meta property=\"article:published_time\" content=\"2024-09-30T12:19:30+00:00\" \/>\n<meta property=\"article:modified_time\" content=\"2024-09-30T12:28:51+00:00\" \/>\n<meta property=\"og:image\" content=\"https:\/\/batijournal.com\/wp-content\/uploads\/2024\/09\/facade-ossature-bois-batimat-1024x571.png\" \/>\n\t<meta property=\"og:image:width\" content=\"1024\" \/>\n\t<meta property=\"og:image:height\" content=\"571\" \/>\n\t<meta property=\"og:image:type\" content=\"image\/png\" \/>\n<meta name=\"author\" content=\"St\u00e9phane Miget\" \/>\n<meta name=\"twitter:card\" content=\"summary_large_image\" \/>\n<meta name=\"twitter:creator\" content=\"@bati_journal\" \/>\n<meta name=\"twitter:site\" content=\"@bati_journal\" \/>\n<meta name=\"twitter:label1\" content=\"\u00c9crit par\" \/>\n\t<meta name=\"twitter:data1\" content=\"St\u00e9phane Miget\" \/>\n\t<meta name=\"twitter:label2\" content=\"Dur\u00e9e de lecture estim\u00e9e\" \/>\n\t<meta name=\"twitter:data2\" content=\"1 minute\" \/>\n<script type=\"application\/ld+json\" class=\"yoast-schema-graph\">{\"@context\":\"https:\\\/\\\/schema.org\",\"@graph\":[{\"@type\":\"Article\",\"@id\":\"https:\\\/\\\/batijournal.com\\\/index.php\\\/le-developpement-de-la-facade-a-ossature-bois\\\/110975\\\/#article\",\"isPartOf\":{\"@id\":\"https:\\\/\\\/batijournal.com\\\/index.php\\\/le-developpement-de-la-facade-a-ossature-bois\\\/110975\\\/\"},\"author\":{\"name\":\"St\u00e9phane Miget\",\"@id\":\"https:\\\/\\\/batijournal.com\\\/#\\\/schema\\\/person\\\/1dc96ec6957aa1ccb25ebe78bb19f100\"},\"headline\":\"Le d\u00e9veloppement de la fa\u00e7ade \u00e0 ossature bois\",\"datePublished\":\"2024-09-30T12:19:30+00:00\",\"dateModified\":\"2024-09-30T12:28:51+00:00\",\"mainEntityOfPage\":{\"@id\":\"https:\\\/\\\/batijournal.com\\\/index.php\\\/le-developpement-de-la-facade-a-ossature-bois\\\/110975\\\/\"},\"wordCount\":198,\"image\":{\"@id\":\"https:\\\/\\\/batijournal.com\\\/index.php\\\/le-developpement-de-la-facade-a-ossature-bois\\\/110975\\\/#primaryimage\"},\"thumbnailUrl\":\"https:\\\/\\\/batijournal.com\\\/wp-content\\\/uploads\\\/2024\\\/09\\\/facade-ossature-bois-batimat.png\",\"keywords\":[\"Bati-journal TV\",\"Batimat 2024\",\"TV Batimat 2024\"],\"articleSection\":[\"Actualit\u00e9s\",\"Architecture &amp; Conception\",\"batijournal TV\",\"TV Batimat 2024\",\"zz_5fa\u00e7ades\",\"zz_Woodsurfer\"],\"inLanguage\":\"fr-FR\"},{\"@type\":\"WebPage\",\"@id\":\"https:\\\/\\\/batijournal.com\\\/index.php\\\/le-developpement-de-la-facade-a-ossature-bois\\\/110975\\\/\",\"url\":\"https:\\\/\\\/batijournal.com\\\/index.php\\\/le-developpement-de-la-facade-a-ossature-bois\\\/110975\\\/\",\"name\":\"Le d\u00e9veloppement de la fa\u00e7ade \u00e0 ossature bois\",\"isPartOf\":{\"@id\":\"https:\\\/\\\/batijournal.com\\\/#website\"},\"primaryImageOfPage\":{\"@id\":\"https:\\\/\\\/batijournal.com\\\/index.php\\\/le-developpement-de-la-facade-a-ossature-bois\\\/110975\\\/#primaryimage\"},\"image\":{\"@id\":\"https:\\\/\\\/batijournal.com\\\/index.php\\\/le-developpement-de-la-facade-a-ossature-bois\\\/110975\\\/#primaryimage\"},\"thumbnailUrl\":\"https:\\\/\\\/batijournal.com\\\/wp-content\\\/uploads\\\/2024\\\/09\\\/facade-ossature-bois-batimat.png\",\"datePublished\":\"2024-09-30T12:19:30+00:00\",\"dateModified\":\"2024-09-30T12:28:51+00:00\",\"author\":{\"@id\":\"https:\\\/\\\/batijournal.com\\\/#\\\/schema\\\/person\\\/1dc96ec6957aa1ccb25ebe78bb19f100\"},\"breadcrumb\":{\"@id\":\"https:\\\/\\\/batijournal.com\\\/index.php\\\/le-developpement-de-la-facade-a-ossature-bois\\\/110975\\\/#breadcrumb\"},\"inLanguage\":\"fr-FR\",\"potentialAction\":[{\"@type\":\"ReadAction\",\"target\":[\"https:\\\/\\\/batijournal.com\\\/index.php\\\/le-developpement-de-la-facade-a-ossature-bois\\\/110975\\\/\"]}]},{\"@type\":\"ImageObject\",\"inLanguage\":\"fr-FR\",\"@id\":\"https:\\\/\\\/batijournal.com\\\/index.php\\\/le-developpement-de-la-facade-a-ossature-bois\\\/110975\\\/#primaryimage\",\"url\":\"https:\\\/\\\/batijournal.com\\\/wp-content\\\/uploads\\\/2024\\\/09\\\/facade-ossature-bois-batimat.png\",\"contentUrl\":\"https:\\\/\\\/batijournal.com\\\/wp-content\\\/uploads\\\/2024\\\/09\\\/facade-ossature-bois-batimat.png\",\"width\":1730,\"height\":964},{\"@type\":\"BreadcrumbList\",\"@id\":\"https:\\\/\\\/batijournal.com\\\/index.php\\\/le-developpement-de-la-facade-a-ossature-bois\\\/110975\\\/#breadcrumb\",\"itemListElement\":[{\"@type\":\"ListItem\",\"position\":1,\"name\":\"Accueil\",\"item\":\"https:\\\/\\\/batijournal.com\\\/\"},{\"@type\":\"ListItem\",\"position\":2,\"name\":\"batijournal TV\",\"item\":\"https:\\\/\\\/batijournal.com\\\/index.php\\\/category\\\/batijournal-tv\\\/\"},{\"@type\":\"ListItem\",\"position\":3,\"name\":\"TV Batimat 2024\",\"item\":\"https:\\\/\\\/batijournal.com\\\/index.php\\\/category\\\/batijournal-tv\\\/tv-batimat-2024\\\/\"},{\"@type\":\"ListItem\",\"position\":4,\"name\":\"Le d\u00e9veloppement de la fa\u00e7ade \u00e0 ossature bois\"}]},{\"@type\":\"WebSite\",\"@id\":\"https:\\\/\\\/batijournal.com\\\/#website\",\"url\":\"https:\\\/\\\/batijournal.com\\\/\",\"name\":\"Batijournal\",\"description\":\"L&#039;actualit\u00e9 du b\u00e2timent\",\"potentialAction\":[{\"@type\":\"SearchAction\",\"target\":{\"@type\":\"EntryPoint\",\"urlTemplate\":\"https:\\\/\\\/batijournal.com\\\/?s={search_term_string}\"},\"query-input\":{\"@type\":\"PropertyValueSpecification\",\"valueRequired\":true,\"valueName\":\"search_term_string\"}}],\"inLanguage\":\"fr-FR\"},{\"@type\":\"Person\",\"@id\":\"https:\\\/\\\/batijournal.com\\\/#\\\/schema\\\/person\\\/1dc96ec6957aa1ccb25ebe78bb19f100\",\"name\":\"St\u00e9phane Miget\",\"image\":{\"@type\":\"ImageObject\",\"inLanguage\":\"fr-FR\",\"@id\":\"https:\\\/\\\/secure.gravatar.com\\\/avatar\\\/89915563d925342126b8ef0281b93d9d7fc337043e8df017f780908eb9644451?s=96&d=mm&r=g\",\"url\":\"https:\\\/\\\/secure.gravatar.com\\\/avatar\\\/89915563d925342126b8ef0281b93d9d7fc337043e8df017f780908eb9644451?s=96&d=mm&r=g\",\"contentUrl\":\"https:\\\/\\\/secure.gravatar.com\\\/avatar\\\/89915563d925342126b8ef0281b93d9d7fc337043e8df017f780908eb9644451?s=96&d=mm&r=g\",\"caption\":\"St\u00e9phane Miget\"},\"url\":\"https:\\\/\\\/batijournal.com\\\/index.php\\\/author\\\/stephane\\\/\"}]}<\/script>\n<!-- \/ Yoast SEO plugin. -->","yoast_head_json":{"title":"Le d\u00e9veloppement de la fa\u00e7ade \u00e0 ossature bois","robots":{"index":"index","follow":"follow","max-snippet":"max-snippet:-1","max-image-preview":"max-image-preview:large","max-video-preview":"max-video-preview:-1"},"canonical":"https:\/\/batijournal.com\/index.php\/le-developpement-de-la-facade-a-ossature-bois\/110975\/","og_locale":"fr_FR","og_type":"article","og_title":"Le d\u00e9veloppement de la fa\u00e7ade \u00e0 ossature bois","og_description":"La fa\u00e7ade \u00e0 ossature bois (FOB) est surtout utilis\u00e9e en ville en r\u00e9novation \u00e9nerg\u00e9tique des fa\u00e7ades...","og_url":"https:\/\/batijournal.com\/index.php\/le-developpement-de-la-facade-a-ossature-bois\/110975\/","og_site_name":"Batijournal","article_published_time":"2024-09-30T12:19:30+00:00","article_modified_time":"2024-09-30T12:28:51+00:00","og_image":[{"width":1024,"height":571,"url":"https:\/\/batijournal.com\/wp-content\/uploads\/2024\/09\/facade-ossature-bois-batimat-1024x571.png","type":"image\/png"}],"author":"St\u00e9phane Miget","twitter_card":"summary_large_image","twitter_creator":"@bati_journal","twitter_site":"@bati_journal","twitter_misc":{"\u00c9crit par":"St\u00e9phane Miget","Dur\u00e9e de lecture estim\u00e9e":"1 minute"},"schema":{"@context":"https:\/\/schema.org","@graph":[{"@type":"Article","@id":"https:\/\/batijournal.com\/index.php\/le-developpement-de-la-facade-a-ossature-bois\/110975\/#article","isPartOf":{"@id":"https:\/\/batijournal.com\/index.php\/le-developpement-de-la-facade-a-ossature-bois\/110975\/"},"author":{"name":"St\u00e9phane Miget","@id":"https:\/\/batijournal.com\/#\/schema\/person\/1dc96ec6957aa1ccb25ebe78bb19f100"},"headline":"Le d\u00e9veloppement de la fa\u00e7ade \u00e0 ossature bois","datePublished":"2024-09-30T12:19:30+00:00","dateModified":"2024-09-30T12:28:51+00:00","mainEntityOfPage":{"@id":"https:\/\/batijournal.com\/index.php\/le-developpement-de-la-facade-a-ossature-bois\/110975\/"},"wordCount":198,"image":{"@id":"https:\/\/batijournal.com\/index.php\/le-developpement-de-la-facade-a-ossature-bois\/110975\/#primaryimage"},"thumbnailUrl":"https:\/\/batijournal.com\/wp-content\/uploads\/2024\/09\/facade-ossature-bois-batimat.png","keywords":["Bati-journal TV","Batimat 2024","TV Batimat 2024"],"articleSection":["Actualit\u00e9s","Architecture &amp; Conception","batijournal TV","TV Batimat 2024","zz_5fa\u00e7ades","zz_Woodsurfer"],"inLanguage":"fr-FR"},{"@type":"WebPage","@id":"https:\/\/batijournal.com\/index.php\/le-developpement-de-la-facade-a-ossature-bois\/110975\/","url":"https:\/\/batijournal.com\/index.php\/le-developpement-de-la-facade-a-ossature-bois\/110975\/","name":"Le d\u00e9veloppement de la fa\u00e7ade \u00e0 ossature bois","isPartOf":{"@id":"https:\/\/batijournal.com\/#website"},"primaryImageOfPage":{"@id":"https:\/\/batijournal.com\/index.php\/le-developpement-de-la-facade-a-ossature-bois\/110975\/#primaryimage"},"image":{"@id":"https:\/\/batijournal.com\/index.php\/le-developpement-de-la-facade-a-ossature-bois\/110975\/#primaryimage"},"thumbnailUrl":"https:\/\/batijournal.com\/wp-content\/uploads\/2024\/09\/facade-ossature-bois-batimat.png","datePublished":"2024-09-30T12:19:30+00:00","dateModified":"2024-09-30T12:28:51+00:00","author":{"@id":"https:\/\/batijournal.com\/#\/schema\/person\/1dc96ec6957aa1ccb25ebe78bb19f100"},"breadcrumb":{"@id":"https:\/\/batijournal.com\/index.php\/le-developpement-de-la-facade-a-ossature-bois\/110975\/#breadcrumb"},"inLanguage":"fr-FR","potentialAction":[{"@type":"ReadAction","target":["https:\/\/batijournal.com\/index.php\/le-developpement-de-la-facade-a-ossature-bois\/110975\/"]}]},{"@type":"ImageObject","inLanguage":"fr-FR","@id":"https:\/\/batijournal.com\/index.php\/le-developpement-de-la-facade-a-ossature-bois\/110975\/#primaryimage","url":"https:\/\/batijournal.com\/wp-content\/uploads\/2024\/09\/facade-ossature-bois-batimat.png","contentUrl":"https:\/\/batijournal.com\/wp-content\/uploads\/2024\/09\/facade-ossature-bois-batimat.png","width":1730,"height":964},{"@type":"BreadcrumbList","@id":"https:\/\/batijournal.com\/index.php\/le-developpement-de-la-facade-a-ossature-bois\/110975\/#breadcrumb","itemListElement":[{"@type":"ListItem","position":1,"name":"Accueil","item":"https:\/\/batijournal.com\/"},{"@type":"ListItem","position":2,"name":"batijournal TV","item":"https:\/\/batijournal.com\/index.php\/category\/batijournal-tv\/"},{"@type":"ListItem","position":3,"name":"TV Batimat 2024","item":"https:\/\/batijournal.com\/index.php\/category\/batijournal-tv\/tv-batimat-2024\/"},{"@type":"ListItem","position":4,"name":"Le d\u00e9veloppement de la fa\u00e7ade \u00e0 ossature bois"}]},{"@type":"WebSite","@id":"https:\/\/batijournal.com\/#website","url":"https:\/\/batijournal.com\/","name":"Batijournal","description":"L&#039;actualit\u00e9 du b\u00e2timent","potentialAction":[{"@type":"SearchAction","target":{"@type":"EntryPoint","urlTemplate":"https:\/\/batijournal.com\/?s={search_term_string}"},"query-input":{"@type":"PropertyValueSpecification","valueRequired":true,"valueName":"search_term_string"}}],"inLanguage":"fr-FR"},{"@type":"Person","@id":"https:\/\/batijournal.com\/#\/schema\/person\/1dc96ec6957aa1ccb25ebe78bb19f100","name":"St\u00e9phane Miget","image":{"@type":"ImageObject","inLanguage":"fr-FR","@id":"https:\/\/secure.gravatar.com\/avatar\/89915563d925342126b8ef0281b93d9d7fc337043e8df017f780908eb9644451?s=96&d=mm&r=g","url":"https:\/\/secure.gravatar.com\/avatar\/89915563d925342126b8ef0281b93d9d7fc337043e8df017f780908eb9644451?s=96&d=mm&r=g","contentUrl":"https:\/\/secure.gravatar.com\/avatar\/89915563d925342126b8ef0281b93d9d7fc337043e8df017f780908eb9644451?s=96&d=mm&r=g","caption":"St\u00e9phane Miget"},"url":"https:\/\/batijournal.com\/index.php\/author\/stephane\/"}]}},"_links":{"self":[{"href":"https:\/\/batijournal.com\/index.php\/wp-json\/wp\/v2\/posts\/110975","targetHints":{"allow":["GET"]}}],"collection":[{"href":"https:\/\/batijournal.com\/index.php\/wp-json\/wp\/v2\/posts"}],"about":[{"href":"https:\/\/batijournal.com\/index.php\/wp-json\/wp\/v2\/types\/post"}],"author":[{"embeddable":true,"href":"https:\/\/batijournal.com\/index.php\/wp-json\/wp\/v2\/users\/17"}],"replies":[{"embeddable":true,"href":"https:\/\/batijournal.com\/index.php\/wp-json\/wp\/v2\/comments?post=110975"}],"version-history":[{"count":0,"href":"https:\/\/batijournal.com\/index.php\/wp-json\/wp\/v2\/posts\/110975\/revisions"}],"wp:featuredmedia":[{"embeddable":true,"href":"https:\/\/batijournal.com\/index.php\/wp-json\/wp\/v2\/media\/110976"}],"wp:attachment":[{"href":"https:\/\/batijournal.com\/index.php\/wp-json\/wp\/v2\/media?parent=110975"}],"wp:term":[{"taxonomy":"category","embeddable":true,"href":"https:\/\/batijournal.com\/index.php\/wp-json\/wp\/v2\/categories?post=110975"},{"taxonomy":"post_tag","embeddable":true,"href":"https:\/\/batijournal.com\/index.php\/wp-json\/wp\/v2\/tags?post=110975"}],"curies":[{"name":"wp","href":"https:\/\/api.w.org\/{rel}","templated":true}]}}