{"id":111073,"date":"2024-10-09T19:14:00","date_gmt":"2024-10-09T17:14:00","guid":{"rendered":"https:\/\/batijournal.com\/?p=111073"},"modified":"2024-10-28T09:17:29","modified_gmt":"2024-10-28T08:17:29","slug":"le-salon-international-du-patrimoine-culturel-fete-ses-30-ans","status":"publish","type":"post","link":"https:\/\/batijournal.com\/index.php\/le-salon-international-du-patrimoine-culturel-fete-ses-30-ans\/111073\/","title":{"rendered":"Le Salon International du Patrimoine Culturel f\u00eate ses 30 ans"},"content":{"rendered":"<p>Unique au monde, le Salon International du Patrimoine Culturel, organis\u00e9 par Ateliers d\u2019Art de France, c\u00e9l\u00e9brera du 24 au 27 octobre 2024 trois d\u00e9cennies de passion pour le patrimoine. Il illustre la force des M\u00e9tiers d\u2019art et du Patrimoine en France. Il est la premi\u00e8re plateforme \u00e9conomique et institutionnelle d\u00e9di\u00e9e \u00e0 la communaut\u00e9 du patrimoine culturel. Ce rendez-vous annuel r\u00e9unit une nouvelle fois une grande diversit\u00e9 d\u2019exposants repr\u00e9sentant 40 m\u00e9tiers diff\u00e9rents : ateliers d\u2019art de restauration, fournisseurs de mati\u00e8res premi\u00e8res, associations de sauvegarde, entreprises du patrimoine b\u00e2ti, architectes, collectivit\u00e9s, \u00e9coles de restauration\u2026 pour le plus grand bonheur des prescripteurs du domaine mais \u00e9galement, propri\u00e9taires de demeures et de ch\u00e2teaux, ainsi que de passionn\u00e9s et d\u2019\u00e9tudiants en qu\u00eate d\u2019une formation prometteuse.<\/p>\n<p>Dans cette \u00e9dition anniversaire, la jeune g\u00e9n\u00e9ration est mise \u00e0 l\u2019honneur avec la pr\u00e9sence de deux talents r\u00e9compens\u00e9s par un jury d\u2019experts : la sculptrice sur m\u00e9tal Marion Mezenge (31 ans) du c\u00f4t\u00e9 du Prix de la Jeune Cr\u00e9ation M\u00e9tiers d\u2019Art ; et la luthi\u00e8re et restauratrice Marie-Catherine Mass\u00e9 (32 ans) pour la cat\u00e9gorie Patrimoine du Concours Ateliers d\u2019Art de France. Ateliers d\u2019Art de France intensifie son programme de d\u00e9monstrations et enrichit l&rsquo;\u00e9v\u00e9nement avec un p\u00f4le FORMATION in\u00e9dit. Ce dernier permet aux \u00e9tudiants et aux personnes en reconversion de d\u00e9couvrir des organismes de formation sp\u00e9cialis\u00e9s par r\u00e9gion ainsi que des entreprises recherchant des apprentis.<\/p>\n<p>&nbsp;<\/p>\n","protected":false},"excerpt":{"rendered":"<p>Unique au monde, le Salon International du Patrimoine Culturel, organis\u00e9 par Ateliers d\u2019Art de France, c\u00e9l\u00e9brera du 24 au 27 octobre 2024 trois d\u00e9cennies de passion pour le patrimoine. Il illustre la force des M\u00e9tiers d\u2019art et du Patrimoine en France. Il est la premi\u00e8re plateforme \u00e9conomique et institutionnelle d\u00e9di\u00e9e \u00e0 la communaut\u00e9 du patrimoine [&hellip;]<\/p>\n","protected":false},"author":17,"featured_media":111074,"comment_status":"closed","ping_status":"closed","sticky":false,"template":"","format":"standard","meta":{"_et_pb_use_builder":"","_et_pb_old_content":"","_et_gb_content_width":"","footnotes":""},"categories":[10530,6362,10789,10785],"tags":[91],"class_list":["post-111073","post","type-post","status-publish","format-standard","has-post-thumbnail","hentry","category-actualites","category-services-equipements","category-publications-atrium","category-atrium","tag-salon-du-patrimoine-culturel"],"yoast_head":"<!-- This site is optimized with the Yoast SEO plugin v27.4 - https:\/\/yoast.com\/product\/yoast-seo-wordpress\/ -->\n<title>Le Salon International du Patrimoine Culturel f\u00eate ses 30 ans<\/title>\n<meta name=\"robots\" content=\"index, follow, max-snippet:-1, max-image-preview:large, max-video-preview:-1\" \/>\n<link rel=\"canonical\" href=\"https:\/\/batijournal.com\/index.php\/le-salon-international-du-patrimoine-culturel-fete-ses-30-ans\/111073\/\" \/>\n<meta property=\"og:locale\" content=\"fr_FR\" \/>\n<meta property=\"og:type\" content=\"article\" \/>\n<meta property=\"og:title\" content=\"Le Salon International du Patrimoine Culturel f\u00eate ses 30 ans\" \/>\n<meta property=\"og:description\" content=\"Unique au monde, le Salon International du Patrimoine Culturel, organis\u00e9 par Ateliers d\u2019Art de France, c\u00e9l\u00e9brera du 24 au 27 octobre 2024 trois d\u00e9cennies de passion pour le patrimoine. Il illustre la force des M\u00e9tiers d\u2019art et du Patrimoine en France. Il est la premi\u00e8re plateforme \u00e9conomique et institutionnelle d\u00e9di\u00e9e \u00e0 la communaut\u00e9 du patrimoine [&hellip;]\" \/>\n<meta property=\"og:url\" content=\"https:\/\/batijournal.com\/index.php\/le-salon-international-du-patrimoine-culturel-fete-ses-30-ans\/111073\/\" \/>\n<meta property=\"og:site_name\" content=\"Batijournal\" \/>\n<meta property=\"article:published_time\" content=\"2024-10-09T17:14:00+00:00\" \/>\n<meta property=\"article:modified_time\" content=\"2024-10-28T08:17:29+00:00\" \/>\n<meta property=\"og:image\" content=\"https:\/\/batijournal.com\/wp-content\/uploads\/2024\/10\/salon-du-patrimoine-2024.jpg\" \/>\n\t<meta property=\"og:image:width\" content=\"1000\" \/>\n\t<meta property=\"og:image:height\" content=\"707\" \/>\n\t<meta property=\"og:image:type\" content=\"image\/jpeg\" \/>\n<meta name=\"author\" content=\"St\u00e9phane Miget\" \/>\n<meta name=\"twitter:card\" content=\"summary_large_image\" \/>\n<meta name=\"twitter:creator\" content=\"@bati_journal\" \/>\n<meta name=\"twitter:site\" content=\"@bati_journal\" \/>\n<meta name=\"twitter:label1\" content=\"\u00c9crit par\" \/>\n\t<meta name=\"twitter:data1\" content=\"St\u00e9phane Miget\" \/>\n\t<meta name=\"twitter:label2\" content=\"Dur\u00e9e de lecture estim\u00e9e\" \/>\n\t<meta name=\"twitter:data2\" content=\"1 minute\" \/>\n<script type=\"application\/ld+json\" class=\"yoast-schema-graph\">{\"@context\":\"https:\\\/\\\/schema.org\",\"@graph\":[{\"@type\":\"Article\",\"@id\":\"https:\\\/\\\/batijournal.com\\\/index.php\\\/le-salon-international-du-patrimoine-culturel-fete-ses-30-ans\\\/111073\\\/#article\",\"isPartOf\":{\"@id\":\"https:\\\/\\\/batijournal.com\\\/index.php\\\/le-salon-international-du-patrimoine-culturel-fete-ses-30-ans\\\/111073\\\/\"},\"author\":{\"name\":\"St\u00e9phane Miget\",\"@id\":\"https:\\\/\\\/batijournal.com\\\/#\\\/schema\\\/person\\\/1dc96ec6957aa1ccb25ebe78bb19f100\"},\"headline\":\"Le Salon International du Patrimoine Culturel f\u00eate ses 30 ans\",\"datePublished\":\"2024-10-09T17:14:00+00:00\",\"dateModified\":\"2024-10-28T08:17:29+00:00\",\"mainEntityOfPage\":{\"@id\":\"https:\\\/\\\/batijournal.com\\\/index.php\\\/le-salon-international-du-patrimoine-culturel-fete-ses-30-ans\\\/111073\\\/\"},\"wordCount\":274,\"image\":{\"@id\":\"https:\\\/\\\/batijournal.com\\\/index.php\\\/le-salon-international-du-patrimoine-culturel-fete-ses-30-ans\\\/111073\\\/#primaryimage\"},\"thumbnailUrl\":\"https:\\\/\\\/batijournal.com\\\/wp-content\\\/uploads\\\/2024\\\/10\\\/salon-du-patrimoine-2024.jpg\",\"keywords\":[\"salon du patrimoine culturel\"],\"articleSection\":[\"Actualit\u00e9s\",\"Divers\",\"zz_Actualit\u00e9s - Atrium\",\"zz_Atrium Patrimoine\"],\"inLanguage\":\"fr-FR\"},{\"@type\":\"WebPage\",\"@id\":\"https:\\\/\\\/batijournal.com\\\/index.php\\\/le-salon-international-du-patrimoine-culturel-fete-ses-30-ans\\\/111073\\\/\",\"url\":\"https:\\\/\\\/batijournal.com\\\/index.php\\\/le-salon-international-du-patrimoine-culturel-fete-ses-30-ans\\\/111073\\\/\",\"name\":\"Le Salon International du Patrimoine Culturel f\u00eate ses 30 ans\",\"isPartOf\":{\"@id\":\"https:\\\/\\\/batijournal.com\\\/#website\"},\"primaryImageOfPage\":{\"@id\":\"https:\\\/\\\/batijournal.com\\\/index.php\\\/le-salon-international-du-patrimoine-culturel-fete-ses-30-ans\\\/111073\\\/#primaryimage\"},\"image\":{\"@id\":\"https:\\\/\\\/batijournal.com\\\/index.php\\\/le-salon-international-du-patrimoine-culturel-fete-ses-30-ans\\\/111073\\\/#primaryimage\"},\"thumbnailUrl\":\"https:\\\/\\\/batijournal.com\\\/wp-content\\\/uploads\\\/2024\\\/10\\\/salon-du-patrimoine-2024.jpg\",\"datePublished\":\"2024-10-09T17:14:00+00:00\",\"dateModified\":\"2024-10-28T08:17:29+00:00\",\"author\":{\"@id\":\"https:\\\/\\\/batijournal.com\\\/#\\\/schema\\\/person\\\/1dc96ec6957aa1ccb25ebe78bb19f100\"},\"breadcrumb\":{\"@id\":\"https:\\\/\\\/batijournal.com\\\/index.php\\\/le-salon-international-du-patrimoine-culturel-fete-ses-30-ans\\\/111073\\\/#breadcrumb\"},\"inLanguage\":\"fr-FR\",\"potentialAction\":[{\"@type\":\"ReadAction\",\"target\":[\"https:\\\/\\\/batijournal.com\\\/index.php\\\/le-salon-international-du-patrimoine-culturel-fete-ses-30-ans\\\/111073\\\/\"]}]},{\"@type\":\"ImageObject\",\"inLanguage\":\"fr-FR\",\"@id\":\"https:\\\/\\\/batijournal.com\\\/index.php\\\/le-salon-international-du-patrimoine-culturel-fete-ses-30-ans\\\/111073\\\/#primaryimage\",\"url\":\"https:\\\/\\\/batijournal.com\\\/wp-content\\\/uploads\\\/2024\\\/10\\\/salon-du-patrimoine-2024.jpg\",\"contentUrl\":\"https:\\\/\\\/batijournal.com\\\/wp-content\\\/uploads\\\/2024\\\/10\\\/salon-du-patrimoine-2024.jpg\",\"width\":1000,\"height\":707},{\"@type\":\"BreadcrumbList\",\"@id\":\"https:\\\/\\\/batijournal.com\\\/index.php\\\/le-salon-international-du-patrimoine-culturel-fete-ses-30-ans\\\/111073\\\/#breadcrumb\",\"itemListElement\":[{\"@type\":\"ListItem\",\"position\":1,\"name\":\"Accueil\",\"item\":\"https:\\\/\\\/batijournal.com\\\/\"},{\"@type\":\"ListItem\",\"position\":2,\"name\":\"Actualit\u00e9s\",\"item\":\"https:\\\/\\\/batijournal.com\\\/index.php\\\/category\\\/actualites\\\/\"},{\"@type\":\"ListItem\",\"position\":3,\"name\":\"Le Salon International du Patrimoine Culturel f\u00eate ses 30 ans\"}]},{\"@type\":\"WebSite\",\"@id\":\"https:\\\/\\\/batijournal.com\\\/#website\",\"url\":\"https:\\\/\\\/batijournal.com\\\/\",\"name\":\"Batijournal\",\"description\":\"L&#039;actualit\u00e9 du b\u00e2timent\",\"potentialAction\":[{\"@type\":\"SearchAction\",\"target\":{\"@type\":\"EntryPoint\",\"urlTemplate\":\"https:\\\/\\\/batijournal.com\\\/?s={search_term_string}\"},\"query-input\":{\"@type\":\"PropertyValueSpecification\",\"valueRequired\":true,\"valueName\":\"search_term_string\"}}],\"inLanguage\":\"fr-FR\"},{\"@type\":\"Person\",\"@id\":\"https:\\\/\\\/batijournal.com\\\/#\\\/schema\\\/person\\\/1dc96ec6957aa1ccb25ebe78bb19f100\",\"name\":\"St\u00e9phane Miget\",\"image\":{\"@type\":\"ImageObject\",\"inLanguage\":\"fr-FR\",\"@id\":\"https:\\\/\\\/secure.gravatar.com\\\/avatar\\\/89915563d925342126b8ef0281b93d9d7fc337043e8df017f780908eb9644451?s=96&d=mm&r=g\",\"url\":\"https:\\\/\\\/secure.gravatar.com\\\/avatar\\\/89915563d925342126b8ef0281b93d9d7fc337043e8df017f780908eb9644451?s=96&d=mm&r=g\",\"contentUrl\":\"https:\\\/\\\/secure.gravatar.com\\\/avatar\\\/89915563d925342126b8ef0281b93d9d7fc337043e8df017f780908eb9644451?s=96&d=mm&r=g\",\"caption\":\"St\u00e9phane Miget\"},\"url\":\"https:\\\/\\\/batijournal.com\\\/index.php\\\/author\\\/stephane\\\/\"}]}<\/script>\n<!-- \/ Yoast SEO plugin. -->","yoast_head_json":{"title":"Le Salon International du Patrimoine Culturel f\u00eate ses 30 ans","robots":{"index":"index","follow":"follow","max-snippet":"max-snippet:-1","max-image-preview":"max-image-preview:large","max-video-preview":"max-video-preview:-1"},"canonical":"https:\/\/batijournal.com\/index.php\/le-salon-international-du-patrimoine-culturel-fete-ses-30-ans\/111073\/","og_locale":"fr_FR","og_type":"article","og_title":"Le Salon International du Patrimoine Culturel f\u00eate ses 30 ans","og_description":"Unique au monde, le Salon International du Patrimoine Culturel, organis\u00e9 par Ateliers d\u2019Art de France, c\u00e9l\u00e9brera du 24 au 27 octobre 2024 trois d\u00e9cennies de passion pour le patrimoine. Il illustre la force des M\u00e9tiers d\u2019art et du Patrimoine en France. Il est la premi\u00e8re plateforme \u00e9conomique et institutionnelle d\u00e9di\u00e9e \u00e0 la communaut\u00e9 du patrimoine [&hellip;]","og_url":"https:\/\/batijournal.com\/index.php\/le-salon-international-du-patrimoine-culturel-fete-ses-30-ans\/111073\/","og_site_name":"Batijournal","article_published_time":"2024-10-09T17:14:00+00:00","article_modified_time":"2024-10-28T08:17:29+00:00","og_image":[{"width":1000,"height":707,"url":"https:\/\/batijournal.com\/wp-content\/uploads\/2024\/10\/salon-du-patrimoine-2024.jpg","type":"image\/jpeg"}],"author":"St\u00e9phane Miget","twitter_card":"summary_large_image","twitter_creator":"@bati_journal","twitter_site":"@bati_journal","twitter_misc":{"\u00c9crit par":"St\u00e9phane Miget","Dur\u00e9e de lecture estim\u00e9e":"1 minute"},"schema":{"@context":"https:\/\/schema.org","@graph":[{"@type":"Article","@id":"https:\/\/batijournal.com\/index.php\/le-salon-international-du-patrimoine-culturel-fete-ses-30-ans\/111073\/#article","isPartOf":{"@id":"https:\/\/batijournal.com\/index.php\/le-salon-international-du-patrimoine-culturel-fete-ses-30-ans\/111073\/"},"author":{"name":"St\u00e9phane Miget","@id":"https:\/\/batijournal.com\/#\/schema\/person\/1dc96ec6957aa1ccb25ebe78bb19f100"},"headline":"Le Salon International du Patrimoine Culturel f\u00eate ses 30 ans","datePublished":"2024-10-09T17:14:00+00:00","dateModified":"2024-10-28T08:17:29+00:00","mainEntityOfPage":{"@id":"https:\/\/batijournal.com\/index.php\/le-salon-international-du-patrimoine-culturel-fete-ses-30-ans\/111073\/"},"wordCount":274,"image":{"@id":"https:\/\/batijournal.com\/index.php\/le-salon-international-du-patrimoine-culturel-fete-ses-30-ans\/111073\/#primaryimage"},"thumbnailUrl":"https:\/\/batijournal.com\/wp-content\/uploads\/2024\/10\/salon-du-patrimoine-2024.jpg","keywords":["salon du patrimoine culturel"],"articleSection":["Actualit\u00e9s","Divers","zz_Actualit\u00e9s - Atrium","zz_Atrium Patrimoine"],"inLanguage":"fr-FR"},{"@type":"WebPage","@id":"https:\/\/batijournal.com\/index.php\/le-salon-international-du-patrimoine-culturel-fete-ses-30-ans\/111073\/","url":"https:\/\/batijournal.com\/index.php\/le-salon-international-du-patrimoine-culturel-fete-ses-30-ans\/111073\/","name":"Le Salon International du Patrimoine Culturel f\u00eate ses 30 ans","isPartOf":{"@id":"https:\/\/batijournal.com\/#website"},"primaryImageOfPage":{"@id":"https:\/\/batijournal.com\/index.php\/le-salon-international-du-patrimoine-culturel-fete-ses-30-ans\/111073\/#primaryimage"},"image":{"@id":"https:\/\/batijournal.com\/index.php\/le-salon-international-du-patrimoine-culturel-fete-ses-30-ans\/111073\/#primaryimage"},"thumbnailUrl":"https:\/\/batijournal.com\/wp-content\/uploads\/2024\/10\/salon-du-patrimoine-2024.jpg","datePublished":"2024-10-09T17:14:00+00:00","dateModified":"2024-10-28T08:17:29+00:00","author":{"@id":"https:\/\/batijournal.com\/#\/schema\/person\/1dc96ec6957aa1ccb25ebe78bb19f100"},"breadcrumb":{"@id":"https:\/\/batijournal.com\/index.php\/le-salon-international-du-patrimoine-culturel-fete-ses-30-ans\/111073\/#breadcrumb"},"inLanguage":"fr-FR","potentialAction":[{"@type":"ReadAction","target":["https:\/\/batijournal.com\/index.php\/le-salon-international-du-patrimoine-culturel-fete-ses-30-ans\/111073\/"]}]},{"@type":"ImageObject","inLanguage":"fr-FR","@id":"https:\/\/batijournal.com\/index.php\/le-salon-international-du-patrimoine-culturel-fete-ses-30-ans\/111073\/#primaryimage","url":"https:\/\/batijournal.com\/wp-content\/uploads\/2024\/10\/salon-du-patrimoine-2024.jpg","contentUrl":"https:\/\/batijournal.com\/wp-content\/uploads\/2024\/10\/salon-du-patrimoine-2024.jpg","width":1000,"height":707},{"@type":"BreadcrumbList","@id":"https:\/\/batijournal.com\/index.php\/le-salon-international-du-patrimoine-culturel-fete-ses-30-ans\/111073\/#breadcrumb","itemListElement":[{"@type":"ListItem","position":1,"name":"Accueil","item":"https:\/\/batijournal.com\/"},{"@type":"ListItem","position":2,"name":"Actualit\u00e9s","item":"https:\/\/batijournal.com\/index.php\/category\/actualites\/"},{"@type":"ListItem","position":3,"name":"Le Salon International du Patrimoine Culturel f\u00eate ses 30 ans"}]},{"@type":"WebSite","@id":"https:\/\/batijournal.com\/#website","url":"https:\/\/batijournal.com\/","name":"Batijournal","description":"L&#039;actualit\u00e9 du b\u00e2timent","potentialAction":[{"@type":"SearchAction","target":{"@type":"EntryPoint","urlTemplate":"https:\/\/batijournal.com\/?s={search_term_string}"},"query-input":{"@type":"PropertyValueSpecification","valueRequired":true,"valueName":"search_term_string"}}],"inLanguage":"fr-FR"},{"@type":"Person","@id":"https:\/\/batijournal.com\/#\/schema\/person\/1dc96ec6957aa1ccb25ebe78bb19f100","name":"St\u00e9phane Miget","image":{"@type":"ImageObject","inLanguage":"fr-FR","@id":"https:\/\/secure.gravatar.com\/avatar\/89915563d925342126b8ef0281b93d9d7fc337043e8df017f780908eb9644451?s=96&d=mm&r=g","url":"https:\/\/secure.gravatar.com\/avatar\/89915563d925342126b8ef0281b93d9d7fc337043e8df017f780908eb9644451?s=96&d=mm&r=g","contentUrl":"https:\/\/secure.gravatar.com\/avatar\/89915563d925342126b8ef0281b93d9d7fc337043e8df017f780908eb9644451?s=96&d=mm&r=g","caption":"St\u00e9phane Miget"},"url":"https:\/\/batijournal.com\/index.php\/author\/stephane\/"}]}},"_links":{"self":[{"href":"https:\/\/batijournal.com\/index.php\/wp-json\/wp\/v2\/posts\/111073","targetHints":{"allow":["GET"]}}],"collection":[{"href":"https:\/\/batijournal.com\/index.php\/wp-json\/wp\/v2\/posts"}],"about":[{"href":"https:\/\/batijournal.com\/index.php\/wp-json\/wp\/v2\/types\/post"}],"author":[{"embeddable":true,"href":"https:\/\/batijournal.com\/index.php\/wp-json\/wp\/v2\/users\/17"}],"replies":[{"embeddable":true,"href":"https:\/\/batijournal.com\/index.php\/wp-json\/wp\/v2\/comments?post=111073"}],"version-history":[{"count":0,"href":"https:\/\/batijournal.com\/index.php\/wp-json\/wp\/v2\/posts\/111073\/revisions"}],"wp:featuredmedia":[{"embeddable":true,"href":"https:\/\/batijournal.com\/index.php\/wp-json\/wp\/v2\/media\/111074"}],"wp:attachment":[{"href":"https:\/\/batijournal.com\/index.php\/wp-json\/wp\/v2\/media?parent=111073"}],"wp:term":[{"taxonomy":"category","embeddable":true,"href":"https:\/\/batijournal.com\/index.php\/wp-json\/wp\/v2\/categories?post=111073"},{"taxonomy":"post_tag","embeddable":true,"href":"https:\/\/batijournal.com\/index.php\/wp-json\/wp\/v2\/tags?post=111073"}],"curies":[{"name":"wp","href":"https:\/\/api.w.org\/{rel}","templated":true}]}}