{"id":111082,"date":"2024-10-17T08:16:16","date_gmt":"2024-10-17T06:16:16","guid":{"rendered":"https:\/\/batijournal.com\/?p=111082"},"modified":"2024-10-17T08:16:16","modified_gmt":"2024-10-17T06:16:16","slug":"les-nouvelles-reserves-du-musee-conde","status":"publish","type":"post","link":"https:\/\/batijournal.com\/index.php\/les-nouvelles-reserves-du-musee-conde\/111082\/","title":{"rendered":"Les nouvelles r\u00e9serves du mus\u00e9e Cond\u00e9"},"content":{"rendered":"<p>A Chantilly, plut\u00f4t que d\u2019\u00e9riger un nouveau b\u00e2timent, le mus\u00e9e Cond\u00e9 a choisi d&rsquo;am\u00e9nager les combles des grandes \u00e9curies, juste au-dessus des espaces du mus\u00e9e vivant du cheval, pour abriter ses r\u00e9serves. Ce chantier, soutenu par la DRAC Hauts-de-France, repr\u00e9sente une avanc\u00e9e majeure pour la pr\u00e9servation des tr\u00e9sors du mus\u00e9e Cond\u00e9, un nouveau jalon en terme de conservation pr\u00e9ventive. En effet, pour pr\u00e9server les \u0153uvres tout en respectant l\u2019environnement, ces nouvelles r\u00e9serves r\u00e9pondent aux d\u00e9fis pos\u00e9s par la gestion des collections historiques dans un cadre architectural complexe et s\u2019inscrivent dans une d\u00e9marche durable. Gr\u00e2ce \u00e0 ces nouveaux espaces de 500 m\u00b2, non seulement les \u0153uvres b\u00e9n\u00e9ficieront de conditions de conservation optimales, mais elles seront \u00e9galement plus accessibles, facilitant ainsi le travail des \u00e9quipes et le suivi des collections. En privil\u00e9giant une isolation en mat\u00e9riaux naturels, tels que le chaux-chanvre, ces nouveaux espaces ne n\u00e9cessitent aucun syst\u00e8me de climatisation m\u00e9canique. Une gestion fine des conditions environnementales (temp\u00e9rature et hygrom\u00e9trie) permet de cr\u00e9er un environnement optimal pour les \u0153uvres, tout en r\u00e9duisant l&rsquo;impact \u00e9cologique du b\u00e2timent.<\/p>\n<p>Sources : Drac des Hauts de France<\/p>\n","protected":false},"excerpt":{"rendered":"<p>A Chantilly, plut\u00f4t que d\u2019\u00e9riger un nouveau b\u00e2timent, le mus\u00e9e Cond\u00e9 a choisi d&rsquo;am\u00e9nager les combles des grandes \u00e9curies, juste au-dessus des espaces du mus\u00e9e vivant du cheval, pour abriter ses r\u00e9serves. Ce chantier, soutenu par la DRAC Hauts-de-France, repr\u00e9sente une avanc\u00e9e majeure pour la pr\u00e9servation des tr\u00e9sors du mus\u00e9e Cond\u00e9, un nouveau jalon en [&hellip;]<\/p>\n","protected":false},"author":17,"featured_media":111083,"comment_status":"closed","ping_status":"closed","sticky":false,"template":"","format":"standard","meta":{"_et_pb_use_builder":"","_et_pb_old_content":"","_et_gb_content_width":"","footnotes":""},"categories":[10530,6362,10789,10785],"tags":[3640],"class_list":["post-111082","post","type-post","status-publish","format-standard","has-post-thumbnail","hentry","category-actualites","category-services-equipements","category-publications-atrium","category-atrium","tag-musee"],"yoast_head":"<!-- This site is optimized with the Yoast SEO plugin v27.4 - https:\/\/yoast.com\/product\/yoast-seo-wordpress\/ -->\n<title>Les nouvelles r\u00e9serves du mus\u00e9e Cond\u00e9<\/title>\n<meta name=\"robots\" content=\"index, follow, max-snippet:-1, max-image-preview:large, max-video-preview:-1\" \/>\n<link rel=\"canonical\" href=\"https:\/\/batijournal.com\/index.php\/les-nouvelles-reserves-du-musee-conde\/111082\/\" \/>\n<meta property=\"og:locale\" content=\"fr_FR\" \/>\n<meta property=\"og:type\" content=\"article\" \/>\n<meta property=\"og:title\" content=\"Les nouvelles r\u00e9serves du mus\u00e9e Cond\u00e9\" \/>\n<meta property=\"og:description\" content=\"A Chantilly, plut\u00f4t que d\u2019\u00e9riger un nouveau b\u00e2timent, le mus\u00e9e Cond\u00e9 a choisi d&rsquo;am\u00e9nager les combles des grandes \u00e9curies, juste au-dessus des espaces du mus\u00e9e vivant du cheval, pour abriter ses r\u00e9serves. Ce chantier, soutenu par la DRAC Hauts-de-France, repr\u00e9sente une avanc\u00e9e majeure pour la pr\u00e9servation des tr\u00e9sors du mus\u00e9e Cond\u00e9, un nouveau jalon en [&hellip;]\" \/>\n<meta property=\"og:url\" content=\"https:\/\/batijournal.com\/index.php\/les-nouvelles-reserves-du-musee-conde\/111082\/\" \/>\n<meta property=\"og:site_name\" content=\"Batijournal\" \/>\n<meta property=\"article:published_time\" content=\"2024-10-17T06:16:16+00:00\" \/>\n<meta property=\"og:image\" content=\"https:\/\/batijournal.com\/wp-content\/uploads\/2024\/10\/Conde-reserves.jpg\" \/>\n\t<meta property=\"og:image:width\" content=\"1992\" \/>\n\t<meta property=\"og:image:height\" content=\"1120\" \/>\n\t<meta property=\"og:image:type\" content=\"image\/jpeg\" \/>\n<meta name=\"author\" content=\"St\u00e9phane Miget\" \/>\n<meta name=\"twitter:card\" content=\"summary_large_image\" \/>\n<meta name=\"twitter:creator\" content=\"@bati_journal\" \/>\n<meta name=\"twitter:site\" content=\"@bati_journal\" \/>\n<meta name=\"twitter:label1\" content=\"\u00c9crit par\" \/>\n\t<meta name=\"twitter:data1\" content=\"St\u00e9phane Miget\" \/>\n\t<meta name=\"twitter:label2\" content=\"Dur\u00e9e de lecture estim\u00e9e\" \/>\n\t<meta name=\"twitter:data2\" content=\"1 minute\" \/>\n<script type=\"application\/ld+json\" class=\"yoast-schema-graph\">{\"@context\":\"https:\\\/\\\/schema.org\",\"@graph\":[{\"@type\":\"Article\",\"@id\":\"https:\\\/\\\/batijournal.com\\\/index.php\\\/les-nouvelles-reserves-du-musee-conde\\\/111082\\\/#article\",\"isPartOf\":{\"@id\":\"https:\\\/\\\/batijournal.com\\\/index.php\\\/les-nouvelles-reserves-du-musee-conde\\\/111082\\\/\"},\"author\":{\"name\":\"St\u00e9phane Miget\",\"@id\":\"https:\\\/\\\/batijournal.com\\\/#\\\/schema\\\/person\\\/1dc96ec6957aa1ccb25ebe78bb19f100\"},\"headline\":\"Les nouvelles r\u00e9serves du mus\u00e9e Cond\u00e9\",\"datePublished\":\"2024-10-17T06:16:16+00:00\",\"mainEntityOfPage\":{\"@id\":\"https:\\\/\\\/batijournal.com\\\/index.php\\\/les-nouvelles-reserves-du-musee-conde\\\/111082\\\/\"},\"wordCount\":222,\"image\":{\"@id\":\"https:\\\/\\\/batijournal.com\\\/index.php\\\/les-nouvelles-reserves-du-musee-conde\\\/111082\\\/#primaryimage\"},\"thumbnailUrl\":\"https:\\\/\\\/batijournal.com\\\/wp-content\\\/uploads\\\/2024\\\/10\\\/Conde-reserves.jpg\",\"keywords\":[\"mus\u00e9e\"],\"articleSection\":[\"Actualit\u00e9s\",\"Divers\",\"zz_Actualit\u00e9s - Atrium\",\"zz_Atrium Patrimoine\"],\"inLanguage\":\"fr-FR\"},{\"@type\":\"WebPage\",\"@id\":\"https:\\\/\\\/batijournal.com\\\/index.php\\\/les-nouvelles-reserves-du-musee-conde\\\/111082\\\/\",\"url\":\"https:\\\/\\\/batijournal.com\\\/index.php\\\/les-nouvelles-reserves-du-musee-conde\\\/111082\\\/\",\"name\":\"Les nouvelles r\u00e9serves du mus\u00e9e Cond\u00e9\",\"isPartOf\":{\"@id\":\"https:\\\/\\\/batijournal.com\\\/#website\"},\"primaryImageOfPage\":{\"@id\":\"https:\\\/\\\/batijournal.com\\\/index.php\\\/les-nouvelles-reserves-du-musee-conde\\\/111082\\\/#primaryimage\"},\"image\":{\"@id\":\"https:\\\/\\\/batijournal.com\\\/index.php\\\/les-nouvelles-reserves-du-musee-conde\\\/111082\\\/#primaryimage\"},\"thumbnailUrl\":\"https:\\\/\\\/batijournal.com\\\/wp-content\\\/uploads\\\/2024\\\/10\\\/Conde-reserves.jpg\",\"datePublished\":\"2024-10-17T06:16:16+00:00\",\"author\":{\"@id\":\"https:\\\/\\\/batijournal.com\\\/#\\\/schema\\\/person\\\/1dc96ec6957aa1ccb25ebe78bb19f100\"},\"breadcrumb\":{\"@id\":\"https:\\\/\\\/batijournal.com\\\/index.php\\\/les-nouvelles-reserves-du-musee-conde\\\/111082\\\/#breadcrumb\"},\"inLanguage\":\"fr-FR\",\"potentialAction\":[{\"@type\":\"ReadAction\",\"target\":[\"https:\\\/\\\/batijournal.com\\\/index.php\\\/les-nouvelles-reserves-du-musee-conde\\\/111082\\\/\"]}]},{\"@type\":\"ImageObject\",\"inLanguage\":\"fr-FR\",\"@id\":\"https:\\\/\\\/batijournal.com\\\/index.php\\\/les-nouvelles-reserves-du-musee-conde\\\/111082\\\/#primaryimage\",\"url\":\"https:\\\/\\\/batijournal.com\\\/wp-content\\\/uploads\\\/2024\\\/10\\\/Conde-reserves.jpg\",\"contentUrl\":\"https:\\\/\\\/batijournal.com\\\/wp-content\\\/uploads\\\/2024\\\/10\\\/Conde-reserves.jpg\",\"width\":1992,\"height\":1120},{\"@type\":\"BreadcrumbList\",\"@id\":\"https:\\\/\\\/batijournal.com\\\/index.php\\\/les-nouvelles-reserves-du-musee-conde\\\/111082\\\/#breadcrumb\",\"itemListElement\":[{\"@type\":\"ListItem\",\"position\":1,\"name\":\"Accueil\",\"item\":\"https:\\\/\\\/batijournal.com\\\/\"},{\"@type\":\"ListItem\",\"position\":2,\"name\":\"Actualit\u00e9s\",\"item\":\"https:\\\/\\\/batijournal.com\\\/index.php\\\/category\\\/actualites\\\/\"},{\"@type\":\"ListItem\",\"position\":3,\"name\":\"Les nouvelles r\u00e9serves du mus\u00e9e Cond\u00e9\"}]},{\"@type\":\"WebSite\",\"@id\":\"https:\\\/\\\/batijournal.com\\\/#website\",\"url\":\"https:\\\/\\\/batijournal.com\\\/\",\"name\":\"Batijournal\",\"description\":\"L&#039;actualit\u00e9 du b\u00e2timent\",\"potentialAction\":[{\"@type\":\"SearchAction\",\"target\":{\"@type\":\"EntryPoint\",\"urlTemplate\":\"https:\\\/\\\/batijournal.com\\\/?s={search_term_string}\"},\"query-input\":{\"@type\":\"PropertyValueSpecification\",\"valueRequired\":true,\"valueName\":\"search_term_string\"}}],\"inLanguage\":\"fr-FR\"},{\"@type\":\"Person\",\"@id\":\"https:\\\/\\\/batijournal.com\\\/#\\\/schema\\\/person\\\/1dc96ec6957aa1ccb25ebe78bb19f100\",\"name\":\"St\u00e9phane Miget\",\"image\":{\"@type\":\"ImageObject\",\"inLanguage\":\"fr-FR\",\"@id\":\"https:\\\/\\\/secure.gravatar.com\\\/avatar\\\/89915563d925342126b8ef0281b93d9d7fc337043e8df017f780908eb9644451?s=96&d=mm&r=g\",\"url\":\"https:\\\/\\\/secure.gravatar.com\\\/avatar\\\/89915563d925342126b8ef0281b93d9d7fc337043e8df017f780908eb9644451?s=96&d=mm&r=g\",\"contentUrl\":\"https:\\\/\\\/secure.gravatar.com\\\/avatar\\\/89915563d925342126b8ef0281b93d9d7fc337043e8df017f780908eb9644451?s=96&d=mm&r=g\",\"caption\":\"St\u00e9phane Miget\"},\"url\":\"https:\\\/\\\/batijournal.com\\\/index.php\\\/author\\\/stephane\\\/\"}]}<\/script>\n<!-- \/ Yoast SEO plugin. -->","yoast_head_json":{"title":"Les nouvelles r\u00e9serves du mus\u00e9e Cond\u00e9","robots":{"index":"index","follow":"follow","max-snippet":"max-snippet:-1","max-image-preview":"max-image-preview:large","max-video-preview":"max-video-preview:-1"},"canonical":"https:\/\/batijournal.com\/index.php\/les-nouvelles-reserves-du-musee-conde\/111082\/","og_locale":"fr_FR","og_type":"article","og_title":"Les nouvelles r\u00e9serves du mus\u00e9e Cond\u00e9","og_description":"A Chantilly, plut\u00f4t que d\u2019\u00e9riger un nouveau b\u00e2timent, le mus\u00e9e Cond\u00e9 a choisi d&rsquo;am\u00e9nager les combles des grandes \u00e9curies, juste au-dessus des espaces du mus\u00e9e vivant du cheval, pour abriter ses r\u00e9serves. Ce chantier, soutenu par la DRAC Hauts-de-France, repr\u00e9sente une avanc\u00e9e majeure pour la pr\u00e9servation des tr\u00e9sors du mus\u00e9e Cond\u00e9, un nouveau jalon en [&hellip;]","og_url":"https:\/\/batijournal.com\/index.php\/les-nouvelles-reserves-du-musee-conde\/111082\/","og_site_name":"Batijournal","article_published_time":"2024-10-17T06:16:16+00:00","og_image":[{"width":1992,"height":1120,"url":"https:\/\/batijournal.com\/wp-content\/uploads\/2024\/10\/Conde-reserves.jpg","type":"image\/jpeg"}],"author":"St\u00e9phane Miget","twitter_card":"summary_large_image","twitter_creator":"@bati_journal","twitter_site":"@bati_journal","twitter_misc":{"\u00c9crit par":"St\u00e9phane Miget","Dur\u00e9e de lecture estim\u00e9e":"1 minute"},"schema":{"@context":"https:\/\/schema.org","@graph":[{"@type":"Article","@id":"https:\/\/batijournal.com\/index.php\/les-nouvelles-reserves-du-musee-conde\/111082\/#article","isPartOf":{"@id":"https:\/\/batijournal.com\/index.php\/les-nouvelles-reserves-du-musee-conde\/111082\/"},"author":{"name":"St\u00e9phane Miget","@id":"https:\/\/batijournal.com\/#\/schema\/person\/1dc96ec6957aa1ccb25ebe78bb19f100"},"headline":"Les nouvelles r\u00e9serves du mus\u00e9e Cond\u00e9","datePublished":"2024-10-17T06:16:16+00:00","mainEntityOfPage":{"@id":"https:\/\/batijournal.com\/index.php\/les-nouvelles-reserves-du-musee-conde\/111082\/"},"wordCount":222,"image":{"@id":"https:\/\/batijournal.com\/index.php\/les-nouvelles-reserves-du-musee-conde\/111082\/#primaryimage"},"thumbnailUrl":"https:\/\/batijournal.com\/wp-content\/uploads\/2024\/10\/Conde-reserves.jpg","keywords":["mus\u00e9e"],"articleSection":["Actualit\u00e9s","Divers","zz_Actualit\u00e9s - Atrium","zz_Atrium Patrimoine"],"inLanguage":"fr-FR"},{"@type":"WebPage","@id":"https:\/\/batijournal.com\/index.php\/les-nouvelles-reserves-du-musee-conde\/111082\/","url":"https:\/\/batijournal.com\/index.php\/les-nouvelles-reserves-du-musee-conde\/111082\/","name":"Les nouvelles r\u00e9serves du mus\u00e9e Cond\u00e9","isPartOf":{"@id":"https:\/\/batijournal.com\/#website"},"primaryImageOfPage":{"@id":"https:\/\/batijournal.com\/index.php\/les-nouvelles-reserves-du-musee-conde\/111082\/#primaryimage"},"image":{"@id":"https:\/\/batijournal.com\/index.php\/les-nouvelles-reserves-du-musee-conde\/111082\/#primaryimage"},"thumbnailUrl":"https:\/\/batijournal.com\/wp-content\/uploads\/2024\/10\/Conde-reserves.jpg","datePublished":"2024-10-17T06:16:16+00:00","author":{"@id":"https:\/\/batijournal.com\/#\/schema\/person\/1dc96ec6957aa1ccb25ebe78bb19f100"},"breadcrumb":{"@id":"https:\/\/batijournal.com\/index.php\/les-nouvelles-reserves-du-musee-conde\/111082\/#breadcrumb"},"inLanguage":"fr-FR","potentialAction":[{"@type":"ReadAction","target":["https:\/\/batijournal.com\/index.php\/les-nouvelles-reserves-du-musee-conde\/111082\/"]}]},{"@type":"ImageObject","inLanguage":"fr-FR","@id":"https:\/\/batijournal.com\/index.php\/les-nouvelles-reserves-du-musee-conde\/111082\/#primaryimage","url":"https:\/\/batijournal.com\/wp-content\/uploads\/2024\/10\/Conde-reserves.jpg","contentUrl":"https:\/\/batijournal.com\/wp-content\/uploads\/2024\/10\/Conde-reserves.jpg","width":1992,"height":1120},{"@type":"BreadcrumbList","@id":"https:\/\/batijournal.com\/index.php\/les-nouvelles-reserves-du-musee-conde\/111082\/#breadcrumb","itemListElement":[{"@type":"ListItem","position":1,"name":"Accueil","item":"https:\/\/batijournal.com\/"},{"@type":"ListItem","position":2,"name":"Actualit\u00e9s","item":"https:\/\/batijournal.com\/index.php\/category\/actualites\/"},{"@type":"ListItem","position":3,"name":"Les nouvelles r\u00e9serves du mus\u00e9e Cond\u00e9"}]},{"@type":"WebSite","@id":"https:\/\/batijournal.com\/#website","url":"https:\/\/batijournal.com\/","name":"Batijournal","description":"L&#039;actualit\u00e9 du b\u00e2timent","potentialAction":[{"@type":"SearchAction","target":{"@type":"EntryPoint","urlTemplate":"https:\/\/batijournal.com\/?s={search_term_string}"},"query-input":{"@type":"PropertyValueSpecification","valueRequired":true,"valueName":"search_term_string"}}],"inLanguage":"fr-FR"},{"@type":"Person","@id":"https:\/\/batijournal.com\/#\/schema\/person\/1dc96ec6957aa1ccb25ebe78bb19f100","name":"St\u00e9phane Miget","image":{"@type":"ImageObject","inLanguage":"fr-FR","@id":"https:\/\/secure.gravatar.com\/avatar\/89915563d925342126b8ef0281b93d9d7fc337043e8df017f780908eb9644451?s=96&d=mm&r=g","url":"https:\/\/secure.gravatar.com\/avatar\/89915563d925342126b8ef0281b93d9d7fc337043e8df017f780908eb9644451?s=96&d=mm&r=g","contentUrl":"https:\/\/secure.gravatar.com\/avatar\/89915563d925342126b8ef0281b93d9d7fc337043e8df017f780908eb9644451?s=96&d=mm&r=g","caption":"St\u00e9phane Miget"},"url":"https:\/\/batijournal.com\/index.php\/author\/stephane\/"}]}},"_links":{"self":[{"href":"https:\/\/batijournal.com\/index.php\/wp-json\/wp\/v2\/posts\/111082","targetHints":{"allow":["GET"]}}],"collection":[{"href":"https:\/\/batijournal.com\/index.php\/wp-json\/wp\/v2\/posts"}],"about":[{"href":"https:\/\/batijournal.com\/index.php\/wp-json\/wp\/v2\/types\/post"}],"author":[{"embeddable":true,"href":"https:\/\/batijournal.com\/index.php\/wp-json\/wp\/v2\/users\/17"}],"replies":[{"embeddable":true,"href":"https:\/\/batijournal.com\/index.php\/wp-json\/wp\/v2\/comments?post=111082"}],"version-history":[{"count":0,"href":"https:\/\/batijournal.com\/index.php\/wp-json\/wp\/v2\/posts\/111082\/revisions"}],"wp:featuredmedia":[{"embeddable":true,"href":"https:\/\/batijournal.com\/index.php\/wp-json\/wp\/v2\/media\/111083"}],"wp:attachment":[{"href":"https:\/\/batijournal.com\/index.php\/wp-json\/wp\/v2\/media?parent=111082"}],"wp:term":[{"taxonomy":"category","embeddable":true,"href":"https:\/\/batijournal.com\/index.php\/wp-json\/wp\/v2\/categories?post=111082"},{"taxonomy":"post_tag","embeddable":true,"href":"https:\/\/batijournal.com\/index.php\/wp-json\/wp\/v2\/tags?post=111082"}],"curies":[{"name":"wp","href":"https:\/\/api.w.org\/{rel}","templated":true}]}}