{"id":111088,"date":"2024-10-17T08:22:26","date_gmt":"2024-10-17T06:22:26","guid":{"rendered":"https:\/\/batijournal.com\/?p=111088"},"modified":"2024-10-17T08:22:26","modified_gmt":"2024-10-17T06:22:26","slug":"les-journees-nationales-de-larchitecture-nouvelles-vies-des-batiments-et-nouvelles-pratiques-de-larchitecture","status":"publish","type":"post","link":"https:\/\/batijournal.com\/index.php\/les-journees-nationales-de-larchitecture-nouvelles-vies-des-batiments-et-nouvelles-pratiques-de-larchitecture\/111088\/","title":{"rendered":"Les Journ\u00e9es nationales de l\u2019architecture : \u00ab nouvelles vies des b\u00e2timents et nouvelles pratiques de l&rsquo;architecture \u00bb"},"content":{"rendered":"<p>Les Journ\u00e9es nationales de l&rsquo;architecture sont de retour les 18, 19 et 20 octobre 2024 pour une 9e \u00e9dition, partout en France m\u00e9tropolitaine et en Outre-mer. Elles sont consacr\u00e9es aux \u00ab Nouvelles vies des b\u00e2timents et nouvelles pratiques de l&rsquo;architecture \u00bb. \u00c0 l\u2019heure o\u00f9 les d\u00e9fis pos\u00e9s par la transition \u00e9cologique invitent \u00e0 poursuivre les efforts engag\u00e9s vers la neutralit\u00e9 carbone, la r\u00e9habilitation des b\u00e2timents existants appara\u00eet incontournable. D\u2019abord en raison de la grande quantit\u00e9 d\u2019\u00e9difices concern\u00e9s par ces enjeux de r\u00e9habilitation. Immeubles de logements, b\u00e2timents administratifs, industriels, agricoles, commerciaux, tous ces lieux du quotidien forment autant d\u2019opportunit\u00e9s pour transformer l\u2019existant. Cette transformation est porteuse de promesses : nouveaux usages, rapprochement de la nature et de la ville, utilisation de mat\u00e9riaux \u00e0 faible impact environnemental, prise en compte de la biodiversit\u00e9. Pour conduire ces chantiers de r\u00e9habilitation et de transformation, les comp\u00e9tences et le savoir-faire des architectes peuvent r\u00e9pondre \u00e0 ces attentes nouvelles, pl\u00e9biscit\u00e9es par les habitants. Construire, coconstruire : la responsabilit\u00e9 nouvelle de l\u2019architecte s\u2019illustre dans sa capacit\u00e9 \u00e0 accompagner des collaborations locales et \u00e0 dialoguer avec les usagers.<br \/>\nLe vendredi 18 octobre, se tiendra l\u2019op\u00e9ration \u00ab Levez les yeux ! \u00bb. Men\u00e9e en partenariat avec le minist\u00e8re de l\u2019\u00c9ducation nationale et de la Jeunesse, elle s\u2019adresse sp\u00e9cialement aux \u00e9l\u00e8ves, de la maternelle \u00e0 la terminale, dans le but de les \u00e9veiller \u00e0 une culture architecturale et urbaine.<br \/>\nLes Journ\u00e9es nationales de l&rsquo;architecture sont organis\u00e9es par le minist\u00e8re de la Culture avec le soutien de nombreux partenaires m\u00e9dias et institutionnels.<\/p>\n<p><a href=\"https:\/\/journeesarchitecture.culture.gouv.fr\">https:\/\/journeesarchitecture.culture.gouv.fr<\/a><\/p>\n<p>\u00a9 Illustration : Ana Popescu<\/p>\n","protected":false},"excerpt":{"rendered":"<p>Les Journ\u00e9es nationales de l&rsquo;architecture sont de retour les 18, 19 et 20 octobre 2024 pour une 9e \u00e9dition, partout en France m\u00e9tropolitaine et en Outre-mer. Elles sont consacr\u00e9es aux \u00ab Nouvelles vies des b\u00e2timents et nouvelles pratiques de l&rsquo;architecture \u00bb. \u00c0 l\u2019heure o\u00f9 les d\u00e9fis pos\u00e9s par la transition \u00e9cologique invitent \u00e0 poursuivre les [&hellip;]<\/p>\n","protected":false},"author":17,"featured_media":111089,"comment_status":"closed","ping_status":"closed","sticky":false,"template":"","format":"standard","meta":{"_et_pb_use_builder":"","_et_pb_old_content":"","_et_gb_content_width":"","footnotes":""},"categories":[10530,6340,10789,10785],"tags":[12901,4242],"class_list":["post-111088","post","type-post","status-publish","format-standard","has-post-thumbnail","hentry","category-actualites","category-architecture-conception","category-publications-atrium","category-atrium","tag-architecture","tag-journees-de-larchitecture"],"yoast_head":"<!-- This site is optimized with the Yoast SEO plugin v27.4 - https:\/\/yoast.com\/product\/yoast-seo-wordpress\/ -->\n<title>Les Journ\u00e9es nationales de l\u2019architecture : \u00ab nouvelles vies des b\u00e2timents et nouvelles pratiques de l&#039;architecture \u00bb<\/title>\n<meta name=\"robots\" content=\"index, follow, max-snippet:-1, max-image-preview:large, max-video-preview:-1\" \/>\n<link rel=\"canonical\" href=\"https:\/\/batijournal.com\/index.php\/les-journees-nationales-de-larchitecture-nouvelles-vies-des-batiments-et-nouvelles-pratiques-de-larchitecture\/111088\/\" \/>\n<meta property=\"og:locale\" content=\"fr_FR\" \/>\n<meta property=\"og:type\" content=\"article\" \/>\n<meta property=\"og:title\" content=\"Les Journ\u00e9es nationales de l\u2019architecture : \u00ab nouvelles vies des b\u00e2timents et nouvelles pratiques de l&#039;architecture \u00bb\" \/>\n<meta property=\"og:description\" content=\"Les Journ\u00e9es nationales de l&rsquo;architecture sont de retour les 18, 19 et 20 octobre 2024 pour une 9e \u00e9dition, partout en France m\u00e9tropolitaine et en Outre-mer. Elles sont consacr\u00e9es aux \u00ab Nouvelles vies des b\u00e2timents et nouvelles pratiques de l&rsquo;architecture \u00bb. \u00c0 l\u2019heure o\u00f9 les d\u00e9fis pos\u00e9s par la transition \u00e9cologique invitent \u00e0 poursuivre les [&hellip;]\" \/>\n<meta property=\"og:url\" content=\"https:\/\/batijournal.com\/index.php\/les-journees-nationales-de-larchitecture-nouvelles-vies-des-batiments-et-nouvelles-pratiques-de-larchitecture\/111088\/\" \/>\n<meta property=\"og:site_name\" content=\"Batijournal\" \/>\n<meta property=\"article:published_time\" content=\"2024-10-17T06:22:26+00:00\" \/>\n<meta property=\"og:image\" content=\"https:\/\/batijournal.com\/wp-content\/uploads\/2024\/10\/JNA-2024_Publication-X-2.jpg\" \/>\n\t<meta property=\"og:image:width\" content=\"961\" \/>\n\t<meta property=\"og:image:height\" content=\"541\" \/>\n\t<meta property=\"og:image:type\" content=\"image\/jpeg\" \/>\n<meta name=\"author\" content=\"St\u00e9phane Miget\" \/>\n<meta name=\"twitter:card\" content=\"summary_large_image\" \/>\n<meta name=\"twitter:creator\" content=\"@bati_journal\" \/>\n<meta name=\"twitter:site\" content=\"@bati_journal\" \/>\n<meta name=\"twitter:label1\" content=\"\u00c9crit par\" \/>\n\t<meta name=\"twitter:data1\" content=\"St\u00e9phane Miget\" \/>\n\t<meta name=\"twitter:label2\" content=\"Dur\u00e9e de lecture estim\u00e9e\" \/>\n\t<meta name=\"twitter:data2\" content=\"1 minute\" \/>\n<script type=\"application\/ld+json\" class=\"yoast-schema-graph\">{\"@context\":\"https:\\\/\\\/schema.org\",\"@graph\":[{\"@type\":\"Article\",\"@id\":\"https:\\\/\\\/batijournal.com\\\/index.php\\\/les-journees-nationales-de-larchitecture-nouvelles-vies-des-batiments-et-nouvelles-pratiques-de-larchitecture\\\/111088\\\/#article\",\"isPartOf\":{\"@id\":\"https:\\\/\\\/batijournal.com\\\/index.php\\\/les-journees-nationales-de-larchitecture-nouvelles-vies-des-batiments-et-nouvelles-pratiques-de-larchitecture\\\/111088\\\/\"},\"author\":{\"name\":\"St\u00e9phane Miget\",\"@id\":\"https:\\\/\\\/batijournal.com\\\/#\\\/schema\\\/person\\\/1dc96ec6957aa1ccb25ebe78bb19f100\"},\"headline\":\"Les Journ\u00e9es nationales de l\u2019architecture : \u00ab nouvelles vies des b\u00e2timents et nouvelles pratiques de l&rsquo;architecture \u00bb\",\"datePublished\":\"2024-10-17T06:22:26+00:00\",\"mainEntityOfPage\":{\"@id\":\"https:\\\/\\\/batijournal.com\\\/index.php\\\/les-journees-nationales-de-larchitecture-nouvelles-vies-des-batiments-et-nouvelles-pratiques-de-larchitecture\\\/111088\\\/\"},\"wordCount\":299,\"image\":{\"@id\":\"https:\\\/\\\/batijournal.com\\\/index.php\\\/les-journees-nationales-de-larchitecture-nouvelles-vies-des-batiments-et-nouvelles-pratiques-de-larchitecture\\\/111088\\\/#primaryimage\"},\"thumbnailUrl\":\"https:\\\/\\\/batijournal.com\\\/wp-content\\\/uploads\\\/2024\\\/10\\\/JNA-2024_Publication-X-2.jpg\",\"keywords\":[\"architecture\",\"Journ\u00e9es de l'architecture\"],\"articleSection\":[\"Actualit\u00e9s\",\"Architecture &amp; Conception\",\"zz_Actualit\u00e9s - Atrium\",\"zz_Atrium Patrimoine\"],\"inLanguage\":\"fr-FR\"},{\"@type\":\"WebPage\",\"@id\":\"https:\\\/\\\/batijournal.com\\\/index.php\\\/les-journees-nationales-de-larchitecture-nouvelles-vies-des-batiments-et-nouvelles-pratiques-de-larchitecture\\\/111088\\\/\",\"url\":\"https:\\\/\\\/batijournal.com\\\/index.php\\\/les-journees-nationales-de-larchitecture-nouvelles-vies-des-batiments-et-nouvelles-pratiques-de-larchitecture\\\/111088\\\/\",\"name\":\"Les Journ\u00e9es nationales de l\u2019architecture : \u00ab nouvelles vies des b\u00e2timents et nouvelles pratiques de l'architecture \u00bb\",\"isPartOf\":{\"@id\":\"https:\\\/\\\/batijournal.com\\\/#website\"},\"primaryImageOfPage\":{\"@id\":\"https:\\\/\\\/batijournal.com\\\/index.php\\\/les-journees-nationales-de-larchitecture-nouvelles-vies-des-batiments-et-nouvelles-pratiques-de-larchitecture\\\/111088\\\/#primaryimage\"},\"image\":{\"@id\":\"https:\\\/\\\/batijournal.com\\\/index.php\\\/les-journees-nationales-de-larchitecture-nouvelles-vies-des-batiments-et-nouvelles-pratiques-de-larchitecture\\\/111088\\\/#primaryimage\"},\"thumbnailUrl\":\"https:\\\/\\\/batijournal.com\\\/wp-content\\\/uploads\\\/2024\\\/10\\\/JNA-2024_Publication-X-2.jpg\",\"datePublished\":\"2024-10-17T06:22:26+00:00\",\"author\":{\"@id\":\"https:\\\/\\\/batijournal.com\\\/#\\\/schema\\\/person\\\/1dc96ec6957aa1ccb25ebe78bb19f100\"},\"breadcrumb\":{\"@id\":\"https:\\\/\\\/batijournal.com\\\/index.php\\\/les-journees-nationales-de-larchitecture-nouvelles-vies-des-batiments-et-nouvelles-pratiques-de-larchitecture\\\/111088\\\/#breadcrumb\"},\"inLanguage\":\"fr-FR\",\"potentialAction\":[{\"@type\":\"ReadAction\",\"target\":[\"https:\\\/\\\/batijournal.com\\\/index.php\\\/les-journees-nationales-de-larchitecture-nouvelles-vies-des-batiments-et-nouvelles-pratiques-de-larchitecture\\\/111088\\\/\"]}]},{\"@type\":\"ImageObject\",\"inLanguage\":\"fr-FR\",\"@id\":\"https:\\\/\\\/batijournal.com\\\/index.php\\\/les-journees-nationales-de-larchitecture-nouvelles-vies-des-batiments-et-nouvelles-pratiques-de-larchitecture\\\/111088\\\/#primaryimage\",\"url\":\"https:\\\/\\\/batijournal.com\\\/wp-content\\\/uploads\\\/2024\\\/10\\\/JNA-2024_Publication-X-2.jpg\",\"contentUrl\":\"https:\\\/\\\/batijournal.com\\\/wp-content\\\/uploads\\\/2024\\\/10\\\/JNA-2024_Publication-X-2.jpg\",\"width\":961,\"height\":541},{\"@type\":\"BreadcrumbList\",\"@id\":\"https:\\\/\\\/batijournal.com\\\/index.php\\\/les-journees-nationales-de-larchitecture-nouvelles-vies-des-batiments-et-nouvelles-pratiques-de-larchitecture\\\/111088\\\/#breadcrumb\",\"itemListElement\":[{\"@type\":\"ListItem\",\"position\":1,\"name\":\"Accueil\",\"item\":\"https:\\\/\\\/batijournal.com\\\/\"},{\"@type\":\"ListItem\",\"position\":2,\"name\":\"Actualit\u00e9s\",\"item\":\"https:\\\/\\\/batijournal.com\\\/index.php\\\/category\\\/actualites\\\/\"},{\"@type\":\"ListItem\",\"position\":3,\"name\":\"Les Journ\u00e9es nationales de l\u2019architecture : \u00ab nouvelles vies des b\u00e2timents et nouvelles pratiques de l&rsquo;architecture \u00bb\"}]},{\"@type\":\"WebSite\",\"@id\":\"https:\\\/\\\/batijournal.com\\\/#website\",\"url\":\"https:\\\/\\\/batijournal.com\\\/\",\"name\":\"Batijournal\",\"description\":\"L&#039;actualit\u00e9 du b\u00e2timent\",\"potentialAction\":[{\"@type\":\"SearchAction\",\"target\":{\"@type\":\"EntryPoint\",\"urlTemplate\":\"https:\\\/\\\/batijournal.com\\\/?s={search_term_string}\"},\"query-input\":{\"@type\":\"PropertyValueSpecification\",\"valueRequired\":true,\"valueName\":\"search_term_string\"}}],\"inLanguage\":\"fr-FR\"},{\"@type\":\"Person\",\"@id\":\"https:\\\/\\\/batijournal.com\\\/#\\\/schema\\\/person\\\/1dc96ec6957aa1ccb25ebe78bb19f100\",\"name\":\"St\u00e9phane Miget\",\"image\":{\"@type\":\"ImageObject\",\"inLanguage\":\"fr-FR\",\"@id\":\"https:\\\/\\\/secure.gravatar.com\\\/avatar\\\/89915563d925342126b8ef0281b93d9d7fc337043e8df017f780908eb9644451?s=96&d=mm&r=g\",\"url\":\"https:\\\/\\\/secure.gravatar.com\\\/avatar\\\/89915563d925342126b8ef0281b93d9d7fc337043e8df017f780908eb9644451?s=96&d=mm&r=g\",\"contentUrl\":\"https:\\\/\\\/secure.gravatar.com\\\/avatar\\\/89915563d925342126b8ef0281b93d9d7fc337043e8df017f780908eb9644451?s=96&d=mm&r=g\",\"caption\":\"St\u00e9phane Miget\"},\"url\":\"https:\\\/\\\/batijournal.com\\\/index.php\\\/author\\\/stephane\\\/\"}]}<\/script>\n<!-- \/ Yoast SEO plugin. -->","yoast_head_json":{"title":"Les Journ\u00e9es nationales de l\u2019architecture : \u00ab nouvelles vies des b\u00e2timents et nouvelles pratiques de l'architecture \u00bb","robots":{"index":"index","follow":"follow","max-snippet":"max-snippet:-1","max-image-preview":"max-image-preview:large","max-video-preview":"max-video-preview:-1"},"canonical":"https:\/\/batijournal.com\/index.php\/les-journees-nationales-de-larchitecture-nouvelles-vies-des-batiments-et-nouvelles-pratiques-de-larchitecture\/111088\/","og_locale":"fr_FR","og_type":"article","og_title":"Les Journ\u00e9es nationales de l\u2019architecture : \u00ab nouvelles vies des b\u00e2timents et nouvelles pratiques de l'architecture \u00bb","og_description":"Les Journ\u00e9es nationales de l&rsquo;architecture sont de retour les 18, 19 et 20 octobre 2024 pour une 9e \u00e9dition, partout en France m\u00e9tropolitaine et en Outre-mer. Elles sont consacr\u00e9es aux \u00ab Nouvelles vies des b\u00e2timents et nouvelles pratiques de l&rsquo;architecture \u00bb. \u00c0 l\u2019heure o\u00f9 les d\u00e9fis pos\u00e9s par la transition \u00e9cologique invitent \u00e0 poursuivre les [&hellip;]","og_url":"https:\/\/batijournal.com\/index.php\/les-journees-nationales-de-larchitecture-nouvelles-vies-des-batiments-et-nouvelles-pratiques-de-larchitecture\/111088\/","og_site_name":"Batijournal","article_published_time":"2024-10-17T06:22:26+00:00","og_image":[{"width":961,"height":541,"url":"https:\/\/batijournal.com\/wp-content\/uploads\/2024\/10\/JNA-2024_Publication-X-2.jpg","type":"image\/jpeg"}],"author":"St\u00e9phane Miget","twitter_card":"summary_large_image","twitter_creator":"@bati_journal","twitter_site":"@bati_journal","twitter_misc":{"\u00c9crit par":"St\u00e9phane Miget","Dur\u00e9e de lecture estim\u00e9e":"1 minute"},"schema":{"@context":"https:\/\/schema.org","@graph":[{"@type":"Article","@id":"https:\/\/batijournal.com\/index.php\/les-journees-nationales-de-larchitecture-nouvelles-vies-des-batiments-et-nouvelles-pratiques-de-larchitecture\/111088\/#article","isPartOf":{"@id":"https:\/\/batijournal.com\/index.php\/les-journees-nationales-de-larchitecture-nouvelles-vies-des-batiments-et-nouvelles-pratiques-de-larchitecture\/111088\/"},"author":{"name":"St\u00e9phane Miget","@id":"https:\/\/batijournal.com\/#\/schema\/person\/1dc96ec6957aa1ccb25ebe78bb19f100"},"headline":"Les Journ\u00e9es nationales de l\u2019architecture : \u00ab nouvelles vies des b\u00e2timents et nouvelles pratiques de l&rsquo;architecture \u00bb","datePublished":"2024-10-17T06:22:26+00:00","mainEntityOfPage":{"@id":"https:\/\/batijournal.com\/index.php\/les-journees-nationales-de-larchitecture-nouvelles-vies-des-batiments-et-nouvelles-pratiques-de-larchitecture\/111088\/"},"wordCount":299,"image":{"@id":"https:\/\/batijournal.com\/index.php\/les-journees-nationales-de-larchitecture-nouvelles-vies-des-batiments-et-nouvelles-pratiques-de-larchitecture\/111088\/#primaryimage"},"thumbnailUrl":"https:\/\/batijournal.com\/wp-content\/uploads\/2024\/10\/JNA-2024_Publication-X-2.jpg","keywords":["architecture","Journ\u00e9es de l'architecture"],"articleSection":["Actualit\u00e9s","Architecture &amp; Conception","zz_Actualit\u00e9s - Atrium","zz_Atrium Patrimoine"],"inLanguage":"fr-FR"},{"@type":"WebPage","@id":"https:\/\/batijournal.com\/index.php\/les-journees-nationales-de-larchitecture-nouvelles-vies-des-batiments-et-nouvelles-pratiques-de-larchitecture\/111088\/","url":"https:\/\/batijournal.com\/index.php\/les-journees-nationales-de-larchitecture-nouvelles-vies-des-batiments-et-nouvelles-pratiques-de-larchitecture\/111088\/","name":"Les Journ\u00e9es nationales de l\u2019architecture : \u00ab nouvelles vies des b\u00e2timents et nouvelles pratiques de l'architecture \u00bb","isPartOf":{"@id":"https:\/\/batijournal.com\/#website"},"primaryImageOfPage":{"@id":"https:\/\/batijournal.com\/index.php\/les-journees-nationales-de-larchitecture-nouvelles-vies-des-batiments-et-nouvelles-pratiques-de-larchitecture\/111088\/#primaryimage"},"image":{"@id":"https:\/\/batijournal.com\/index.php\/les-journees-nationales-de-larchitecture-nouvelles-vies-des-batiments-et-nouvelles-pratiques-de-larchitecture\/111088\/#primaryimage"},"thumbnailUrl":"https:\/\/batijournal.com\/wp-content\/uploads\/2024\/10\/JNA-2024_Publication-X-2.jpg","datePublished":"2024-10-17T06:22:26+00:00","author":{"@id":"https:\/\/batijournal.com\/#\/schema\/person\/1dc96ec6957aa1ccb25ebe78bb19f100"},"breadcrumb":{"@id":"https:\/\/batijournal.com\/index.php\/les-journees-nationales-de-larchitecture-nouvelles-vies-des-batiments-et-nouvelles-pratiques-de-larchitecture\/111088\/#breadcrumb"},"inLanguage":"fr-FR","potentialAction":[{"@type":"ReadAction","target":["https:\/\/batijournal.com\/index.php\/les-journees-nationales-de-larchitecture-nouvelles-vies-des-batiments-et-nouvelles-pratiques-de-larchitecture\/111088\/"]}]},{"@type":"ImageObject","inLanguage":"fr-FR","@id":"https:\/\/batijournal.com\/index.php\/les-journees-nationales-de-larchitecture-nouvelles-vies-des-batiments-et-nouvelles-pratiques-de-larchitecture\/111088\/#primaryimage","url":"https:\/\/batijournal.com\/wp-content\/uploads\/2024\/10\/JNA-2024_Publication-X-2.jpg","contentUrl":"https:\/\/batijournal.com\/wp-content\/uploads\/2024\/10\/JNA-2024_Publication-X-2.jpg","width":961,"height":541},{"@type":"BreadcrumbList","@id":"https:\/\/batijournal.com\/index.php\/les-journees-nationales-de-larchitecture-nouvelles-vies-des-batiments-et-nouvelles-pratiques-de-larchitecture\/111088\/#breadcrumb","itemListElement":[{"@type":"ListItem","position":1,"name":"Accueil","item":"https:\/\/batijournal.com\/"},{"@type":"ListItem","position":2,"name":"Actualit\u00e9s","item":"https:\/\/batijournal.com\/index.php\/category\/actualites\/"},{"@type":"ListItem","position":3,"name":"Les Journ\u00e9es nationales de l\u2019architecture : \u00ab nouvelles vies des b\u00e2timents et nouvelles pratiques de l&rsquo;architecture \u00bb"}]},{"@type":"WebSite","@id":"https:\/\/batijournal.com\/#website","url":"https:\/\/batijournal.com\/","name":"Batijournal","description":"L&#039;actualit\u00e9 du b\u00e2timent","potentialAction":[{"@type":"SearchAction","target":{"@type":"EntryPoint","urlTemplate":"https:\/\/batijournal.com\/?s={search_term_string}"},"query-input":{"@type":"PropertyValueSpecification","valueRequired":true,"valueName":"search_term_string"}}],"inLanguage":"fr-FR"},{"@type":"Person","@id":"https:\/\/batijournal.com\/#\/schema\/person\/1dc96ec6957aa1ccb25ebe78bb19f100","name":"St\u00e9phane Miget","image":{"@type":"ImageObject","inLanguage":"fr-FR","@id":"https:\/\/secure.gravatar.com\/avatar\/89915563d925342126b8ef0281b93d9d7fc337043e8df017f780908eb9644451?s=96&d=mm&r=g","url":"https:\/\/secure.gravatar.com\/avatar\/89915563d925342126b8ef0281b93d9d7fc337043e8df017f780908eb9644451?s=96&d=mm&r=g","contentUrl":"https:\/\/secure.gravatar.com\/avatar\/89915563d925342126b8ef0281b93d9d7fc337043e8df017f780908eb9644451?s=96&d=mm&r=g","caption":"St\u00e9phane Miget"},"url":"https:\/\/batijournal.com\/index.php\/author\/stephane\/"}]}},"_links":{"self":[{"href":"https:\/\/batijournal.com\/index.php\/wp-json\/wp\/v2\/posts\/111088","targetHints":{"allow":["GET"]}}],"collection":[{"href":"https:\/\/batijournal.com\/index.php\/wp-json\/wp\/v2\/posts"}],"about":[{"href":"https:\/\/batijournal.com\/index.php\/wp-json\/wp\/v2\/types\/post"}],"author":[{"embeddable":true,"href":"https:\/\/batijournal.com\/index.php\/wp-json\/wp\/v2\/users\/17"}],"replies":[{"embeddable":true,"href":"https:\/\/batijournal.com\/index.php\/wp-json\/wp\/v2\/comments?post=111088"}],"version-history":[{"count":0,"href":"https:\/\/batijournal.com\/index.php\/wp-json\/wp\/v2\/posts\/111088\/revisions"}],"wp:featuredmedia":[{"embeddable":true,"href":"https:\/\/batijournal.com\/index.php\/wp-json\/wp\/v2\/media\/111089"}],"wp:attachment":[{"href":"https:\/\/batijournal.com\/index.php\/wp-json\/wp\/v2\/media?parent=111088"}],"wp:term":[{"taxonomy":"category","embeddable":true,"href":"https:\/\/batijournal.com\/index.php\/wp-json\/wp\/v2\/categories?post=111088"},{"taxonomy":"post_tag","embeddable":true,"href":"https:\/\/batijournal.com\/index.php\/wp-json\/wp\/v2\/tags?post=111088"}],"curies":[{"name":"wp","href":"https:\/\/api.w.org\/{rel}","templated":true}]}}