{"id":111098,"date":"2024-10-21T08:53:13","date_gmt":"2024-10-21T06:53:13","guid":{"rendered":"https:\/\/batijournal.com\/?p=111098"},"modified":"2024-10-21T08:53:13","modified_gmt":"2024-10-21T06:53:13","slug":"emmanuelle-cosse-reelue-presidente-de-lush","status":"publish","type":"post","link":"https:\/\/batijournal.com\/index.php\/emmanuelle-cosse-reelue-presidente-de-lush\/111098\/","title":{"rendered":"Emmanuelle Cosse r\u00e9\u00e9lue pr\u00e9sidente de l&rsquo;USH"},"content":{"rendered":"<p>Emmanuelle Cosse a \u00e9t\u00e9 r\u00e9\u00e9lue pr\u00e9sidente de l\u2019Union sociale pour l\u2019habitat par l\u2019Assembl\u00e9e G\u00e9n\u00e9rale de l\u2019USH, r\u00e9unie mercredi 16 octobre 2024. Elle est \u00e9lue pour une p\u00e9riode de 4 ans. Emmanuelle Cosse a \u00e9t\u00e9 ministre du Logement et de l\u2019Habitat durable de f\u00e9vrier 2016 \u00e0 mai 2017, et vice-pr\u00e9sidente du Conseil r\u00e9gional d\u2019Ile-de-France, en charge du logement, de mars 2010 \u00e0 d\u00e9cembre 2015. Elle a par ailleurs \u00e9t\u00e9 secr\u00e9taire nationale d&rsquo;Europe \u00c9cologie Les Verts (EELV) de novembre 2013 \u00e0 f\u00e9vrier 2016. Elle est pr\u00e9sidente de Batig\u00e8re Habitats Solidaires depuis f\u00e9vrier 2019.<\/p>\n<p>Pour Emmanuelle Cosse, pr\u00e9sidente de l\u2019Union sociale pour l\u2019habitat, <em>\u00ab cette \u00e9lection marque la volont\u00e9 de rassemblement du Mouvement Hlm qui doit affronter les d\u00e9fis de son \u00e9poque et r\u00e9pondre aux besoins de nos concitoyennes et concitoyens. Face \u00e0 la crise du logement qui entrave les parcours des Fran\u00e7ais, face aux n\u00e9cessaires investissements et innovations que n\u00e9cessite la transition \u00e9cologique, l\u2019Union sociale pour l\u2019habitat a la responsabilit\u00e9 de donner une voix forte \u00e0 un collectif d\u2019organismes engag\u00e9s dans leur territoire. Au-del\u00e0 des familles, des sp\u00e9cificit\u00e9s locales, des expertises et des m\u00e9tiers, nous partageons toutes et tous un sens de l\u2019int\u00e9r\u00eat g\u00e9n\u00e9ral et du temps long qui doivent contribuer \u00e0 la relance \u00e9conomique et \u00e0 l\u2019\u00e9quilibre social de notre pays. En plein d\u00e9bat budg\u00e9taire, au c\u0153ur d\u2019une crise exceptionnelle, notre devoir est de trouver les voies et moyens pour faire face \u00e0 l\u2019urgence sans jamais oublier de pr\u00e9parer l\u2019avenir. Durant les quatre prochaines ann\u00e9es, je continuerai de mettre toute mon \u00e9nergie au service d\u2019un secteur exemplaire et indispensable \u00e0 notre pays. \u00bb<\/em><\/p>\n<p>Marcel Rogemont, pr\u00e9sident de la F\u00e9d\u00e9ration des Offices Publics de l&rsquo;Habitat, est \u00e9lu premier Vice-Pr\u00e9sident de l&rsquo;USH. Val\u00e9rie Fournier, pr\u00e9sidente de la F\u00e9d\u00e9ration des Entreprises sociales pour l&rsquo;habitat, Marie-No\u00eblle Lienemann, pr\u00e9sidente de la F\u00e9d\u00e9ration des Coop&rsquo;Hlm, Yannick Borde, pr\u00e9sident de Procivis-UESAP et Jean-Luc Vidon, pr\u00e9sident de la F\u00e9d\u00e9ration nationale des Associations r\u00e9gionales d\u2019organismes d\u2019habitat social (FNAR) sont \u00e9lus vice-pr\u00e9sidentes et vice-pr\u00e9sidents de l&rsquo;Union sociale pour l&rsquo;habitat. Guy L\u00e9zier voit son mandat de tr\u00e9sorier renouvel\u00e9, et Jean-Luc Triollet, pr\u00e9sident de la F\u00e9d\u00e9ration nationale des Directeurs d&rsquo;Offices publics de l&rsquo;habitat est \u00e9lu secr\u00e9taire.<\/p>\n","protected":false},"excerpt":{"rendered":"<p>Emmanuelle Cosse a \u00e9t\u00e9 r\u00e9\u00e9lue pr\u00e9sidente de l\u2019Union sociale pour l\u2019habitat par l\u2019Assembl\u00e9e G\u00e9n\u00e9rale de l\u2019USH, r\u00e9unie mercredi 16 octobre 2024. Elle est \u00e9lue pour une p\u00e9riode de 4 ans. Emmanuelle Cosse a \u00e9t\u00e9 ministre du Logement et de l\u2019Habitat durable de f\u00e9vrier 2016 \u00e0 mai 2017, et vice-pr\u00e9sidente du Conseil r\u00e9gional d\u2019Ile-de-France, en charge [&hellip;]<\/p>\n","protected":false},"author":17,"featured_media":111099,"comment_status":"closed","ping_status":"closed","sticky":false,"template":"","format":"standard","meta":{"_et_pb_use_builder":"","_et_pb_old_content":"","_et_gb_content_width":"","footnotes":""},"categories":[10530,6362],"tags":[1290,2815],"class_list":["post-111098","post","type-post","status-publish","format-standard","has-post-thumbnail","hentry","category-actualites","category-services-equipements","tag-hlm","tag-ush"],"yoast_head":"<!-- This site is optimized with the Yoast SEO plugin v27.4 - https:\/\/yoast.com\/product\/yoast-seo-wordpress\/ -->\n<title>Emmanuelle Cosse r\u00e9\u00e9lue pr\u00e9sidente de l&#039;USH<\/title>\n<meta name=\"robots\" content=\"index, follow, max-snippet:-1, max-image-preview:large, max-video-preview:-1\" \/>\n<link rel=\"canonical\" href=\"https:\/\/batijournal.com\/index.php\/emmanuelle-cosse-reelue-presidente-de-lush\/111098\/\" \/>\n<meta property=\"og:locale\" content=\"fr_FR\" \/>\n<meta property=\"og:type\" content=\"article\" \/>\n<meta property=\"og:title\" content=\"Emmanuelle Cosse r\u00e9\u00e9lue pr\u00e9sidente de l&#039;USH\" \/>\n<meta property=\"og:description\" content=\"Emmanuelle Cosse a \u00e9t\u00e9 r\u00e9\u00e9lue pr\u00e9sidente de l\u2019Union sociale pour l\u2019habitat par l\u2019Assembl\u00e9e G\u00e9n\u00e9rale de l\u2019USH, r\u00e9unie mercredi 16 octobre 2024. Elle est \u00e9lue pour une p\u00e9riode de 4 ans. Emmanuelle Cosse a \u00e9t\u00e9 ministre du Logement et de l\u2019Habitat durable de f\u00e9vrier 2016 \u00e0 mai 2017, et vice-pr\u00e9sidente du Conseil r\u00e9gional d\u2019Ile-de-France, en charge [&hellip;]\" \/>\n<meta property=\"og:url\" content=\"https:\/\/batijournal.com\/index.php\/emmanuelle-cosse-reelue-presidente-de-lush\/111098\/\" \/>\n<meta property=\"og:site_name\" content=\"Batijournal\" \/>\n<meta property=\"article:published_time\" content=\"2024-10-21T06:53:13+00:00\" \/>\n<meta property=\"og:image\" content=\"https:\/\/batijournal.com\/wp-content\/uploads\/2024\/10\/ec-officielle-paysage.jpg\" \/>\n\t<meta property=\"og:image:width\" content=\"376\" \/>\n\t<meta property=\"og:image:height\" content=\"217\" \/>\n\t<meta property=\"og:image:type\" content=\"image\/jpeg\" \/>\n<meta name=\"author\" content=\"St\u00e9phane Miget\" \/>\n<meta name=\"twitter:card\" content=\"summary_large_image\" \/>\n<meta name=\"twitter:creator\" content=\"@bati_journal\" \/>\n<meta name=\"twitter:site\" content=\"@bati_journal\" \/>\n<meta name=\"twitter:label1\" content=\"\u00c9crit par\" \/>\n\t<meta name=\"twitter:data1\" content=\"St\u00e9phane Miget\" \/>\n\t<meta name=\"twitter:label2\" content=\"Dur\u00e9e de lecture estim\u00e9e\" \/>\n\t<meta name=\"twitter:data2\" content=\"2 minutes\" \/>\n<script type=\"application\/ld+json\" class=\"yoast-schema-graph\">{\"@context\":\"https:\\\/\\\/schema.org\",\"@graph\":[{\"@type\":\"Article\",\"@id\":\"https:\\\/\\\/batijournal.com\\\/index.php\\\/emmanuelle-cosse-reelue-presidente-de-lush\\\/111098\\\/#article\",\"isPartOf\":{\"@id\":\"https:\\\/\\\/batijournal.com\\\/index.php\\\/emmanuelle-cosse-reelue-presidente-de-lush\\\/111098\\\/\"},\"author\":{\"name\":\"St\u00e9phane Miget\",\"@id\":\"https:\\\/\\\/batijournal.com\\\/#\\\/schema\\\/person\\\/1dc96ec6957aa1ccb25ebe78bb19f100\"},\"headline\":\"Emmanuelle Cosse r\u00e9\u00e9lue pr\u00e9sidente de l&rsquo;USH\",\"datePublished\":\"2024-10-21T06:53:13+00:00\",\"mainEntityOfPage\":{\"@id\":\"https:\\\/\\\/batijournal.com\\\/index.php\\\/emmanuelle-cosse-reelue-presidente-de-lush\\\/111098\\\/\"},\"wordCount\":429,\"image\":{\"@id\":\"https:\\\/\\\/batijournal.com\\\/index.php\\\/emmanuelle-cosse-reelue-presidente-de-lush\\\/111098\\\/#primaryimage\"},\"thumbnailUrl\":\"https:\\\/\\\/batijournal.com\\\/wp-content\\\/uploads\\\/2024\\\/10\\\/ec-officielle-paysage.jpg\",\"keywords\":[\"HLM\",\"USH\"],\"articleSection\":[\"Actualit\u00e9s\",\"Divers\"],\"inLanguage\":\"fr-FR\"},{\"@type\":\"WebPage\",\"@id\":\"https:\\\/\\\/batijournal.com\\\/index.php\\\/emmanuelle-cosse-reelue-presidente-de-lush\\\/111098\\\/\",\"url\":\"https:\\\/\\\/batijournal.com\\\/index.php\\\/emmanuelle-cosse-reelue-presidente-de-lush\\\/111098\\\/\",\"name\":\"Emmanuelle Cosse r\u00e9\u00e9lue pr\u00e9sidente de l'USH\",\"isPartOf\":{\"@id\":\"https:\\\/\\\/batijournal.com\\\/#website\"},\"primaryImageOfPage\":{\"@id\":\"https:\\\/\\\/batijournal.com\\\/index.php\\\/emmanuelle-cosse-reelue-presidente-de-lush\\\/111098\\\/#primaryimage\"},\"image\":{\"@id\":\"https:\\\/\\\/batijournal.com\\\/index.php\\\/emmanuelle-cosse-reelue-presidente-de-lush\\\/111098\\\/#primaryimage\"},\"thumbnailUrl\":\"https:\\\/\\\/batijournal.com\\\/wp-content\\\/uploads\\\/2024\\\/10\\\/ec-officielle-paysage.jpg\",\"datePublished\":\"2024-10-21T06:53:13+00:00\",\"author\":{\"@id\":\"https:\\\/\\\/batijournal.com\\\/#\\\/schema\\\/person\\\/1dc96ec6957aa1ccb25ebe78bb19f100\"},\"breadcrumb\":{\"@id\":\"https:\\\/\\\/batijournal.com\\\/index.php\\\/emmanuelle-cosse-reelue-presidente-de-lush\\\/111098\\\/#breadcrumb\"},\"inLanguage\":\"fr-FR\",\"potentialAction\":[{\"@type\":\"ReadAction\",\"target\":[\"https:\\\/\\\/batijournal.com\\\/index.php\\\/emmanuelle-cosse-reelue-presidente-de-lush\\\/111098\\\/\"]}]},{\"@type\":\"ImageObject\",\"inLanguage\":\"fr-FR\",\"@id\":\"https:\\\/\\\/batijournal.com\\\/index.php\\\/emmanuelle-cosse-reelue-presidente-de-lush\\\/111098\\\/#primaryimage\",\"url\":\"https:\\\/\\\/batijournal.com\\\/wp-content\\\/uploads\\\/2024\\\/10\\\/ec-officielle-paysage.jpg\",\"contentUrl\":\"https:\\\/\\\/batijournal.com\\\/wp-content\\\/uploads\\\/2024\\\/10\\\/ec-officielle-paysage.jpg\",\"width\":376,\"height\":217},{\"@type\":\"BreadcrumbList\",\"@id\":\"https:\\\/\\\/batijournal.com\\\/index.php\\\/emmanuelle-cosse-reelue-presidente-de-lush\\\/111098\\\/#breadcrumb\",\"itemListElement\":[{\"@type\":\"ListItem\",\"position\":1,\"name\":\"Accueil\",\"item\":\"https:\\\/\\\/batijournal.com\\\/\"},{\"@type\":\"ListItem\",\"position\":2,\"name\":\"Actualit\u00e9s\",\"item\":\"https:\\\/\\\/batijournal.com\\\/index.php\\\/category\\\/actualites\\\/\"},{\"@type\":\"ListItem\",\"position\":3,\"name\":\"Emmanuelle Cosse r\u00e9\u00e9lue pr\u00e9sidente de l&rsquo;USH\"}]},{\"@type\":\"WebSite\",\"@id\":\"https:\\\/\\\/batijournal.com\\\/#website\",\"url\":\"https:\\\/\\\/batijournal.com\\\/\",\"name\":\"Batijournal\",\"description\":\"L&#039;actualit\u00e9 du b\u00e2timent\",\"potentialAction\":[{\"@type\":\"SearchAction\",\"target\":{\"@type\":\"EntryPoint\",\"urlTemplate\":\"https:\\\/\\\/batijournal.com\\\/?s={search_term_string}\"},\"query-input\":{\"@type\":\"PropertyValueSpecification\",\"valueRequired\":true,\"valueName\":\"search_term_string\"}}],\"inLanguage\":\"fr-FR\"},{\"@type\":\"Person\",\"@id\":\"https:\\\/\\\/batijournal.com\\\/#\\\/schema\\\/person\\\/1dc96ec6957aa1ccb25ebe78bb19f100\",\"name\":\"St\u00e9phane Miget\",\"image\":{\"@type\":\"ImageObject\",\"inLanguage\":\"fr-FR\",\"@id\":\"https:\\\/\\\/secure.gravatar.com\\\/avatar\\\/89915563d925342126b8ef0281b93d9d7fc337043e8df017f780908eb9644451?s=96&d=mm&r=g\",\"url\":\"https:\\\/\\\/secure.gravatar.com\\\/avatar\\\/89915563d925342126b8ef0281b93d9d7fc337043e8df017f780908eb9644451?s=96&d=mm&r=g\",\"contentUrl\":\"https:\\\/\\\/secure.gravatar.com\\\/avatar\\\/89915563d925342126b8ef0281b93d9d7fc337043e8df017f780908eb9644451?s=96&d=mm&r=g\",\"caption\":\"St\u00e9phane Miget\"},\"url\":\"https:\\\/\\\/batijournal.com\\\/index.php\\\/author\\\/stephane\\\/\"}]}<\/script>\n<!-- \/ Yoast SEO plugin. -->","yoast_head_json":{"title":"Emmanuelle Cosse r\u00e9\u00e9lue pr\u00e9sidente de l'USH","robots":{"index":"index","follow":"follow","max-snippet":"max-snippet:-1","max-image-preview":"max-image-preview:large","max-video-preview":"max-video-preview:-1"},"canonical":"https:\/\/batijournal.com\/index.php\/emmanuelle-cosse-reelue-presidente-de-lush\/111098\/","og_locale":"fr_FR","og_type":"article","og_title":"Emmanuelle Cosse r\u00e9\u00e9lue pr\u00e9sidente de l'USH","og_description":"Emmanuelle Cosse a \u00e9t\u00e9 r\u00e9\u00e9lue pr\u00e9sidente de l\u2019Union sociale pour l\u2019habitat par l\u2019Assembl\u00e9e G\u00e9n\u00e9rale de l\u2019USH, r\u00e9unie mercredi 16 octobre 2024. Elle est \u00e9lue pour une p\u00e9riode de 4 ans. Emmanuelle Cosse a \u00e9t\u00e9 ministre du Logement et de l\u2019Habitat durable de f\u00e9vrier 2016 \u00e0 mai 2017, et vice-pr\u00e9sidente du Conseil r\u00e9gional d\u2019Ile-de-France, en charge [&hellip;]","og_url":"https:\/\/batijournal.com\/index.php\/emmanuelle-cosse-reelue-presidente-de-lush\/111098\/","og_site_name":"Batijournal","article_published_time":"2024-10-21T06:53:13+00:00","og_image":[{"width":376,"height":217,"url":"https:\/\/batijournal.com\/wp-content\/uploads\/2024\/10\/ec-officielle-paysage.jpg","type":"image\/jpeg"}],"author":"St\u00e9phane Miget","twitter_card":"summary_large_image","twitter_creator":"@bati_journal","twitter_site":"@bati_journal","twitter_misc":{"\u00c9crit par":"St\u00e9phane Miget","Dur\u00e9e de lecture estim\u00e9e":"2 minutes"},"schema":{"@context":"https:\/\/schema.org","@graph":[{"@type":"Article","@id":"https:\/\/batijournal.com\/index.php\/emmanuelle-cosse-reelue-presidente-de-lush\/111098\/#article","isPartOf":{"@id":"https:\/\/batijournal.com\/index.php\/emmanuelle-cosse-reelue-presidente-de-lush\/111098\/"},"author":{"name":"St\u00e9phane Miget","@id":"https:\/\/batijournal.com\/#\/schema\/person\/1dc96ec6957aa1ccb25ebe78bb19f100"},"headline":"Emmanuelle Cosse r\u00e9\u00e9lue pr\u00e9sidente de l&rsquo;USH","datePublished":"2024-10-21T06:53:13+00:00","mainEntityOfPage":{"@id":"https:\/\/batijournal.com\/index.php\/emmanuelle-cosse-reelue-presidente-de-lush\/111098\/"},"wordCount":429,"image":{"@id":"https:\/\/batijournal.com\/index.php\/emmanuelle-cosse-reelue-presidente-de-lush\/111098\/#primaryimage"},"thumbnailUrl":"https:\/\/batijournal.com\/wp-content\/uploads\/2024\/10\/ec-officielle-paysage.jpg","keywords":["HLM","USH"],"articleSection":["Actualit\u00e9s","Divers"],"inLanguage":"fr-FR"},{"@type":"WebPage","@id":"https:\/\/batijournal.com\/index.php\/emmanuelle-cosse-reelue-presidente-de-lush\/111098\/","url":"https:\/\/batijournal.com\/index.php\/emmanuelle-cosse-reelue-presidente-de-lush\/111098\/","name":"Emmanuelle Cosse r\u00e9\u00e9lue pr\u00e9sidente de l'USH","isPartOf":{"@id":"https:\/\/batijournal.com\/#website"},"primaryImageOfPage":{"@id":"https:\/\/batijournal.com\/index.php\/emmanuelle-cosse-reelue-presidente-de-lush\/111098\/#primaryimage"},"image":{"@id":"https:\/\/batijournal.com\/index.php\/emmanuelle-cosse-reelue-presidente-de-lush\/111098\/#primaryimage"},"thumbnailUrl":"https:\/\/batijournal.com\/wp-content\/uploads\/2024\/10\/ec-officielle-paysage.jpg","datePublished":"2024-10-21T06:53:13+00:00","author":{"@id":"https:\/\/batijournal.com\/#\/schema\/person\/1dc96ec6957aa1ccb25ebe78bb19f100"},"breadcrumb":{"@id":"https:\/\/batijournal.com\/index.php\/emmanuelle-cosse-reelue-presidente-de-lush\/111098\/#breadcrumb"},"inLanguage":"fr-FR","potentialAction":[{"@type":"ReadAction","target":["https:\/\/batijournal.com\/index.php\/emmanuelle-cosse-reelue-presidente-de-lush\/111098\/"]}]},{"@type":"ImageObject","inLanguage":"fr-FR","@id":"https:\/\/batijournal.com\/index.php\/emmanuelle-cosse-reelue-presidente-de-lush\/111098\/#primaryimage","url":"https:\/\/batijournal.com\/wp-content\/uploads\/2024\/10\/ec-officielle-paysage.jpg","contentUrl":"https:\/\/batijournal.com\/wp-content\/uploads\/2024\/10\/ec-officielle-paysage.jpg","width":376,"height":217},{"@type":"BreadcrumbList","@id":"https:\/\/batijournal.com\/index.php\/emmanuelle-cosse-reelue-presidente-de-lush\/111098\/#breadcrumb","itemListElement":[{"@type":"ListItem","position":1,"name":"Accueil","item":"https:\/\/batijournal.com\/"},{"@type":"ListItem","position":2,"name":"Actualit\u00e9s","item":"https:\/\/batijournal.com\/index.php\/category\/actualites\/"},{"@type":"ListItem","position":3,"name":"Emmanuelle Cosse r\u00e9\u00e9lue pr\u00e9sidente de l&rsquo;USH"}]},{"@type":"WebSite","@id":"https:\/\/batijournal.com\/#website","url":"https:\/\/batijournal.com\/","name":"Batijournal","description":"L&#039;actualit\u00e9 du b\u00e2timent","potentialAction":[{"@type":"SearchAction","target":{"@type":"EntryPoint","urlTemplate":"https:\/\/batijournal.com\/?s={search_term_string}"},"query-input":{"@type":"PropertyValueSpecification","valueRequired":true,"valueName":"search_term_string"}}],"inLanguage":"fr-FR"},{"@type":"Person","@id":"https:\/\/batijournal.com\/#\/schema\/person\/1dc96ec6957aa1ccb25ebe78bb19f100","name":"St\u00e9phane Miget","image":{"@type":"ImageObject","inLanguage":"fr-FR","@id":"https:\/\/secure.gravatar.com\/avatar\/89915563d925342126b8ef0281b93d9d7fc337043e8df017f780908eb9644451?s=96&d=mm&r=g","url":"https:\/\/secure.gravatar.com\/avatar\/89915563d925342126b8ef0281b93d9d7fc337043e8df017f780908eb9644451?s=96&d=mm&r=g","contentUrl":"https:\/\/secure.gravatar.com\/avatar\/89915563d925342126b8ef0281b93d9d7fc337043e8df017f780908eb9644451?s=96&d=mm&r=g","caption":"St\u00e9phane Miget"},"url":"https:\/\/batijournal.com\/index.php\/author\/stephane\/"}]}},"_links":{"self":[{"href":"https:\/\/batijournal.com\/index.php\/wp-json\/wp\/v2\/posts\/111098","targetHints":{"allow":["GET"]}}],"collection":[{"href":"https:\/\/batijournal.com\/index.php\/wp-json\/wp\/v2\/posts"}],"about":[{"href":"https:\/\/batijournal.com\/index.php\/wp-json\/wp\/v2\/types\/post"}],"author":[{"embeddable":true,"href":"https:\/\/batijournal.com\/index.php\/wp-json\/wp\/v2\/users\/17"}],"replies":[{"embeddable":true,"href":"https:\/\/batijournal.com\/index.php\/wp-json\/wp\/v2\/comments?post=111098"}],"version-history":[{"count":0,"href":"https:\/\/batijournal.com\/index.php\/wp-json\/wp\/v2\/posts\/111098\/revisions"}],"wp:featuredmedia":[{"embeddable":true,"href":"https:\/\/batijournal.com\/index.php\/wp-json\/wp\/v2\/media\/111099"}],"wp:attachment":[{"href":"https:\/\/batijournal.com\/index.php\/wp-json\/wp\/v2\/media?parent=111098"}],"wp:term":[{"taxonomy":"category","embeddable":true,"href":"https:\/\/batijournal.com\/index.php\/wp-json\/wp\/v2\/categories?post=111098"},{"taxonomy":"post_tag","embeddable":true,"href":"https:\/\/batijournal.com\/index.php\/wp-json\/wp\/v2\/tags?post=111098"}],"curies":[{"name":"wp","href":"https:\/\/api.w.org\/{rel}","templated":true}]}}