{"id":111119,"date":"2024-10-24T10:04:02","date_gmt":"2024-10-24T08:04:02","guid":{"rendered":"https:\/\/batijournal.com\/?p=111119"},"modified":"2024-10-24T10:04:02","modified_gmt":"2024-10-24T08:04:02","slug":"a-lyon-edilians-sublime-lhistorique-toiture-du-lycee-saint-just","status":"publish","type":"post","link":"https:\/\/batijournal.com\/index.php\/a-lyon-edilians-sublime-lhistorique-toiture-du-lycee-saint-just\/111119\/","title":{"rendered":"A Lyon, Edilians sublime l\u2019historique toiture du lyc\u00e9e Saint-Just"},"content":{"rendered":"<p>Issu de la transformation de l\u2019ancien Grand S\u00e9minaire, construit sur le site antique de la colline de Fourvi\u00e8re sous la direction du c\u00e9l\u00e8bre architecte lyonnais Tony Desjardins \u00e0 partir de 1855, le lyc\u00e9e Saint-Just poss\u00e8de une longue histoire. Raison pour laquelle, la r\u00e9novation de sa toiture exigeait par les Architectes des B\u00e2timents de France une reproduction \u00e0 l\u2019identique de ses tuiles plates datant d\u2019un demi-si\u00e8cle. Attach\u00e9 \u00e0 respecter fid\u00e8lement les sp\u00e9cificit\u00e9s territoriales des toits de France et \u00e0 en prot\u00e9ger son patrimoine culturel historique, EDILIANS, avec ses tuiles terre cuite PLATE 16\u00d738 Doyet et son \u00e9cran souple de sous-toiture AERO 2 DBA, a tout naturellement \u00e9t\u00e9 retenu par le cabinet d\u2019architecture Archipat pour ce projet de restauration des 2 400 m2 de couverture du lyc\u00e9e Saint-Just.<\/p>\n<p>R\u00e9alis\u00e9 en site occup\u00e9 par 1 200 \u00e9l\u00e8ves, l\u2019accessibilit\u00e9 des charpentes situ\u00e9es jusqu\u2019\u00e0 30 m\u00e8tres de hauteur constituait l\u2019autre d\u00e9fi majeur de ce chantier de r\u00e9fection de la toiture du lyc\u00e9e Saint-Just. \u00ab 2 400 m2, cela repr\u00e9sente 100 000 tuiles soit 258 palettes dont le poids \u00e9tait bien trop important pour les lever et les d\u00e9placer aussi haut par des grues l\u00e9g\u00e8res, sans oublier le risque de surcharge des \u00e9chafaudages \u00bb indique Eric Lebeau, Directeur National de la Prescription d\u2019EDILIANS. A la demande des entreprises de couverture en co-traitance Beaufils et Vaganay, pilot\u00e9es par l\u2019entreprise Le Ny, toutes qualifi\u00e9es Qualibat Monuments Historiques, EDILIANS a su l\u00e0 encore \u00eatre \u00e0 l\u2019\u00e9coute de ses clients et s\u2019adapter en concevant des demies palettes de tuiles. Ainsi, durant 12 mois, 12 \u00e0 15 artisans ont mis en \u0153uvre en toute s\u00e9curit\u00e9 et dans les r\u00e8gles de l\u2019art, l\u2019\u00e9cran souple de sous-toiture AERO 2 DBA \u00e0 l\u2019\u00e9tanch\u00e9it\u00e9 \u00e0 l\u2019air renforc\u00e9 recouvert par les 2 400 m2 de tuiles PLATE 16\u00d738 Doyet ainsi que 100 m2 d\u2019\u00e9l\u00e9ments en zinc naturel au niveau des points singuliers (habillage de lucarne, membrons, raccords).<\/p>\n<p>&nbsp;<\/p>\n","protected":false},"excerpt":{"rendered":"<p>Issu de la transformation de l\u2019ancien Grand S\u00e9minaire, construit sur le site antique de la colline de Fourvi\u00e8re sous la direction du c\u00e9l\u00e8bre architecte lyonnais Tony Desjardins \u00e0 partir de 1855, le lyc\u00e9e Saint-Just poss\u00e8de une longue histoire. Raison pour laquelle, la r\u00e9novation de sa toiture exigeait par les Architectes des B\u00e2timents de France une [&hellip;]<\/p>\n","protected":false},"author":17,"featured_media":111120,"comment_status":"closed","ping_status":"closed","sticky":false,"template":"","format":"standard","meta":{"_et_pb_use_builder":"","_et_pb_old_content":"","_et_gb_content_width":"","footnotes":""},"categories":[10530,6340,10771,10775,10789,10785],"tags":[114],"class_list":["post-111119","post","type-post","status-publish","format-standard","has-post-thumbnail","hentry","category-actualites","category-architecture-conception","category-5facades","category-actualites-5facades","category-publications-atrium","category-atrium","tag-couverture-2"],"yoast_head":"<!-- This site is optimized with the Yoast SEO plugin v27.4 - https:\/\/yoast.com\/product\/yoast-seo-wordpress\/ -->\n<title>A Lyon, Edilians sublime l\u2019historique toiture du lyc\u00e9e Saint-Just<\/title>\n<meta name=\"robots\" content=\"index, follow, max-snippet:-1, max-image-preview:large, max-video-preview:-1\" \/>\n<link rel=\"canonical\" href=\"https:\/\/batijournal.com\/index.php\/a-lyon-edilians-sublime-lhistorique-toiture-du-lycee-saint-just\/111119\/\" \/>\n<meta property=\"og:locale\" content=\"fr_FR\" \/>\n<meta property=\"og:type\" content=\"article\" \/>\n<meta property=\"og:title\" content=\"A Lyon, Edilians sublime l\u2019historique toiture du lyc\u00e9e Saint-Just\" \/>\n<meta property=\"og:description\" content=\"Issu de la transformation de l\u2019ancien Grand S\u00e9minaire, construit sur le site antique de la colline de Fourvi\u00e8re sous la direction du c\u00e9l\u00e8bre architecte lyonnais Tony Desjardins \u00e0 partir de 1855, le lyc\u00e9e Saint-Just poss\u00e8de une longue histoire. Raison pour laquelle, la r\u00e9novation de sa toiture exigeait par les Architectes des B\u00e2timents de France une [&hellip;]\" \/>\n<meta property=\"og:url\" content=\"https:\/\/batijournal.com\/index.php\/a-lyon-edilians-sublime-lhistorique-toiture-du-lycee-saint-just\/111119\/\" \/>\n<meta property=\"og:site_name\" content=\"Batijournal\" \/>\n<meta property=\"article:published_time\" content=\"2024-10-24T08:04:02+00:00\" \/>\n<meta property=\"og:image\" content=\"https:\/\/batijournal.com\/wp-content\/uploads\/2024\/10\/EdiliansLyceeStJust-1024x682.jpg\" \/>\n\t<meta property=\"og:image:width\" content=\"1024\" \/>\n\t<meta property=\"og:image:height\" content=\"682\" \/>\n\t<meta property=\"og:image:type\" content=\"image\/jpeg\" \/>\n<meta name=\"author\" content=\"St\u00e9phane Miget\" \/>\n<meta name=\"twitter:card\" content=\"summary_large_image\" \/>\n<meta name=\"twitter:creator\" content=\"@bati_journal\" \/>\n<meta name=\"twitter:site\" content=\"@bati_journal\" \/>\n<meta name=\"twitter:label1\" content=\"\u00c9crit par\" \/>\n\t<meta name=\"twitter:data1\" content=\"St\u00e9phane Miget\" \/>\n\t<meta name=\"twitter:label2\" content=\"Dur\u00e9e de lecture estim\u00e9e\" \/>\n\t<meta name=\"twitter:data2\" content=\"2 minutes\" \/>\n<script type=\"application\/ld+json\" class=\"yoast-schema-graph\">{\"@context\":\"https:\\\/\\\/schema.org\",\"@graph\":[{\"@type\":\"Article\",\"@id\":\"https:\\\/\\\/batijournal.com\\\/index.php\\\/a-lyon-edilians-sublime-lhistorique-toiture-du-lycee-saint-just\\\/111119\\\/#article\",\"isPartOf\":{\"@id\":\"https:\\\/\\\/batijournal.com\\\/index.php\\\/a-lyon-edilians-sublime-lhistorique-toiture-du-lycee-saint-just\\\/111119\\\/\"},\"author\":{\"name\":\"St\u00e9phane Miget\",\"@id\":\"https:\\\/\\\/batijournal.com\\\/#\\\/schema\\\/person\\\/1dc96ec6957aa1ccb25ebe78bb19f100\"},\"headline\":\"A Lyon, Edilians sublime l\u2019historique toiture du lyc\u00e9e Saint-Just\",\"datePublished\":\"2024-10-24T08:04:02+00:00\",\"mainEntityOfPage\":{\"@id\":\"https:\\\/\\\/batijournal.com\\\/index.php\\\/a-lyon-edilians-sublime-lhistorique-toiture-du-lycee-saint-just\\\/111119\\\/\"},\"wordCount\":338,\"image\":{\"@id\":\"https:\\\/\\\/batijournal.com\\\/index.php\\\/a-lyon-edilians-sublime-lhistorique-toiture-du-lycee-saint-just\\\/111119\\\/#primaryimage\"},\"thumbnailUrl\":\"https:\\\/\\\/batijournal.com\\\/wp-content\\\/uploads\\\/2024\\\/10\\\/EdiliansLyceeStJust.jpg\",\"keywords\":[\"couverture\"],\"articleSection\":[\"Actualit\u00e9s\",\"Architecture &amp; Conception\",\"zz_5fa\u00e7ades\",\"zz_Actualit\u00e9s - 5fa\u00e7ades\",\"zz_Actualit\u00e9s - Atrium\",\"zz_Atrium Patrimoine\"],\"inLanguage\":\"fr-FR\"},{\"@type\":\"WebPage\",\"@id\":\"https:\\\/\\\/batijournal.com\\\/index.php\\\/a-lyon-edilians-sublime-lhistorique-toiture-du-lycee-saint-just\\\/111119\\\/\",\"url\":\"https:\\\/\\\/batijournal.com\\\/index.php\\\/a-lyon-edilians-sublime-lhistorique-toiture-du-lycee-saint-just\\\/111119\\\/\",\"name\":\"A Lyon, Edilians sublime l\u2019historique toiture du lyc\u00e9e Saint-Just\",\"isPartOf\":{\"@id\":\"https:\\\/\\\/batijournal.com\\\/#website\"},\"primaryImageOfPage\":{\"@id\":\"https:\\\/\\\/batijournal.com\\\/index.php\\\/a-lyon-edilians-sublime-lhistorique-toiture-du-lycee-saint-just\\\/111119\\\/#primaryimage\"},\"image\":{\"@id\":\"https:\\\/\\\/batijournal.com\\\/index.php\\\/a-lyon-edilians-sublime-lhistorique-toiture-du-lycee-saint-just\\\/111119\\\/#primaryimage\"},\"thumbnailUrl\":\"https:\\\/\\\/batijournal.com\\\/wp-content\\\/uploads\\\/2024\\\/10\\\/EdiliansLyceeStJust.jpg\",\"datePublished\":\"2024-10-24T08:04:02+00:00\",\"author\":{\"@id\":\"https:\\\/\\\/batijournal.com\\\/#\\\/schema\\\/person\\\/1dc96ec6957aa1ccb25ebe78bb19f100\"},\"breadcrumb\":{\"@id\":\"https:\\\/\\\/batijournal.com\\\/index.php\\\/a-lyon-edilians-sublime-lhistorique-toiture-du-lycee-saint-just\\\/111119\\\/#breadcrumb\"},\"inLanguage\":\"fr-FR\",\"potentialAction\":[{\"@type\":\"ReadAction\",\"target\":[\"https:\\\/\\\/batijournal.com\\\/index.php\\\/a-lyon-edilians-sublime-lhistorique-toiture-du-lycee-saint-just\\\/111119\\\/\"]}]},{\"@type\":\"ImageObject\",\"inLanguage\":\"fr-FR\",\"@id\":\"https:\\\/\\\/batijournal.com\\\/index.php\\\/a-lyon-edilians-sublime-lhistorique-toiture-du-lycee-saint-just\\\/111119\\\/#primaryimage\",\"url\":\"https:\\\/\\\/batijournal.com\\\/wp-content\\\/uploads\\\/2024\\\/10\\\/EdiliansLyceeStJust.jpg\",\"contentUrl\":\"https:\\\/\\\/batijournal.com\\\/wp-content\\\/uploads\\\/2024\\\/10\\\/EdiliansLyceeStJust.jpg\",\"width\":2101,\"height\":1400},{\"@type\":\"BreadcrumbList\",\"@id\":\"https:\\\/\\\/batijournal.com\\\/index.php\\\/a-lyon-edilians-sublime-lhistorique-toiture-du-lycee-saint-just\\\/111119\\\/#breadcrumb\",\"itemListElement\":[{\"@type\":\"ListItem\",\"position\":1,\"name\":\"Accueil\",\"item\":\"https:\\\/\\\/batijournal.com\\\/\"},{\"@type\":\"ListItem\",\"position\":2,\"name\":\"Actualit\u00e9s\",\"item\":\"https:\\\/\\\/batijournal.com\\\/index.php\\\/category\\\/actualites\\\/\"},{\"@type\":\"ListItem\",\"position\":3,\"name\":\"A Lyon, Edilians sublime l\u2019historique toiture du lyc\u00e9e Saint-Just\"}]},{\"@type\":\"WebSite\",\"@id\":\"https:\\\/\\\/batijournal.com\\\/#website\",\"url\":\"https:\\\/\\\/batijournal.com\\\/\",\"name\":\"Batijournal\",\"description\":\"L&#039;actualit\u00e9 du b\u00e2timent\",\"potentialAction\":[{\"@type\":\"SearchAction\",\"target\":{\"@type\":\"EntryPoint\",\"urlTemplate\":\"https:\\\/\\\/batijournal.com\\\/?s={search_term_string}\"},\"query-input\":{\"@type\":\"PropertyValueSpecification\",\"valueRequired\":true,\"valueName\":\"search_term_string\"}}],\"inLanguage\":\"fr-FR\"},{\"@type\":\"Person\",\"@id\":\"https:\\\/\\\/batijournal.com\\\/#\\\/schema\\\/person\\\/1dc96ec6957aa1ccb25ebe78bb19f100\",\"name\":\"St\u00e9phane Miget\",\"image\":{\"@type\":\"ImageObject\",\"inLanguage\":\"fr-FR\",\"@id\":\"https:\\\/\\\/secure.gravatar.com\\\/avatar\\\/89915563d925342126b8ef0281b93d9d7fc337043e8df017f780908eb9644451?s=96&d=mm&r=g\",\"url\":\"https:\\\/\\\/secure.gravatar.com\\\/avatar\\\/89915563d925342126b8ef0281b93d9d7fc337043e8df017f780908eb9644451?s=96&d=mm&r=g\",\"contentUrl\":\"https:\\\/\\\/secure.gravatar.com\\\/avatar\\\/89915563d925342126b8ef0281b93d9d7fc337043e8df017f780908eb9644451?s=96&d=mm&r=g\",\"caption\":\"St\u00e9phane Miget\"},\"url\":\"https:\\\/\\\/batijournal.com\\\/index.php\\\/author\\\/stephane\\\/\"}]}<\/script>\n<!-- \/ Yoast SEO plugin. -->","yoast_head_json":{"title":"A Lyon, Edilians sublime l\u2019historique toiture du lyc\u00e9e Saint-Just","robots":{"index":"index","follow":"follow","max-snippet":"max-snippet:-1","max-image-preview":"max-image-preview:large","max-video-preview":"max-video-preview:-1"},"canonical":"https:\/\/batijournal.com\/index.php\/a-lyon-edilians-sublime-lhistorique-toiture-du-lycee-saint-just\/111119\/","og_locale":"fr_FR","og_type":"article","og_title":"A Lyon, Edilians sublime l\u2019historique toiture du lyc\u00e9e Saint-Just","og_description":"Issu de la transformation de l\u2019ancien Grand S\u00e9minaire, construit sur le site antique de la colline de Fourvi\u00e8re sous la direction du c\u00e9l\u00e8bre architecte lyonnais Tony Desjardins \u00e0 partir de 1855, le lyc\u00e9e Saint-Just poss\u00e8de une longue histoire. Raison pour laquelle, la r\u00e9novation de sa toiture exigeait par les Architectes des B\u00e2timents de France une [&hellip;]","og_url":"https:\/\/batijournal.com\/index.php\/a-lyon-edilians-sublime-lhistorique-toiture-du-lycee-saint-just\/111119\/","og_site_name":"Batijournal","article_published_time":"2024-10-24T08:04:02+00:00","og_image":[{"width":1024,"height":682,"url":"https:\/\/batijournal.com\/wp-content\/uploads\/2024\/10\/EdiliansLyceeStJust-1024x682.jpg","type":"image\/jpeg"}],"author":"St\u00e9phane Miget","twitter_card":"summary_large_image","twitter_creator":"@bati_journal","twitter_site":"@bati_journal","twitter_misc":{"\u00c9crit par":"St\u00e9phane Miget","Dur\u00e9e de lecture estim\u00e9e":"2 minutes"},"schema":{"@context":"https:\/\/schema.org","@graph":[{"@type":"Article","@id":"https:\/\/batijournal.com\/index.php\/a-lyon-edilians-sublime-lhistorique-toiture-du-lycee-saint-just\/111119\/#article","isPartOf":{"@id":"https:\/\/batijournal.com\/index.php\/a-lyon-edilians-sublime-lhistorique-toiture-du-lycee-saint-just\/111119\/"},"author":{"name":"St\u00e9phane Miget","@id":"https:\/\/batijournal.com\/#\/schema\/person\/1dc96ec6957aa1ccb25ebe78bb19f100"},"headline":"A Lyon, Edilians sublime l\u2019historique toiture du lyc\u00e9e Saint-Just","datePublished":"2024-10-24T08:04:02+00:00","mainEntityOfPage":{"@id":"https:\/\/batijournal.com\/index.php\/a-lyon-edilians-sublime-lhistorique-toiture-du-lycee-saint-just\/111119\/"},"wordCount":338,"image":{"@id":"https:\/\/batijournal.com\/index.php\/a-lyon-edilians-sublime-lhistorique-toiture-du-lycee-saint-just\/111119\/#primaryimage"},"thumbnailUrl":"https:\/\/batijournal.com\/wp-content\/uploads\/2024\/10\/EdiliansLyceeStJust.jpg","keywords":["couverture"],"articleSection":["Actualit\u00e9s","Architecture &amp; Conception","zz_5fa\u00e7ades","zz_Actualit\u00e9s - 5fa\u00e7ades","zz_Actualit\u00e9s - Atrium","zz_Atrium Patrimoine"],"inLanguage":"fr-FR"},{"@type":"WebPage","@id":"https:\/\/batijournal.com\/index.php\/a-lyon-edilians-sublime-lhistorique-toiture-du-lycee-saint-just\/111119\/","url":"https:\/\/batijournal.com\/index.php\/a-lyon-edilians-sublime-lhistorique-toiture-du-lycee-saint-just\/111119\/","name":"A Lyon, Edilians sublime l\u2019historique toiture du lyc\u00e9e Saint-Just","isPartOf":{"@id":"https:\/\/batijournal.com\/#website"},"primaryImageOfPage":{"@id":"https:\/\/batijournal.com\/index.php\/a-lyon-edilians-sublime-lhistorique-toiture-du-lycee-saint-just\/111119\/#primaryimage"},"image":{"@id":"https:\/\/batijournal.com\/index.php\/a-lyon-edilians-sublime-lhistorique-toiture-du-lycee-saint-just\/111119\/#primaryimage"},"thumbnailUrl":"https:\/\/batijournal.com\/wp-content\/uploads\/2024\/10\/EdiliansLyceeStJust.jpg","datePublished":"2024-10-24T08:04:02+00:00","author":{"@id":"https:\/\/batijournal.com\/#\/schema\/person\/1dc96ec6957aa1ccb25ebe78bb19f100"},"breadcrumb":{"@id":"https:\/\/batijournal.com\/index.php\/a-lyon-edilians-sublime-lhistorique-toiture-du-lycee-saint-just\/111119\/#breadcrumb"},"inLanguage":"fr-FR","potentialAction":[{"@type":"ReadAction","target":["https:\/\/batijournal.com\/index.php\/a-lyon-edilians-sublime-lhistorique-toiture-du-lycee-saint-just\/111119\/"]}]},{"@type":"ImageObject","inLanguage":"fr-FR","@id":"https:\/\/batijournal.com\/index.php\/a-lyon-edilians-sublime-lhistorique-toiture-du-lycee-saint-just\/111119\/#primaryimage","url":"https:\/\/batijournal.com\/wp-content\/uploads\/2024\/10\/EdiliansLyceeStJust.jpg","contentUrl":"https:\/\/batijournal.com\/wp-content\/uploads\/2024\/10\/EdiliansLyceeStJust.jpg","width":2101,"height":1400},{"@type":"BreadcrumbList","@id":"https:\/\/batijournal.com\/index.php\/a-lyon-edilians-sublime-lhistorique-toiture-du-lycee-saint-just\/111119\/#breadcrumb","itemListElement":[{"@type":"ListItem","position":1,"name":"Accueil","item":"https:\/\/batijournal.com\/"},{"@type":"ListItem","position":2,"name":"Actualit\u00e9s","item":"https:\/\/batijournal.com\/index.php\/category\/actualites\/"},{"@type":"ListItem","position":3,"name":"A Lyon, Edilians sublime l\u2019historique toiture du lyc\u00e9e Saint-Just"}]},{"@type":"WebSite","@id":"https:\/\/batijournal.com\/#website","url":"https:\/\/batijournal.com\/","name":"Batijournal","description":"L&#039;actualit\u00e9 du b\u00e2timent","potentialAction":[{"@type":"SearchAction","target":{"@type":"EntryPoint","urlTemplate":"https:\/\/batijournal.com\/?s={search_term_string}"},"query-input":{"@type":"PropertyValueSpecification","valueRequired":true,"valueName":"search_term_string"}}],"inLanguage":"fr-FR"},{"@type":"Person","@id":"https:\/\/batijournal.com\/#\/schema\/person\/1dc96ec6957aa1ccb25ebe78bb19f100","name":"St\u00e9phane Miget","image":{"@type":"ImageObject","inLanguage":"fr-FR","@id":"https:\/\/secure.gravatar.com\/avatar\/89915563d925342126b8ef0281b93d9d7fc337043e8df017f780908eb9644451?s=96&d=mm&r=g","url":"https:\/\/secure.gravatar.com\/avatar\/89915563d925342126b8ef0281b93d9d7fc337043e8df017f780908eb9644451?s=96&d=mm&r=g","contentUrl":"https:\/\/secure.gravatar.com\/avatar\/89915563d925342126b8ef0281b93d9d7fc337043e8df017f780908eb9644451?s=96&d=mm&r=g","caption":"St\u00e9phane Miget"},"url":"https:\/\/batijournal.com\/index.php\/author\/stephane\/"}]}},"_links":{"self":[{"href":"https:\/\/batijournal.com\/index.php\/wp-json\/wp\/v2\/posts\/111119","targetHints":{"allow":["GET"]}}],"collection":[{"href":"https:\/\/batijournal.com\/index.php\/wp-json\/wp\/v2\/posts"}],"about":[{"href":"https:\/\/batijournal.com\/index.php\/wp-json\/wp\/v2\/types\/post"}],"author":[{"embeddable":true,"href":"https:\/\/batijournal.com\/index.php\/wp-json\/wp\/v2\/users\/17"}],"replies":[{"embeddable":true,"href":"https:\/\/batijournal.com\/index.php\/wp-json\/wp\/v2\/comments?post=111119"}],"version-history":[{"count":0,"href":"https:\/\/batijournal.com\/index.php\/wp-json\/wp\/v2\/posts\/111119\/revisions"}],"wp:featuredmedia":[{"embeddable":true,"href":"https:\/\/batijournal.com\/index.php\/wp-json\/wp\/v2\/media\/111120"}],"wp:attachment":[{"href":"https:\/\/batijournal.com\/index.php\/wp-json\/wp\/v2\/media?parent=111119"}],"wp:term":[{"taxonomy":"category","embeddable":true,"href":"https:\/\/batijournal.com\/index.php\/wp-json\/wp\/v2\/categories?post=111119"},{"taxonomy":"post_tag","embeddable":true,"href":"https:\/\/batijournal.com\/index.php\/wp-json\/wp\/v2\/tags?post=111119"}],"curies":[{"name":"wp","href":"https:\/\/api.w.org\/{rel}","templated":true}]}}