{"id":111132,"date":"2024-10-24T18:59:51","date_gmt":"2024-10-24T16:59:51","guid":{"rendered":"https:\/\/batijournal.com\/?p=111132"},"modified":"2024-10-24T18:59:51","modified_gmt":"2024-10-24T16:59:51","slug":"restauration-de-la-chapelle-des-anciens-etablissements-thermo-resineux-de-salieres-les-bains","status":"publish","type":"post","link":"https:\/\/batijournal.com\/index.php\/restauration-de-la-chapelle-des-anciens-etablissements-thermo-resineux-de-salieres-les-bains\/111132\/","title":{"rendered":"Restauration de la Chapelle des anciens \u00e9tablissements thermo-resineux de Sali\u00e8res-les-Bains"},"content":{"rendered":"<p><iframe loading=\"lazy\" title=\"Restauration de la Chapelle des anciens \u00e9tablissements thermo-r\u00e9sineux de Sali\u00e8res-les-Bains\" width=\"1080\" height=\"608\" src=\"https:\/\/www.youtube.com\/embed\/CBMaVFO5lFA?feature=oembed\"  allow=\"accelerometer; autoplay; clipboard-write; encrypted-media; gyroscope; picture-in-picture; web-share\" referrerpolicy=\"strict-origin-when-cross-origin\" allowfullscreen><\/iframe><\/p>\n<p>&nbsp;<\/p>\n<div>avec Vincent Raucy et Emilie Raucy, porteurs de projets<\/div>\n<div><\/div>\n<div>Projet laur\u00e9at du prix \u00ab Patrimoine de proximit\u00e9 \u00bb du Concours For\u00eat, Bois et Patrimoine organis\u00e9 par la Fondation France Bois For\u00eat pour notre patrimoine et Atrium, patrimoine &amp; restauration<\/div>\n<div><\/div>\n<div><\/div>\n<p>&nbsp;<\/p>\n<p>N\u00e9 du partenariat entre <em>Ateliers d\u2019Art de France<\/em> et le magazine <em>Atrium, patrimoine &amp; restauration<\/em>, la 5e \u00e9dition du <strong>Forum du Patrimoine<\/strong> propose une s\u00e9rie d\u2019\u00e9missions au c\u0153ur du Salon du Patrimoine. Une vingtaine de tables rondes, r\u00e9unissant des experts reconnus, sont tourn\u00e9es en direct depuis les all\u00e9es du Carrousel du Louvre et pr\u00e9sent\u00e9es par Orianne Masse, historienne du patrimoine et r\u00e9dactrice sp\u00e9cialis\u00e9e.<\/p>\n","protected":false},"excerpt":{"rendered":"<p>Projet laur\u00e9at du prix \u00ab Patrimoine de proximit\u00e9 \u00bb du Concours For\u00eat, Bois et Patrimoine organis\u00e9 par la Fondation France Bois For\u00eat pour notre patrimoine et Atrium, patrimoine &#038; restauration<\/p>\n","protected":false},"author":17,"featured_media":111133,"comment_status":"closed","ping_status":"closed","sticky":false,"template":"","format":"standard","meta":{"_et_pb_use_builder":"","_et_pb_old_content":"","_et_gb_content_width":"","footnotes":""},"categories":[11200,13280,10789,10785],"tags":[1308],"class_list":["post-111132","post","type-post","status-publish","format-standard","has-post-thumbnail","hentry","category-batijournal-tv","category-forum-du-patrimoine-2024","category-publications-atrium","category-atrium","tag-restauration"],"yoast_head":"<!-- This site is optimized with the Yoast SEO plugin v27.4 - https:\/\/yoast.com\/product\/yoast-seo-wordpress\/ -->\n<title>Restauration de la Chapelle des anciens \u00e9tablissements thermo-resineux de Sali\u00e8res-les-Bains<\/title>\n<meta name=\"robots\" content=\"index, follow, max-snippet:-1, max-image-preview:large, max-video-preview:-1\" \/>\n<link rel=\"canonical\" href=\"https:\/\/batijournal.com\/index.php\/restauration-de-la-chapelle-des-anciens-etablissements-thermo-resineux-de-salieres-les-bains\/111132\/\" \/>\n<meta property=\"og:locale\" content=\"fr_FR\" \/>\n<meta property=\"og:type\" content=\"article\" \/>\n<meta property=\"og:title\" content=\"Restauration de la Chapelle des anciens \u00e9tablissements thermo-resineux de Sali\u00e8res-les-Bains\" \/>\n<meta property=\"og:description\" content=\"Projet laur\u00e9at du prix \u00ab Patrimoine de proximit\u00e9 \u00bb du Concours For\u00eat, Bois et Patrimoine organis\u00e9 par la Fondation France Bois For\u00eat pour notre patrimoine et Atrium, patrimoine &amp; restauration\" \/>\n<meta property=\"og:url\" content=\"https:\/\/batijournal.com\/index.php\/restauration-de-la-chapelle-des-anciens-etablissements-thermo-resineux-de-salieres-les-bains\/111132\/\" \/>\n<meta property=\"og:site_name\" content=\"Batijournal\" \/>\n<meta property=\"article:published_time\" content=\"2024-10-24T16:59:51+00:00\" \/>\n<meta property=\"og:image\" content=\"https:\/\/batijournal.com\/wp-content\/uploads\/2024\/10\/Restauration-de-la-Chapelle-des-anciens-etablissements-thermo-resineux.jpg\" \/>\n\t<meta property=\"og:image:width\" content=\"1024\" \/>\n\t<meta property=\"og:image:height\" content=\"576\" \/>\n\t<meta property=\"og:image:type\" content=\"image\/jpeg\" \/>\n<meta name=\"author\" content=\"St\u00e9phane Miget\" \/>\n<meta name=\"twitter:card\" content=\"summary_large_image\" \/>\n<meta name=\"twitter:creator\" content=\"@bati_journal\" \/>\n<meta name=\"twitter:site\" content=\"@bati_journal\" \/>\n<meta name=\"twitter:label1\" content=\"\u00c9crit par\" \/>\n\t<meta name=\"twitter:data1\" content=\"St\u00e9phane Miget\" \/>\n\t<meta name=\"twitter:label2\" content=\"Dur\u00e9e de lecture estim\u00e9e\" \/>\n\t<meta name=\"twitter:data2\" content=\"1 minute\" \/>\n<script type=\"application\/ld+json\" class=\"yoast-schema-graph\">{\"@context\":\"https:\\\/\\\/schema.org\",\"@graph\":[{\"@type\":\"Article\",\"@id\":\"https:\\\/\\\/batijournal.com\\\/index.php\\\/restauration-de-la-chapelle-des-anciens-etablissements-thermo-resineux-de-salieres-les-bains\\\/111132\\\/#article\",\"isPartOf\":{\"@id\":\"https:\\\/\\\/batijournal.com\\\/index.php\\\/restauration-de-la-chapelle-des-anciens-etablissements-thermo-resineux-de-salieres-les-bains\\\/111132\\\/\"},\"author\":{\"name\":\"St\u00e9phane Miget\",\"@id\":\"https:\\\/\\\/batijournal.com\\\/#\\\/schema\\\/person\\\/1dc96ec6957aa1ccb25ebe78bb19f100\"},\"headline\":\"Restauration de la Chapelle des anciens \u00e9tablissements thermo-resineux de Sali\u00e8res-les-Bains\",\"datePublished\":\"2024-10-24T16:59:51+00:00\",\"mainEntityOfPage\":{\"@id\":\"https:\\\/\\\/batijournal.com\\\/index.php\\\/restauration-de-la-chapelle-des-anciens-etablissements-thermo-resineux-de-salieres-les-bains\\\/111132\\\/\"},\"wordCount\":136,\"image\":{\"@id\":\"https:\\\/\\\/batijournal.com\\\/index.php\\\/restauration-de-la-chapelle-des-anciens-etablissements-thermo-resineux-de-salieres-les-bains\\\/111132\\\/#primaryimage\"},\"thumbnailUrl\":\"https:\\\/\\\/batijournal.com\\\/wp-content\\\/uploads\\\/2024\\\/10\\\/Restauration-de-la-Chapelle-des-anciens-etablissements-thermo-resineux.jpg\",\"keywords\":[\"restauration\"],\"articleSection\":[\"batijournal TV\",\"Forum du Patrimoine 2024\",\"zz_Actualit\u00e9s - Atrium\",\"zz_Atrium Patrimoine\"],\"inLanguage\":\"fr-FR\"},{\"@type\":\"WebPage\",\"@id\":\"https:\\\/\\\/batijournal.com\\\/index.php\\\/restauration-de-la-chapelle-des-anciens-etablissements-thermo-resineux-de-salieres-les-bains\\\/111132\\\/\",\"url\":\"https:\\\/\\\/batijournal.com\\\/index.php\\\/restauration-de-la-chapelle-des-anciens-etablissements-thermo-resineux-de-salieres-les-bains\\\/111132\\\/\",\"name\":\"Restauration de la Chapelle des anciens \u00e9tablissements thermo-resineux de Sali\u00e8res-les-Bains\",\"isPartOf\":{\"@id\":\"https:\\\/\\\/batijournal.com\\\/#website\"},\"primaryImageOfPage\":{\"@id\":\"https:\\\/\\\/batijournal.com\\\/index.php\\\/restauration-de-la-chapelle-des-anciens-etablissements-thermo-resineux-de-salieres-les-bains\\\/111132\\\/#primaryimage\"},\"image\":{\"@id\":\"https:\\\/\\\/batijournal.com\\\/index.php\\\/restauration-de-la-chapelle-des-anciens-etablissements-thermo-resineux-de-salieres-les-bains\\\/111132\\\/#primaryimage\"},\"thumbnailUrl\":\"https:\\\/\\\/batijournal.com\\\/wp-content\\\/uploads\\\/2024\\\/10\\\/Restauration-de-la-Chapelle-des-anciens-etablissements-thermo-resineux.jpg\",\"datePublished\":\"2024-10-24T16:59:51+00:00\",\"author\":{\"@id\":\"https:\\\/\\\/batijournal.com\\\/#\\\/schema\\\/person\\\/1dc96ec6957aa1ccb25ebe78bb19f100\"},\"breadcrumb\":{\"@id\":\"https:\\\/\\\/batijournal.com\\\/index.php\\\/restauration-de-la-chapelle-des-anciens-etablissements-thermo-resineux-de-salieres-les-bains\\\/111132\\\/#breadcrumb\"},\"inLanguage\":\"fr-FR\",\"potentialAction\":[{\"@type\":\"ReadAction\",\"target\":[\"https:\\\/\\\/batijournal.com\\\/index.php\\\/restauration-de-la-chapelle-des-anciens-etablissements-thermo-resineux-de-salieres-les-bains\\\/111132\\\/\"]}]},{\"@type\":\"ImageObject\",\"inLanguage\":\"fr-FR\",\"@id\":\"https:\\\/\\\/batijournal.com\\\/index.php\\\/restauration-de-la-chapelle-des-anciens-etablissements-thermo-resineux-de-salieres-les-bains\\\/111132\\\/#primaryimage\",\"url\":\"https:\\\/\\\/batijournal.com\\\/wp-content\\\/uploads\\\/2024\\\/10\\\/Restauration-de-la-Chapelle-des-anciens-etablissements-thermo-resineux.jpg\",\"contentUrl\":\"https:\\\/\\\/batijournal.com\\\/wp-content\\\/uploads\\\/2024\\\/10\\\/Restauration-de-la-Chapelle-des-anciens-etablissements-thermo-resineux.jpg\",\"width\":1024,\"height\":576},{\"@type\":\"BreadcrumbList\",\"@id\":\"https:\\\/\\\/batijournal.com\\\/index.php\\\/restauration-de-la-chapelle-des-anciens-etablissements-thermo-resineux-de-salieres-les-bains\\\/111132\\\/#breadcrumb\",\"itemListElement\":[{\"@type\":\"ListItem\",\"position\":1,\"name\":\"Accueil\",\"item\":\"https:\\\/\\\/batijournal.com\\\/\"},{\"@type\":\"ListItem\",\"position\":2,\"name\":\"batijournal TV\",\"item\":\"https:\\\/\\\/batijournal.com\\\/index.php\\\/category\\\/batijournal-tv\\\/\"},{\"@type\":\"ListItem\",\"position\":3,\"name\":\"Restauration de la Chapelle des anciens \u00e9tablissements thermo-resineux de Sali\u00e8res-les-Bains\"}]},{\"@type\":\"WebSite\",\"@id\":\"https:\\\/\\\/batijournal.com\\\/#website\",\"url\":\"https:\\\/\\\/batijournal.com\\\/\",\"name\":\"Batijournal\",\"description\":\"L&#039;actualit\u00e9 du b\u00e2timent\",\"potentialAction\":[{\"@type\":\"SearchAction\",\"target\":{\"@type\":\"EntryPoint\",\"urlTemplate\":\"https:\\\/\\\/batijournal.com\\\/?s={search_term_string}\"},\"query-input\":{\"@type\":\"PropertyValueSpecification\",\"valueRequired\":true,\"valueName\":\"search_term_string\"}}],\"inLanguage\":\"fr-FR\"},{\"@type\":\"Person\",\"@id\":\"https:\\\/\\\/batijournal.com\\\/#\\\/schema\\\/person\\\/1dc96ec6957aa1ccb25ebe78bb19f100\",\"name\":\"St\u00e9phane Miget\",\"image\":{\"@type\":\"ImageObject\",\"inLanguage\":\"fr-FR\",\"@id\":\"https:\\\/\\\/secure.gravatar.com\\\/avatar\\\/89915563d925342126b8ef0281b93d9d7fc337043e8df017f780908eb9644451?s=96&d=mm&r=g\",\"url\":\"https:\\\/\\\/secure.gravatar.com\\\/avatar\\\/89915563d925342126b8ef0281b93d9d7fc337043e8df017f780908eb9644451?s=96&d=mm&r=g\",\"contentUrl\":\"https:\\\/\\\/secure.gravatar.com\\\/avatar\\\/89915563d925342126b8ef0281b93d9d7fc337043e8df017f780908eb9644451?s=96&d=mm&r=g\",\"caption\":\"St\u00e9phane Miget\"},\"url\":\"https:\\\/\\\/batijournal.com\\\/index.php\\\/author\\\/stephane\\\/\"}]}<\/script>\n<!-- \/ Yoast SEO plugin. -->","yoast_head_json":{"title":"Restauration de la Chapelle des anciens \u00e9tablissements thermo-resineux de Sali\u00e8res-les-Bains","robots":{"index":"index","follow":"follow","max-snippet":"max-snippet:-1","max-image-preview":"max-image-preview:large","max-video-preview":"max-video-preview:-1"},"canonical":"https:\/\/batijournal.com\/index.php\/restauration-de-la-chapelle-des-anciens-etablissements-thermo-resineux-de-salieres-les-bains\/111132\/","og_locale":"fr_FR","og_type":"article","og_title":"Restauration de la Chapelle des anciens \u00e9tablissements thermo-resineux de Sali\u00e8res-les-Bains","og_description":"Projet laur\u00e9at du prix \u00ab Patrimoine de proximit\u00e9 \u00bb du Concours For\u00eat, Bois et Patrimoine organis\u00e9 par la Fondation France Bois For\u00eat pour notre patrimoine et Atrium, patrimoine & restauration","og_url":"https:\/\/batijournal.com\/index.php\/restauration-de-la-chapelle-des-anciens-etablissements-thermo-resineux-de-salieres-les-bains\/111132\/","og_site_name":"Batijournal","article_published_time":"2024-10-24T16:59:51+00:00","og_image":[{"width":1024,"height":576,"url":"https:\/\/batijournal.com\/wp-content\/uploads\/2024\/10\/Restauration-de-la-Chapelle-des-anciens-etablissements-thermo-resineux.jpg","type":"image\/jpeg"}],"author":"St\u00e9phane Miget","twitter_card":"summary_large_image","twitter_creator":"@bati_journal","twitter_site":"@bati_journal","twitter_misc":{"\u00c9crit par":"St\u00e9phane Miget","Dur\u00e9e de lecture estim\u00e9e":"1 minute"},"schema":{"@context":"https:\/\/schema.org","@graph":[{"@type":"Article","@id":"https:\/\/batijournal.com\/index.php\/restauration-de-la-chapelle-des-anciens-etablissements-thermo-resineux-de-salieres-les-bains\/111132\/#article","isPartOf":{"@id":"https:\/\/batijournal.com\/index.php\/restauration-de-la-chapelle-des-anciens-etablissements-thermo-resineux-de-salieres-les-bains\/111132\/"},"author":{"name":"St\u00e9phane Miget","@id":"https:\/\/batijournal.com\/#\/schema\/person\/1dc96ec6957aa1ccb25ebe78bb19f100"},"headline":"Restauration de la Chapelle des anciens \u00e9tablissements thermo-resineux de Sali\u00e8res-les-Bains","datePublished":"2024-10-24T16:59:51+00:00","mainEntityOfPage":{"@id":"https:\/\/batijournal.com\/index.php\/restauration-de-la-chapelle-des-anciens-etablissements-thermo-resineux-de-salieres-les-bains\/111132\/"},"wordCount":136,"image":{"@id":"https:\/\/batijournal.com\/index.php\/restauration-de-la-chapelle-des-anciens-etablissements-thermo-resineux-de-salieres-les-bains\/111132\/#primaryimage"},"thumbnailUrl":"https:\/\/batijournal.com\/wp-content\/uploads\/2024\/10\/Restauration-de-la-Chapelle-des-anciens-etablissements-thermo-resineux.jpg","keywords":["restauration"],"articleSection":["batijournal TV","Forum du Patrimoine 2024","zz_Actualit\u00e9s - Atrium","zz_Atrium Patrimoine"],"inLanguage":"fr-FR"},{"@type":"WebPage","@id":"https:\/\/batijournal.com\/index.php\/restauration-de-la-chapelle-des-anciens-etablissements-thermo-resineux-de-salieres-les-bains\/111132\/","url":"https:\/\/batijournal.com\/index.php\/restauration-de-la-chapelle-des-anciens-etablissements-thermo-resineux-de-salieres-les-bains\/111132\/","name":"Restauration de la Chapelle des anciens \u00e9tablissements thermo-resineux de Sali\u00e8res-les-Bains","isPartOf":{"@id":"https:\/\/batijournal.com\/#website"},"primaryImageOfPage":{"@id":"https:\/\/batijournal.com\/index.php\/restauration-de-la-chapelle-des-anciens-etablissements-thermo-resineux-de-salieres-les-bains\/111132\/#primaryimage"},"image":{"@id":"https:\/\/batijournal.com\/index.php\/restauration-de-la-chapelle-des-anciens-etablissements-thermo-resineux-de-salieres-les-bains\/111132\/#primaryimage"},"thumbnailUrl":"https:\/\/batijournal.com\/wp-content\/uploads\/2024\/10\/Restauration-de-la-Chapelle-des-anciens-etablissements-thermo-resineux.jpg","datePublished":"2024-10-24T16:59:51+00:00","author":{"@id":"https:\/\/batijournal.com\/#\/schema\/person\/1dc96ec6957aa1ccb25ebe78bb19f100"},"breadcrumb":{"@id":"https:\/\/batijournal.com\/index.php\/restauration-de-la-chapelle-des-anciens-etablissements-thermo-resineux-de-salieres-les-bains\/111132\/#breadcrumb"},"inLanguage":"fr-FR","potentialAction":[{"@type":"ReadAction","target":["https:\/\/batijournal.com\/index.php\/restauration-de-la-chapelle-des-anciens-etablissements-thermo-resineux-de-salieres-les-bains\/111132\/"]}]},{"@type":"ImageObject","inLanguage":"fr-FR","@id":"https:\/\/batijournal.com\/index.php\/restauration-de-la-chapelle-des-anciens-etablissements-thermo-resineux-de-salieres-les-bains\/111132\/#primaryimage","url":"https:\/\/batijournal.com\/wp-content\/uploads\/2024\/10\/Restauration-de-la-Chapelle-des-anciens-etablissements-thermo-resineux.jpg","contentUrl":"https:\/\/batijournal.com\/wp-content\/uploads\/2024\/10\/Restauration-de-la-Chapelle-des-anciens-etablissements-thermo-resineux.jpg","width":1024,"height":576},{"@type":"BreadcrumbList","@id":"https:\/\/batijournal.com\/index.php\/restauration-de-la-chapelle-des-anciens-etablissements-thermo-resineux-de-salieres-les-bains\/111132\/#breadcrumb","itemListElement":[{"@type":"ListItem","position":1,"name":"Accueil","item":"https:\/\/batijournal.com\/"},{"@type":"ListItem","position":2,"name":"batijournal TV","item":"https:\/\/batijournal.com\/index.php\/category\/batijournal-tv\/"},{"@type":"ListItem","position":3,"name":"Restauration de la Chapelle des anciens \u00e9tablissements thermo-resineux de Sali\u00e8res-les-Bains"}]},{"@type":"WebSite","@id":"https:\/\/batijournal.com\/#website","url":"https:\/\/batijournal.com\/","name":"Batijournal","description":"L&#039;actualit\u00e9 du b\u00e2timent","potentialAction":[{"@type":"SearchAction","target":{"@type":"EntryPoint","urlTemplate":"https:\/\/batijournal.com\/?s={search_term_string}"},"query-input":{"@type":"PropertyValueSpecification","valueRequired":true,"valueName":"search_term_string"}}],"inLanguage":"fr-FR"},{"@type":"Person","@id":"https:\/\/batijournal.com\/#\/schema\/person\/1dc96ec6957aa1ccb25ebe78bb19f100","name":"St\u00e9phane Miget","image":{"@type":"ImageObject","inLanguage":"fr-FR","@id":"https:\/\/secure.gravatar.com\/avatar\/89915563d925342126b8ef0281b93d9d7fc337043e8df017f780908eb9644451?s=96&d=mm&r=g","url":"https:\/\/secure.gravatar.com\/avatar\/89915563d925342126b8ef0281b93d9d7fc337043e8df017f780908eb9644451?s=96&d=mm&r=g","contentUrl":"https:\/\/secure.gravatar.com\/avatar\/89915563d925342126b8ef0281b93d9d7fc337043e8df017f780908eb9644451?s=96&d=mm&r=g","caption":"St\u00e9phane Miget"},"url":"https:\/\/batijournal.com\/index.php\/author\/stephane\/"}]}},"_links":{"self":[{"href":"https:\/\/batijournal.com\/index.php\/wp-json\/wp\/v2\/posts\/111132","targetHints":{"allow":["GET"]}}],"collection":[{"href":"https:\/\/batijournal.com\/index.php\/wp-json\/wp\/v2\/posts"}],"about":[{"href":"https:\/\/batijournal.com\/index.php\/wp-json\/wp\/v2\/types\/post"}],"author":[{"embeddable":true,"href":"https:\/\/batijournal.com\/index.php\/wp-json\/wp\/v2\/users\/17"}],"replies":[{"embeddable":true,"href":"https:\/\/batijournal.com\/index.php\/wp-json\/wp\/v2\/comments?post=111132"}],"version-history":[{"count":0,"href":"https:\/\/batijournal.com\/index.php\/wp-json\/wp\/v2\/posts\/111132\/revisions"}],"wp:featuredmedia":[{"embeddable":true,"href":"https:\/\/batijournal.com\/index.php\/wp-json\/wp\/v2\/media\/111133"}],"wp:attachment":[{"href":"https:\/\/batijournal.com\/index.php\/wp-json\/wp\/v2\/media?parent=111132"}],"wp:term":[{"taxonomy":"category","embeddable":true,"href":"https:\/\/batijournal.com\/index.php\/wp-json\/wp\/v2\/categories?post=111132"},{"taxonomy":"post_tag","embeddable":true,"href":"https:\/\/batijournal.com\/index.php\/wp-json\/wp\/v2\/tags?post=111132"}],"curies":[{"name":"wp","href":"https:\/\/api.w.org\/{rel}","templated":true}]}}