{"id":111136,"date":"2024-10-24T19:15:59","date_gmt":"2024-10-24T17:15:59","guid":{"rendered":"https:\/\/batijournal.com\/?p=111136"},"modified":"2024-10-24T19:15:59","modified_gmt":"2024-10-24T17:15:59","slug":"le-logement-dans-les-sites-patrimoniaux","status":"publish","type":"post","link":"https:\/\/batijournal.com\/index.php\/le-logement-dans-les-sites-patrimoniaux\/111136\/","title":{"rendered":"Le logement dans les sites patrimoniaux"},"content":{"rendered":"<p><iframe loading=\"lazy\" title=\"Le logement dans les sites patrimoniaux remarquables\" width=\"1080\" height=\"608\" src=\"https:\/\/www.youtube.com\/embed\/ZLXTWoAiw0s?feature=oembed\"  allow=\"accelerometer; autoplay; clipboard-write; encrypted-media; gyroscope; picture-in-picture; web-share\" referrerpolicy=\"strict-origin-when-cross-origin\" allowfullscreen><\/iframe><\/p>\n<p>avec Martin Malvy, pr\u00e9sident de Sites &amp; Cit\u00e9s remarquables de France et ancien ministre, Emmanuelle Pernes, pr\u00e9sidente d\u2019Urbanis Solutions R\u00e9novation et Florence Cannesson, charg\u00e9e de mission \u00e0 la CAPEB<\/p>\n<p>Il y a de gros enjeux \u00e0 intervenir dans les centres anciens qui sont souvent d\u00e9grad\u00e9s. Ces parties de ville, on doit pouvoir les rendre \u00e0 nouveau attractives, vivantes, d\u00e9sirables dans un contexte o\u00f9 on veut \u00e0 la fois ma\u00eetriser l&rsquo;extension fonci\u00e8re, o\u00f9 on veut pr\u00e9server du patrimoine, mais aussi dans un contexte o\u00f9 il est imp\u00e9ratif de rendre l&rsquo;offre en logement attractive et de qualit\u00e9<\/p>\n<p>&nbsp;<\/p>\n<p>N\u00e9 du partenariat entre <em>Ateliers d\u2019Art de France<\/em> et le magazine <em>Atrium, patrimoine &amp; restauration<\/em>, la 5e \u00e9dition du <strong>Forum du Patrimoine<\/strong> propose une s\u00e9rie d\u2019\u00e9missions au c\u0153ur du Salon du Patrimoine. Une vingtaine de tables rondes, r\u00e9unissant des experts reconnus, sont tourn\u00e9es en direct depuis les all\u00e9es du Carrousel du Louvre et pr\u00e9sent\u00e9es par Orianne Masse, historienne du patrimoine et r\u00e9dactrice sp\u00e9cialis\u00e9e.<\/p>\n","protected":false},"excerpt":{"rendered":"<p>Il y a de gros enjeux \u00e0 intervenir dans les centres anciens qui sont souvent d\u00e9grad\u00e9s. Ces parties de ville, on doit pouvoir les rendre \u00e0 nouveau attractives, vivantes, d\u00e9sirables<\/p>\n","protected":false},"author":17,"featured_media":111137,"comment_status":"closed","ping_status":"closed","sticky":false,"template":"","format":"standard","meta":{"_et_pb_use_builder":"","_et_pb_old_content":"","_et_gb_content_width":"","footnotes":""},"categories":[10530,6340,11200,13280,10789,10785],"tags":[2020],"class_list":["post-111136","post","type-post","status-publish","format-standard","has-post-thumbnail","hentry","category-actualites","category-architecture-conception","category-batijournal-tv","category-forum-du-patrimoine-2024","category-publications-atrium","category-atrium","tag-logement"],"yoast_head":"<!-- This site is optimized with the Yoast SEO plugin v27.4 - https:\/\/yoast.com\/product\/yoast-seo-wordpress\/ -->\n<title>Le logement dans les sites patrimoniaux<\/title>\n<meta name=\"robots\" content=\"index, follow, max-snippet:-1, max-image-preview:large, max-video-preview:-1\" \/>\n<link rel=\"canonical\" href=\"https:\/\/batijournal.com\/index.php\/le-logement-dans-les-sites-patrimoniaux\/111136\/\" \/>\n<meta property=\"og:locale\" content=\"fr_FR\" \/>\n<meta property=\"og:type\" content=\"article\" \/>\n<meta property=\"og:title\" content=\"Le logement dans les sites patrimoniaux\" \/>\n<meta property=\"og:description\" content=\"Il y a de gros enjeux \u00e0 intervenir dans les centres anciens qui sont souvent d\u00e9grad\u00e9s. Ces parties de ville, on doit pouvoir les rendre \u00e0 nouveau attractives, vivantes, d\u00e9sirables\" \/>\n<meta property=\"og:url\" content=\"https:\/\/batijournal.com\/index.php\/le-logement-dans-les-sites-patrimoniaux\/111136\/\" \/>\n<meta property=\"og:site_name\" content=\"Batijournal\" \/>\n<meta property=\"article:published_time\" content=\"2024-10-24T17:15:59+00:00\" \/>\n<meta property=\"og:image\" content=\"https:\/\/batijournal.com\/wp-content\/uploads\/2024\/10\/Le-logement-dans-les-sites-patrimoniaux.jpg\" \/>\n\t<meta property=\"og:image:width\" content=\"1024\" \/>\n\t<meta property=\"og:image:height\" content=\"576\" \/>\n\t<meta property=\"og:image:type\" content=\"image\/jpeg\" \/>\n<meta name=\"author\" content=\"St\u00e9phane Miget\" \/>\n<meta name=\"twitter:card\" content=\"summary_large_image\" \/>\n<meta name=\"twitter:creator\" content=\"@bati_journal\" \/>\n<meta name=\"twitter:site\" content=\"@bati_journal\" \/>\n<meta name=\"twitter:label1\" content=\"\u00c9crit par\" \/>\n\t<meta name=\"twitter:data1\" content=\"St\u00e9phane Miget\" \/>\n\t<meta name=\"twitter:label2\" content=\"Dur\u00e9e de lecture estim\u00e9e\" \/>\n\t<meta name=\"twitter:data2\" content=\"1 minute\" \/>\n<script type=\"application\/ld+json\" class=\"yoast-schema-graph\">{\"@context\":\"https:\\\/\\\/schema.org\",\"@graph\":[{\"@type\":\"Article\",\"@id\":\"https:\\\/\\\/batijournal.com\\\/index.php\\\/le-logement-dans-les-sites-patrimoniaux\\\/111136\\\/#article\",\"isPartOf\":{\"@id\":\"https:\\\/\\\/batijournal.com\\\/index.php\\\/le-logement-dans-les-sites-patrimoniaux\\\/111136\\\/\"},\"author\":{\"name\":\"St\u00e9phane Miget\",\"@id\":\"https:\\\/\\\/batijournal.com\\\/#\\\/schema\\\/person\\\/1dc96ec6957aa1ccb25ebe78bb19f100\"},\"headline\":\"Le logement dans les sites patrimoniaux\",\"datePublished\":\"2024-10-24T17:15:59+00:00\",\"mainEntityOfPage\":{\"@id\":\"https:\\\/\\\/batijournal.com\\\/index.php\\\/le-logement-dans-les-sites-patrimoniaux\\\/111136\\\/\"},\"wordCount\":196,\"image\":{\"@id\":\"https:\\\/\\\/batijournal.com\\\/index.php\\\/le-logement-dans-les-sites-patrimoniaux\\\/111136\\\/#primaryimage\"},\"thumbnailUrl\":\"https:\\\/\\\/batijournal.com\\\/wp-content\\\/uploads\\\/2024\\\/10\\\/Le-logement-dans-les-sites-patrimoniaux.jpg\",\"keywords\":[\"logement\"],\"articleSection\":[\"Actualit\u00e9s\",\"Architecture &amp; Conception\",\"batijournal TV\",\"Forum du Patrimoine 2024\",\"zz_Actualit\u00e9s - Atrium\",\"zz_Atrium Patrimoine\"],\"inLanguage\":\"fr-FR\"},{\"@type\":\"WebPage\",\"@id\":\"https:\\\/\\\/batijournal.com\\\/index.php\\\/le-logement-dans-les-sites-patrimoniaux\\\/111136\\\/\",\"url\":\"https:\\\/\\\/batijournal.com\\\/index.php\\\/le-logement-dans-les-sites-patrimoniaux\\\/111136\\\/\",\"name\":\"Le logement dans les sites patrimoniaux\",\"isPartOf\":{\"@id\":\"https:\\\/\\\/batijournal.com\\\/#website\"},\"primaryImageOfPage\":{\"@id\":\"https:\\\/\\\/batijournal.com\\\/index.php\\\/le-logement-dans-les-sites-patrimoniaux\\\/111136\\\/#primaryimage\"},\"image\":{\"@id\":\"https:\\\/\\\/batijournal.com\\\/index.php\\\/le-logement-dans-les-sites-patrimoniaux\\\/111136\\\/#primaryimage\"},\"thumbnailUrl\":\"https:\\\/\\\/batijournal.com\\\/wp-content\\\/uploads\\\/2024\\\/10\\\/Le-logement-dans-les-sites-patrimoniaux.jpg\",\"datePublished\":\"2024-10-24T17:15:59+00:00\",\"author\":{\"@id\":\"https:\\\/\\\/batijournal.com\\\/#\\\/schema\\\/person\\\/1dc96ec6957aa1ccb25ebe78bb19f100\"},\"breadcrumb\":{\"@id\":\"https:\\\/\\\/batijournal.com\\\/index.php\\\/le-logement-dans-les-sites-patrimoniaux\\\/111136\\\/#breadcrumb\"},\"inLanguage\":\"fr-FR\",\"potentialAction\":[{\"@type\":\"ReadAction\",\"target\":[\"https:\\\/\\\/batijournal.com\\\/index.php\\\/le-logement-dans-les-sites-patrimoniaux\\\/111136\\\/\"]}]},{\"@type\":\"ImageObject\",\"inLanguage\":\"fr-FR\",\"@id\":\"https:\\\/\\\/batijournal.com\\\/index.php\\\/le-logement-dans-les-sites-patrimoniaux\\\/111136\\\/#primaryimage\",\"url\":\"https:\\\/\\\/batijournal.com\\\/wp-content\\\/uploads\\\/2024\\\/10\\\/Le-logement-dans-les-sites-patrimoniaux.jpg\",\"contentUrl\":\"https:\\\/\\\/batijournal.com\\\/wp-content\\\/uploads\\\/2024\\\/10\\\/Le-logement-dans-les-sites-patrimoniaux.jpg\",\"width\":1024,\"height\":576},{\"@type\":\"BreadcrumbList\",\"@id\":\"https:\\\/\\\/batijournal.com\\\/index.php\\\/le-logement-dans-les-sites-patrimoniaux\\\/111136\\\/#breadcrumb\",\"itemListElement\":[{\"@type\":\"ListItem\",\"position\":1,\"name\":\"Accueil\",\"item\":\"https:\\\/\\\/batijournal.com\\\/\"},{\"@type\":\"ListItem\",\"position\":2,\"name\":\"Actualit\u00e9s\",\"item\":\"https:\\\/\\\/batijournal.com\\\/index.php\\\/category\\\/actualites\\\/\"},{\"@type\":\"ListItem\",\"position\":3,\"name\":\"Le logement dans les sites patrimoniaux\"}]},{\"@type\":\"WebSite\",\"@id\":\"https:\\\/\\\/batijournal.com\\\/#website\",\"url\":\"https:\\\/\\\/batijournal.com\\\/\",\"name\":\"Batijournal\",\"description\":\"L&#039;actualit\u00e9 du b\u00e2timent\",\"potentialAction\":[{\"@type\":\"SearchAction\",\"target\":{\"@type\":\"EntryPoint\",\"urlTemplate\":\"https:\\\/\\\/batijournal.com\\\/?s={search_term_string}\"},\"query-input\":{\"@type\":\"PropertyValueSpecification\",\"valueRequired\":true,\"valueName\":\"search_term_string\"}}],\"inLanguage\":\"fr-FR\"},{\"@type\":\"Person\",\"@id\":\"https:\\\/\\\/batijournal.com\\\/#\\\/schema\\\/person\\\/1dc96ec6957aa1ccb25ebe78bb19f100\",\"name\":\"St\u00e9phane Miget\",\"image\":{\"@type\":\"ImageObject\",\"inLanguage\":\"fr-FR\",\"@id\":\"https:\\\/\\\/secure.gravatar.com\\\/avatar\\\/89915563d925342126b8ef0281b93d9d7fc337043e8df017f780908eb9644451?s=96&d=mm&r=g\",\"url\":\"https:\\\/\\\/secure.gravatar.com\\\/avatar\\\/89915563d925342126b8ef0281b93d9d7fc337043e8df017f780908eb9644451?s=96&d=mm&r=g\",\"contentUrl\":\"https:\\\/\\\/secure.gravatar.com\\\/avatar\\\/89915563d925342126b8ef0281b93d9d7fc337043e8df017f780908eb9644451?s=96&d=mm&r=g\",\"caption\":\"St\u00e9phane Miget\"},\"url\":\"https:\\\/\\\/batijournal.com\\\/index.php\\\/author\\\/stephane\\\/\"}]}<\/script>\n<!-- \/ Yoast SEO plugin. -->","yoast_head_json":{"title":"Le logement dans les sites patrimoniaux","robots":{"index":"index","follow":"follow","max-snippet":"max-snippet:-1","max-image-preview":"max-image-preview:large","max-video-preview":"max-video-preview:-1"},"canonical":"https:\/\/batijournal.com\/index.php\/le-logement-dans-les-sites-patrimoniaux\/111136\/","og_locale":"fr_FR","og_type":"article","og_title":"Le logement dans les sites patrimoniaux","og_description":"Il y a de gros enjeux \u00e0 intervenir dans les centres anciens qui sont souvent d\u00e9grad\u00e9s. Ces parties de ville, on doit pouvoir les rendre \u00e0 nouveau attractives, vivantes, d\u00e9sirables","og_url":"https:\/\/batijournal.com\/index.php\/le-logement-dans-les-sites-patrimoniaux\/111136\/","og_site_name":"Batijournal","article_published_time":"2024-10-24T17:15:59+00:00","og_image":[{"width":1024,"height":576,"url":"https:\/\/batijournal.com\/wp-content\/uploads\/2024\/10\/Le-logement-dans-les-sites-patrimoniaux.jpg","type":"image\/jpeg"}],"author":"St\u00e9phane Miget","twitter_card":"summary_large_image","twitter_creator":"@bati_journal","twitter_site":"@bati_journal","twitter_misc":{"\u00c9crit par":"St\u00e9phane Miget","Dur\u00e9e de lecture estim\u00e9e":"1 minute"},"schema":{"@context":"https:\/\/schema.org","@graph":[{"@type":"Article","@id":"https:\/\/batijournal.com\/index.php\/le-logement-dans-les-sites-patrimoniaux\/111136\/#article","isPartOf":{"@id":"https:\/\/batijournal.com\/index.php\/le-logement-dans-les-sites-patrimoniaux\/111136\/"},"author":{"name":"St\u00e9phane Miget","@id":"https:\/\/batijournal.com\/#\/schema\/person\/1dc96ec6957aa1ccb25ebe78bb19f100"},"headline":"Le logement dans les sites patrimoniaux","datePublished":"2024-10-24T17:15:59+00:00","mainEntityOfPage":{"@id":"https:\/\/batijournal.com\/index.php\/le-logement-dans-les-sites-patrimoniaux\/111136\/"},"wordCount":196,"image":{"@id":"https:\/\/batijournal.com\/index.php\/le-logement-dans-les-sites-patrimoniaux\/111136\/#primaryimage"},"thumbnailUrl":"https:\/\/batijournal.com\/wp-content\/uploads\/2024\/10\/Le-logement-dans-les-sites-patrimoniaux.jpg","keywords":["logement"],"articleSection":["Actualit\u00e9s","Architecture &amp; Conception","batijournal TV","Forum du Patrimoine 2024","zz_Actualit\u00e9s - Atrium","zz_Atrium Patrimoine"],"inLanguage":"fr-FR"},{"@type":"WebPage","@id":"https:\/\/batijournal.com\/index.php\/le-logement-dans-les-sites-patrimoniaux\/111136\/","url":"https:\/\/batijournal.com\/index.php\/le-logement-dans-les-sites-patrimoniaux\/111136\/","name":"Le logement dans les sites patrimoniaux","isPartOf":{"@id":"https:\/\/batijournal.com\/#website"},"primaryImageOfPage":{"@id":"https:\/\/batijournal.com\/index.php\/le-logement-dans-les-sites-patrimoniaux\/111136\/#primaryimage"},"image":{"@id":"https:\/\/batijournal.com\/index.php\/le-logement-dans-les-sites-patrimoniaux\/111136\/#primaryimage"},"thumbnailUrl":"https:\/\/batijournal.com\/wp-content\/uploads\/2024\/10\/Le-logement-dans-les-sites-patrimoniaux.jpg","datePublished":"2024-10-24T17:15:59+00:00","author":{"@id":"https:\/\/batijournal.com\/#\/schema\/person\/1dc96ec6957aa1ccb25ebe78bb19f100"},"breadcrumb":{"@id":"https:\/\/batijournal.com\/index.php\/le-logement-dans-les-sites-patrimoniaux\/111136\/#breadcrumb"},"inLanguage":"fr-FR","potentialAction":[{"@type":"ReadAction","target":["https:\/\/batijournal.com\/index.php\/le-logement-dans-les-sites-patrimoniaux\/111136\/"]}]},{"@type":"ImageObject","inLanguage":"fr-FR","@id":"https:\/\/batijournal.com\/index.php\/le-logement-dans-les-sites-patrimoniaux\/111136\/#primaryimage","url":"https:\/\/batijournal.com\/wp-content\/uploads\/2024\/10\/Le-logement-dans-les-sites-patrimoniaux.jpg","contentUrl":"https:\/\/batijournal.com\/wp-content\/uploads\/2024\/10\/Le-logement-dans-les-sites-patrimoniaux.jpg","width":1024,"height":576},{"@type":"BreadcrumbList","@id":"https:\/\/batijournal.com\/index.php\/le-logement-dans-les-sites-patrimoniaux\/111136\/#breadcrumb","itemListElement":[{"@type":"ListItem","position":1,"name":"Accueil","item":"https:\/\/batijournal.com\/"},{"@type":"ListItem","position":2,"name":"Actualit\u00e9s","item":"https:\/\/batijournal.com\/index.php\/category\/actualites\/"},{"@type":"ListItem","position":3,"name":"Le logement dans les sites patrimoniaux"}]},{"@type":"WebSite","@id":"https:\/\/batijournal.com\/#website","url":"https:\/\/batijournal.com\/","name":"Batijournal","description":"L&#039;actualit\u00e9 du b\u00e2timent","potentialAction":[{"@type":"SearchAction","target":{"@type":"EntryPoint","urlTemplate":"https:\/\/batijournal.com\/?s={search_term_string}"},"query-input":{"@type":"PropertyValueSpecification","valueRequired":true,"valueName":"search_term_string"}}],"inLanguage":"fr-FR"},{"@type":"Person","@id":"https:\/\/batijournal.com\/#\/schema\/person\/1dc96ec6957aa1ccb25ebe78bb19f100","name":"St\u00e9phane Miget","image":{"@type":"ImageObject","inLanguage":"fr-FR","@id":"https:\/\/secure.gravatar.com\/avatar\/89915563d925342126b8ef0281b93d9d7fc337043e8df017f780908eb9644451?s=96&d=mm&r=g","url":"https:\/\/secure.gravatar.com\/avatar\/89915563d925342126b8ef0281b93d9d7fc337043e8df017f780908eb9644451?s=96&d=mm&r=g","contentUrl":"https:\/\/secure.gravatar.com\/avatar\/89915563d925342126b8ef0281b93d9d7fc337043e8df017f780908eb9644451?s=96&d=mm&r=g","caption":"St\u00e9phane Miget"},"url":"https:\/\/batijournal.com\/index.php\/author\/stephane\/"}]}},"_links":{"self":[{"href":"https:\/\/batijournal.com\/index.php\/wp-json\/wp\/v2\/posts\/111136","targetHints":{"allow":["GET"]}}],"collection":[{"href":"https:\/\/batijournal.com\/index.php\/wp-json\/wp\/v2\/posts"}],"about":[{"href":"https:\/\/batijournal.com\/index.php\/wp-json\/wp\/v2\/types\/post"}],"author":[{"embeddable":true,"href":"https:\/\/batijournal.com\/index.php\/wp-json\/wp\/v2\/users\/17"}],"replies":[{"embeddable":true,"href":"https:\/\/batijournal.com\/index.php\/wp-json\/wp\/v2\/comments?post=111136"}],"version-history":[{"count":0,"href":"https:\/\/batijournal.com\/index.php\/wp-json\/wp\/v2\/posts\/111136\/revisions"}],"wp:featuredmedia":[{"embeddable":true,"href":"https:\/\/batijournal.com\/index.php\/wp-json\/wp\/v2\/media\/111137"}],"wp:attachment":[{"href":"https:\/\/batijournal.com\/index.php\/wp-json\/wp\/v2\/media?parent=111136"}],"wp:term":[{"taxonomy":"category","embeddable":true,"href":"https:\/\/batijournal.com\/index.php\/wp-json\/wp\/v2\/categories?post=111136"},{"taxonomy":"post_tag","embeddable":true,"href":"https:\/\/batijournal.com\/index.php\/wp-json\/wp\/v2\/tags?post=111136"}],"curies":[{"name":"wp","href":"https:\/\/api.w.org\/{rel}","templated":true}]}}