{"id":111151,"date":"2024-10-26T06:38:51","date_gmt":"2024-10-26T04:38:51","guid":{"rendered":"https:\/\/batijournal.com\/?p=111151"},"modified":"2024-10-26T06:38:51","modified_gmt":"2024-10-26T04:38:51","slug":"patrimoine-rappel-des-fondamentaux","status":"publish","type":"post","link":"https:\/\/batijournal.com\/index.php\/patrimoine-rappel-des-fondamentaux\/111151\/","title":{"rendered":"Patrimoine : rappel des fondamentaux"},"content":{"rendered":"<p><iframe loading=\"lazy\" title=\"Patrimoine : rappel des fondamentaux\" width=\"1080\" height=\"608\" src=\"https:\/\/www.youtube.com\/embed\/zRNEzv2JkH4?feature=oembed\"  allow=\"accelerometer; autoplay; clipboard-write; encrypted-media; gyroscope; picture-in-picture; web-share\" referrerpolicy=\"strict-origin-when-cross-origin\" allowfullscreen><\/iframe><\/p>\n<div>avec Fr\u00e9d\u00e9ric AUBANTON, Architecte en Chef des B\u00e2timents de France et Gilles Alglave, pr\u00e9sident des Maisons Paysannes de France<\/div>\n<p>Cette \u00e9mission se propose de revenir sur quelques fondamentaux et notamment le r\u00f4le de l&rsquo;ABF, l&rsquo;architecte des b\u00e2timents de France. Une commission s\u00e9natoriale s&rsquo;est r\u00e9unie derni\u00e8rement, elle pose la question des relations entre les architectes des b\u00e2timents de France et les \u00e9lus locaux.<\/p>\n<p>&nbsp;<\/p>\n<p>N\u00e9 du partenariat entre <em>Ateliers d\u2019Art de France<\/em> et le magazine <em>Atrium, patrimoine &amp; restauration<\/em>, la 5e \u00e9dition du <strong>Forum du Patrimoine<\/strong> propose une s\u00e9rie d\u2019\u00e9missions au c\u0153ur du Salon du Patrimoine. Une vingtaine de tables rondes, r\u00e9unissant des experts reconnus, sont tourn\u00e9es en direct depuis les all\u00e9es du Carrousel du Louvre et pr\u00e9sent\u00e9es par Orianne Masse, historienne du patrimoine et r\u00e9dactrice sp\u00e9cialis\u00e9e.<\/p>\n","protected":false},"excerpt":{"rendered":"<p>Cette \u00e9mission se propose de revenir sur quelques fondamentaux et notamment le r\u00f4le de l&rsquo;ABF, l&rsquo;architecte des b\u00e2timents de France. Une commission s\u00e9natoriale s&rsquo;est r\u00e9unie derni\u00e8rement<\/p>\n","protected":false},"author":17,"featured_media":111152,"comment_status":"closed","ping_status":"closed","sticky":false,"template":"","format":"standard","meta":{"_et_pb_use_builder":"","_et_pb_old_content":"","_et_gb_content_width":"","footnotes":""},"categories":[10530,6340,11200,13280,10789,10785],"tags":[12469],"class_list":["post-111151","post","type-post","status-publish","format-standard","has-post-thumbnail","hentry","category-actualites","category-architecture-conception","category-batijournal-tv","category-forum-du-patrimoine-2024","category-publications-atrium","category-atrium","tag-forum-du-patrimoine"],"yoast_head":"<!-- This site is optimized with the Yoast SEO plugin v27.4 - https:\/\/yoast.com\/product\/yoast-seo-wordpress\/ -->\n<title>Patrimoine : rappel des fondamentaux<\/title>\n<meta name=\"robots\" content=\"index, follow, max-snippet:-1, max-image-preview:large, max-video-preview:-1\" \/>\n<link rel=\"canonical\" href=\"https:\/\/batijournal.com\/index.php\/patrimoine-rappel-des-fondamentaux\/111151\/\" \/>\n<meta property=\"og:locale\" content=\"fr_FR\" \/>\n<meta property=\"og:type\" content=\"article\" \/>\n<meta property=\"og:title\" content=\"Patrimoine : rappel des fondamentaux\" \/>\n<meta property=\"og:description\" content=\"Cette \u00e9mission se propose de revenir sur quelques fondamentaux et notamment le r\u00f4le de l&#039;ABF, l&#039;architecte des b\u00e2timents de France. Une commission s\u00e9natoriale s&#039;est r\u00e9unie derni\u00e8rement\" \/>\n<meta property=\"og:url\" content=\"https:\/\/batijournal.com\/index.php\/patrimoine-rappel-des-fondamentaux\/111151\/\" \/>\n<meta property=\"og:site_name\" content=\"Batijournal\" \/>\n<meta property=\"article:published_time\" content=\"2024-10-26T04:38:51+00:00\" \/>\n<meta property=\"og:image\" content=\"https:\/\/batijournal.com\/wp-content\/uploads\/2024\/10\/patrimoine-abf.jpg\" \/>\n\t<meta property=\"og:image:width\" content=\"1024\" \/>\n\t<meta property=\"og:image:height\" content=\"576\" \/>\n\t<meta property=\"og:image:type\" content=\"image\/jpeg\" \/>\n<meta name=\"author\" content=\"St\u00e9phane Miget\" \/>\n<meta name=\"twitter:card\" content=\"summary_large_image\" \/>\n<meta name=\"twitter:creator\" content=\"@bati_journal\" \/>\n<meta name=\"twitter:site\" content=\"@bati_journal\" \/>\n<meta name=\"twitter:label1\" content=\"\u00c9crit par\" \/>\n\t<meta name=\"twitter:data1\" content=\"St\u00e9phane Miget\" \/>\n\t<meta name=\"twitter:label2\" content=\"Dur\u00e9e de lecture estim\u00e9e\" \/>\n\t<meta name=\"twitter:data2\" content=\"1 minute\" \/>\n<script type=\"application\/ld+json\" class=\"yoast-schema-graph\">{\"@context\":\"https:\\\/\\\/schema.org\",\"@graph\":[{\"@type\":\"Article\",\"@id\":\"https:\\\/\\\/batijournal.com\\\/index.php\\\/patrimoine-rappel-des-fondamentaux\\\/111151\\\/#article\",\"isPartOf\":{\"@id\":\"https:\\\/\\\/batijournal.com\\\/index.php\\\/patrimoine-rappel-des-fondamentaux\\\/111151\\\/\"},\"author\":{\"name\":\"St\u00e9phane Miget\",\"@id\":\"https:\\\/\\\/batijournal.com\\\/#\\\/schema\\\/person\\\/1dc96ec6957aa1ccb25ebe78bb19f100\"},\"headline\":\"Patrimoine : rappel des fondamentaux\",\"datePublished\":\"2024-10-26T04:38:51+00:00\",\"mainEntityOfPage\":{\"@id\":\"https:\\\/\\\/batijournal.com\\\/index.php\\\/patrimoine-rappel-des-fondamentaux\\\/111151\\\/\"},\"wordCount\":163,\"image\":{\"@id\":\"https:\\\/\\\/batijournal.com\\\/index.php\\\/patrimoine-rappel-des-fondamentaux\\\/111151\\\/#primaryimage\"},\"thumbnailUrl\":\"https:\\\/\\\/batijournal.com\\\/wp-content\\\/uploads\\\/2024\\\/10\\\/patrimoine-abf.jpg\",\"keywords\":[\"forum du patrimoine\"],\"articleSection\":[\"Actualit\u00e9s\",\"Architecture &amp; Conception\",\"batijournal TV\",\"Forum du Patrimoine 2024\",\"zz_Actualit\u00e9s - Atrium\",\"zz_Atrium Patrimoine\"],\"inLanguage\":\"fr-FR\"},{\"@type\":\"WebPage\",\"@id\":\"https:\\\/\\\/batijournal.com\\\/index.php\\\/patrimoine-rappel-des-fondamentaux\\\/111151\\\/\",\"url\":\"https:\\\/\\\/batijournal.com\\\/index.php\\\/patrimoine-rappel-des-fondamentaux\\\/111151\\\/\",\"name\":\"Patrimoine : rappel des fondamentaux\",\"isPartOf\":{\"@id\":\"https:\\\/\\\/batijournal.com\\\/#website\"},\"primaryImageOfPage\":{\"@id\":\"https:\\\/\\\/batijournal.com\\\/index.php\\\/patrimoine-rappel-des-fondamentaux\\\/111151\\\/#primaryimage\"},\"image\":{\"@id\":\"https:\\\/\\\/batijournal.com\\\/index.php\\\/patrimoine-rappel-des-fondamentaux\\\/111151\\\/#primaryimage\"},\"thumbnailUrl\":\"https:\\\/\\\/batijournal.com\\\/wp-content\\\/uploads\\\/2024\\\/10\\\/patrimoine-abf.jpg\",\"datePublished\":\"2024-10-26T04:38:51+00:00\",\"author\":{\"@id\":\"https:\\\/\\\/batijournal.com\\\/#\\\/schema\\\/person\\\/1dc96ec6957aa1ccb25ebe78bb19f100\"},\"breadcrumb\":{\"@id\":\"https:\\\/\\\/batijournal.com\\\/index.php\\\/patrimoine-rappel-des-fondamentaux\\\/111151\\\/#breadcrumb\"},\"inLanguage\":\"fr-FR\",\"potentialAction\":[{\"@type\":\"ReadAction\",\"target\":[\"https:\\\/\\\/batijournal.com\\\/index.php\\\/patrimoine-rappel-des-fondamentaux\\\/111151\\\/\"]}]},{\"@type\":\"ImageObject\",\"inLanguage\":\"fr-FR\",\"@id\":\"https:\\\/\\\/batijournal.com\\\/index.php\\\/patrimoine-rappel-des-fondamentaux\\\/111151\\\/#primaryimage\",\"url\":\"https:\\\/\\\/batijournal.com\\\/wp-content\\\/uploads\\\/2024\\\/10\\\/patrimoine-abf.jpg\",\"contentUrl\":\"https:\\\/\\\/batijournal.com\\\/wp-content\\\/uploads\\\/2024\\\/10\\\/patrimoine-abf.jpg\",\"width\":1024,\"height\":576},{\"@type\":\"BreadcrumbList\",\"@id\":\"https:\\\/\\\/batijournal.com\\\/index.php\\\/patrimoine-rappel-des-fondamentaux\\\/111151\\\/#breadcrumb\",\"itemListElement\":[{\"@type\":\"ListItem\",\"position\":1,\"name\":\"Accueil\",\"item\":\"https:\\\/\\\/batijournal.com\\\/\"},{\"@type\":\"ListItem\",\"position\":2,\"name\":\"Actualit\u00e9s\",\"item\":\"https:\\\/\\\/batijournal.com\\\/index.php\\\/category\\\/actualites\\\/\"},{\"@type\":\"ListItem\",\"position\":3,\"name\":\"Patrimoine : rappel des fondamentaux\"}]},{\"@type\":\"WebSite\",\"@id\":\"https:\\\/\\\/batijournal.com\\\/#website\",\"url\":\"https:\\\/\\\/batijournal.com\\\/\",\"name\":\"Batijournal\",\"description\":\"L&#039;actualit\u00e9 du b\u00e2timent\",\"potentialAction\":[{\"@type\":\"SearchAction\",\"target\":{\"@type\":\"EntryPoint\",\"urlTemplate\":\"https:\\\/\\\/batijournal.com\\\/?s={search_term_string}\"},\"query-input\":{\"@type\":\"PropertyValueSpecification\",\"valueRequired\":true,\"valueName\":\"search_term_string\"}}],\"inLanguage\":\"fr-FR\"},{\"@type\":\"Person\",\"@id\":\"https:\\\/\\\/batijournal.com\\\/#\\\/schema\\\/person\\\/1dc96ec6957aa1ccb25ebe78bb19f100\",\"name\":\"St\u00e9phane Miget\",\"image\":{\"@type\":\"ImageObject\",\"inLanguage\":\"fr-FR\",\"@id\":\"https:\\\/\\\/secure.gravatar.com\\\/avatar\\\/89915563d925342126b8ef0281b93d9d7fc337043e8df017f780908eb9644451?s=96&d=mm&r=g\",\"url\":\"https:\\\/\\\/secure.gravatar.com\\\/avatar\\\/89915563d925342126b8ef0281b93d9d7fc337043e8df017f780908eb9644451?s=96&d=mm&r=g\",\"contentUrl\":\"https:\\\/\\\/secure.gravatar.com\\\/avatar\\\/89915563d925342126b8ef0281b93d9d7fc337043e8df017f780908eb9644451?s=96&d=mm&r=g\",\"caption\":\"St\u00e9phane Miget\"},\"url\":\"https:\\\/\\\/batijournal.com\\\/index.php\\\/author\\\/stephane\\\/\"}]}<\/script>\n<!-- \/ Yoast SEO plugin. -->","yoast_head_json":{"title":"Patrimoine : rappel des fondamentaux","robots":{"index":"index","follow":"follow","max-snippet":"max-snippet:-1","max-image-preview":"max-image-preview:large","max-video-preview":"max-video-preview:-1"},"canonical":"https:\/\/batijournal.com\/index.php\/patrimoine-rappel-des-fondamentaux\/111151\/","og_locale":"fr_FR","og_type":"article","og_title":"Patrimoine : rappel des fondamentaux","og_description":"Cette \u00e9mission se propose de revenir sur quelques fondamentaux et notamment le r\u00f4le de l'ABF, l'architecte des b\u00e2timents de France. Une commission s\u00e9natoriale s'est r\u00e9unie derni\u00e8rement","og_url":"https:\/\/batijournal.com\/index.php\/patrimoine-rappel-des-fondamentaux\/111151\/","og_site_name":"Batijournal","article_published_time":"2024-10-26T04:38:51+00:00","og_image":[{"width":1024,"height":576,"url":"https:\/\/batijournal.com\/wp-content\/uploads\/2024\/10\/patrimoine-abf.jpg","type":"image\/jpeg"}],"author":"St\u00e9phane Miget","twitter_card":"summary_large_image","twitter_creator":"@bati_journal","twitter_site":"@bati_journal","twitter_misc":{"\u00c9crit par":"St\u00e9phane Miget","Dur\u00e9e de lecture estim\u00e9e":"1 minute"},"schema":{"@context":"https:\/\/schema.org","@graph":[{"@type":"Article","@id":"https:\/\/batijournal.com\/index.php\/patrimoine-rappel-des-fondamentaux\/111151\/#article","isPartOf":{"@id":"https:\/\/batijournal.com\/index.php\/patrimoine-rappel-des-fondamentaux\/111151\/"},"author":{"name":"St\u00e9phane Miget","@id":"https:\/\/batijournal.com\/#\/schema\/person\/1dc96ec6957aa1ccb25ebe78bb19f100"},"headline":"Patrimoine : rappel des fondamentaux","datePublished":"2024-10-26T04:38:51+00:00","mainEntityOfPage":{"@id":"https:\/\/batijournal.com\/index.php\/patrimoine-rappel-des-fondamentaux\/111151\/"},"wordCount":163,"image":{"@id":"https:\/\/batijournal.com\/index.php\/patrimoine-rappel-des-fondamentaux\/111151\/#primaryimage"},"thumbnailUrl":"https:\/\/batijournal.com\/wp-content\/uploads\/2024\/10\/patrimoine-abf.jpg","keywords":["forum du patrimoine"],"articleSection":["Actualit\u00e9s","Architecture &amp; Conception","batijournal TV","Forum du Patrimoine 2024","zz_Actualit\u00e9s - Atrium","zz_Atrium Patrimoine"],"inLanguage":"fr-FR"},{"@type":"WebPage","@id":"https:\/\/batijournal.com\/index.php\/patrimoine-rappel-des-fondamentaux\/111151\/","url":"https:\/\/batijournal.com\/index.php\/patrimoine-rappel-des-fondamentaux\/111151\/","name":"Patrimoine : rappel des fondamentaux","isPartOf":{"@id":"https:\/\/batijournal.com\/#website"},"primaryImageOfPage":{"@id":"https:\/\/batijournal.com\/index.php\/patrimoine-rappel-des-fondamentaux\/111151\/#primaryimage"},"image":{"@id":"https:\/\/batijournal.com\/index.php\/patrimoine-rappel-des-fondamentaux\/111151\/#primaryimage"},"thumbnailUrl":"https:\/\/batijournal.com\/wp-content\/uploads\/2024\/10\/patrimoine-abf.jpg","datePublished":"2024-10-26T04:38:51+00:00","author":{"@id":"https:\/\/batijournal.com\/#\/schema\/person\/1dc96ec6957aa1ccb25ebe78bb19f100"},"breadcrumb":{"@id":"https:\/\/batijournal.com\/index.php\/patrimoine-rappel-des-fondamentaux\/111151\/#breadcrumb"},"inLanguage":"fr-FR","potentialAction":[{"@type":"ReadAction","target":["https:\/\/batijournal.com\/index.php\/patrimoine-rappel-des-fondamentaux\/111151\/"]}]},{"@type":"ImageObject","inLanguage":"fr-FR","@id":"https:\/\/batijournal.com\/index.php\/patrimoine-rappel-des-fondamentaux\/111151\/#primaryimage","url":"https:\/\/batijournal.com\/wp-content\/uploads\/2024\/10\/patrimoine-abf.jpg","contentUrl":"https:\/\/batijournal.com\/wp-content\/uploads\/2024\/10\/patrimoine-abf.jpg","width":1024,"height":576},{"@type":"BreadcrumbList","@id":"https:\/\/batijournal.com\/index.php\/patrimoine-rappel-des-fondamentaux\/111151\/#breadcrumb","itemListElement":[{"@type":"ListItem","position":1,"name":"Accueil","item":"https:\/\/batijournal.com\/"},{"@type":"ListItem","position":2,"name":"Actualit\u00e9s","item":"https:\/\/batijournal.com\/index.php\/category\/actualites\/"},{"@type":"ListItem","position":3,"name":"Patrimoine : rappel des fondamentaux"}]},{"@type":"WebSite","@id":"https:\/\/batijournal.com\/#website","url":"https:\/\/batijournal.com\/","name":"Batijournal","description":"L&#039;actualit\u00e9 du b\u00e2timent","potentialAction":[{"@type":"SearchAction","target":{"@type":"EntryPoint","urlTemplate":"https:\/\/batijournal.com\/?s={search_term_string}"},"query-input":{"@type":"PropertyValueSpecification","valueRequired":true,"valueName":"search_term_string"}}],"inLanguage":"fr-FR"},{"@type":"Person","@id":"https:\/\/batijournal.com\/#\/schema\/person\/1dc96ec6957aa1ccb25ebe78bb19f100","name":"St\u00e9phane Miget","image":{"@type":"ImageObject","inLanguage":"fr-FR","@id":"https:\/\/secure.gravatar.com\/avatar\/89915563d925342126b8ef0281b93d9d7fc337043e8df017f780908eb9644451?s=96&d=mm&r=g","url":"https:\/\/secure.gravatar.com\/avatar\/89915563d925342126b8ef0281b93d9d7fc337043e8df017f780908eb9644451?s=96&d=mm&r=g","contentUrl":"https:\/\/secure.gravatar.com\/avatar\/89915563d925342126b8ef0281b93d9d7fc337043e8df017f780908eb9644451?s=96&d=mm&r=g","caption":"St\u00e9phane Miget"},"url":"https:\/\/batijournal.com\/index.php\/author\/stephane\/"}]}},"_links":{"self":[{"href":"https:\/\/batijournal.com\/index.php\/wp-json\/wp\/v2\/posts\/111151","targetHints":{"allow":["GET"]}}],"collection":[{"href":"https:\/\/batijournal.com\/index.php\/wp-json\/wp\/v2\/posts"}],"about":[{"href":"https:\/\/batijournal.com\/index.php\/wp-json\/wp\/v2\/types\/post"}],"author":[{"embeddable":true,"href":"https:\/\/batijournal.com\/index.php\/wp-json\/wp\/v2\/users\/17"}],"replies":[{"embeddable":true,"href":"https:\/\/batijournal.com\/index.php\/wp-json\/wp\/v2\/comments?post=111151"}],"version-history":[{"count":0,"href":"https:\/\/batijournal.com\/index.php\/wp-json\/wp\/v2\/posts\/111151\/revisions"}],"wp:featuredmedia":[{"embeddable":true,"href":"https:\/\/batijournal.com\/index.php\/wp-json\/wp\/v2\/media\/111152"}],"wp:attachment":[{"href":"https:\/\/batijournal.com\/index.php\/wp-json\/wp\/v2\/media?parent=111151"}],"wp:term":[{"taxonomy":"category","embeddable":true,"href":"https:\/\/batijournal.com\/index.php\/wp-json\/wp\/v2\/categories?post=111151"},{"taxonomy":"post_tag","embeddable":true,"href":"https:\/\/batijournal.com\/index.php\/wp-json\/wp\/v2\/tags?post=111151"}],"curies":[{"name":"wp","href":"https:\/\/api.w.org\/{rel}","templated":true}]}}