{"id":111166,"date":"2024-10-28T09:03:06","date_gmt":"2024-10-28T08:03:06","guid":{"rendered":"https:\/\/batijournal.com\/?p=111166"},"modified":"2024-10-28T09:03:06","modified_gmt":"2024-10-28T08:03:06","slug":"cloture-de-la-5e-edition-du-forum-du-patrimoine","status":"publish","type":"post","link":"https:\/\/batijournal.com\/index.php\/cloture-de-la-5e-edition-du-forum-du-patrimoine\/111166\/","title":{"rendered":"Cl\u00f4ture de la 5e \u00e9dition du Forum du Patrimoine"},"content":{"rendered":"<p><iframe loading=\"lazy\" title=\"Cl\u00f4ture de la 5e \u00e9dition du Forum du Patrimoine\" width=\"1080\" height=\"608\" src=\"https:\/\/www.youtube.com\/embed\/aSeMgd3vaPQ?feature=oembed\"  allow=\"accelerometer; autoplay; clipboard-write; encrypted-media; gyroscope; picture-in-picture; web-share\" referrerpolicy=\"strict-origin-when-cross-origin\" allowfullscreen><\/iframe><\/p>\n<div>avec St\u00e9phane Galerneau, pr\u00e9sident des Ateliers d\u2019Art de France et Bernard Lechevalier, r\u00e9dacteur en chef du magazine Atrium, patrimoine &amp; restauration<\/div>\n<p>&nbsp;<\/p>\n<p>&nbsp;<\/p>\n<p>N\u00e9 du partenariat entre <em>Ateliers d\u2019Art de France<\/em> et le magazine <em>Atrium, patrimoine &amp; restauration<\/em>, la 5e \u00e9dition du <strong>Forum du Patrimoine<\/strong> propose une s\u00e9rie d\u2019\u00e9missions au c\u0153ur du Salon du Patrimoine. Une vingtaine de tables rondes, r\u00e9unissant des experts reconnus, sont tourn\u00e9es en direct depuis les all\u00e9es du Carrousel du Louvre et pr\u00e9sent\u00e9es par Orianne Masse, historienne du patrimoine et r\u00e9dactrice sp\u00e9cialis\u00e9e.<\/p>\n<p>&nbsp;<\/p>\n","protected":false},"excerpt":{"rendered":"<p>avec St\u00e9phane Galerneau, pr\u00e9sident des Ateliers d\u2019Art de France et Bernard Lechevalier, r\u00e9dacteur en chef du magazine Atrium, patrimoine &#038; restauration<\/p>\n","protected":false},"author":17,"featured_media":111167,"comment_status":"closed","ping_status":"closed","sticky":false,"template":"","format":"standard","meta":{"_et_pb_use_builder":"","_et_pb_old_content":"","_et_gb_content_width":"","footnotes":""},"categories":[11200,13280,10789,10785],"tags":[12469],"class_list":["post-111166","post","type-post","status-publish","format-standard","has-post-thumbnail","hentry","category-batijournal-tv","category-forum-du-patrimoine-2024","category-publications-atrium","category-atrium","tag-forum-du-patrimoine"],"yoast_head":"<!-- This site is optimized with the Yoast SEO plugin v27.4 - https:\/\/yoast.com\/product\/yoast-seo-wordpress\/ -->\n<title>Cl\u00f4ture de la 5e \u00e9dition du Forum du Patrimoine<\/title>\n<meta name=\"robots\" content=\"index, follow, max-snippet:-1, max-image-preview:large, max-video-preview:-1\" \/>\n<link rel=\"canonical\" href=\"https:\/\/batijournal.com\/index.php\/cloture-de-la-5e-edition-du-forum-du-patrimoine\/111166\/\" \/>\n<meta property=\"og:locale\" content=\"fr_FR\" \/>\n<meta property=\"og:type\" content=\"article\" \/>\n<meta property=\"og:title\" content=\"Cl\u00f4ture de la 5e \u00e9dition du Forum du Patrimoine\" \/>\n<meta property=\"og:description\" content=\"avec St\u00e9phane Galerneau, pr\u00e9sident des Ateliers d\u2019Art de France et Bernard Lechevalier, r\u00e9dacteur en chef du magazine Atrium, patrimoine &amp; restauration\" \/>\n<meta property=\"og:url\" content=\"https:\/\/batijournal.com\/index.php\/cloture-de-la-5e-edition-du-forum-du-patrimoine\/111166\/\" \/>\n<meta property=\"og:site_name\" content=\"Batijournal\" \/>\n<meta property=\"article:published_time\" content=\"2024-10-28T08:03:06+00:00\" \/>\n<meta property=\"og:image\" content=\"https:\/\/batijournal.com\/wp-content\/uploads\/2024\/10\/Cloture-de-la-5e-edition-du-Forum-du-Patrimoine.jpg\" \/>\n\t<meta property=\"og:image:width\" content=\"1024\" \/>\n\t<meta property=\"og:image:height\" content=\"576\" \/>\n\t<meta property=\"og:image:type\" content=\"image\/jpeg\" \/>\n<meta name=\"author\" content=\"St\u00e9phane Miget\" \/>\n<meta name=\"twitter:card\" content=\"summary_large_image\" \/>\n<meta name=\"twitter:creator\" content=\"@bati_journal\" \/>\n<meta name=\"twitter:site\" content=\"@bati_journal\" \/>\n<meta name=\"twitter:label1\" content=\"\u00c9crit par\" \/>\n\t<meta name=\"twitter:data1\" content=\"St\u00e9phane Miget\" \/>\n\t<meta name=\"twitter:label2\" content=\"Dur\u00e9e de lecture estim\u00e9e\" \/>\n\t<meta name=\"twitter:data2\" content=\"1 minute\" \/>\n<script type=\"application\/ld+json\" class=\"yoast-schema-graph\">{\"@context\":\"https:\\\/\\\/schema.org\",\"@graph\":[{\"@type\":\"Article\",\"@id\":\"https:\\\/\\\/batijournal.com\\\/index.php\\\/cloture-de-la-5e-edition-du-forum-du-patrimoine\\\/111166\\\/#article\",\"isPartOf\":{\"@id\":\"https:\\\/\\\/batijournal.com\\\/index.php\\\/cloture-de-la-5e-edition-du-forum-du-patrimoine\\\/111166\\\/\"},\"author\":{\"name\":\"St\u00e9phane Miget\",\"@id\":\"https:\\\/\\\/batijournal.com\\\/#\\\/schema\\\/person\\\/1dc96ec6957aa1ccb25ebe78bb19f100\"},\"headline\":\"Cl\u00f4ture de la 5e \u00e9dition du Forum du Patrimoine\",\"datePublished\":\"2024-10-28T08:03:06+00:00\",\"mainEntityOfPage\":{\"@id\":\"https:\\\/\\\/batijournal.com\\\/index.php\\\/cloture-de-la-5e-edition-du-forum-du-patrimoine\\\/111166\\\/\"},\"wordCount\":121,\"image\":{\"@id\":\"https:\\\/\\\/batijournal.com\\\/index.php\\\/cloture-de-la-5e-edition-du-forum-du-patrimoine\\\/111166\\\/#primaryimage\"},\"thumbnailUrl\":\"https:\\\/\\\/batijournal.com\\\/wp-content\\\/uploads\\\/2024\\\/10\\\/Cloture-de-la-5e-edition-du-Forum-du-Patrimoine.jpg\",\"keywords\":[\"forum du patrimoine\"],\"articleSection\":[\"batijournal TV\",\"Forum du Patrimoine 2024\",\"zz_Actualit\u00e9s - Atrium\",\"zz_Atrium Patrimoine\"],\"inLanguage\":\"fr-FR\"},{\"@type\":\"WebPage\",\"@id\":\"https:\\\/\\\/batijournal.com\\\/index.php\\\/cloture-de-la-5e-edition-du-forum-du-patrimoine\\\/111166\\\/\",\"url\":\"https:\\\/\\\/batijournal.com\\\/index.php\\\/cloture-de-la-5e-edition-du-forum-du-patrimoine\\\/111166\\\/\",\"name\":\"Cl\u00f4ture de la 5e \u00e9dition du Forum du Patrimoine\",\"isPartOf\":{\"@id\":\"https:\\\/\\\/batijournal.com\\\/#website\"},\"primaryImageOfPage\":{\"@id\":\"https:\\\/\\\/batijournal.com\\\/index.php\\\/cloture-de-la-5e-edition-du-forum-du-patrimoine\\\/111166\\\/#primaryimage\"},\"image\":{\"@id\":\"https:\\\/\\\/batijournal.com\\\/index.php\\\/cloture-de-la-5e-edition-du-forum-du-patrimoine\\\/111166\\\/#primaryimage\"},\"thumbnailUrl\":\"https:\\\/\\\/batijournal.com\\\/wp-content\\\/uploads\\\/2024\\\/10\\\/Cloture-de-la-5e-edition-du-Forum-du-Patrimoine.jpg\",\"datePublished\":\"2024-10-28T08:03:06+00:00\",\"author\":{\"@id\":\"https:\\\/\\\/batijournal.com\\\/#\\\/schema\\\/person\\\/1dc96ec6957aa1ccb25ebe78bb19f100\"},\"breadcrumb\":{\"@id\":\"https:\\\/\\\/batijournal.com\\\/index.php\\\/cloture-de-la-5e-edition-du-forum-du-patrimoine\\\/111166\\\/#breadcrumb\"},\"inLanguage\":\"fr-FR\",\"potentialAction\":[{\"@type\":\"ReadAction\",\"target\":[\"https:\\\/\\\/batijournal.com\\\/index.php\\\/cloture-de-la-5e-edition-du-forum-du-patrimoine\\\/111166\\\/\"]}]},{\"@type\":\"ImageObject\",\"inLanguage\":\"fr-FR\",\"@id\":\"https:\\\/\\\/batijournal.com\\\/index.php\\\/cloture-de-la-5e-edition-du-forum-du-patrimoine\\\/111166\\\/#primaryimage\",\"url\":\"https:\\\/\\\/batijournal.com\\\/wp-content\\\/uploads\\\/2024\\\/10\\\/Cloture-de-la-5e-edition-du-Forum-du-Patrimoine.jpg\",\"contentUrl\":\"https:\\\/\\\/batijournal.com\\\/wp-content\\\/uploads\\\/2024\\\/10\\\/Cloture-de-la-5e-edition-du-Forum-du-Patrimoine.jpg\",\"width\":1024,\"height\":576},{\"@type\":\"BreadcrumbList\",\"@id\":\"https:\\\/\\\/batijournal.com\\\/index.php\\\/cloture-de-la-5e-edition-du-forum-du-patrimoine\\\/111166\\\/#breadcrumb\",\"itemListElement\":[{\"@type\":\"ListItem\",\"position\":1,\"name\":\"Accueil\",\"item\":\"https:\\\/\\\/batijournal.com\\\/\"},{\"@type\":\"ListItem\",\"position\":2,\"name\":\"batijournal TV\",\"item\":\"https:\\\/\\\/batijournal.com\\\/index.php\\\/category\\\/batijournal-tv\\\/\"},{\"@type\":\"ListItem\",\"position\":3,\"name\":\"Cl\u00f4ture de la 5e \u00e9dition du Forum du Patrimoine\"}]},{\"@type\":\"WebSite\",\"@id\":\"https:\\\/\\\/batijournal.com\\\/#website\",\"url\":\"https:\\\/\\\/batijournal.com\\\/\",\"name\":\"Batijournal\",\"description\":\"L&#039;actualit\u00e9 du b\u00e2timent\",\"potentialAction\":[{\"@type\":\"SearchAction\",\"target\":{\"@type\":\"EntryPoint\",\"urlTemplate\":\"https:\\\/\\\/batijournal.com\\\/?s={search_term_string}\"},\"query-input\":{\"@type\":\"PropertyValueSpecification\",\"valueRequired\":true,\"valueName\":\"search_term_string\"}}],\"inLanguage\":\"fr-FR\"},{\"@type\":\"Person\",\"@id\":\"https:\\\/\\\/batijournal.com\\\/#\\\/schema\\\/person\\\/1dc96ec6957aa1ccb25ebe78bb19f100\",\"name\":\"St\u00e9phane Miget\",\"image\":{\"@type\":\"ImageObject\",\"inLanguage\":\"fr-FR\",\"@id\":\"https:\\\/\\\/secure.gravatar.com\\\/avatar\\\/89915563d925342126b8ef0281b93d9d7fc337043e8df017f780908eb9644451?s=96&d=mm&r=g\",\"url\":\"https:\\\/\\\/secure.gravatar.com\\\/avatar\\\/89915563d925342126b8ef0281b93d9d7fc337043e8df017f780908eb9644451?s=96&d=mm&r=g\",\"contentUrl\":\"https:\\\/\\\/secure.gravatar.com\\\/avatar\\\/89915563d925342126b8ef0281b93d9d7fc337043e8df017f780908eb9644451?s=96&d=mm&r=g\",\"caption\":\"St\u00e9phane Miget\"},\"url\":\"https:\\\/\\\/batijournal.com\\\/index.php\\\/author\\\/stephane\\\/\"}]}<\/script>\n<!-- \/ Yoast SEO plugin. -->","yoast_head_json":{"title":"Cl\u00f4ture de la 5e \u00e9dition du Forum du Patrimoine","robots":{"index":"index","follow":"follow","max-snippet":"max-snippet:-1","max-image-preview":"max-image-preview:large","max-video-preview":"max-video-preview:-1"},"canonical":"https:\/\/batijournal.com\/index.php\/cloture-de-la-5e-edition-du-forum-du-patrimoine\/111166\/","og_locale":"fr_FR","og_type":"article","og_title":"Cl\u00f4ture de la 5e \u00e9dition du Forum du Patrimoine","og_description":"avec St\u00e9phane Galerneau, pr\u00e9sident des Ateliers d\u2019Art de France et Bernard Lechevalier, r\u00e9dacteur en chef du magazine Atrium, patrimoine & restauration","og_url":"https:\/\/batijournal.com\/index.php\/cloture-de-la-5e-edition-du-forum-du-patrimoine\/111166\/","og_site_name":"Batijournal","article_published_time":"2024-10-28T08:03:06+00:00","og_image":[{"width":1024,"height":576,"url":"https:\/\/batijournal.com\/wp-content\/uploads\/2024\/10\/Cloture-de-la-5e-edition-du-Forum-du-Patrimoine.jpg","type":"image\/jpeg"}],"author":"St\u00e9phane Miget","twitter_card":"summary_large_image","twitter_creator":"@bati_journal","twitter_site":"@bati_journal","twitter_misc":{"\u00c9crit par":"St\u00e9phane Miget","Dur\u00e9e de lecture estim\u00e9e":"1 minute"},"schema":{"@context":"https:\/\/schema.org","@graph":[{"@type":"Article","@id":"https:\/\/batijournal.com\/index.php\/cloture-de-la-5e-edition-du-forum-du-patrimoine\/111166\/#article","isPartOf":{"@id":"https:\/\/batijournal.com\/index.php\/cloture-de-la-5e-edition-du-forum-du-patrimoine\/111166\/"},"author":{"name":"St\u00e9phane Miget","@id":"https:\/\/batijournal.com\/#\/schema\/person\/1dc96ec6957aa1ccb25ebe78bb19f100"},"headline":"Cl\u00f4ture de la 5e \u00e9dition du Forum du Patrimoine","datePublished":"2024-10-28T08:03:06+00:00","mainEntityOfPage":{"@id":"https:\/\/batijournal.com\/index.php\/cloture-de-la-5e-edition-du-forum-du-patrimoine\/111166\/"},"wordCount":121,"image":{"@id":"https:\/\/batijournal.com\/index.php\/cloture-de-la-5e-edition-du-forum-du-patrimoine\/111166\/#primaryimage"},"thumbnailUrl":"https:\/\/batijournal.com\/wp-content\/uploads\/2024\/10\/Cloture-de-la-5e-edition-du-Forum-du-Patrimoine.jpg","keywords":["forum du patrimoine"],"articleSection":["batijournal TV","Forum du Patrimoine 2024","zz_Actualit\u00e9s - Atrium","zz_Atrium Patrimoine"],"inLanguage":"fr-FR"},{"@type":"WebPage","@id":"https:\/\/batijournal.com\/index.php\/cloture-de-la-5e-edition-du-forum-du-patrimoine\/111166\/","url":"https:\/\/batijournal.com\/index.php\/cloture-de-la-5e-edition-du-forum-du-patrimoine\/111166\/","name":"Cl\u00f4ture de la 5e \u00e9dition du Forum du Patrimoine","isPartOf":{"@id":"https:\/\/batijournal.com\/#website"},"primaryImageOfPage":{"@id":"https:\/\/batijournal.com\/index.php\/cloture-de-la-5e-edition-du-forum-du-patrimoine\/111166\/#primaryimage"},"image":{"@id":"https:\/\/batijournal.com\/index.php\/cloture-de-la-5e-edition-du-forum-du-patrimoine\/111166\/#primaryimage"},"thumbnailUrl":"https:\/\/batijournal.com\/wp-content\/uploads\/2024\/10\/Cloture-de-la-5e-edition-du-Forum-du-Patrimoine.jpg","datePublished":"2024-10-28T08:03:06+00:00","author":{"@id":"https:\/\/batijournal.com\/#\/schema\/person\/1dc96ec6957aa1ccb25ebe78bb19f100"},"breadcrumb":{"@id":"https:\/\/batijournal.com\/index.php\/cloture-de-la-5e-edition-du-forum-du-patrimoine\/111166\/#breadcrumb"},"inLanguage":"fr-FR","potentialAction":[{"@type":"ReadAction","target":["https:\/\/batijournal.com\/index.php\/cloture-de-la-5e-edition-du-forum-du-patrimoine\/111166\/"]}]},{"@type":"ImageObject","inLanguage":"fr-FR","@id":"https:\/\/batijournal.com\/index.php\/cloture-de-la-5e-edition-du-forum-du-patrimoine\/111166\/#primaryimage","url":"https:\/\/batijournal.com\/wp-content\/uploads\/2024\/10\/Cloture-de-la-5e-edition-du-Forum-du-Patrimoine.jpg","contentUrl":"https:\/\/batijournal.com\/wp-content\/uploads\/2024\/10\/Cloture-de-la-5e-edition-du-Forum-du-Patrimoine.jpg","width":1024,"height":576},{"@type":"BreadcrumbList","@id":"https:\/\/batijournal.com\/index.php\/cloture-de-la-5e-edition-du-forum-du-patrimoine\/111166\/#breadcrumb","itemListElement":[{"@type":"ListItem","position":1,"name":"Accueil","item":"https:\/\/batijournal.com\/"},{"@type":"ListItem","position":2,"name":"batijournal TV","item":"https:\/\/batijournal.com\/index.php\/category\/batijournal-tv\/"},{"@type":"ListItem","position":3,"name":"Cl\u00f4ture de la 5e \u00e9dition du Forum du Patrimoine"}]},{"@type":"WebSite","@id":"https:\/\/batijournal.com\/#website","url":"https:\/\/batijournal.com\/","name":"Batijournal","description":"L&#039;actualit\u00e9 du b\u00e2timent","potentialAction":[{"@type":"SearchAction","target":{"@type":"EntryPoint","urlTemplate":"https:\/\/batijournal.com\/?s={search_term_string}"},"query-input":{"@type":"PropertyValueSpecification","valueRequired":true,"valueName":"search_term_string"}}],"inLanguage":"fr-FR"},{"@type":"Person","@id":"https:\/\/batijournal.com\/#\/schema\/person\/1dc96ec6957aa1ccb25ebe78bb19f100","name":"St\u00e9phane Miget","image":{"@type":"ImageObject","inLanguage":"fr-FR","@id":"https:\/\/secure.gravatar.com\/avatar\/89915563d925342126b8ef0281b93d9d7fc337043e8df017f780908eb9644451?s=96&d=mm&r=g","url":"https:\/\/secure.gravatar.com\/avatar\/89915563d925342126b8ef0281b93d9d7fc337043e8df017f780908eb9644451?s=96&d=mm&r=g","contentUrl":"https:\/\/secure.gravatar.com\/avatar\/89915563d925342126b8ef0281b93d9d7fc337043e8df017f780908eb9644451?s=96&d=mm&r=g","caption":"St\u00e9phane Miget"},"url":"https:\/\/batijournal.com\/index.php\/author\/stephane\/"}]}},"_links":{"self":[{"href":"https:\/\/batijournal.com\/index.php\/wp-json\/wp\/v2\/posts\/111166","targetHints":{"allow":["GET"]}}],"collection":[{"href":"https:\/\/batijournal.com\/index.php\/wp-json\/wp\/v2\/posts"}],"about":[{"href":"https:\/\/batijournal.com\/index.php\/wp-json\/wp\/v2\/types\/post"}],"author":[{"embeddable":true,"href":"https:\/\/batijournal.com\/index.php\/wp-json\/wp\/v2\/users\/17"}],"replies":[{"embeddable":true,"href":"https:\/\/batijournal.com\/index.php\/wp-json\/wp\/v2\/comments?post=111166"}],"version-history":[{"count":0,"href":"https:\/\/batijournal.com\/index.php\/wp-json\/wp\/v2\/posts\/111166\/revisions"}],"wp:featuredmedia":[{"embeddable":true,"href":"https:\/\/batijournal.com\/index.php\/wp-json\/wp\/v2\/media\/111167"}],"wp:attachment":[{"href":"https:\/\/batijournal.com\/index.php\/wp-json\/wp\/v2\/media?parent=111166"}],"wp:term":[{"taxonomy":"category","embeddable":true,"href":"https:\/\/batijournal.com\/index.php\/wp-json\/wp\/v2\/categories?post=111166"},{"taxonomy":"post_tag","embeddable":true,"href":"https:\/\/batijournal.com\/index.php\/wp-json\/wp\/v2\/tags?post=111166"}],"curies":[{"name":"wp","href":"https:\/\/api.w.org\/{rel}","templated":true}]}}