{"id":111246,"date":"2024-11-19T12:06:35","date_gmt":"2024-11-19T11:06:35","guid":{"rendered":"https:\/\/batijournal.com\/?p=111246"},"modified":"2024-11-19T12:06:35","modified_gmt":"2024-11-19T11:06:35","slug":"leconomie-circulaire-dans-la-construction-dans-le-parcours-de-lapprentissage","status":"publish","type":"post","link":"https:\/\/batijournal.com\/index.php\/leconomie-circulaire-dans-la-construction-dans-le-parcours-de-lapprentissage\/111246\/","title":{"rendered":"L\u2019\u00e9conomie circulaire dans la construction dans le parcours de l\u2019apprentissage"},"content":{"rendered":"<p>Face aux enjeux environnementaux auxquels le secteur de la construction fait face, l\u2019association r\u00e9gionale BTP CFA Grand Est s\u2019est associ\u00e9e \u00e0 Agyre, afin d\u2019infuser l\u2019\u00e9conomie circulaire au c\u0153ur de la formation d\u2019une promotion de BP Ma\u00e7on en 2021. Fort de sa r\u00e9ussite, elle a \u00e9t\u00e9 reconduite et m\u00eame \u00e9tendue. L\u2019\u00e9conomie circulaire s\u2019est ainsi trouv\u00e9e int\u00e9gr\u00e9e au sein de cinq \u00e9tablissements de la r\u00e9gion et au c\u0153ur de sept promotions. Les diff\u00e9rents supports de formation ont ainsi \u00e9t\u00e9 coconstruits par Agyre et les \u00e9quipes p\u00e9dagogiques des CFA. L\u2019id\u00e9e \u00e9tait d\u2019int\u00e9grer les notions d\u2019\u00e9conomie circulaire au sein des modules existants dans le programme, parmi lesquelles l\u2019\u00e9coquartier, les d\u00e9chets de chantier, les mat\u00e9riaux bas carbone, le r\u00e9emploi et le recyclage des mat\u00e9riaux de construction, la RE2020 ou encore la cha\u00eene d\u2019\u00e9nergie ou les m\u00e9taux rares. Les notions fondamentales de l\u2019\u00e9conomie circulaire ont \u00e9t\u00e9 appliqu\u00e9es aux formations et aux m\u00e9tiers concern\u00e9s par ce partenariat\u00a0: ma\u00e7on, \u00e9lectricien, travaux publics, pl\u00e2tre et isolation et gestion du patrimoine b\u00e2ti. Avec 77 apprentis form\u00e9s et 72 entreprises concern\u00e9es, cette premi\u00e8re exp\u00e9rience constitue un v\u00e9ritable succ\u00e8s pour l\u2019int\u00e9gration de l\u2019\u00e9conomie circulaire dans le parcours de formation des apprentis et pour l\u2019acc\u00e9l\u00e9ration de l\u2019\u00e9conomie circulaire dans la construction.<\/p>\n","protected":false},"excerpt":{"rendered":"<p>Face aux enjeux environnementaux auxquels le secteur de la construction fait face, l\u2019association r\u00e9gionale BTP CFA Grand Est s\u2019est associ\u00e9e \u00e0 Agyre, afin d\u2019infuser l\u2019\u00e9conomie circulaire au c\u0153ur de la formation d\u2019une promotion de BP Ma\u00e7on en 2021. Fort de sa r\u00e9ussite, elle a \u00e9t\u00e9 reconduite et m\u00eame \u00e9tendue. L\u2019\u00e9conomie circulaire s\u2019est ainsi trouv\u00e9e int\u00e9gr\u00e9e [&hellip;]<\/p>\n","protected":false},"author":17,"featured_media":111247,"comment_status":"closed","ping_status":"closed","sticky":false,"template":"","format":"standard","meta":{"_et_pb_use_builder":"","_et_pb_old_content":"","_et_gb_content_width":"","footnotes":""},"categories":[10530,6362],"tags":[11430],"class_list":["post-111246","post","type-post","status-publish","format-standard","has-post-thumbnail","hentry","category-actualites","category-services-equipements","tag-economie-circulaire"],"yoast_head":"<!-- This site is optimized with the Yoast SEO plugin v27.4 - https:\/\/yoast.com\/product\/yoast-seo-wordpress\/ -->\n<title>L\u2019\u00e9conomie circulaire dans la construction dans le parcours de l\u2019apprentissage<\/title>\n<meta name=\"robots\" content=\"index, follow, max-snippet:-1, max-image-preview:large, max-video-preview:-1\" \/>\n<link rel=\"canonical\" href=\"https:\/\/batijournal.com\/index.php\/leconomie-circulaire-dans-la-construction-dans-le-parcours-de-lapprentissage\/111246\/\" \/>\n<meta property=\"og:locale\" content=\"fr_FR\" \/>\n<meta property=\"og:type\" content=\"article\" \/>\n<meta property=\"og:title\" content=\"L\u2019\u00e9conomie circulaire dans la construction dans le parcours de l\u2019apprentissage\" \/>\n<meta property=\"og:description\" content=\"Face aux enjeux environnementaux auxquels le secteur de la construction fait face, l\u2019association r\u00e9gionale BTP CFA Grand Est s\u2019est associ\u00e9e \u00e0 Agyre, afin d\u2019infuser l\u2019\u00e9conomie circulaire au c\u0153ur de la formation d\u2019une promotion de BP Ma\u00e7on en 2021. Fort de sa r\u00e9ussite, elle a \u00e9t\u00e9 reconduite et m\u00eame \u00e9tendue. L\u2019\u00e9conomie circulaire s\u2019est ainsi trouv\u00e9e int\u00e9gr\u00e9e [&hellip;]\" \/>\n<meta property=\"og:url\" content=\"https:\/\/batijournal.com\/index.php\/leconomie-circulaire-dans-la-construction-dans-le-parcours-de-lapprentissage\/111246\/\" \/>\n<meta property=\"og:site_name\" content=\"Batijournal\" \/>\n<meta property=\"article:published_time\" content=\"2024-11-19T11:06:35+00:00\" \/>\n<meta property=\"og:image\" content=\"https:\/\/batijournal.com\/wp-content\/uploads\/2024\/11\/Dechets-recycles.jpg\" \/>\n\t<meta property=\"og:image:width\" content=\"1281\" \/>\n\t<meta property=\"og:image:height\" content=\"720\" \/>\n\t<meta property=\"og:image:type\" content=\"image\/jpeg\" \/>\n<meta name=\"author\" content=\"St\u00e9phane Miget\" \/>\n<meta name=\"twitter:card\" content=\"summary_large_image\" \/>\n<meta name=\"twitter:creator\" content=\"@bati_journal\" \/>\n<meta name=\"twitter:site\" content=\"@bati_journal\" \/>\n<meta name=\"twitter:label1\" content=\"\u00c9crit par\" \/>\n\t<meta name=\"twitter:data1\" content=\"St\u00e9phane Miget\" \/>\n\t<meta name=\"twitter:label2\" content=\"Dur\u00e9e de lecture estim\u00e9e\" \/>\n\t<meta name=\"twitter:data2\" content=\"1 minute\" \/>\n<script type=\"application\/ld+json\" class=\"yoast-schema-graph\">{\"@context\":\"https:\\\/\\\/schema.org\",\"@graph\":[{\"@type\":\"Article\",\"@id\":\"https:\\\/\\\/batijournal.com\\\/index.php\\\/leconomie-circulaire-dans-la-construction-dans-le-parcours-de-lapprentissage\\\/111246\\\/#article\",\"isPartOf\":{\"@id\":\"https:\\\/\\\/batijournal.com\\\/index.php\\\/leconomie-circulaire-dans-la-construction-dans-le-parcours-de-lapprentissage\\\/111246\\\/\"},\"author\":{\"name\":\"St\u00e9phane Miget\",\"@id\":\"https:\\\/\\\/batijournal.com\\\/#\\\/schema\\\/person\\\/1dc96ec6957aa1ccb25ebe78bb19f100\"},\"headline\":\"L\u2019\u00e9conomie circulaire dans la construction dans le parcours de l\u2019apprentissage\",\"datePublished\":\"2024-11-19T11:06:35+00:00\",\"mainEntityOfPage\":{\"@id\":\"https:\\\/\\\/batijournal.com\\\/index.php\\\/leconomie-circulaire-dans-la-construction-dans-le-parcours-de-lapprentissage\\\/111246\\\/\"},\"wordCount\":259,\"image\":{\"@id\":\"https:\\\/\\\/batijournal.com\\\/index.php\\\/leconomie-circulaire-dans-la-construction-dans-le-parcours-de-lapprentissage\\\/111246\\\/#primaryimage\"},\"thumbnailUrl\":\"https:\\\/\\\/batijournal.com\\\/wp-content\\\/uploads\\\/2024\\\/11\\\/Dechets-recycles.jpg\",\"keywords\":[\"\u00e9conomie circulaire\"],\"articleSection\":[\"Actualit\u00e9s\",\"Divers\"],\"inLanguage\":\"fr-FR\"},{\"@type\":\"WebPage\",\"@id\":\"https:\\\/\\\/batijournal.com\\\/index.php\\\/leconomie-circulaire-dans-la-construction-dans-le-parcours-de-lapprentissage\\\/111246\\\/\",\"url\":\"https:\\\/\\\/batijournal.com\\\/index.php\\\/leconomie-circulaire-dans-la-construction-dans-le-parcours-de-lapprentissage\\\/111246\\\/\",\"name\":\"L\u2019\u00e9conomie circulaire dans la construction dans le parcours de l\u2019apprentissage\",\"isPartOf\":{\"@id\":\"https:\\\/\\\/batijournal.com\\\/#website\"},\"primaryImageOfPage\":{\"@id\":\"https:\\\/\\\/batijournal.com\\\/index.php\\\/leconomie-circulaire-dans-la-construction-dans-le-parcours-de-lapprentissage\\\/111246\\\/#primaryimage\"},\"image\":{\"@id\":\"https:\\\/\\\/batijournal.com\\\/index.php\\\/leconomie-circulaire-dans-la-construction-dans-le-parcours-de-lapprentissage\\\/111246\\\/#primaryimage\"},\"thumbnailUrl\":\"https:\\\/\\\/batijournal.com\\\/wp-content\\\/uploads\\\/2024\\\/11\\\/Dechets-recycles.jpg\",\"datePublished\":\"2024-11-19T11:06:35+00:00\",\"author\":{\"@id\":\"https:\\\/\\\/batijournal.com\\\/#\\\/schema\\\/person\\\/1dc96ec6957aa1ccb25ebe78bb19f100\"},\"breadcrumb\":{\"@id\":\"https:\\\/\\\/batijournal.com\\\/index.php\\\/leconomie-circulaire-dans-la-construction-dans-le-parcours-de-lapprentissage\\\/111246\\\/#breadcrumb\"},\"inLanguage\":\"fr-FR\",\"potentialAction\":[{\"@type\":\"ReadAction\",\"target\":[\"https:\\\/\\\/batijournal.com\\\/index.php\\\/leconomie-circulaire-dans-la-construction-dans-le-parcours-de-lapprentissage\\\/111246\\\/\"]}]},{\"@type\":\"ImageObject\",\"inLanguage\":\"fr-FR\",\"@id\":\"https:\\\/\\\/batijournal.com\\\/index.php\\\/leconomie-circulaire-dans-la-construction-dans-le-parcours-de-lapprentissage\\\/111246\\\/#primaryimage\",\"url\":\"https:\\\/\\\/batijournal.com\\\/wp-content\\\/uploads\\\/2024\\\/11\\\/Dechets-recycles.jpg\",\"contentUrl\":\"https:\\\/\\\/batijournal.com\\\/wp-content\\\/uploads\\\/2024\\\/11\\\/Dechets-recycles.jpg\",\"width\":1281,\"height\":720},{\"@type\":\"BreadcrumbList\",\"@id\":\"https:\\\/\\\/batijournal.com\\\/index.php\\\/leconomie-circulaire-dans-la-construction-dans-le-parcours-de-lapprentissage\\\/111246\\\/#breadcrumb\",\"itemListElement\":[{\"@type\":\"ListItem\",\"position\":1,\"name\":\"Accueil\",\"item\":\"https:\\\/\\\/batijournal.com\\\/\"},{\"@type\":\"ListItem\",\"position\":2,\"name\":\"Actualit\u00e9s\",\"item\":\"https:\\\/\\\/batijournal.com\\\/index.php\\\/category\\\/actualites\\\/\"},{\"@type\":\"ListItem\",\"position\":3,\"name\":\"L\u2019\u00e9conomie circulaire dans la construction dans le parcours de l\u2019apprentissage\"}]},{\"@type\":\"WebSite\",\"@id\":\"https:\\\/\\\/batijournal.com\\\/#website\",\"url\":\"https:\\\/\\\/batijournal.com\\\/\",\"name\":\"Batijournal\",\"description\":\"L&#039;actualit\u00e9 du b\u00e2timent\",\"potentialAction\":[{\"@type\":\"SearchAction\",\"target\":{\"@type\":\"EntryPoint\",\"urlTemplate\":\"https:\\\/\\\/batijournal.com\\\/?s={search_term_string}\"},\"query-input\":{\"@type\":\"PropertyValueSpecification\",\"valueRequired\":true,\"valueName\":\"search_term_string\"}}],\"inLanguage\":\"fr-FR\"},{\"@type\":\"Person\",\"@id\":\"https:\\\/\\\/batijournal.com\\\/#\\\/schema\\\/person\\\/1dc96ec6957aa1ccb25ebe78bb19f100\",\"name\":\"St\u00e9phane Miget\",\"image\":{\"@type\":\"ImageObject\",\"inLanguage\":\"fr-FR\",\"@id\":\"https:\\\/\\\/secure.gravatar.com\\\/avatar\\\/89915563d925342126b8ef0281b93d9d7fc337043e8df017f780908eb9644451?s=96&d=mm&r=g\",\"url\":\"https:\\\/\\\/secure.gravatar.com\\\/avatar\\\/89915563d925342126b8ef0281b93d9d7fc337043e8df017f780908eb9644451?s=96&d=mm&r=g\",\"contentUrl\":\"https:\\\/\\\/secure.gravatar.com\\\/avatar\\\/89915563d925342126b8ef0281b93d9d7fc337043e8df017f780908eb9644451?s=96&d=mm&r=g\",\"caption\":\"St\u00e9phane Miget\"},\"url\":\"https:\\\/\\\/batijournal.com\\\/index.php\\\/author\\\/stephane\\\/\"}]}<\/script>\n<!-- \/ Yoast SEO plugin. -->","yoast_head_json":{"title":"L\u2019\u00e9conomie circulaire dans la construction dans le parcours de l\u2019apprentissage","robots":{"index":"index","follow":"follow","max-snippet":"max-snippet:-1","max-image-preview":"max-image-preview:large","max-video-preview":"max-video-preview:-1"},"canonical":"https:\/\/batijournal.com\/index.php\/leconomie-circulaire-dans-la-construction-dans-le-parcours-de-lapprentissage\/111246\/","og_locale":"fr_FR","og_type":"article","og_title":"L\u2019\u00e9conomie circulaire dans la construction dans le parcours de l\u2019apprentissage","og_description":"Face aux enjeux environnementaux auxquels le secteur de la construction fait face, l\u2019association r\u00e9gionale BTP CFA Grand Est s\u2019est associ\u00e9e \u00e0 Agyre, afin d\u2019infuser l\u2019\u00e9conomie circulaire au c\u0153ur de la formation d\u2019une promotion de BP Ma\u00e7on en 2021. Fort de sa r\u00e9ussite, elle a \u00e9t\u00e9 reconduite et m\u00eame \u00e9tendue. L\u2019\u00e9conomie circulaire s\u2019est ainsi trouv\u00e9e int\u00e9gr\u00e9e [&hellip;]","og_url":"https:\/\/batijournal.com\/index.php\/leconomie-circulaire-dans-la-construction-dans-le-parcours-de-lapprentissage\/111246\/","og_site_name":"Batijournal","article_published_time":"2024-11-19T11:06:35+00:00","og_image":[{"width":1281,"height":720,"url":"https:\/\/batijournal.com\/wp-content\/uploads\/2024\/11\/Dechets-recycles.jpg","type":"image\/jpeg"}],"author":"St\u00e9phane Miget","twitter_card":"summary_large_image","twitter_creator":"@bati_journal","twitter_site":"@bati_journal","twitter_misc":{"\u00c9crit par":"St\u00e9phane Miget","Dur\u00e9e de lecture estim\u00e9e":"1 minute"},"schema":{"@context":"https:\/\/schema.org","@graph":[{"@type":"Article","@id":"https:\/\/batijournal.com\/index.php\/leconomie-circulaire-dans-la-construction-dans-le-parcours-de-lapprentissage\/111246\/#article","isPartOf":{"@id":"https:\/\/batijournal.com\/index.php\/leconomie-circulaire-dans-la-construction-dans-le-parcours-de-lapprentissage\/111246\/"},"author":{"name":"St\u00e9phane Miget","@id":"https:\/\/batijournal.com\/#\/schema\/person\/1dc96ec6957aa1ccb25ebe78bb19f100"},"headline":"L\u2019\u00e9conomie circulaire dans la construction dans le parcours de l\u2019apprentissage","datePublished":"2024-11-19T11:06:35+00:00","mainEntityOfPage":{"@id":"https:\/\/batijournal.com\/index.php\/leconomie-circulaire-dans-la-construction-dans-le-parcours-de-lapprentissage\/111246\/"},"wordCount":259,"image":{"@id":"https:\/\/batijournal.com\/index.php\/leconomie-circulaire-dans-la-construction-dans-le-parcours-de-lapprentissage\/111246\/#primaryimage"},"thumbnailUrl":"https:\/\/batijournal.com\/wp-content\/uploads\/2024\/11\/Dechets-recycles.jpg","keywords":["\u00e9conomie circulaire"],"articleSection":["Actualit\u00e9s","Divers"],"inLanguage":"fr-FR"},{"@type":"WebPage","@id":"https:\/\/batijournal.com\/index.php\/leconomie-circulaire-dans-la-construction-dans-le-parcours-de-lapprentissage\/111246\/","url":"https:\/\/batijournal.com\/index.php\/leconomie-circulaire-dans-la-construction-dans-le-parcours-de-lapprentissage\/111246\/","name":"L\u2019\u00e9conomie circulaire dans la construction dans le parcours de l\u2019apprentissage","isPartOf":{"@id":"https:\/\/batijournal.com\/#website"},"primaryImageOfPage":{"@id":"https:\/\/batijournal.com\/index.php\/leconomie-circulaire-dans-la-construction-dans-le-parcours-de-lapprentissage\/111246\/#primaryimage"},"image":{"@id":"https:\/\/batijournal.com\/index.php\/leconomie-circulaire-dans-la-construction-dans-le-parcours-de-lapprentissage\/111246\/#primaryimage"},"thumbnailUrl":"https:\/\/batijournal.com\/wp-content\/uploads\/2024\/11\/Dechets-recycles.jpg","datePublished":"2024-11-19T11:06:35+00:00","author":{"@id":"https:\/\/batijournal.com\/#\/schema\/person\/1dc96ec6957aa1ccb25ebe78bb19f100"},"breadcrumb":{"@id":"https:\/\/batijournal.com\/index.php\/leconomie-circulaire-dans-la-construction-dans-le-parcours-de-lapprentissage\/111246\/#breadcrumb"},"inLanguage":"fr-FR","potentialAction":[{"@type":"ReadAction","target":["https:\/\/batijournal.com\/index.php\/leconomie-circulaire-dans-la-construction-dans-le-parcours-de-lapprentissage\/111246\/"]}]},{"@type":"ImageObject","inLanguage":"fr-FR","@id":"https:\/\/batijournal.com\/index.php\/leconomie-circulaire-dans-la-construction-dans-le-parcours-de-lapprentissage\/111246\/#primaryimage","url":"https:\/\/batijournal.com\/wp-content\/uploads\/2024\/11\/Dechets-recycles.jpg","contentUrl":"https:\/\/batijournal.com\/wp-content\/uploads\/2024\/11\/Dechets-recycles.jpg","width":1281,"height":720},{"@type":"BreadcrumbList","@id":"https:\/\/batijournal.com\/index.php\/leconomie-circulaire-dans-la-construction-dans-le-parcours-de-lapprentissage\/111246\/#breadcrumb","itemListElement":[{"@type":"ListItem","position":1,"name":"Accueil","item":"https:\/\/batijournal.com\/"},{"@type":"ListItem","position":2,"name":"Actualit\u00e9s","item":"https:\/\/batijournal.com\/index.php\/category\/actualites\/"},{"@type":"ListItem","position":3,"name":"L\u2019\u00e9conomie circulaire dans la construction dans le parcours de l\u2019apprentissage"}]},{"@type":"WebSite","@id":"https:\/\/batijournal.com\/#website","url":"https:\/\/batijournal.com\/","name":"Batijournal","description":"L&#039;actualit\u00e9 du b\u00e2timent","potentialAction":[{"@type":"SearchAction","target":{"@type":"EntryPoint","urlTemplate":"https:\/\/batijournal.com\/?s={search_term_string}"},"query-input":{"@type":"PropertyValueSpecification","valueRequired":true,"valueName":"search_term_string"}}],"inLanguage":"fr-FR"},{"@type":"Person","@id":"https:\/\/batijournal.com\/#\/schema\/person\/1dc96ec6957aa1ccb25ebe78bb19f100","name":"St\u00e9phane Miget","image":{"@type":"ImageObject","inLanguage":"fr-FR","@id":"https:\/\/secure.gravatar.com\/avatar\/89915563d925342126b8ef0281b93d9d7fc337043e8df017f780908eb9644451?s=96&d=mm&r=g","url":"https:\/\/secure.gravatar.com\/avatar\/89915563d925342126b8ef0281b93d9d7fc337043e8df017f780908eb9644451?s=96&d=mm&r=g","contentUrl":"https:\/\/secure.gravatar.com\/avatar\/89915563d925342126b8ef0281b93d9d7fc337043e8df017f780908eb9644451?s=96&d=mm&r=g","caption":"St\u00e9phane Miget"},"url":"https:\/\/batijournal.com\/index.php\/author\/stephane\/"}]}},"_links":{"self":[{"href":"https:\/\/batijournal.com\/index.php\/wp-json\/wp\/v2\/posts\/111246","targetHints":{"allow":["GET"]}}],"collection":[{"href":"https:\/\/batijournal.com\/index.php\/wp-json\/wp\/v2\/posts"}],"about":[{"href":"https:\/\/batijournal.com\/index.php\/wp-json\/wp\/v2\/types\/post"}],"author":[{"embeddable":true,"href":"https:\/\/batijournal.com\/index.php\/wp-json\/wp\/v2\/users\/17"}],"replies":[{"embeddable":true,"href":"https:\/\/batijournal.com\/index.php\/wp-json\/wp\/v2\/comments?post=111246"}],"version-history":[{"count":0,"href":"https:\/\/batijournal.com\/index.php\/wp-json\/wp\/v2\/posts\/111246\/revisions"}],"wp:featuredmedia":[{"embeddable":true,"href":"https:\/\/batijournal.com\/index.php\/wp-json\/wp\/v2\/media\/111247"}],"wp:attachment":[{"href":"https:\/\/batijournal.com\/index.php\/wp-json\/wp\/v2\/media?parent=111246"}],"wp:term":[{"taxonomy":"category","embeddable":true,"href":"https:\/\/batijournal.com\/index.php\/wp-json\/wp\/v2\/categories?post=111246"},{"taxonomy":"post_tag","embeddable":true,"href":"https:\/\/batijournal.com\/index.php\/wp-json\/wp\/v2\/tags?post=111246"}],"curies":[{"name":"wp","href":"https:\/\/api.w.org\/{rel}","templated":true}]}}