{"id":111305,"date":"2024-12-03T09:52:24","date_gmt":"2024-12-03T08:52:24","guid":{"rendered":"https:\/\/batijournal.com\/?p=111305"},"modified":"2024-12-03T09:52:24","modified_gmt":"2024-12-03T08:52:24","slug":"les-journees-de-linnovation-pedagogique","status":"publish","type":"post","link":"https:\/\/batijournal.com\/index.php\/les-journees-de-linnovation-pedagogique\/111305\/","title":{"rendered":"Les Journ\u00e9es de l\u2019innovation p\u00e9dagogique"},"content":{"rendered":"<p>Le CCCA-BTP organise Les Journ\u00e9es de l\u2019innovation p\u00e9dagogique (JIP) d\u00e9di\u00e9es aux m\u00e9tiers de la fili\u00e8re construction du gros \u0153uvre, du 3 au 5 d\u00e9cembre au Palais des congr\u00e8s de Reims. 1 400 participants (organismes de formation aux m\u00e9tiers du BTP, formateurs, entreprises, apprentis, organisations professionnelles, fournisseurs de solutions) seront pr\u00e9sents autour d\u2019un riche programme, mixant espace d\u2019exposition, conf\u00e9rences, tables rondes, challenges et d\u00e9monstrations.<\/p>\n<p><strong>Des m\u00e9tiers du gros \u0153uvre en pleine mutation environnementale, technologique et num\u00e9rique<\/strong><\/p>\n<p>R\u00e9duction de l\u2019empreinte carbone, gestion des d\u00e9chets, mixit\u00e9 des mat\u00e9riaux, utilisation de produits bio et\/ou g\u00e9o-sourc\u00e9s, protection individuelle et collective des professionnels, utilisation des nouvelles technologies, les m\u00e9tiers du gros \u0153uvre sont aujourd\u2019hui en pleine transformation.<\/p>\n<p>Dans ce contexte, les Journ\u00e9es de l\u2019innovation p\u00e9dagogique d\u00e9di\u00e9es aux m\u00e9tiers du gros \u0153uvre ont pour objectif de permettre aux acteurs de la formation par alternance, mais aussi aux entreprises du BTP, de rencontrer et d\u2019\u00e9changer avec l\u2019ensemble des industriels et organisations professionnelles du secteur du gros \u0153uvre, de leur faire d\u00e9couvrir la diversit\u00e9 des derni\u00e8res innovations techniques, mat\u00e9rielles et environnementales, ou encore les nouveaux mat\u00e9riaux et les outils num\u00e9riques novateurs li\u00e9s au BIM, au jumeau num\u00e9rique et, plus g\u00e9n\u00e9ralement, aux nouveaux modes constructifs.<\/p>\n<p><strong>Espace d\u2019exposition, conf\u00e9rences, ateliers, challenges et d\u00e9monstrations au programme<\/strong><\/p>\n<p>Une cinquantaine d\u2019exposants, entreprises et partenaires du CCCA-BTP, r\u00e9solument engag\u00e9s \u00e0 placer la formation professionnelle au centre de leurs pr\u00e9occupations, pr\u00e9senteront sur leurs stands leurs sp\u00e9cificit\u00e9s en termes de m\u00e9tiers, technologies, innovations et d\u00e9bouch\u00e9s pour les professionnels de la fili\u00e8re du gros \u0153uvre, dont les jeunes en formation, pour une construction plus saine et plus durable.<\/p>\n<p>Un programme de conf\u00e9rences et tables rondes aborderont les nombreuses avanc\u00e9es pour construire des b\u00e2timents plus performants\u00a0: innovation p\u00e9dagogique, num\u00e9rique et intelligence artificielle, BIM et r\u00e9alisation sur chantier, enjeux et solutions de d\u00e9carbonation, \u00e9valuation des pratiques et risques num\u00e9riques dans les entreprises et les organismes de formation, enjeux environnementaux et efficacit\u00e9 \u00e9nerg\u00e9tique des b\u00e2timents, impression 3D, fili\u00e8re b\u00e9ton et pr\u00e9fabrication\u2026<\/p>\n<p>Des pitchs d\u2019exposants, pour faire d\u00e9couvrir en dix minutes leur innovation, et des d\u00e9monstrations de produits, dont le coulage d\u2019une chape fluide, permettront d\u2019\u00e9changer avec les participants sur la pertinence et la r\u00e9alit\u00e9 des solutions pr\u00e9sent\u00e9es.<\/p>\n<p>La finale du \u00ab\u00a0Challenge gros \u0153uvre by CCCA-BTP\u00a0\u00bb, qui a pour objectif de valoriser des r\u00e9alisations d\u2019apprentis de la fili\u00e8re gros \u0153uvre (ouvrages, projets sur la construction de b\u00e2timents), se d\u00e9roulera le 4 d\u00e9cembre de 16 heures \u00e0 17 heures et le jeux concours \u00ab\u00a0Deviens SUPERPR\u00c9VENTEUR\u00a0\u00bb, organis\u00e9 en partenariat avec l\u2019OPPBTP sur le th\u00e8me de la pr\u00e9vention, sera propos\u00e9 aux visiteurs les 3 et 4 d\u00e9cembre.<\/p>\n<p>La cl\u00f4ture de l\u2019\u00e9v\u00e9nement, le jeudi 5 d\u00e9cembre de 15 h 30 \u00e0 16 h 15, en pr\u00e9sence de Christophe Poss\u00e9m\u00e9, pr\u00e9sident du CCCA-BTP,\u00a0 proposera une vision prospective de la formation professionnelle dans les m\u00e9tiers du gros \u0153uvre et abordera les d\u00e9fis \u00e0 relever pour sa n\u00e9cessaire transformation.<\/p>\n","protected":false},"excerpt":{"rendered":"<p>Le CCCA-BTP organise Les Journ\u00e9es de l\u2019innovation p\u00e9dagogique (JIP) d\u00e9di\u00e9es aux m\u00e9tiers de la fili\u00e8re construction du gros \u0153uvre, du 3 au 5 d\u00e9cembre au Palais des congr\u00e8s de Reims. 1 400 participants (organismes de formation aux m\u00e9tiers du BTP, formateurs, entreprises, apprentis, organisations professionnelles, fournisseurs de solutions) seront pr\u00e9sents autour d\u2019un riche programme, mixant [&hellip;]<\/p>\n","protected":false},"author":17,"featured_media":111306,"comment_status":"closed","ping_status":"closed","sticky":false,"template":"","format":"standard","meta":{"_et_pb_use_builder":"","_et_pb_old_content":"","_et_gb_content_width":"","footnotes":""},"categories":[10530,6362],"tags":[6086,517],"class_list":["post-111305","post","type-post","status-publish","format-standard","has-post-thumbnail","hentry","category-actualites","category-services-equipements","tag-ccca-btp","tag-formation"],"yoast_head":"<!-- This site is optimized with the Yoast SEO plugin v27.4 - https:\/\/yoast.com\/product\/yoast-seo-wordpress\/ -->\n<title>Les Journ\u00e9es de l\u2019innovation p\u00e9dagogique<\/title>\n<meta name=\"robots\" content=\"index, follow, max-snippet:-1, max-image-preview:large, max-video-preview:-1\" \/>\n<link rel=\"canonical\" href=\"https:\/\/batijournal.com\/index.php\/les-journees-de-linnovation-pedagogique\/111305\/\" \/>\n<meta property=\"og:locale\" content=\"fr_FR\" \/>\n<meta property=\"og:type\" content=\"article\" \/>\n<meta property=\"og:title\" content=\"Les Journ\u00e9es de l\u2019innovation p\u00e9dagogique\" \/>\n<meta property=\"og:description\" content=\"Le CCCA-BTP organise Les Journ\u00e9es de l\u2019innovation p\u00e9dagogique (JIP) d\u00e9di\u00e9es aux m\u00e9tiers de la fili\u00e8re construction du gros \u0153uvre, du 3 au 5 d\u00e9cembre au Palais des congr\u00e8s de Reims. 1 400 participants (organismes de formation aux m\u00e9tiers du BTP, formateurs, entreprises, apprentis, organisations professionnelles, fournisseurs de solutions) seront pr\u00e9sents autour d\u2019un riche programme, mixant [&hellip;]\" \/>\n<meta property=\"og:url\" content=\"https:\/\/batijournal.com\/index.php\/les-journees-de-linnovation-pedagogique\/111305\/\" \/>\n<meta property=\"og:site_name\" content=\"Batijournal\" \/>\n<meta property=\"article:published_time\" content=\"2024-12-03T08:52:24+00:00\" \/>\n<meta property=\"og:image\" content=\"https:\/\/batijournal.com\/wp-content\/uploads\/2024\/12\/Logo_JIP.jpg\" \/>\n\t<meta property=\"og:image:width\" content=\"2000\" \/>\n\t<meta property=\"og:image:height\" content=\"746\" \/>\n\t<meta property=\"og:image:type\" content=\"image\/jpeg\" \/>\n<meta name=\"author\" content=\"St\u00e9phane Miget\" \/>\n<meta name=\"twitter:card\" content=\"summary_large_image\" \/>\n<meta name=\"twitter:creator\" content=\"@bati_journal\" \/>\n<meta name=\"twitter:site\" content=\"@bati_journal\" \/>\n<meta name=\"twitter:label1\" content=\"\u00c9crit par\" \/>\n\t<meta name=\"twitter:data1\" content=\"St\u00e9phane Miget\" \/>\n\t<meta name=\"twitter:label2\" content=\"Dur\u00e9e de lecture estim\u00e9e\" \/>\n\t<meta name=\"twitter:data2\" content=\"3 minutes\" \/>\n<script type=\"application\/ld+json\" class=\"yoast-schema-graph\">{\"@context\":\"https:\\\/\\\/schema.org\",\"@graph\":[{\"@type\":\"Article\",\"@id\":\"https:\\\/\\\/batijournal.com\\\/index.php\\\/les-journees-de-linnovation-pedagogique\\\/111305\\\/#article\",\"isPartOf\":{\"@id\":\"https:\\\/\\\/batijournal.com\\\/index.php\\\/les-journees-de-linnovation-pedagogique\\\/111305\\\/\"},\"author\":{\"name\":\"St\u00e9phane Miget\",\"@id\":\"https:\\\/\\\/batijournal.com\\\/#\\\/schema\\\/person\\\/1dc96ec6957aa1ccb25ebe78bb19f100\"},\"headline\":\"Les Journ\u00e9es de l\u2019innovation p\u00e9dagogique\",\"datePublished\":\"2024-12-03T08:52:24+00:00\",\"mainEntityOfPage\":{\"@id\":\"https:\\\/\\\/batijournal.com\\\/index.php\\\/les-journees-de-linnovation-pedagogique\\\/111305\\\/\"},\"wordCount\":559,\"image\":{\"@id\":\"https:\\\/\\\/batijournal.com\\\/index.php\\\/les-journees-de-linnovation-pedagogique\\\/111305\\\/#primaryimage\"},\"thumbnailUrl\":\"https:\\\/\\\/batijournal.com\\\/wp-content\\\/uploads\\\/2024\\\/12\\\/Logo_JIP.jpg\",\"keywords\":[\"CCCA-BTP\",\"formation\"],\"articleSection\":[\"Actualit\u00e9s\",\"Divers\"],\"inLanguage\":\"fr-FR\"},{\"@type\":\"WebPage\",\"@id\":\"https:\\\/\\\/batijournal.com\\\/index.php\\\/les-journees-de-linnovation-pedagogique\\\/111305\\\/\",\"url\":\"https:\\\/\\\/batijournal.com\\\/index.php\\\/les-journees-de-linnovation-pedagogique\\\/111305\\\/\",\"name\":\"Les Journ\u00e9es de l\u2019innovation p\u00e9dagogique\",\"isPartOf\":{\"@id\":\"https:\\\/\\\/batijournal.com\\\/#website\"},\"primaryImageOfPage\":{\"@id\":\"https:\\\/\\\/batijournal.com\\\/index.php\\\/les-journees-de-linnovation-pedagogique\\\/111305\\\/#primaryimage\"},\"image\":{\"@id\":\"https:\\\/\\\/batijournal.com\\\/index.php\\\/les-journees-de-linnovation-pedagogique\\\/111305\\\/#primaryimage\"},\"thumbnailUrl\":\"https:\\\/\\\/batijournal.com\\\/wp-content\\\/uploads\\\/2024\\\/12\\\/Logo_JIP.jpg\",\"datePublished\":\"2024-12-03T08:52:24+00:00\",\"author\":{\"@id\":\"https:\\\/\\\/batijournal.com\\\/#\\\/schema\\\/person\\\/1dc96ec6957aa1ccb25ebe78bb19f100\"},\"breadcrumb\":{\"@id\":\"https:\\\/\\\/batijournal.com\\\/index.php\\\/les-journees-de-linnovation-pedagogique\\\/111305\\\/#breadcrumb\"},\"inLanguage\":\"fr-FR\",\"potentialAction\":[{\"@type\":\"ReadAction\",\"target\":[\"https:\\\/\\\/batijournal.com\\\/index.php\\\/les-journees-de-linnovation-pedagogique\\\/111305\\\/\"]}]},{\"@type\":\"ImageObject\",\"inLanguage\":\"fr-FR\",\"@id\":\"https:\\\/\\\/batijournal.com\\\/index.php\\\/les-journees-de-linnovation-pedagogique\\\/111305\\\/#primaryimage\",\"url\":\"https:\\\/\\\/batijournal.com\\\/wp-content\\\/uploads\\\/2024\\\/12\\\/Logo_JIP.jpg\",\"contentUrl\":\"https:\\\/\\\/batijournal.com\\\/wp-content\\\/uploads\\\/2024\\\/12\\\/Logo_JIP.jpg\",\"width\":2000,\"height\":746},{\"@type\":\"BreadcrumbList\",\"@id\":\"https:\\\/\\\/batijournal.com\\\/index.php\\\/les-journees-de-linnovation-pedagogique\\\/111305\\\/#breadcrumb\",\"itemListElement\":[{\"@type\":\"ListItem\",\"position\":1,\"name\":\"Accueil\",\"item\":\"https:\\\/\\\/batijournal.com\\\/\"},{\"@type\":\"ListItem\",\"position\":2,\"name\":\"Actualit\u00e9s\",\"item\":\"https:\\\/\\\/batijournal.com\\\/index.php\\\/category\\\/actualites\\\/\"},{\"@type\":\"ListItem\",\"position\":3,\"name\":\"Les Journ\u00e9es de l\u2019innovation p\u00e9dagogique\"}]},{\"@type\":\"WebSite\",\"@id\":\"https:\\\/\\\/batijournal.com\\\/#website\",\"url\":\"https:\\\/\\\/batijournal.com\\\/\",\"name\":\"Batijournal\",\"description\":\"L&#039;actualit\u00e9 du b\u00e2timent\",\"potentialAction\":[{\"@type\":\"SearchAction\",\"target\":{\"@type\":\"EntryPoint\",\"urlTemplate\":\"https:\\\/\\\/batijournal.com\\\/?s={search_term_string}\"},\"query-input\":{\"@type\":\"PropertyValueSpecification\",\"valueRequired\":true,\"valueName\":\"search_term_string\"}}],\"inLanguage\":\"fr-FR\"},{\"@type\":\"Person\",\"@id\":\"https:\\\/\\\/batijournal.com\\\/#\\\/schema\\\/person\\\/1dc96ec6957aa1ccb25ebe78bb19f100\",\"name\":\"St\u00e9phane Miget\",\"image\":{\"@type\":\"ImageObject\",\"inLanguage\":\"fr-FR\",\"@id\":\"https:\\\/\\\/secure.gravatar.com\\\/avatar\\\/89915563d925342126b8ef0281b93d9d7fc337043e8df017f780908eb9644451?s=96&d=mm&r=g\",\"url\":\"https:\\\/\\\/secure.gravatar.com\\\/avatar\\\/89915563d925342126b8ef0281b93d9d7fc337043e8df017f780908eb9644451?s=96&d=mm&r=g\",\"contentUrl\":\"https:\\\/\\\/secure.gravatar.com\\\/avatar\\\/89915563d925342126b8ef0281b93d9d7fc337043e8df017f780908eb9644451?s=96&d=mm&r=g\",\"caption\":\"St\u00e9phane Miget\"},\"url\":\"https:\\\/\\\/batijournal.com\\\/index.php\\\/author\\\/stephane\\\/\"}]}<\/script>\n<!-- \/ Yoast SEO plugin. -->","yoast_head_json":{"title":"Les Journ\u00e9es de l\u2019innovation p\u00e9dagogique","robots":{"index":"index","follow":"follow","max-snippet":"max-snippet:-1","max-image-preview":"max-image-preview:large","max-video-preview":"max-video-preview:-1"},"canonical":"https:\/\/batijournal.com\/index.php\/les-journees-de-linnovation-pedagogique\/111305\/","og_locale":"fr_FR","og_type":"article","og_title":"Les Journ\u00e9es de l\u2019innovation p\u00e9dagogique","og_description":"Le CCCA-BTP organise Les Journ\u00e9es de l\u2019innovation p\u00e9dagogique (JIP) d\u00e9di\u00e9es aux m\u00e9tiers de la fili\u00e8re construction du gros \u0153uvre, du 3 au 5 d\u00e9cembre au Palais des congr\u00e8s de Reims. 1 400 participants (organismes de formation aux m\u00e9tiers du BTP, formateurs, entreprises, apprentis, organisations professionnelles, fournisseurs de solutions) seront pr\u00e9sents autour d\u2019un riche programme, mixant [&hellip;]","og_url":"https:\/\/batijournal.com\/index.php\/les-journees-de-linnovation-pedagogique\/111305\/","og_site_name":"Batijournal","article_published_time":"2024-12-03T08:52:24+00:00","og_image":[{"width":2000,"height":746,"url":"https:\/\/batijournal.com\/wp-content\/uploads\/2024\/12\/Logo_JIP.jpg","type":"image\/jpeg"}],"author":"St\u00e9phane Miget","twitter_card":"summary_large_image","twitter_creator":"@bati_journal","twitter_site":"@bati_journal","twitter_misc":{"\u00c9crit par":"St\u00e9phane Miget","Dur\u00e9e de lecture estim\u00e9e":"3 minutes"},"schema":{"@context":"https:\/\/schema.org","@graph":[{"@type":"Article","@id":"https:\/\/batijournal.com\/index.php\/les-journees-de-linnovation-pedagogique\/111305\/#article","isPartOf":{"@id":"https:\/\/batijournal.com\/index.php\/les-journees-de-linnovation-pedagogique\/111305\/"},"author":{"name":"St\u00e9phane Miget","@id":"https:\/\/batijournal.com\/#\/schema\/person\/1dc96ec6957aa1ccb25ebe78bb19f100"},"headline":"Les Journ\u00e9es de l\u2019innovation p\u00e9dagogique","datePublished":"2024-12-03T08:52:24+00:00","mainEntityOfPage":{"@id":"https:\/\/batijournal.com\/index.php\/les-journees-de-linnovation-pedagogique\/111305\/"},"wordCount":559,"image":{"@id":"https:\/\/batijournal.com\/index.php\/les-journees-de-linnovation-pedagogique\/111305\/#primaryimage"},"thumbnailUrl":"https:\/\/batijournal.com\/wp-content\/uploads\/2024\/12\/Logo_JIP.jpg","keywords":["CCCA-BTP","formation"],"articleSection":["Actualit\u00e9s","Divers"],"inLanguage":"fr-FR"},{"@type":"WebPage","@id":"https:\/\/batijournal.com\/index.php\/les-journees-de-linnovation-pedagogique\/111305\/","url":"https:\/\/batijournal.com\/index.php\/les-journees-de-linnovation-pedagogique\/111305\/","name":"Les Journ\u00e9es de l\u2019innovation p\u00e9dagogique","isPartOf":{"@id":"https:\/\/batijournal.com\/#website"},"primaryImageOfPage":{"@id":"https:\/\/batijournal.com\/index.php\/les-journees-de-linnovation-pedagogique\/111305\/#primaryimage"},"image":{"@id":"https:\/\/batijournal.com\/index.php\/les-journees-de-linnovation-pedagogique\/111305\/#primaryimage"},"thumbnailUrl":"https:\/\/batijournal.com\/wp-content\/uploads\/2024\/12\/Logo_JIP.jpg","datePublished":"2024-12-03T08:52:24+00:00","author":{"@id":"https:\/\/batijournal.com\/#\/schema\/person\/1dc96ec6957aa1ccb25ebe78bb19f100"},"breadcrumb":{"@id":"https:\/\/batijournal.com\/index.php\/les-journees-de-linnovation-pedagogique\/111305\/#breadcrumb"},"inLanguage":"fr-FR","potentialAction":[{"@type":"ReadAction","target":["https:\/\/batijournal.com\/index.php\/les-journees-de-linnovation-pedagogique\/111305\/"]}]},{"@type":"ImageObject","inLanguage":"fr-FR","@id":"https:\/\/batijournal.com\/index.php\/les-journees-de-linnovation-pedagogique\/111305\/#primaryimage","url":"https:\/\/batijournal.com\/wp-content\/uploads\/2024\/12\/Logo_JIP.jpg","contentUrl":"https:\/\/batijournal.com\/wp-content\/uploads\/2024\/12\/Logo_JIP.jpg","width":2000,"height":746},{"@type":"BreadcrumbList","@id":"https:\/\/batijournal.com\/index.php\/les-journees-de-linnovation-pedagogique\/111305\/#breadcrumb","itemListElement":[{"@type":"ListItem","position":1,"name":"Accueil","item":"https:\/\/batijournal.com\/"},{"@type":"ListItem","position":2,"name":"Actualit\u00e9s","item":"https:\/\/batijournal.com\/index.php\/category\/actualites\/"},{"@type":"ListItem","position":3,"name":"Les Journ\u00e9es de l\u2019innovation p\u00e9dagogique"}]},{"@type":"WebSite","@id":"https:\/\/batijournal.com\/#website","url":"https:\/\/batijournal.com\/","name":"Batijournal","description":"L&#039;actualit\u00e9 du b\u00e2timent","potentialAction":[{"@type":"SearchAction","target":{"@type":"EntryPoint","urlTemplate":"https:\/\/batijournal.com\/?s={search_term_string}"},"query-input":{"@type":"PropertyValueSpecification","valueRequired":true,"valueName":"search_term_string"}}],"inLanguage":"fr-FR"},{"@type":"Person","@id":"https:\/\/batijournal.com\/#\/schema\/person\/1dc96ec6957aa1ccb25ebe78bb19f100","name":"St\u00e9phane Miget","image":{"@type":"ImageObject","inLanguage":"fr-FR","@id":"https:\/\/secure.gravatar.com\/avatar\/89915563d925342126b8ef0281b93d9d7fc337043e8df017f780908eb9644451?s=96&d=mm&r=g","url":"https:\/\/secure.gravatar.com\/avatar\/89915563d925342126b8ef0281b93d9d7fc337043e8df017f780908eb9644451?s=96&d=mm&r=g","contentUrl":"https:\/\/secure.gravatar.com\/avatar\/89915563d925342126b8ef0281b93d9d7fc337043e8df017f780908eb9644451?s=96&d=mm&r=g","caption":"St\u00e9phane Miget"},"url":"https:\/\/batijournal.com\/index.php\/author\/stephane\/"}]}},"_links":{"self":[{"href":"https:\/\/batijournal.com\/index.php\/wp-json\/wp\/v2\/posts\/111305","targetHints":{"allow":["GET"]}}],"collection":[{"href":"https:\/\/batijournal.com\/index.php\/wp-json\/wp\/v2\/posts"}],"about":[{"href":"https:\/\/batijournal.com\/index.php\/wp-json\/wp\/v2\/types\/post"}],"author":[{"embeddable":true,"href":"https:\/\/batijournal.com\/index.php\/wp-json\/wp\/v2\/users\/17"}],"replies":[{"embeddable":true,"href":"https:\/\/batijournal.com\/index.php\/wp-json\/wp\/v2\/comments?post=111305"}],"version-history":[{"count":0,"href":"https:\/\/batijournal.com\/index.php\/wp-json\/wp\/v2\/posts\/111305\/revisions"}],"wp:featuredmedia":[{"embeddable":true,"href":"https:\/\/batijournal.com\/index.php\/wp-json\/wp\/v2\/media\/111306"}],"wp:attachment":[{"href":"https:\/\/batijournal.com\/index.php\/wp-json\/wp\/v2\/media?parent=111305"}],"wp:term":[{"taxonomy":"category","embeddable":true,"href":"https:\/\/batijournal.com\/index.php\/wp-json\/wp\/v2\/categories?post=111305"},{"taxonomy":"post_tag","embeddable":true,"href":"https:\/\/batijournal.com\/index.php\/wp-json\/wp\/v2\/tags?post=111305"}],"curies":[{"name":"wp","href":"https:\/\/api.w.org\/{rel}","templated":true}]}}