{"id":111312,"date":"2024-12-04T15:01:34","date_gmt":"2024-12-04T14:01:34","guid":{"rendered":"https:\/\/batijournal.com\/?p=111312"},"modified":"2024-12-04T15:01:34","modified_gmt":"2024-12-04T14:01:34","slug":"retrouvons-notre-dame-de-paris","status":"publish","type":"post","link":"https:\/\/batijournal.com\/index.php\/retrouvons-notre-dame-de-paris\/111312\/","title":{"rendered":"Retrouvons Notre-Dame de Paris"},"content":{"rendered":"<p><strong>Les 7 et 8 d\u00e9cembre se d\u00e9roulent les c\u00e9r\u00e9monies de r\u00e9ouverture de la cath\u00e9drale Notre-Dame de Paris. Les c\u00e9r\u00e9monies, compos\u00e9es de discours, messes et concerts, d\u00e9butent le samedi 7 d\u00e9cembre en fin d\u2019apr\u00e8s-midi sur le parvis de la cath\u00e9drale, en pr\u00e9sence du Pr\u00e9sident de la R\u00e9publique, d\u2019une cinquantaine de chefs d\u2019\u00c9tat et de gouvernement, et de presque 2 000 invit\u00e9s. Les c\u00e9r\u00e9monies se poursuivront lors d\u2019une octave jusqu\u2019au 15 d\u00e9cembre et de deux concerts du Magnificat de Jean-S\u00e9bastien Bach les 17 et 18 d\u00e9cembre. Jusqu\u2019\u00e0 la Pentec\u00f4te en juin 2025, des concerts chaque semaine le mardi et de nombreux \u00e9v\u00e9nements scanderont la vie de la cath\u00e9drale pour permettre au plus grand nombre de retrouver Notre-Dame.<\/strong><\/p>\n<p><strong>Samedi 7 d\u00e9cembre<\/strong><br \/>\nL\u2019office de r\u00e9ouverture, pr\u00e9sid\u00e9 par l\u2019Archev\u00eaque de Paris, aura lieu en fin d\u2019apr\u00e8s-midi. Lors du rite de l\u2019ouverture des portes, l\u2019archev\u00eaque frappe de sa crosse la porte ferm\u00e9e de Notre Dame de Paris. La cath\u00e9drale lui \u00ab r\u00e9pond \u00bb par le chant du Psaume 121, par trois fois. La cath\u00e9drale qui \u00e9tait silencieuse r\u00e9sonne de nouveau du chant de la louange et \u00e0 la troisi\u00e8me fois, les portes s\u2019ouvrent. L\u2019office se d\u00e9roule en trois parties : le r\u00e9veil du grand orgue : apr\u00e8s avoir d\u00e9but\u00e9 l\u2019office par le signe de croix, l\u2019archev\u00eaque proc\u00e8de \u00e0 la b\u00e9n\u00e9diction de l\u2019instrument. Par huit fois, il s\u2019adresse au grand orgue qui lui r\u00e9pond. Le chant de l\u2019office : l\u2019office est compos\u00e9 d\u2019un cantique, d\u2019un psaume, du chant du Magnificat, d\u2019intentions de pri\u00e8re pour le monde entier, de la pri\u00e8re du Notre P\u00e8re. Enfin, la b\u00e9n\u00e9diction finale par l\u2019archev\u00eaque et le chant du Te Deum.<\/p>\n<p><strong>Dimanche 8 d\u00e9cembre<\/strong><br \/>\nLa messe inaugurale, avec la cons\u00e9cration de l\u2019autel majeur, aura lieu ce dimanche, \u00e0 10h30, pr\u00e9sid\u00e9e par l\u2019Archev\u00eaque de Paris, en pr\u00e9sence du Pr\u00e9sident de la R\u00e9publique. \u00c0 l\u2019invitation de Monseigneur Laurent Ulrich, archev\u00eaque de Paris, pr\u00e8s de 170 \u00e9v\u00eaques de France et du monde entier participent \u00e0 cette c\u00e9l\u00e9bration, ainsi qu\u2019un pr\u00eatre de chacune des 106 paroisses du dioc\u00e8se de Paris, et un pr\u00eatre de chacune des sept \u00e9glises catholiques de rite oriental, accompagn\u00e9s de fid\u00e8les de chacune de ces communaut\u00e9s. A 18h30, une messe ouverte au public.<\/p>\n<p><strong>Une octave<\/strong>, c\u2019est-\u00e0-dire huit jours de r\u00e9ouverture, permettra d\u2019associer les fid\u00e8les parisiens dans leur grande diversit\u00e9, ainsi que bon nombre de personnes ayant permis que Notre-Dame puisse rena\u00eetre, lors de messes quotidiennes pr\u00e9sid\u00e9es par l\u2019archev\u00eaque \u00e0 10h30.<\/p>\n<p><strong>\u00c0 partir du 16 d\u00e9cembre la vie va reprendre \u00e0 Notre-Dame qui reprendra ses dimensions spirituelle et culturelle.<\/strong> La r\u00e9servation d\u2019un acc\u00e8s facilit\u00e9, permettant de limiter le temps d\u2019attente \u00e0 l\u2019entr\u00e9e de la cath\u00e9drale, a \u00e9t\u00e9 mis en place en ce d\u00e9but du mois de d\u00e9cembre. Les visiteurs individuels pourront retenir un cr\u00e9neau l\u2019avant-veille, la veille ou le jour-m\u00eame. Une file sans r\u00e9servation sera toujours pr\u00e9sente sur le parvis.<\/p>\n<p><strong>Une saison musicale exceptionnelle<\/strong><\/p>\n<p>Des concerts phares ponctueront une programmation exceptionnelle, qui mettra en valeur tout le patrimoine musical, du chant gr\u00e9gorien \u00e0 la cr\u00e9ation contemporaine. Depuis 850 ans, la Ma\u00eetrise Notre-Dame de Paris r\u00e9sonne au sein de sa cath\u00e9drale. Orpheline depuis cinq ans, apr\u00e8s avoir rayonn\u00e9 hors-les-murs, dans les plus grandes cath\u00e9drales et salles fran\u00e7aises, la Ma\u00eetrise retrouvera enfin son \u00e9crin en d\u00e9cembre 2024. 1000 ans de musique vibreront dans la cath\u00e9drale tout au long de l\u2019ann\u00e9e avec 50 concerts, 20 solistes internationaux, 15 orchestres et ch\u0153urs invit\u00e9s, 12 r\u00e9citals au grand orgue, pas moins de 6 cr\u00e9ations mondiales.<\/p>\n<p>Photo : \u00a9 S. D. \/ Dioc\u00e8se de Paris<\/p>\n<p><strong>Voir aussi\u00a0<\/strong><\/p>\n<blockquote class=\"wp-embedded-content\" data-secret=\"Oxom716aMi\"><p><a href=\"https:\/\/www.atrium-patrimoine.com\/reouverture-de-notre-dame-de-paris\/118587\/\">R\u00e9ouverture de Notre-Dame de Paris<\/a><\/p><\/blockquote>\n<p><iframe loading=\"lazy\" class=\"wp-embedded-content\" sandbox=\"allow-scripts\" security=\"restricted\" style=\"position: absolute; visibility: hidden;\" title=\"\u00ab\u00a0R\u00e9ouverture de Notre-Dame de Paris\u00a0\u00bb &#8212; Atrium Patrimoine\" src=\"https:\/\/www.atrium-patrimoine.com\/reouverture-de-notre-dame-de-paris\/118587\/embed\/#?secret=sepOi1crao#?secret=Oxom716aMi\" data-secret=\"Oxom716aMi\" width=\"600\" height=\"338\" frameborder=\"0\" marginwidth=\"0\" marginheight=\"0\" scrolling=\"no\"><\/iframe><\/p>\n","protected":false},"excerpt":{"rendered":"<p>Les 7 et 8 d\u00e9cembre se d\u00e9roulent les c\u00e9r\u00e9monies de r\u00e9ouverture de la cath\u00e9drale Notre-Dame de Paris. Les c\u00e9r\u00e9monies, compos\u00e9es de discours, messes et concerts, d\u00e9butent le samedi 7 d\u00e9cembre en fin d\u2019apr\u00e8s-midi sur le parvis de la cath\u00e9drale, en pr\u00e9sence du Pr\u00e9sident de la R\u00e9publique, d\u2019une cinquantaine de chefs d\u2019\u00c9tat et de gouvernement, et [&hellip;]<\/p>\n","protected":false},"author":17,"featured_media":111313,"comment_status":"closed","ping_status":"closed","sticky":false,"template":"","format":"standard","meta":{"_et_pb_use_builder":"","_et_pb_old_content":"","_et_gb_content_width":"","footnotes":""},"categories":[10736,10530,10789,10785],"tags":[6842],"class_list":["post-111312","post","type-post","status-publish","format-standard","has-post-thumbnail","hentry","category-a-la-une","category-actualites","category-publications-atrium","category-atrium","tag-notre-dame-de-paris"],"yoast_head":"<!-- This site is optimized with the Yoast SEO plugin v27.4 - https:\/\/yoast.com\/product\/yoast-seo-wordpress\/ -->\n<title>Retrouvons Notre-Dame de Paris<\/title>\n<meta name=\"robots\" content=\"index, follow, max-snippet:-1, max-image-preview:large, max-video-preview:-1\" \/>\n<link rel=\"canonical\" href=\"https:\/\/batijournal.com\/index.php\/retrouvons-notre-dame-de-paris\/111312\/\" \/>\n<meta property=\"og:locale\" content=\"fr_FR\" \/>\n<meta property=\"og:type\" content=\"article\" \/>\n<meta property=\"og:title\" content=\"Retrouvons Notre-Dame de Paris\" \/>\n<meta property=\"og:description\" content=\"Les 7 et 8 d\u00e9cembre se d\u00e9roulent les c\u00e9r\u00e9monies de r\u00e9ouverture de la cath\u00e9drale Notre-Dame de Paris. Les c\u00e9r\u00e9monies, compos\u00e9es de discours, messes et concerts, d\u00e9butent le samedi 7 d\u00e9cembre en fin d\u2019apr\u00e8s-midi sur le parvis de la cath\u00e9drale, en pr\u00e9sence du Pr\u00e9sident de la R\u00e9publique, d\u2019une cinquantaine de chefs d\u2019\u00c9tat et de gouvernement, et [&hellip;]\" \/>\n<meta property=\"og:url\" content=\"https:\/\/batijournal.com\/index.php\/retrouvons-notre-dame-de-paris\/111312\/\" \/>\n<meta property=\"og:site_name\" content=\"Batijournal\" \/>\n<meta property=\"article:published_time\" content=\"2024-12-04T14:01:34+00:00\" \/>\n<meta property=\"og:image\" content=\"https:\/\/batijournal.com\/wp-content\/uploads\/2024\/12\/facade-notre-dame-de-paris.jpg\" \/>\n\t<meta property=\"og:image:width\" content=\"1110\" \/>\n\t<meta property=\"og:image:height\" content=\"624\" \/>\n\t<meta property=\"og:image:type\" content=\"image\/jpeg\" \/>\n<meta name=\"author\" content=\"St\u00e9phane Miget\" \/>\n<meta name=\"twitter:card\" content=\"summary_large_image\" \/>\n<meta name=\"twitter:creator\" content=\"@bati_journal\" \/>\n<meta name=\"twitter:site\" content=\"@bati_journal\" \/>\n<meta name=\"twitter:label1\" content=\"\u00c9crit par\" \/>\n\t<meta name=\"twitter:data1\" content=\"St\u00e9phane Miget\" \/>\n\t<meta name=\"twitter:label2\" content=\"Dur\u00e9e de lecture estim\u00e9e\" \/>\n\t<meta name=\"twitter:data2\" content=\"3 minutes\" \/>\n<script type=\"application\/ld+json\" class=\"yoast-schema-graph\">{\"@context\":\"https:\\\/\\\/schema.org\",\"@graph\":[{\"@type\":\"Article\",\"@id\":\"https:\\\/\\\/batijournal.com\\\/index.php\\\/retrouvons-notre-dame-de-paris\\\/111312\\\/#article\",\"isPartOf\":{\"@id\":\"https:\\\/\\\/batijournal.com\\\/index.php\\\/retrouvons-notre-dame-de-paris\\\/111312\\\/\"},\"author\":{\"name\":\"St\u00e9phane Miget\",\"@id\":\"https:\\\/\\\/batijournal.com\\\/#\\\/schema\\\/person\\\/1dc96ec6957aa1ccb25ebe78bb19f100\"},\"headline\":\"Retrouvons Notre-Dame de Paris\",\"datePublished\":\"2024-12-04T14:01:34+00:00\",\"mainEntityOfPage\":{\"@id\":\"https:\\\/\\\/batijournal.com\\\/index.php\\\/retrouvons-notre-dame-de-paris\\\/111312\\\/\"},\"wordCount\":685,\"image\":{\"@id\":\"https:\\\/\\\/batijournal.com\\\/index.php\\\/retrouvons-notre-dame-de-paris\\\/111312\\\/#primaryimage\"},\"thumbnailUrl\":\"https:\\\/\\\/batijournal.com\\\/wp-content\\\/uploads\\\/2024\\\/12\\\/facade-notre-dame-de-paris.jpg\",\"keywords\":[\"notre dame de paris\"],\"articleSection\":[\"A la Une\",\"Actualit\u00e9s\",\"zz_Actualit\u00e9s - Atrium\",\"zz_Atrium Patrimoine\"],\"inLanguage\":\"fr-FR\"},{\"@type\":\"WebPage\",\"@id\":\"https:\\\/\\\/batijournal.com\\\/index.php\\\/retrouvons-notre-dame-de-paris\\\/111312\\\/\",\"url\":\"https:\\\/\\\/batijournal.com\\\/index.php\\\/retrouvons-notre-dame-de-paris\\\/111312\\\/\",\"name\":\"Retrouvons Notre-Dame de Paris\",\"isPartOf\":{\"@id\":\"https:\\\/\\\/batijournal.com\\\/#website\"},\"primaryImageOfPage\":{\"@id\":\"https:\\\/\\\/batijournal.com\\\/index.php\\\/retrouvons-notre-dame-de-paris\\\/111312\\\/#primaryimage\"},\"image\":{\"@id\":\"https:\\\/\\\/batijournal.com\\\/index.php\\\/retrouvons-notre-dame-de-paris\\\/111312\\\/#primaryimage\"},\"thumbnailUrl\":\"https:\\\/\\\/batijournal.com\\\/wp-content\\\/uploads\\\/2024\\\/12\\\/facade-notre-dame-de-paris.jpg\",\"datePublished\":\"2024-12-04T14:01:34+00:00\",\"author\":{\"@id\":\"https:\\\/\\\/batijournal.com\\\/#\\\/schema\\\/person\\\/1dc96ec6957aa1ccb25ebe78bb19f100\"},\"breadcrumb\":{\"@id\":\"https:\\\/\\\/batijournal.com\\\/index.php\\\/retrouvons-notre-dame-de-paris\\\/111312\\\/#breadcrumb\"},\"inLanguage\":\"fr-FR\",\"potentialAction\":[{\"@type\":\"ReadAction\",\"target\":[\"https:\\\/\\\/batijournal.com\\\/index.php\\\/retrouvons-notre-dame-de-paris\\\/111312\\\/\"]}]},{\"@type\":\"ImageObject\",\"inLanguage\":\"fr-FR\",\"@id\":\"https:\\\/\\\/batijournal.com\\\/index.php\\\/retrouvons-notre-dame-de-paris\\\/111312\\\/#primaryimage\",\"url\":\"https:\\\/\\\/batijournal.com\\\/wp-content\\\/uploads\\\/2024\\\/12\\\/facade-notre-dame-de-paris.jpg\",\"contentUrl\":\"https:\\\/\\\/batijournal.com\\\/wp-content\\\/uploads\\\/2024\\\/12\\\/facade-notre-dame-de-paris.jpg\",\"width\":1110,\"height\":624},{\"@type\":\"BreadcrumbList\",\"@id\":\"https:\\\/\\\/batijournal.com\\\/index.php\\\/retrouvons-notre-dame-de-paris\\\/111312\\\/#breadcrumb\",\"itemListElement\":[{\"@type\":\"ListItem\",\"position\":1,\"name\":\"Accueil\",\"item\":\"https:\\\/\\\/batijournal.com\\\/\"},{\"@type\":\"ListItem\",\"position\":2,\"name\":\"A la Une\",\"item\":\"https:\\\/\\\/batijournal.com\\\/index.php\\\/category\\\/a-la-une\\\/\"},{\"@type\":\"ListItem\",\"position\":3,\"name\":\"Retrouvons Notre-Dame de Paris\"}]},{\"@type\":\"WebSite\",\"@id\":\"https:\\\/\\\/batijournal.com\\\/#website\",\"url\":\"https:\\\/\\\/batijournal.com\\\/\",\"name\":\"Batijournal\",\"description\":\"L&#039;actualit\u00e9 du b\u00e2timent\",\"potentialAction\":[{\"@type\":\"SearchAction\",\"target\":{\"@type\":\"EntryPoint\",\"urlTemplate\":\"https:\\\/\\\/batijournal.com\\\/?s={search_term_string}\"},\"query-input\":{\"@type\":\"PropertyValueSpecification\",\"valueRequired\":true,\"valueName\":\"search_term_string\"}}],\"inLanguage\":\"fr-FR\"},{\"@type\":\"Person\",\"@id\":\"https:\\\/\\\/batijournal.com\\\/#\\\/schema\\\/person\\\/1dc96ec6957aa1ccb25ebe78bb19f100\",\"name\":\"St\u00e9phane Miget\",\"image\":{\"@type\":\"ImageObject\",\"inLanguage\":\"fr-FR\",\"@id\":\"https:\\\/\\\/secure.gravatar.com\\\/avatar\\\/89915563d925342126b8ef0281b93d9d7fc337043e8df017f780908eb9644451?s=96&d=mm&r=g\",\"url\":\"https:\\\/\\\/secure.gravatar.com\\\/avatar\\\/89915563d925342126b8ef0281b93d9d7fc337043e8df017f780908eb9644451?s=96&d=mm&r=g\",\"contentUrl\":\"https:\\\/\\\/secure.gravatar.com\\\/avatar\\\/89915563d925342126b8ef0281b93d9d7fc337043e8df017f780908eb9644451?s=96&d=mm&r=g\",\"caption\":\"St\u00e9phane Miget\"},\"url\":\"https:\\\/\\\/batijournal.com\\\/index.php\\\/author\\\/stephane\\\/\"}]}<\/script>\n<!-- \/ Yoast SEO plugin. -->","yoast_head_json":{"title":"Retrouvons Notre-Dame de Paris","robots":{"index":"index","follow":"follow","max-snippet":"max-snippet:-1","max-image-preview":"max-image-preview:large","max-video-preview":"max-video-preview:-1"},"canonical":"https:\/\/batijournal.com\/index.php\/retrouvons-notre-dame-de-paris\/111312\/","og_locale":"fr_FR","og_type":"article","og_title":"Retrouvons Notre-Dame de Paris","og_description":"Les 7 et 8 d\u00e9cembre se d\u00e9roulent les c\u00e9r\u00e9monies de r\u00e9ouverture de la cath\u00e9drale Notre-Dame de Paris. Les c\u00e9r\u00e9monies, compos\u00e9es de discours, messes et concerts, d\u00e9butent le samedi 7 d\u00e9cembre en fin d\u2019apr\u00e8s-midi sur le parvis de la cath\u00e9drale, en pr\u00e9sence du Pr\u00e9sident de la R\u00e9publique, d\u2019une cinquantaine de chefs d\u2019\u00c9tat et de gouvernement, et [&hellip;]","og_url":"https:\/\/batijournal.com\/index.php\/retrouvons-notre-dame-de-paris\/111312\/","og_site_name":"Batijournal","article_published_time":"2024-12-04T14:01:34+00:00","og_image":[{"width":1110,"height":624,"url":"https:\/\/batijournal.com\/wp-content\/uploads\/2024\/12\/facade-notre-dame-de-paris.jpg","type":"image\/jpeg"}],"author":"St\u00e9phane Miget","twitter_card":"summary_large_image","twitter_creator":"@bati_journal","twitter_site":"@bati_journal","twitter_misc":{"\u00c9crit par":"St\u00e9phane Miget","Dur\u00e9e de lecture estim\u00e9e":"3 minutes"},"schema":{"@context":"https:\/\/schema.org","@graph":[{"@type":"Article","@id":"https:\/\/batijournal.com\/index.php\/retrouvons-notre-dame-de-paris\/111312\/#article","isPartOf":{"@id":"https:\/\/batijournal.com\/index.php\/retrouvons-notre-dame-de-paris\/111312\/"},"author":{"name":"St\u00e9phane Miget","@id":"https:\/\/batijournal.com\/#\/schema\/person\/1dc96ec6957aa1ccb25ebe78bb19f100"},"headline":"Retrouvons Notre-Dame de Paris","datePublished":"2024-12-04T14:01:34+00:00","mainEntityOfPage":{"@id":"https:\/\/batijournal.com\/index.php\/retrouvons-notre-dame-de-paris\/111312\/"},"wordCount":685,"image":{"@id":"https:\/\/batijournal.com\/index.php\/retrouvons-notre-dame-de-paris\/111312\/#primaryimage"},"thumbnailUrl":"https:\/\/batijournal.com\/wp-content\/uploads\/2024\/12\/facade-notre-dame-de-paris.jpg","keywords":["notre dame de paris"],"articleSection":["A la Une","Actualit\u00e9s","zz_Actualit\u00e9s - Atrium","zz_Atrium Patrimoine"],"inLanguage":"fr-FR"},{"@type":"WebPage","@id":"https:\/\/batijournal.com\/index.php\/retrouvons-notre-dame-de-paris\/111312\/","url":"https:\/\/batijournal.com\/index.php\/retrouvons-notre-dame-de-paris\/111312\/","name":"Retrouvons Notre-Dame de Paris","isPartOf":{"@id":"https:\/\/batijournal.com\/#website"},"primaryImageOfPage":{"@id":"https:\/\/batijournal.com\/index.php\/retrouvons-notre-dame-de-paris\/111312\/#primaryimage"},"image":{"@id":"https:\/\/batijournal.com\/index.php\/retrouvons-notre-dame-de-paris\/111312\/#primaryimage"},"thumbnailUrl":"https:\/\/batijournal.com\/wp-content\/uploads\/2024\/12\/facade-notre-dame-de-paris.jpg","datePublished":"2024-12-04T14:01:34+00:00","author":{"@id":"https:\/\/batijournal.com\/#\/schema\/person\/1dc96ec6957aa1ccb25ebe78bb19f100"},"breadcrumb":{"@id":"https:\/\/batijournal.com\/index.php\/retrouvons-notre-dame-de-paris\/111312\/#breadcrumb"},"inLanguage":"fr-FR","potentialAction":[{"@type":"ReadAction","target":["https:\/\/batijournal.com\/index.php\/retrouvons-notre-dame-de-paris\/111312\/"]}]},{"@type":"ImageObject","inLanguage":"fr-FR","@id":"https:\/\/batijournal.com\/index.php\/retrouvons-notre-dame-de-paris\/111312\/#primaryimage","url":"https:\/\/batijournal.com\/wp-content\/uploads\/2024\/12\/facade-notre-dame-de-paris.jpg","contentUrl":"https:\/\/batijournal.com\/wp-content\/uploads\/2024\/12\/facade-notre-dame-de-paris.jpg","width":1110,"height":624},{"@type":"BreadcrumbList","@id":"https:\/\/batijournal.com\/index.php\/retrouvons-notre-dame-de-paris\/111312\/#breadcrumb","itemListElement":[{"@type":"ListItem","position":1,"name":"Accueil","item":"https:\/\/batijournal.com\/"},{"@type":"ListItem","position":2,"name":"A la Une","item":"https:\/\/batijournal.com\/index.php\/category\/a-la-une\/"},{"@type":"ListItem","position":3,"name":"Retrouvons Notre-Dame de Paris"}]},{"@type":"WebSite","@id":"https:\/\/batijournal.com\/#website","url":"https:\/\/batijournal.com\/","name":"Batijournal","description":"L&#039;actualit\u00e9 du b\u00e2timent","potentialAction":[{"@type":"SearchAction","target":{"@type":"EntryPoint","urlTemplate":"https:\/\/batijournal.com\/?s={search_term_string}"},"query-input":{"@type":"PropertyValueSpecification","valueRequired":true,"valueName":"search_term_string"}}],"inLanguage":"fr-FR"},{"@type":"Person","@id":"https:\/\/batijournal.com\/#\/schema\/person\/1dc96ec6957aa1ccb25ebe78bb19f100","name":"St\u00e9phane Miget","image":{"@type":"ImageObject","inLanguage":"fr-FR","@id":"https:\/\/secure.gravatar.com\/avatar\/89915563d925342126b8ef0281b93d9d7fc337043e8df017f780908eb9644451?s=96&d=mm&r=g","url":"https:\/\/secure.gravatar.com\/avatar\/89915563d925342126b8ef0281b93d9d7fc337043e8df017f780908eb9644451?s=96&d=mm&r=g","contentUrl":"https:\/\/secure.gravatar.com\/avatar\/89915563d925342126b8ef0281b93d9d7fc337043e8df017f780908eb9644451?s=96&d=mm&r=g","caption":"St\u00e9phane Miget"},"url":"https:\/\/batijournal.com\/index.php\/author\/stephane\/"}]}},"_links":{"self":[{"href":"https:\/\/batijournal.com\/index.php\/wp-json\/wp\/v2\/posts\/111312","targetHints":{"allow":["GET"]}}],"collection":[{"href":"https:\/\/batijournal.com\/index.php\/wp-json\/wp\/v2\/posts"}],"about":[{"href":"https:\/\/batijournal.com\/index.php\/wp-json\/wp\/v2\/types\/post"}],"author":[{"embeddable":true,"href":"https:\/\/batijournal.com\/index.php\/wp-json\/wp\/v2\/users\/17"}],"replies":[{"embeddable":true,"href":"https:\/\/batijournal.com\/index.php\/wp-json\/wp\/v2\/comments?post=111312"}],"version-history":[{"count":0,"href":"https:\/\/batijournal.com\/index.php\/wp-json\/wp\/v2\/posts\/111312\/revisions"}],"wp:featuredmedia":[{"embeddable":true,"href":"https:\/\/batijournal.com\/index.php\/wp-json\/wp\/v2\/media\/111313"}],"wp:attachment":[{"href":"https:\/\/batijournal.com\/index.php\/wp-json\/wp\/v2\/media?parent=111312"}],"wp:term":[{"taxonomy":"category","embeddable":true,"href":"https:\/\/batijournal.com\/index.php\/wp-json\/wp\/v2\/categories?post=111312"},{"taxonomy":"post_tag","embeddable":true,"href":"https:\/\/batijournal.com\/index.php\/wp-json\/wp\/v2\/tags?post=111312"}],"curies":[{"name":"wp","href":"https:\/\/api.w.org\/{rel}","templated":true}]}}