{"id":111317,"date":"2024-12-05T11:55:13","date_gmt":"2024-12-05T10:55:13","guid":{"rendered":"https:\/\/batijournal.com\/?p=111317"},"modified":"2024-12-05T11:55:22","modified_gmt":"2024-12-05T10:55:22","slug":"les-fibres-kuralon-pour-les-facade-ductal","status":"publish","type":"post","link":"https:\/\/batijournal.com\/index.php\/les-fibres-kuralon-pour-les-facade-ductal\/111317\/","title":{"rendered":"Les fibres Kuralon pour les fa\u00e7ades Ductal"},"content":{"rendered":"<p>Holcim int\u00e8gre les fibres Kuralon, d\u00e9velopp\u00e9es par le sp\u00e9cialiste des produits chimiques de sp\u00e9cialit\u00e9 Kuraray, dans ses solutions de fa\u00e7ade Ductal. Ces fibres apportent des b\u00e9n\u00e9fices consid\u00e9rables dans l&rsquo;armature du b\u00e9ton Ductal : une r\u00e9sistance \u00e9lev\u00e9e, assurant un soutien structurel optimal, un faible allongement et excellente adh\u00e9rence, garantissant une int\u00e9gration parfaite dans la matrice de ciment, une r\u00e9sistance aux alcalis et aux UV, renfor\u00e7ant la durabilit\u00e9 des panneaux et la l\u00e9g\u00e8ret\u00e9 et absence de corrosion, surpassant ainsi les fibres d&rsquo;acier. Simon Herb\u00e9, ing\u00e9nieur en d\u00e9veloppement mondial chez Holcim, explique : \u00ab Les fibres PVA se coulent ais\u00e9ment dans le b\u00e9ton, simplifiant ainsi leur mise en \u0153uvre tout en am\u00e9liorant la ductilit\u00e9 des panneaux \u00bb. Holcim propose deux variantes principales pour les \u00e9l\u00e9ments de fa\u00e7ade. Le Ductal Cladding : Ces panneaux l\u00e9gers et flexibles, disponibles en diff\u00e9rentes dimensions, permettent une installation rapide et facile tout en minimisant les co\u00fbts de montage. Ils sont parfaitement adapt\u00e9s aux rev\u00eatements de fa\u00e7ade et offrent une grande libert\u00e9 de personnalisation. Le Ductal Envelope : Cette solution permet une cr\u00e9ativit\u00e9 architecturale encore plus pouss\u00e9e, id\u00e9ale pour les syst\u00e8mes de fa\u00e7ades complexes. Elle associe r\u00e9sistance aux chocs et esth\u00e9tique, avec des possibilit\u00e9s infinies de formes, de textures et de couleurs.<\/p>\n<p>Photo : le projet Lusail Plaza au Qatar illustre parfaitement le potentiel des fa\u00e7ades Ductal renforc\u00e9es par les fibres Kuralon. Ce d\u00e9veloppement monumental, qui comprend quatre tours de bureaux et un quartier entier, utilise plus de 16 000 tonnes de mat\u00e9riaux Ductal. La pr\u00e9cision esth\u00e9tique et la l\u00e9g\u00e8ret\u00e9 des panneaux ont permis de donner vie \u00e0 la vision du c\u00e9l\u00e8bre cabinet d\u2019architectes Foster + Partners.<\/p>\n<p>&nbsp;<\/p>\n","protected":false},"excerpt":{"rendered":"<p>Holcim int\u00e8gre les fibres Kuralon, d\u00e9velopp\u00e9es par le sp\u00e9cialiste des produits chimiques de sp\u00e9cialit\u00e9 Kuraray, dans ses solutions de fa\u00e7ade Ductal. Ces fibres apportent des b\u00e9n\u00e9fices consid\u00e9rables dans l&rsquo;armature du b\u00e9ton Ductal : une r\u00e9sistance \u00e9lev\u00e9e, assurant un soutien structurel optimal, un faible allongement et excellente adh\u00e9rence, garantissant une int\u00e9gration parfaite dans la matrice de [&hellip;]<\/p>\n","protected":false},"author":17,"featured_media":111318,"comment_status":"closed","ping_status":"closed","sticky":false,"template":"","format":"standard","meta":{"_et_pb_use_builder":"","_et_pb_old_content":"","_et_gb_content_width":"","footnotes":""},"categories":[10530,6340,10771,10775],"tags":[11260],"class_list":["post-111317","post","type-post","status-publish","format-standard","has-post-thumbnail","hentry","category-actualites","category-architecture-conception","category-5facades","category-actualites-5facades","tag-ductal"],"yoast_head":"<!-- This site is optimized with the Yoast SEO plugin v27.4 - https:\/\/yoast.com\/product\/yoast-seo-wordpress\/ -->\n<title>Les fibres Kuralon pour les fa\u00e7ades Ductal<\/title>\n<meta name=\"robots\" content=\"index, follow, max-snippet:-1, max-image-preview:large, max-video-preview:-1\" \/>\n<link rel=\"canonical\" href=\"https:\/\/batijournal.com\/index.php\/les-fibres-kuralon-pour-les-facade-ductal\/111317\/\" \/>\n<meta property=\"og:locale\" content=\"fr_FR\" \/>\n<meta property=\"og:type\" content=\"article\" \/>\n<meta property=\"og:title\" content=\"Les fibres Kuralon pour les fa\u00e7ades Ductal\" \/>\n<meta property=\"og:description\" content=\"Holcim int\u00e8gre les fibres Kuralon, d\u00e9velopp\u00e9es par le sp\u00e9cialiste des produits chimiques de sp\u00e9cialit\u00e9 Kuraray, dans ses solutions de fa\u00e7ade Ductal. Ces fibres apportent des b\u00e9n\u00e9fices consid\u00e9rables dans l&rsquo;armature du b\u00e9ton Ductal : une r\u00e9sistance \u00e9lev\u00e9e, assurant un soutien structurel optimal, un faible allongement et excellente adh\u00e9rence, garantissant une int\u00e9gration parfaite dans la matrice de [&hellip;]\" \/>\n<meta property=\"og:url\" content=\"https:\/\/batijournal.com\/index.php\/les-fibres-kuralon-pour-les-facade-ductal\/111317\/\" \/>\n<meta property=\"og:site_name\" content=\"Batijournal\" \/>\n<meta property=\"article:published_time\" content=\"2024-12-05T10:55:13+00:00\" \/>\n<meta property=\"article:modified_time\" content=\"2024-12-05T10:55:22+00:00\" \/>\n<meta property=\"og:image\" content=\"https:\/\/batijournal.com\/wp-content\/uploads\/2024\/12\/Lusail-Plaza-Qatar-scaled.jpeg\" \/>\n\t<meta property=\"og:image:width\" content=\"2560\" \/>\n\t<meta property=\"og:image:height\" content=\"1435\" \/>\n\t<meta property=\"og:image:type\" content=\"image\/jpeg\" \/>\n<meta name=\"author\" content=\"St\u00e9phane Miget\" \/>\n<meta name=\"twitter:card\" content=\"summary_large_image\" \/>\n<meta name=\"twitter:creator\" content=\"@bati_journal\" \/>\n<meta name=\"twitter:site\" content=\"@bati_journal\" \/>\n<meta name=\"twitter:label1\" content=\"\u00c9crit par\" \/>\n\t<meta name=\"twitter:data1\" content=\"St\u00e9phane Miget\" \/>\n\t<meta name=\"twitter:label2\" content=\"Dur\u00e9e de lecture estim\u00e9e\" \/>\n\t<meta name=\"twitter:data2\" content=\"2 minutes\" \/>\n<script type=\"application\/ld+json\" class=\"yoast-schema-graph\">{\"@context\":\"https:\\\/\\\/schema.org\",\"@graph\":[{\"@type\":\"Article\",\"@id\":\"https:\\\/\\\/batijournal.com\\\/index.php\\\/les-fibres-kuralon-pour-les-facade-ductal\\\/111317\\\/#article\",\"isPartOf\":{\"@id\":\"https:\\\/\\\/batijournal.com\\\/index.php\\\/les-fibres-kuralon-pour-les-facade-ductal\\\/111317\\\/\"},\"author\":{\"name\":\"St\u00e9phane Miget\",\"@id\":\"https:\\\/\\\/batijournal.com\\\/#\\\/schema\\\/person\\\/1dc96ec6957aa1ccb25ebe78bb19f100\"},\"headline\":\"Les fibres Kuralon pour les fa\u00e7ades Ductal\",\"datePublished\":\"2024-12-05T10:55:13+00:00\",\"dateModified\":\"2024-12-05T10:55:22+00:00\",\"mainEntityOfPage\":{\"@id\":\"https:\\\/\\\/batijournal.com\\\/index.php\\\/les-fibres-kuralon-pour-les-facade-ductal\\\/111317\\\/\"},\"wordCount\":318,\"image\":{\"@id\":\"https:\\\/\\\/batijournal.com\\\/index.php\\\/les-fibres-kuralon-pour-les-facade-ductal\\\/111317\\\/#primaryimage\"},\"thumbnailUrl\":\"https:\\\/\\\/batijournal.com\\\/wp-content\\\/uploads\\\/2024\\\/12\\\/Lusail-Plaza-Qatar-scaled.jpeg\",\"keywords\":[\"Ductal\"],\"articleSection\":[\"Actualit\u00e9s\",\"Architecture &amp; Conception\",\"zz_5fa\u00e7ades\",\"zz_Actualit\u00e9s - 5fa\u00e7ades\"],\"inLanguage\":\"fr-FR\"},{\"@type\":\"WebPage\",\"@id\":\"https:\\\/\\\/batijournal.com\\\/index.php\\\/les-fibres-kuralon-pour-les-facade-ductal\\\/111317\\\/\",\"url\":\"https:\\\/\\\/batijournal.com\\\/index.php\\\/les-fibres-kuralon-pour-les-facade-ductal\\\/111317\\\/\",\"name\":\"Les fibres Kuralon pour les fa\u00e7ades Ductal\",\"isPartOf\":{\"@id\":\"https:\\\/\\\/batijournal.com\\\/#website\"},\"primaryImageOfPage\":{\"@id\":\"https:\\\/\\\/batijournal.com\\\/index.php\\\/les-fibres-kuralon-pour-les-facade-ductal\\\/111317\\\/#primaryimage\"},\"image\":{\"@id\":\"https:\\\/\\\/batijournal.com\\\/index.php\\\/les-fibres-kuralon-pour-les-facade-ductal\\\/111317\\\/#primaryimage\"},\"thumbnailUrl\":\"https:\\\/\\\/batijournal.com\\\/wp-content\\\/uploads\\\/2024\\\/12\\\/Lusail-Plaza-Qatar-scaled.jpeg\",\"datePublished\":\"2024-12-05T10:55:13+00:00\",\"dateModified\":\"2024-12-05T10:55:22+00:00\",\"author\":{\"@id\":\"https:\\\/\\\/batijournal.com\\\/#\\\/schema\\\/person\\\/1dc96ec6957aa1ccb25ebe78bb19f100\"},\"breadcrumb\":{\"@id\":\"https:\\\/\\\/batijournal.com\\\/index.php\\\/les-fibres-kuralon-pour-les-facade-ductal\\\/111317\\\/#breadcrumb\"},\"inLanguage\":\"fr-FR\",\"potentialAction\":[{\"@type\":\"ReadAction\",\"target\":[\"https:\\\/\\\/batijournal.com\\\/index.php\\\/les-fibres-kuralon-pour-les-facade-ductal\\\/111317\\\/\"]}]},{\"@type\":\"ImageObject\",\"inLanguage\":\"fr-FR\",\"@id\":\"https:\\\/\\\/batijournal.com\\\/index.php\\\/les-fibres-kuralon-pour-les-facade-ductal\\\/111317\\\/#primaryimage\",\"url\":\"https:\\\/\\\/batijournal.com\\\/wp-content\\\/uploads\\\/2024\\\/12\\\/Lusail-Plaza-Qatar-scaled.jpeg\",\"contentUrl\":\"https:\\\/\\\/batijournal.com\\\/wp-content\\\/uploads\\\/2024\\\/12\\\/Lusail-Plaza-Qatar-scaled.jpeg\",\"width\":2560,\"height\":1435},{\"@type\":\"BreadcrumbList\",\"@id\":\"https:\\\/\\\/batijournal.com\\\/index.php\\\/les-fibres-kuralon-pour-les-facade-ductal\\\/111317\\\/#breadcrumb\",\"itemListElement\":[{\"@type\":\"ListItem\",\"position\":1,\"name\":\"Accueil\",\"item\":\"https:\\\/\\\/batijournal.com\\\/\"},{\"@type\":\"ListItem\",\"position\":2,\"name\":\"Actualit\u00e9s\",\"item\":\"https:\\\/\\\/batijournal.com\\\/index.php\\\/category\\\/actualites\\\/\"},{\"@type\":\"ListItem\",\"position\":3,\"name\":\"Les fibres Kuralon pour les fa\u00e7ades Ductal\"}]},{\"@type\":\"WebSite\",\"@id\":\"https:\\\/\\\/batijournal.com\\\/#website\",\"url\":\"https:\\\/\\\/batijournal.com\\\/\",\"name\":\"Batijournal\",\"description\":\"L&#039;actualit\u00e9 du b\u00e2timent\",\"potentialAction\":[{\"@type\":\"SearchAction\",\"target\":{\"@type\":\"EntryPoint\",\"urlTemplate\":\"https:\\\/\\\/batijournal.com\\\/?s={search_term_string}\"},\"query-input\":{\"@type\":\"PropertyValueSpecification\",\"valueRequired\":true,\"valueName\":\"search_term_string\"}}],\"inLanguage\":\"fr-FR\"},{\"@type\":\"Person\",\"@id\":\"https:\\\/\\\/batijournal.com\\\/#\\\/schema\\\/person\\\/1dc96ec6957aa1ccb25ebe78bb19f100\",\"name\":\"St\u00e9phane Miget\",\"image\":{\"@type\":\"ImageObject\",\"inLanguage\":\"fr-FR\",\"@id\":\"https:\\\/\\\/secure.gravatar.com\\\/avatar\\\/89915563d925342126b8ef0281b93d9d7fc337043e8df017f780908eb9644451?s=96&d=mm&r=g\",\"url\":\"https:\\\/\\\/secure.gravatar.com\\\/avatar\\\/89915563d925342126b8ef0281b93d9d7fc337043e8df017f780908eb9644451?s=96&d=mm&r=g\",\"contentUrl\":\"https:\\\/\\\/secure.gravatar.com\\\/avatar\\\/89915563d925342126b8ef0281b93d9d7fc337043e8df017f780908eb9644451?s=96&d=mm&r=g\",\"caption\":\"St\u00e9phane Miget\"},\"url\":\"https:\\\/\\\/batijournal.com\\\/index.php\\\/author\\\/stephane\\\/\"}]}<\/script>\n<!-- \/ Yoast SEO plugin. -->","yoast_head_json":{"title":"Les fibres Kuralon pour les fa\u00e7ades Ductal","robots":{"index":"index","follow":"follow","max-snippet":"max-snippet:-1","max-image-preview":"max-image-preview:large","max-video-preview":"max-video-preview:-1"},"canonical":"https:\/\/batijournal.com\/index.php\/les-fibres-kuralon-pour-les-facade-ductal\/111317\/","og_locale":"fr_FR","og_type":"article","og_title":"Les fibres Kuralon pour les fa\u00e7ades Ductal","og_description":"Holcim int\u00e8gre les fibres Kuralon, d\u00e9velopp\u00e9es par le sp\u00e9cialiste des produits chimiques de sp\u00e9cialit\u00e9 Kuraray, dans ses solutions de fa\u00e7ade Ductal. Ces fibres apportent des b\u00e9n\u00e9fices consid\u00e9rables dans l&rsquo;armature du b\u00e9ton Ductal : une r\u00e9sistance \u00e9lev\u00e9e, assurant un soutien structurel optimal, un faible allongement et excellente adh\u00e9rence, garantissant une int\u00e9gration parfaite dans la matrice de [&hellip;]","og_url":"https:\/\/batijournal.com\/index.php\/les-fibres-kuralon-pour-les-facade-ductal\/111317\/","og_site_name":"Batijournal","article_published_time":"2024-12-05T10:55:13+00:00","article_modified_time":"2024-12-05T10:55:22+00:00","og_image":[{"width":2560,"height":1435,"url":"https:\/\/batijournal.com\/wp-content\/uploads\/2024\/12\/Lusail-Plaza-Qatar-scaled.jpeg","type":"image\/jpeg"}],"author":"St\u00e9phane Miget","twitter_card":"summary_large_image","twitter_creator":"@bati_journal","twitter_site":"@bati_journal","twitter_misc":{"\u00c9crit par":"St\u00e9phane Miget","Dur\u00e9e de lecture estim\u00e9e":"2 minutes"},"schema":{"@context":"https:\/\/schema.org","@graph":[{"@type":"Article","@id":"https:\/\/batijournal.com\/index.php\/les-fibres-kuralon-pour-les-facade-ductal\/111317\/#article","isPartOf":{"@id":"https:\/\/batijournal.com\/index.php\/les-fibres-kuralon-pour-les-facade-ductal\/111317\/"},"author":{"name":"St\u00e9phane Miget","@id":"https:\/\/batijournal.com\/#\/schema\/person\/1dc96ec6957aa1ccb25ebe78bb19f100"},"headline":"Les fibres Kuralon pour les fa\u00e7ades Ductal","datePublished":"2024-12-05T10:55:13+00:00","dateModified":"2024-12-05T10:55:22+00:00","mainEntityOfPage":{"@id":"https:\/\/batijournal.com\/index.php\/les-fibres-kuralon-pour-les-facade-ductal\/111317\/"},"wordCount":318,"image":{"@id":"https:\/\/batijournal.com\/index.php\/les-fibres-kuralon-pour-les-facade-ductal\/111317\/#primaryimage"},"thumbnailUrl":"https:\/\/batijournal.com\/wp-content\/uploads\/2024\/12\/Lusail-Plaza-Qatar-scaled.jpeg","keywords":["Ductal"],"articleSection":["Actualit\u00e9s","Architecture &amp; Conception","zz_5fa\u00e7ades","zz_Actualit\u00e9s - 5fa\u00e7ades"],"inLanguage":"fr-FR"},{"@type":"WebPage","@id":"https:\/\/batijournal.com\/index.php\/les-fibres-kuralon-pour-les-facade-ductal\/111317\/","url":"https:\/\/batijournal.com\/index.php\/les-fibres-kuralon-pour-les-facade-ductal\/111317\/","name":"Les fibres Kuralon pour les fa\u00e7ades Ductal","isPartOf":{"@id":"https:\/\/batijournal.com\/#website"},"primaryImageOfPage":{"@id":"https:\/\/batijournal.com\/index.php\/les-fibres-kuralon-pour-les-facade-ductal\/111317\/#primaryimage"},"image":{"@id":"https:\/\/batijournal.com\/index.php\/les-fibres-kuralon-pour-les-facade-ductal\/111317\/#primaryimage"},"thumbnailUrl":"https:\/\/batijournal.com\/wp-content\/uploads\/2024\/12\/Lusail-Plaza-Qatar-scaled.jpeg","datePublished":"2024-12-05T10:55:13+00:00","dateModified":"2024-12-05T10:55:22+00:00","author":{"@id":"https:\/\/batijournal.com\/#\/schema\/person\/1dc96ec6957aa1ccb25ebe78bb19f100"},"breadcrumb":{"@id":"https:\/\/batijournal.com\/index.php\/les-fibres-kuralon-pour-les-facade-ductal\/111317\/#breadcrumb"},"inLanguage":"fr-FR","potentialAction":[{"@type":"ReadAction","target":["https:\/\/batijournal.com\/index.php\/les-fibres-kuralon-pour-les-facade-ductal\/111317\/"]}]},{"@type":"ImageObject","inLanguage":"fr-FR","@id":"https:\/\/batijournal.com\/index.php\/les-fibres-kuralon-pour-les-facade-ductal\/111317\/#primaryimage","url":"https:\/\/batijournal.com\/wp-content\/uploads\/2024\/12\/Lusail-Plaza-Qatar-scaled.jpeg","contentUrl":"https:\/\/batijournal.com\/wp-content\/uploads\/2024\/12\/Lusail-Plaza-Qatar-scaled.jpeg","width":2560,"height":1435},{"@type":"BreadcrumbList","@id":"https:\/\/batijournal.com\/index.php\/les-fibres-kuralon-pour-les-facade-ductal\/111317\/#breadcrumb","itemListElement":[{"@type":"ListItem","position":1,"name":"Accueil","item":"https:\/\/batijournal.com\/"},{"@type":"ListItem","position":2,"name":"Actualit\u00e9s","item":"https:\/\/batijournal.com\/index.php\/category\/actualites\/"},{"@type":"ListItem","position":3,"name":"Les fibres Kuralon pour les fa\u00e7ades Ductal"}]},{"@type":"WebSite","@id":"https:\/\/batijournal.com\/#website","url":"https:\/\/batijournal.com\/","name":"Batijournal","description":"L&#039;actualit\u00e9 du b\u00e2timent","potentialAction":[{"@type":"SearchAction","target":{"@type":"EntryPoint","urlTemplate":"https:\/\/batijournal.com\/?s={search_term_string}"},"query-input":{"@type":"PropertyValueSpecification","valueRequired":true,"valueName":"search_term_string"}}],"inLanguage":"fr-FR"},{"@type":"Person","@id":"https:\/\/batijournal.com\/#\/schema\/person\/1dc96ec6957aa1ccb25ebe78bb19f100","name":"St\u00e9phane Miget","image":{"@type":"ImageObject","inLanguage":"fr-FR","@id":"https:\/\/secure.gravatar.com\/avatar\/89915563d925342126b8ef0281b93d9d7fc337043e8df017f780908eb9644451?s=96&d=mm&r=g","url":"https:\/\/secure.gravatar.com\/avatar\/89915563d925342126b8ef0281b93d9d7fc337043e8df017f780908eb9644451?s=96&d=mm&r=g","contentUrl":"https:\/\/secure.gravatar.com\/avatar\/89915563d925342126b8ef0281b93d9d7fc337043e8df017f780908eb9644451?s=96&d=mm&r=g","caption":"St\u00e9phane Miget"},"url":"https:\/\/batijournal.com\/index.php\/author\/stephane\/"}]}},"_links":{"self":[{"href":"https:\/\/batijournal.com\/index.php\/wp-json\/wp\/v2\/posts\/111317","targetHints":{"allow":["GET"]}}],"collection":[{"href":"https:\/\/batijournal.com\/index.php\/wp-json\/wp\/v2\/posts"}],"about":[{"href":"https:\/\/batijournal.com\/index.php\/wp-json\/wp\/v2\/types\/post"}],"author":[{"embeddable":true,"href":"https:\/\/batijournal.com\/index.php\/wp-json\/wp\/v2\/users\/17"}],"replies":[{"embeddable":true,"href":"https:\/\/batijournal.com\/index.php\/wp-json\/wp\/v2\/comments?post=111317"}],"version-history":[{"count":0,"href":"https:\/\/batijournal.com\/index.php\/wp-json\/wp\/v2\/posts\/111317\/revisions"}],"wp:featuredmedia":[{"embeddable":true,"href":"https:\/\/batijournal.com\/index.php\/wp-json\/wp\/v2\/media\/111318"}],"wp:attachment":[{"href":"https:\/\/batijournal.com\/index.php\/wp-json\/wp\/v2\/media?parent=111317"}],"wp:term":[{"taxonomy":"category","embeddable":true,"href":"https:\/\/batijournal.com\/index.php\/wp-json\/wp\/v2\/categories?post=111317"},{"taxonomy":"post_tag","embeddable":true,"href":"https:\/\/batijournal.com\/index.php\/wp-json\/wp\/v2\/tags?post=111317"}],"curies":[{"name":"wp","href":"https:\/\/api.w.org\/{rel}","templated":true}]}}