{"id":111330,"date":"2024-12-10T14:13:56","date_gmt":"2024-12-10T13:13:56","guid":{"rendered":"https:\/\/batijournal.com\/?p=111330"},"modified":"2024-12-10T14:13:56","modified_gmt":"2024-12-10T13:13:56","slug":"restauration-dexception-de-la-tour-perret-monument-phare-du-beton-arme","status":"publish","type":"post","link":"https:\/\/batijournal.com\/index.php\/restauration-dexception-de-la-tour-perret-monument-phare-du-beton-arme\/111330\/","title":{"rendered":"Restauration d\u2019exception de la Tour Perret, monument phare du b\u00e9ton arm\u00e9"},"content":{"rendered":"<p>\u00c9rig\u00e9e en 1925 \u00e0 l\u2019occasion de l\u2019Exposition internationale de la houille blanche et du tourisme, la Tour Perret de Grenoble incarne une prouesse architecturale et technique. Monument embl\u00e9matique du b\u00e9ton arm\u00e9 et class\u00e9e Monument Historique, elle retrouvera son \u00e9clat fin 2025 gr\u00e2ce \u00e0 une ambitieuse r\u00e9novation r\u00e9alis\u00e9e par Fran\u00e7ois Botton, architecte du Patrimoine, marquant \u00e0 la fois le centenaire de la tour et le 150\u1d49 anniversaire de la naissance de son architecte visionnaire, Auguste Perret. Cette r\u00e9ouverture offrira au public une occasion unique de red\u00e9couvrir ce chef-d&rsquo;\u0153uvre du patrimoine architectural.<\/p>\n<p>La Tour Perret incarne la vision ambitieuse du maire Paul Mistral, des industriels et des \u00e9lites culturelles de l\u2019\u00e9poque. Symbole de modernit\u00e9, elle avait pour vocation de promouvoir l\u2019hydro\u00e9lectricit\u00e9 comme moteur de progr\u00e8s et de rayonnement pour le territoire. Avec son architecture audacieuse et l\u2019utilisation novatrice du b\u00e9ton arm\u00e9, alors consid\u00e9r\u00e9 comme le mat\u00e9riau phare du 20\u1d49 si\u00e8cle, la tour r\u00e9pondait au d\u00e9fi de construire haut, rapidement et \u00e0 moindre co\u00fbt. Aujourd\u2019hui, \u00e0 l\u2019aube de son centenaire, le d\u00e9fi consiste \u00e0 restaurer ce mat\u00e9riau embl\u00e9matique, faisant de ce chantier une source pr\u00e9cieuse d\u2019innovation et de savoir pour les professionnels du patrimoine et de la construction en b\u00e9ton. Cette r\u00e9novation de Fran\u00e7ois Botton, architecte du Patrimoine met en lumi\u00e8re l&rsquo;utilisation r\u00e9volutionnaire du b\u00e9ton arm\u00e9, alliant solidit\u00e9 et esth\u00e9tique. Cette restauration offre \u00e9galement l\u2019opportunit\u00e9 d&rsquo;explorer l&rsquo;h\u00e9ritage de l\u2019architecte visionnaire Auguste Perret, tout en d\u00e9couvrant les savoir-faire modernes d\u00e9ploy\u00e9s pour pr\u00e9server cette ic\u00f4ne architecturale. Ce vaste projet, d\u2019un montant de 15,5 millions d\u2019euros, est orchestr\u00e9 par la Ville de Grenoble en collaboration avec l\u2019\u00c9tat (DRAC), apportant une contribution de 5 millions d\u2019euros, et le D\u00e9partement de l\u2019Is\u00e8re, qui participe \u00e0 hauteur de 3 millions d\u2019euros.<\/p>\n<p>Photo : Chantier de la Tour Perret. \u00a9 Sylvain Frappat &#8211; Ville de Grenoble<\/p>\n<p>&nbsp;<\/p>\n","protected":false},"excerpt":{"rendered":"<p>\u00c9rig\u00e9e en 1925 \u00e0 l\u2019occasion de l\u2019Exposition internationale de la houille blanche et du tourisme, la Tour Perret de Grenoble incarne une prouesse architecturale et technique. Monument embl\u00e9matique du b\u00e9ton arm\u00e9 et class\u00e9e Monument Historique, elle retrouvera son \u00e9clat fin 2025 gr\u00e2ce \u00e0 une ambitieuse r\u00e9novation r\u00e9alis\u00e9e par Fran\u00e7ois Botton, architecte du Patrimoine, marquant \u00e0 [&hellip;]<\/p>\n","protected":false},"author":17,"featured_media":111331,"comment_status":"closed","ping_status":"closed","sticky":false,"template":"","format":"standard","meta":{"_et_pb_use_builder":"","_et_pb_old_content":"","_et_gb_content_width":"","footnotes":""},"categories":[10530,6340,10789,10785],"tags":[1128],"class_list":["post-111330","post","type-post","status-publish","format-standard","has-post-thumbnail","hentry","category-actualites","category-architecture-conception","category-publications-atrium","category-atrium","tag-beton"],"yoast_head":"<!-- This site is optimized with the Yoast SEO plugin v27.4 - https:\/\/yoast.com\/product\/yoast-seo-wordpress\/ -->\n<title>Restauration d\u2019exception de la Tour Perret, monument phare du b\u00e9ton arm\u00e9<\/title>\n<meta name=\"robots\" content=\"index, follow, max-snippet:-1, max-image-preview:large, max-video-preview:-1\" \/>\n<link rel=\"canonical\" href=\"https:\/\/batijournal.com\/index.php\/restauration-dexception-de-la-tour-perret-monument-phare-du-beton-arme\/111330\/\" \/>\n<meta property=\"og:locale\" content=\"fr_FR\" \/>\n<meta property=\"og:type\" content=\"article\" \/>\n<meta property=\"og:title\" content=\"Restauration d\u2019exception de la Tour Perret, monument phare du b\u00e9ton arm\u00e9\" \/>\n<meta property=\"og:description\" content=\"\u00c9rig\u00e9e en 1925 \u00e0 l\u2019occasion de l\u2019Exposition internationale de la houille blanche et du tourisme, la Tour Perret de Grenoble incarne une prouesse architecturale et technique. Monument embl\u00e9matique du b\u00e9ton arm\u00e9 et class\u00e9e Monument Historique, elle retrouvera son \u00e9clat fin 2025 gr\u00e2ce \u00e0 une ambitieuse r\u00e9novation r\u00e9alis\u00e9e par Fran\u00e7ois Botton, architecte du Patrimoine, marquant \u00e0 [&hellip;]\" \/>\n<meta property=\"og:url\" content=\"https:\/\/batijournal.com\/index.php\/restauration-dexception-de-la-tour-perret-monument-phare-du-beton-arme\/111330\/\" \/>\n<meta property=\"og:site_name\" content=\"Batijournal\" \/>\n<meta property=\"article:published_time\" content=\"2024-12-10T13:13:56+00:00\" \/>\n<meta property=\"og:image\" content=\"https:\/\/batijournal.com\/wp-content\/uploads\/2024\/12\/tour-perret-grenoble.jpg\" \/>\n\t<meta property=\"og:image:width\" content=\"1000\" \/>\n\t<meta property=\"og:image:height\" content=\"750\" \/>\n\t<meta property=\"og:image:type\" content=\"image\/jpeg\" \/>\n<meta name=\"author\" content=\"St\u00e9phane Miget\" \/>\n<meta name=\"twitter:card\" content=\"summary_large_image\" \/>\n<meta name=\"twitter:creator\" content=\"@bati_journal\" \/>\n<meta name=\"twitter:site\" content=\"@bati_journal\" \/>\n<meta name=\"twitter:label1\" content=\"\u00c9crit par\" \/>\n\t<meta name=\"twitter:data1\" content=\"St\u00e9phane Miget\" \/>\n\t<meta name=\"twitter:label2\" content=\"Dur\u00e9e de lecture estim\u00e9e\" \/>\n\t<meta name=\"twitter:data2\" content=\"2 minutes\" \/>\n<script type=\"application\/ld+json\" class=\"yoast-schema-graph\">{\"@context\":\"https:\\\/\\\/schema.org\",\"@graph\":[{\"@type\":\"Article\",\"@id\":\"https:\\\/\\\/batijournal.com\\\/index.php\\\/restauration-dexception-de-la-tour-perret-monument-phare-du-beton-arme\\\/111330\\\/#article\",\"isPartOf\":{\"@id\":\"https:\\\/\\\/batijournal.com\\\/index.php\\\/restauration-dexception-de-la-tour-perret-monument-phare-du-beton-arme\\\/111330\\\/\"},\"author\":{\"name\":\"St\u00e9phane Miget\",\"@id\":\"https:\\\/\\\/batijournal.com\\\/#\\\/schema\\\/person\\\/1dc96ec6957aa1ccb25ebe78bb19f100\"},\"headline\":\"Restauration d\u2019exception de la Tour Perret, monument phare du b\u00e9ton arm\u00e9\",\"datePublished\":\"2024-12-10T13:13:56+00:00\",\"mainEntityOfPage\":{\"@id\":\"https:\\\/\\\/batijournal.com\\\/index.php\\\/restauration-dexception-de-la-tour-perret-monument-phare-du-beton-arme\\\/111330\\\/\"},\"wordCount\":353,\"image\":{\"@id\":\"https:\\\/\\\/batijournal.com\\\/index.php\\\/restauration-dexception-de-la-tour-perret-monument-phare-du-beton-arme\\\/111330\\\/#primaryimage\"},\"thumbnailUrl\":\"https:\\\/\\\/batijournal.com\\\/wp-content\\\/uploads\\\/2024\\\/12\\\/tour-perret-grenoble.jpg\",\"keywords\":[\"b\u00e9ton\"],\"articleSection\":[\"Actualit\u00e9s\",\"Architecture &amp; Conception\",\"zz_Actualit\u00e9s - Atrium\",\"zz_Atrium Patrimoine\"],\"inLanguage\":\"fr-FR\"},{\"@type\":\"WebPage\",\"@id\":\"https:\\\/\\\/batijournal.com\\\/index.php\\\/restauration-dexception-de-la-tour-perret-monument-phare-du-beton-arme\\\/111330\\\/\",\"url\":\"https:\\\/\\\/batijournal.com\\\/index.php\\\/restauration-dexception-de-la-tour-perret-monument-phare-du-beton-arme\\\/111330\\\/\",\"name\":\"Restauration d\u2019exception de la Tour Perret, monument phare du b\u00e9ton arm\u00e9\",\"isPartOf\":{\"@id\":\"https:\\\/\\\/batijournal.com\\\/#website\"},\"primaryImageOfPage\":{\"@id\":\"https:\\\/\\\/batijournal.com\\\/index.php\\\/restauration-dexception-de-la-tour-perret-monument-phare-du-beton-arme\\\/111330\\\/#primaryimage\"},\"image\":{\"@id\":\"https:\\\/\\\/batijournal.com\\\/index.php\\\/restauration-dexception-de-la-tour-perret-monument-phare-du-beton-arme\\\/111330\\\/#primaryimage\"},\"thumbnailUrl\":\"https:\\\/\\\/batijournal.com\\\/wp-content\\\/uploads\\\/2024\\\/12\\\/tour-perret-grenoble.jpg\",\"datePublished\":\"2024-12-10T13:13:56+00:00\",\"author\":{\"@id\":\"https:\\\/\\\/batijournal.com\\\/#\\\/schema\\\/person\\\/1dc96ec6957aa1ccb25ebe78bb19f100\"},\"breadcrumb\":{\"@id\":\"https:\\\/\\\/batijournal.com\\\/index.php\\\/restauration-dexception-de-la-tour-perret-monument-phare-du-beton-arme\\\/111330\\\/#breadcrumb\"},\"inLanguage\":\"fr-FR\",\"potentialAction\":[{\"@type\":\"ReadAction\",\"target\":[\"https:\\\/\\\/batijournal.com\\\/index.php\\\/restauration-dexception-de-la-tour-perret-monument-phare-du-beton-arme\\\/111330\\\/\"]}]},{\"@type\":\"ImageObject\",\"inLanguage\":\"fr-FR\",\"@id\":\"https:\\\/\\\/batijournal.com\\\/index.php\\\/restauration-dexception-de-la-tour-perret-monument-phare-du-beton-arme\\\/111330\\\/#primaryimage\",\"url\":\"https:\\\/\\\/batijournal.com\\\/wp-content\\\/uploads\\\/2024\\\/12\\\/tour-perret-grenoble.jpg\",\"contentUrl\":\"https:\\\/\\\/batijournal.com\\\/wp-content\\\/uploads\\\/2024\\\/12\\\/tour-perret-grenoble.jpg\",\"width\":1000,\"height\":750,\"caption\":\"Tour Perret, TourPerret, Vues aeriennes Drone, \u00a9 Ville de Grenoble Vendredi 28 juin2024.Tour Perret, drone.Photo : Ville de Grenoble \u00a9\"},{\"@type\":\"BreadcrumbList\",\"@id\":\"https:\\\/\\\/batijournal.com\\\/index.php\\\/restauration-dexception-de-la-tour-perret-monument-phare-du-beton-arme\\\/111330\\\/#breadcrumb\",\"itemListElement\":[{\"@type\":\"ListItem\",\"position\":1,\"name\":\"Accueil\",\"item\":\"https:\\\/\\\/batijournal.com\\\/\"},{\"@type\":\"ListItem\",\"position\":2,\"name\":\"Actualit\u00e9s\",\"item\":\"https:\\\/\\\/batijournal.com\\\/index.php\\\/category\\\/actualites\\\/\"},{\"@type\":\"ListItem\",\"position\":3,\"name\":\"Restauration d\u2019exception de la Tour Perret, monument phare du b\u00e9ton arm\u00e9\"}]},{\"@type\":\"WebSite\",\"@id\":\"https:\\\/\\\/batijournal.com\\\/#website\",\"url\":\"https:\\\/\\\/batijournal.com\\\/\",\"name\":\"Batijournal\",\"description\":\"L&#039;actualit\u00e9 du b\u00e2timent\",\"potentialAction\":[{\"@type\":\"SearchAction\",\"target\":{\"@type\":\"EntryPoint\",\"urlTemplate\":\"https:\\\/\\\/batijournal.com\\\/?s={search_term_string}\"},\"query-input\":{\"@type\":\"PropertyValueSpecification\",\"valueRequired\":true,\"valueName\":\"search_term_string\"}}],\"inLanguage\":\"fr-FR\"},{\"@type\":\"Person\",\"@id\":\"https:\\\/\\\/batijournal.com\\\/#\\\/schema\\\/person\\\/1dc96ec6957aa1ccb25ebe78bb19f100\",\"name\":\"St\u00e9phane Miget\",\"image\":{\"@type\":\"ImageObject\",\"inLanguage\":\"fr-FR\",\"@id\":\"https:\\\/\\\/secure.gravatar.com\\\/avatar\\\/89915563d925342126b8ef0281b93d9d7fc337043e8df017f780908eb9644451?s=96&d=mm&r=g\",\"url\":\"https:\\\/\\\/secure.gravatar.com\\\/avatar\\\/89915563d925342126b8ef0281b93d9d7fc337043e8df017f780908eb9644451?s=96&d=mm&r=g\",\"contentUrl\":\"https:\\\/\\\/secure.gravatar.com\\\/avatar\\\/89915563d925342126b8ef0281b93d9d7fc337043e8df017f780908eb9644451?s=96&d=mm&r=g\",\"caption\":\"St\u00e9phane Miget\"},\"url\":\"https:\\\/\\\/batijournal.com\\\/index.php\\\/author\\\/stephane\\\/\"}]}<\/script>\n<!-- \/ Yoast SEO plugin. -->","yoast_head_json":{"title":"Restauration d\u2019exception de la Tour Perret, monument phare du b\u00e9ton arm\u00e9","robots":{"index":"index","follow":"follow","max-snippet":"max-snippet:-1","max-image-preview":"max-image-preview:large","max-video-preview":"max-video-preview:-1"},"canonical":"https:\/\/batijournal.com\/index.php\/restauration-dexception-de-la-tour-perret-monument-phare-du-beton-arme\/111330\/","og_locale":"fr_FR","og_type":"article","og_title":"Restauration d\u2019exception de la Tour Perret, monument phare du b\u00e9ton arm\u00e9","og_description":"\u00c9rig\u00e9e en 1925 \u00e0 l\u2019occasion de l\u2019Exposition internationale de la houille blanche et du tourisme, la Tour Perret de Grenoble incarne une prouesse architecturale et technique. Monument embl\u00e9matique du b\u00e9ton arm\u00e9 et class\u00e9e Monument Historique, elle retrouvera son \u00e9clat fin 2025 gr\u00e2ce \u00e0 une ambitieuse r\u00e9novation r\u00e9alis\u00e9e par Fran\u00e7ois Botton, architecte du Patrimoine, marquant \u00e0 [&hellip;]","og_url":"https:\/\/batijournal.com\/index.php\/restauration-dexception-de-la-tour-perret-monument-phare-du-beton-arme\/111330\/","og_site_name":"Batijournal","article_published_time":"2024-12-10T13:13:56+00:00","og_image":[{"width":1000,"height":750,"url":"https:\/\/batijournal.com\/wp-content\/uploads\/2024\/12\/tour-perret-grenoble.jpg","type":"image\/jpeg"}],"author":"St\u00e9phane Miget","twitter_card":"summary_large_image","twitter_creator":"@bati_journal","twitter_site":"@bati_journal","twitter_misc":{"\u00c9crit par":"St\u00e9phane Miget","Dur\u00e9e de lecture estim\u00e9e":"2 minutes"},"schema":{"@context":"https:\/\/schema.org","@graph":[{"@type":"Article","@id":"https:\/\/batijournal.com\/index.php\/restauration-dexception-de-la-tour-perret-monument-phare-du-beton-arme\/111330\/#article","isPartOf":{"@id":"https:\/\/batijournal.com\/index.php\/restauration-dexception-de-la-tour-perret-monument-phare-du-beton-arme\/111330\/"},"author":{"name":"St\u00e9phane Miget","@id":"https:\/\/batijournal.com\/#\/schema\/person\/1dc96ec6957aa1ccb25ebe78bb19f100"},"headline":"Restauration d\u2019exception de la Tour Perret, monument phare du b\u00e9ton arm\u00e9","datePublished":"2024-12-10T13:13:56+00:00","mainEntityOfPage":{"@id":"https:\/\/batijournal.com\/index.php\/restauration-dexception-de-la-tour-perret-monument-phare-du-beton-arme\/111330\/"},"wordCount":353,"image":{"@id":"https:\/\/batijournal.com\/index.php\/restauration-dexception-de-la-tour-perret-monument-phare-du-beton-arme\/111330\/#primaryimage"},"thumbnailUrl":"https:\/\/batijournal.com\/wp-content\/uploads\/2024\/12\/tour-perret-grenoble.jpg","keywords":["b\u00e9ton"],"articleSection":["Actualit\u00e9s","Architecture &amp; Conception","zz_Actualit\u00e9s - Atrium","zz_Atrium Patrimoine"],"inLanguage":"fr-FR"},{"@type":"WebPage","@id":"https:\/\/batijournal.com\/index.php\/restauration-dexception-de-la-tour-perret-monument-phare-du-beton-arme\/111330\/","url":"https:\/\/batijournal.com\/index.php\/restauration-dexception-de-la-tour-perret-monument-phare-du-beton-arme\/111330\/","name":"Restauration d\u2019exception de la Tour Perret, monument phare du b\u00e9ton arm\u00e9","isPartOf":{"@id":"https:\/\/batijournal.com\/#website"},"primaryImageOfPage":{"@id":"https:\/\/batijournal.com\/index.php\/restauration-dexception-de-la-tour-perret-monument-phare-du-beton-arme\/111330\/#primaryimage"},"image":{"@id":"https:\/\/batijournal.com\/index.php\/restauration-dexception-de-la-tour-perret-monument-phare-du-beton-arme\/111330\/#primaryimage"},"thumbnailUrl":"https:\/\/batijournal.com\/wp-content\/uploads\/2024\/12\/tour-perret-grenoble.jpg","datePublished":"2024-12-10T13:13:56+00:00","author":{"@id":"https:\/\/batijournal.com\/#\/schema\/person\/1dc96ec6957aa1ccb25ebe78bb19f100"},"breadcrumb":{"@id":"https:\/\/batijournal.com\/index.php\/restauration-dexception-de-la-tour-perret-monument-phare-du-beton-arme\/111330\/#breadcrumb"},"inLanguage":"fr-FR","potentialAction":[{"@type":"ReadAction","target":["https:\/\/batijournal.com\/index.php\/restauration-dexception-de-la-tour-perret-monument-phare-du-beton-arme\/111330\/"]}]},{"@type":"ImageObject","inLanguage":"fr-FR","@id":"https:\/\/batijournal.com\/index.php\/restauration-dexception-de-la-tour-perret-monument-phare-du-beton-arme\/111330\/#primaryimage","url":"https:\/\/batijournal.com\/wp-content\/uploads\/2024\/12\/tour-perret-grenoble.jpg","contentUrl":"https:\/\/batijournal.com\/wp-content\/uploads\/2024\/12\/tour-perret-grenoble.jpg","width":1000,"height":750,"caption":"Tour Perret, TourPerret, Vues aeriennes Drone, \u00a9 Ville de Grenoble Vendredi 28 juin2024.Tour Perret, drone.Photo : Ville de Grenoble \u00a9"},{"@type":"BreadcrumbList","@id":"https:\/\/batijournal.com\/index.php\/restauration-dexception-de-la-tour-perret-monument-phare-du-beton-arme\/111330\/#breadcrumb","itemListElement":[{"@type":"ListItem","position":1,"name":"Accueil","item":"https:\/\/batijournal.com\/"},{"@type":"ListItem","position":2,"name":"Actualit\u00e9s","item":"https:\/\/batijournal.com\/index.php\/category\/actualites\/"},{"@type":"ListItem","position":3,"name":"Restauration d\u2019exception de la Tour Perret, monument phare du b\u00e9ton arm\u00e9"}]},{"@type":"WebSite","@id":"https:\/\/batijournal.com\/#website","url":"https:\/\/batijournal.com\/","name":"Batijournal","description":"L&#039;actualit\u00e9 du b\u00e2timent","potentialAction":[{"@type":"SearchAction","target":{"@type":"EntryPoint","urlTemplate":"https:\/\/batijournal.com\/?s={search_term_string}"},"query-input":{"@type":"PropertyValueSpecification","valueRequired":true,"valueName":"search_term_string"}}],"inLanguage":"fr-FR"},{"@type":"Person","@id":"https:\/\/batijournal.com\/#\/schema\/person\/1dc96ec6957aa1ccb25ebe78bb19f100","name":"St\u00e9phane Miget","image":{"@type":"ImageObject","inLanguage":"fr-FR","@id":"https:\/\/secure.gravatar.com\/avatar\/89915563d925342126b8ef0281b93d9d7fc337043e8df017f780908eb9644451?s=96&d=mm&r=g","url":"https:\/\/secure.gravatar.com\/avatar\/89915563d925342126b8ef0281b93d9d7fc337043e8df017f780908eb9644451?s=96&d=mm&r=g","contentUrl":"https:\/\/secure.gravatar.com\/avatar\/89915563d925342126b8ef0281b93d9d7fc337043e8df017f780908eb9644451?s=96&d=mm&r=g","caption":"St\u00e9phane Miget"},"url":"https:\/\/batijournal.com\/index.php\/author\/stephane\/"}]}},"_links":{"self":[{"href":"https:\/\/batijournal.com\/index.php\/wp-json\/wp\/v2\/posts\/111330","targetHints":{"allow":["GET"]}}],"collection":[{"href":"https:\/\/batijournal.com\/index.php\/wp-json\/wp\/v2\/posts"}],"about":[{"href":"https:\/\/batijournal.com\/index.php\/wp-json\/wp\/v2\/types\/post"}],"author":[{"embeddable":true,"href":"https:\/\/batijournal.com\/index.php\/wp-json\/wp\/v2\/users\/17"}],"replies":[{"embeddable":true,"href":"https:\/\/batijournal.com\/index.php\/wp-json\/wp\/v2\/comments?post=111330"}],"version-history":[{"count":0,"href":"https:\/\/batijournal.com\/index.php\/wp-json\/wp\/v2\/posts\/111330\/revisions"}],"wp:featuredmedia":[{"embeddable":true,"href":"https:\/\/batijournal.com\/index.php\/wp-json\/wp\/v2\/media\/111331"}],"wp:attachment":[{"href":"https:\/\/batijournal.com\/index.php\/wp-json\/wp\/v2\/media?parent=111330"}],"wp:term":[{"taxonomy":"category","embeddable":true,"href":"https:\/\/batijournal.com\/index.php\/wp-json\/wp\/v2\/categories?post=111330"},{"taxonomy":"post_tag","embeddable":true,"href":"https:\/\/batijournal.com\/index.php\/wp-json\/wp\/v2\/tags?post=111330"}],"curies":[{"name":"wp","href":"https:\/\/api.w.org\/{rel}","templated":true}]}}