{"id":111338,"date":"2024-12-11T13:53:40","date_gmt":"2024-12-11T12:53:40","guid":{"rendered":"https:\/\/batijournal.com\/?p=111338"},"modified":"2024-12-11T13:53:40","modified_gmt":"2024-12-11T12:53:40","slug":"les-abf-dans-une-campagne-de-communication-du-ministere-de-la-culture","status":"publish","type":"post","link":"https:\/\/batijournal.com\/index.php\/les-abf-dans-une-campagne-de-communication-du-ministere-de-la-culture\/111338\/","title":{"rendered":"Les ABF dans une campagne de communication du minist\u00e8re de la Culture"},"content":{"rendered":"<p>Le minist\u00e8re de la Culture a lanc\u00e9, le 18 novembre 2024, une campagne de communication afin de mettre en lumi\u00e8re le r\u00f4le essentiel des Architectes des b\u00e2timents de France. Cette campagne d\u2019affichage et digitale repose sur des t\u00e9moignages et des contenus d\u00e9clin\u00e9s autour de quatre th\u00e9matiques : la transition \u00e9cologique, l\u2019essor \u00e9conomique, la qualit\u00e9 de vie et l\u2019accompagnement des propri\u00e9taires priv\u00e9s. Les Architectes des b\u00e2timents de France et leurs \u00e9quipes sont des moteurs de transformation de l\u2019architecture et du patrimoine et jouent un r\u00f4le primordial face aux d\u00e9fis contemporains. Ils \u0153uvrent \u00e0 la protection du patrimoine et \u00e0 la promotion de la qualit\u00e9 architecturale, urbaine et paysag\u00e8re. Ils veillent \u00e0 ce que, sur l\u2019ensemble du territoire, les projets de constructions neuves, d\u2019am\u00e9nagement et de r\u00e9habilitation r\u00e9alis\u00e9s dans les sites patrimoniaux s\u2019ins\u00e8rent harmonieusement et en coh\u00e9rence avec les enjeux environnementaux et soci\u00e9taux. Nomm\u00e9s par la ministre de la Culture, ils exercent leurs fonctions au sein des Unit\u00e9s D\u00e9partementales de l\u2019Architecture et du Patrimoine (UDAP) des Directions R\u00e9gionales des Affaires Culturelles (DRAC) et sont donc pr\u00e9sents dans chaque d\u00e9partement. Un ancrage local qui leur permet de conseiller et d\u2019accompagner au mieux les porteurs de projets (\u00e9lus, professionnels et citoyens) pour trouver des solutions favorisant des am\u00e9nagements durables. Les ABF sont charg\u00e9s d\u2019\u00e9mettre des avis, en \u00e9troite collaboration avec les acteurs locaux. Et contrairement aux id\u00e9es re\u00e7ues, ils ne refusent que tr\u00e8s rarement les projets qui leur sont soumis et jouent un r\u00f4le d\u2019accompagnateur et de m\u00e9diateur. Ainsi, sur les 500 000 dossiers qu\u2019ils instruisent chaque ann\u00e9e, ils rendent seulement 7 % d\u2019avis d\u00e9favorables.<\/p>\n<p><strong>Les ABF en chiffres<\/strong><br \/>\n189 ABF et 750 agents affect\u00e9s au sein des UDAP<br \/>\nPlus de 1 000 sites patrimoniaux remarquables, 2 700 sites class\u00e9s, 4 500 sites inscrits et 45 000 abords de monuments historiques<br \/>\n19 722 communes suivies par les UDAP<br \/>\n31,7 % des logements du territoire concern\u00e9s<\/p>\n","protected":false},"excerpt":{"rendered":"<p>Le minist\u00e8re de la Culture a lanc\u00e9, le 18 novembre 2024, une campagne de communication afin de mettre en lumi\u00e8re le r\u00f4le essentiel des Architectes des b\u00e2timents de France. Cette campagne d\u2019affichage et digitale repose sur des t\u00e9moignages et des contenus d\u00e9clin\u00e9s autour de quatre th\u00e9matiques : la transition \u00e9cologique, l\u2019essor \u00e9conomique, la qualit\u00e9 de [&hellip;]<\/p>\n","protected":false},"author":17,"featured_media":111339,"comment_status":"closed","ping_status":"closed","sticky":false,"template":"","format":"standard","meta":{"_et_pb_use_builder":"","_et_pb_old_content":"","_et_gb_content_width":"","footnotes":""},"categories":[10530,6340,10789,10785],"tags":[13140,13138],"class_list":["post-111338","post","type-post","status-publish","format-standard","has-post-thumbnail","hentry","category-actualites","category-architecture-conception","category-publications-atrium","category-atrium","tag-abf","tag-architectes-des-batiments-de-france"],"yoast_head":"<!-- This site is optimized with the Yoast SEO plugin v27.4 - https:\/\/yoast.com\/product\/yoast-seo-wordpress\/ -->\n<title>Les ABF dans une campagne de communication du minist\u00e8re de la Culture<\/title>\n<meta name=\"robots\" content=\"index, follow, max-snippet:-1, max-image-preview:large, max-video-preview:-1\" \/>\n<link rel=\"canonical\" href=\"https:\/\/batijournal.com\/index.php\/les-abf-dans-une-campagne-de-communication-du-ministere-de-la-culture\/111338\/\" \/>\n<meta property=\"og:locale\" content=\"fr_FR\" \/>\n<meta property=\"og:type\" content=\"article\" \/>\n<meta property=\"og:title\" content=\"Les ABF dans une campagne de communication du minist\u00e8re de la Culture\" \/>\n<meta property=\"og:description\" content=\"Le minist\u00e8re de la Culture a lanc\u00e9, le 18 novembre 2024, une campagne de communication afin de mettre en lumi\u00e8re le r\u00f4le essentiel des Architectes des b\u00e2timents de France. Cette campagne d\u2019affichage et digitale repose sur des t\u00e9moignages et des contenus d\u00e9clin\u00e9s autour de quatre th\u00e9matiques : la transition \u00e9cologique, l\u2019essor \u00e9conomique, la qualit\u00e9 de [&hellip;]\" \/>\n<meta property=\"og:url\" content=\"https:\/\/batijournal.com\/index.php\/les-abf-dans-une-campagne-de-communication-du-ministere-de-la-culture\/111338\/\" \/>\n<meta property=\"og:site_name\" content=\"Batijournal\" \/>\n<meta property=\"article:published_time\" content=\"2024-12-11T12:53:40+00:00\" \/>\n<meta property=\"og:image\" content=\"https:\/\/batijournal.com\/wp-content\/uploads\/2024\/12\/abf.jpg\" \/>\n\t<meta property=\"og:image:width\" content=\"360\" \/>\n\t<meta property=\"og:image:height\" content=\"184\" \/>\n\t<meta property=\"og:image:type\" content=\"image\/jpeg\" \/>\n<meta name=\"author\" content=\"St\u00e9phane Miget\" \/>\n<meta name=\"twitter:card\" content=\"summary_large_image\" \/>\n<meta name=\"twitter:creator\" content=\"@bati_journal\" \/>\n<meta name=\"twitter:site\" content=\"@bati_journal\" \/>\n<meta name=\"twitter:label1\" content=\"\u00c9crit par\" \/>\n\t<meta name=\"twitter:data1\" content=\"St\u00e9phane Miget\" \/>\n\t<meta name=\"twitter:label2\" content=\"Dur\u00e9e de lecture estim\u00e9e\" \/>\n\t<meta name=\"twitter:data2\" content=\"2 minutes\" \/>\n<script type=\"application\/ld+json\" class=\"yoast-schema-graph\">{\"@context\":\"https:\\\/\\\/schema.org\",\"@graph\":[{\"@type\":\"Article\",\"@id\":\"https:\\\/\\\/batijournal.com\\\/index.php\\\/les-abf-dans-une-campagne-de-communication-du-ministere-de-la-culture\\\/111338\\\/#article\",\"isPartOf\":{\"@id\":\"https:\\\/\\\/batijournal.com\\\/index.php\\\/les-abf-dans-une-campagne-de-communication-du-ministere-de-la-culture\\\/111338\\\/\"},\"author\":{\"name\":\"St\u00e9phane Miget\",\"@id\":\"https:\\\/\\\/batijournal.com\\\/#\\\/schema\\\/person\\\/1dc96ec6957aa1ccb25ebe78bb19f100\"},\"headline\":\"Les ABF dans une campagne de communication du minist\u00e8re de la Culture\",\"datePublished\":\"2024-12-11T12:53:40+00:00\",\"mainEntityOfPage\":{\"@id\":\"https:\\\/\\\/batijournal.com\\\/index.php\\\/les-abf-dans-une-campagne-de-communication-du-ministere-de-la-culture\\\/111338\\\/\"},\"wordCount\":352,\"image\":{\"@id\":\"https:\\\/\\\/batijournal.com\\\/index.php\\\/les-abf-dans-une-campagne-de-communication-du-ministere-de-la-culture\\\/111338\\\/#primaryimage\"},\"thumbnailUrl\":\"https:\\\/\\\/batijournal.com\\\/wp-content\\\/uploads\\\/2024\\\/12\\\/abf.jpg\",\"keywords\":[\"abf\",\"Architectes des B\u00e2timents de France\"],\"articleSection\":[\"Actualit\u00e9s\",\"Architecture &amp; Conception\",\"zz_Actualit\u00e9s - Atrium\",\"zz_Atrium Patrimoine\"],\"inLanguage\":\"fr-FR\"},{\"@type\":\"WebPage\",\"@id\":\"https:\\\/\\\/batijournal.com\\\/index.php\\\/les-abf-dans-une-campagne-de-communication-du-ministere-de-la-culture\\\/111338\\\/\",\"url\":\"https:\\\/\\\/batijournal.com\\\/index.php\\\/les-abf-dans-une-campagne-de-communication-du-ministere-de-la-culture\\\/111338\\\/\",\"name\":\"Les ABF dans une campagne de communication du minist\u00e8re de la Culture\",\"isPartOf\":{\"@id\":\"https:\\\/\\\/batijournal.com\\\/#website\"},\"primaryImageOfPage\":{\"@id\":\"https:\\\/\\\/batijournal.com\\\/index.php\\\/les-abf-dans-une-campagne-de-communication-du-ministere-de-la-culture\\\/111338\\\/#primaryimage\"},\"image\":{\"@id\":\"https:\\\/\\\/batijournal.com\\\/index.php\\\/les-abf-dans-une-campagne-de-communication-du-ministere-de-la-culture\\\/111338\\\/#primaryimage\"},\"thumbnailUrl\":\"https:\\\/\\\/batijournal.com\\\/wp-content\\\/uploads\\\/2024\\\/12\\\/abf.jpg\",\"datePublished\":\"2024-12-11T12:53:40+00:00\",\"author\":{\"@id\":\"https:\\\/\\\/batijournal.com\\\/#\\\/schema\\\/person\\\/1dc96ec6957aa1ccb25ebe78bb19f100\"},\"breadcrumb\":{\"@id\":\"https:\\\/\\\/batijournal.com\\\/index.php\\\/les-abf-dans-une-campagne-de-communication-du-ministere-de-la-culture\\\/111338\\\/#breadcrumb\"},\"inLanguage\":\"fr-FR\",\"potentialAction\":[{\"@type\":\"ReadAction\",\"target\":[\"https:\\\/\\\/batijournal.com\\\/index.php\\\/les-abf-dans-une-campagne-de-communication-du-ministere-de-la-culture\\\/111338\\\/\"]}]},{\"@type\":\"ImageObject\",\"inLanguage\":\"fr-FR\",\"@id\":\"https:\\\/\\\/batijournal.com\\\/index.php\\\/les-abf-dans-une-campagne-de-communication-du-ministere-de-la-culture\\\/111338\\\/#primaryimage\",\"url\":\"https:\\\/\\\/batijournal.com\\\/wp-content\\\/uploads\\\/2024\\\/12\\\/abf.jpg\",\"contentUrl\":\"https:\\\/\\\/batijournal.com\\\/wp-content\\\/uploads\\\/2024\\\/12\\\/abf.jpg\",\"width\":360,\"height\":184},{\"@type\":\"BreadcrumbList\",\"@id\":\"https:\\\/\\\/batijournal.com\\\/index.php\\\/les-abf-dans-une-campagne-de-communication-du-ministere-de-la-culture\\\/111338\\\/#breadcrumb\",\"itemListElement\":[{\"@type\":\"ListItem\",\"position\":1,\"name\":\"Accueil\",\"item\":\"https:\\\/\\\/batijournal.com\\\/\"},{\"@type\":\"ListItem\",\"position\":2,\"name\":\"Actualit\u00e9s\",\"item\":\"https:\\\/\\\/batijournal.com\\\/index.php\\\/category\\\/actualites\\\/\"},{\"@type\":\"ListItem\",\"position\":3,\"name\":\"Les ABF dans une campagne de communication du minist\u00e8re de la Culture\"}]},{\"@type\":\"WebSite\",\"@id\":\"https:\\\/\\\/batijournal.com\\\/#website\",\"url\":\"https:\\\/\\\/batijournal.com\\\/\",\"name\":\"Batijournal\",\"description\":\"L&#039;actualit\u00e9 du b\u00e2timent\",\"potentialAction\":[{\"@type\":\"SearchAction\",\"target\":{\"@type\":\"EntryPoint\",\"urlTemplate\":\"https:\\\/\\\/batijournal.com\\\/?s={search_term_string}\"},\"query-input\":{\"@type\":\"PropertyValueSpecification\",\"valueRequired\":true,\"valueName\":\"search_term_string\"}}],\"inLanguage\":\"fr-FR\"},{\"@type\":\"Person\",\"@id\":\"https:\\\/\\\/batijournal.com\\\/#\\\/schema\\\/person\\\/1dc96ec6957aa1ccb25ebe78bb19f100\",\"name\":\"St\u00e9phane Miget\",\"image\":{\"@type\":\"ImageObject\",\"inLanguage\":\"fr-FR\",\"@id\":\"https:\\\/\\\/secure.gravatar.com\\\/avatar\\\/89915563d925342126b8ef0281b93d9d7fc337043e8df017f780908eb9644451?s=96&d=mm&r=g\",\"url\":\"https:\\\/\\\/secure.gravatar.com\\\/avatar\\\/89915563d925342126b8ef0281b93d9d7fc337043e8df017f780908eb9644451?s=96&d=mm&r=g\",\"contentUrl\":\"https:\\\/\\\/secure.gravatar.com\\\/avatar\\\/89915563d925342126b8ef0281b93d9d7fc337043e8df017f780908eb9644451?s=96&d=mm&r=g\",\"caption\":\"St\u00e9phane Miget\"},\"url\":\"https:\\\/\\\/batijournal.com\\\/index.php\\\/author\\\/stephane\\\/\"}]}<\/script>\n<!-- \/ Yoast SEO plugin. -->","yoast_head_json":{"title":"Les ABF dans une campagne de communication du minist\u00e8re de la Culture","robots":{"index":"index","follow":"follow","max-snippet":"max-snippet:-1","max-image-preview":"max-image-preview:large","max-video-preview":"max-video-preview:-1"},"canonical":"https:\/\/batijournal.com\/index.php\/les-abf-dans-une-campagne-de-communication-du-ministere-de-la-culture\/111338\/","og_locale":"fr_FR","og_type":"article","og_title":"Les ABF dans une campagne de communication du minist\u00e8re de la Culture","og_description":"Le minist\u00e8re de la Culture a lanc\u00e9, le 18 novembre 2024, une campagne de communication afin de mettre en lumi\u00e8re le r\u00f4le essentiel des Architectes des b\u00e2timents de France. Cette campagne d\u2019affichage et digitale repose sur des t\u00e9moignages et des contenus d\u00e9clin\u00e9s autour de quatre th\u00e9matiques : la transition \u00e9cologique, l\u2019essor \u00e9conomique, la qualit\u00e9 de [&hellip;]","og_url":"https:\/\/batijournal.com\/index.php\/les-abf-dans-une-campagne-de-communication-du-ministere-de-la-culture\/111338\/","og_site_name":"Batijournal","article_published_time":"2024-12-11T12:53:40+00:00","og_image":[{"width":360,"height":184,"url":"https:\/\/batijournal.com\/wp-content\/uploads\/2024\/12\/abf.jpg","type":"image\/jpeg"}],"author":"St\u00e9phane Miget","twitter_card":"summary_large_image","twitter_creator":"@bati_journal","twitter_site":"@bati_journal","twitter_misc":{"\u00c9crit par":"St\u00e9phane Miget","Dur\u00e9e de lecture estim\u00e9e":"2 minutes"},"schema":{"@context":"https:\/\/schema.org","@graph":[{"@type":"Article","@id":"https:\/\/batijournal.com\/index.php\/les-abf-dans-une-campagne-de-communication-du-ministere-de-la-culture\/111338\/#article","isPartOf":{"@id":"https:\/\/batijournal.com\/index.php\/les-abf-dans-une-campagne-de-communication-du-ministere-de-la-culture\/111338\/"},"author":{"name":"St\u00e9phane Miget","@id":"https:\/\/batijournal.com\/#\/schema\/person\/1dc96ec6957aa1ccb25ebe78bb19f100"},"headline":"Les ABF dans une campagne de communication du minist\u00e8re de la Culture","datePublished":"2024-12-11T12:53:40+00:00","mainEntityOfPage":{"@id":"https:\/\/batijournal.com\/index.php\/les-abf-dans-une-campagne-de-communication-du-ministere-de-la-culture\/111338\/"},"wordCount":352,"image":{"@id":"https:\/\/batijournal.com\/index.php\/les-abf-dans-une-campagne-de-communication-du-ministere-de-la-culture\/111338\/#primaryimage"},"thumbnailUrl":"https:\/\/batijournal.com\/wp-content\/uploads\/2024\/12\/abf.jpg","keywords":["abf","Architectes des B\u00e2timents de France"],"articleSection":["Actualit\u00e9s","Architecture &amp; Conception","zz_Actualit\u00e9s - Atrium","zz_Atrium Patrimoine"],"inLanguage":"fr-FR"},{"@type":"WebPage","@id":"https:\/\/batijournal.com\/index.php\/les-abf-dans-une-campagne-de-communication-du-ministere-de-la-culture\/111338\/","url":"https:\/\/batijournal.com\/index.php\/les-abf-dans-une-campagne-de-communication-du-ministere-de-la-culture\/111338\/","name":"Les ABF dans une campagne de communication du minist\u00e8re de la Culture","isPartOf":{"@id":"https:\/\/batijournal.com\/#website"},"primaryImageOfPage":{"@id":"https:\/\/batijournal.com\/index.php\/les-abf-dans-une-campagne-de-communication-du-ministere-de-la-culture\/111338\/#primaryimage"},"image":{"@id":"https:\/\/batijournal.com\/index.php\/les-abf-dans-une-campagne-de-communication-du-ministere-de-la-culture\/111338\/#primaryimage"},"thumbnailUrl":"https:\/\/batijournal.com\/wp-content\/uploads\/2024\/12\/abf.jpg","datePublished":"2024-12-11T12:53:40+00:00","author":{"@id":"https:\/\/batijournal.com\/#\/schema\/person\/1dc96ec6957aa1ccb25ebe78bb19f100"},"breadcrumb":{"@id":"https:\/\/batijournal.com\/index.php\/les-abf-dans-une-campagne-de-communication-du-ministere-de-la-culture\/111338\/#breadcrumb"},"inLanguage":"fr-FR","potentialAction":[{"@type":"ReadAction","target":["https:\/\/batijournal.com\/index.php\/les-abf-dans-une-campagne-de-communication-du-ministere-de-la-culture\/111338\/"]}]},{"@type":"ImageObject","inLanguage":"fr-FR","@id":"https:\/\/batijournal.com\/index.php\/les-abf-dans-une-campagne-de-communication-du-ministere-de-la-culture\/111338\/#primaryimage","url":"https:\/\/batijournal.com\/wp-content\/uploads\/2024\/12\/abf.jpg","contentUrl":"https:\/\/batijournal.com\/wp-content\/uploads\/2024\/12\/abf.jpg","width":360,"height":184},{"@type":"BreadcrumbList","@id":"https:\/\/batijournal.com\/index.php\/les-abf-dans-une-campagne-de-communication-du-ministere-de-la-culture\/111338\/#breadcrumb","itemListElement":[{"@type":"ListItem","position":1,"name":"Accueil","item":"https:\/\/batijournal.com\/"},{"@type":"ListItem","position":2,"name":"Actualit\u00e9s","item":"https:\/\/batijournal.com\/index.php\/category\/actualites\/"},{"@type":"ListItem","position":3,"name":"Les ABF dans une campagne de communication du minist\u00e8re de la Culture"}]},{"@type":"WebSite","@id":"https:\/\/batijournal.com\/#website","url":"https:\/\/batijournal.com\/","name":"Batijournal","description":"L&#039;actualit\u00e9 du b\u00e2timent","potentialAction":[{"@type":"SearchAction","target":{"@type":"EntryPoint","urlTemplate":"https:\/\/batijournal.com\/?s={search_term_string}"},"query-input":{"@type":"PropertyValueSpecification","valueRequired":true,"valueName":"search_term_string"}}],"inLanguage":"fr-FR"},{"@type":"Person","@id":"https:\/\/batijournal.com\/#\/schema\/person\/1dc96ec6957aa1ccb25ebe78bb19f100","name":"St\u00e9phane Miget","image":{"@type":"ImageObject","inLanguage":"fr-FR","@id":"https:\/\/secure.gravatar.com\/avatar\/89915563d925342126b8ef0281b93d9d7fc337043e8df017f780908eb9644451?s=96&d=mm&r=g","url":"https:\/\/secure.gravatar.com\/avatar\/89915563d925342126b8ef0281b93d9d7fc337043e8df017f780908eb9644451?s=96&d=mm&r=g","contentUrl":"https:\/\/secure.gravatar.com\/avatar\/89915563d925342126b8ef0281b93d9d7fc337043e8df017f780908eb9644451?s=96&d=mm&r=g","caption":"St\u00e9phane Miget"},"url":"https:\/\/batijournal.com\/index.php\/author\/stephane\/"}]}},"_links":{"self":[{"href":"https:\/\/batijournal.com\/index.php\/wp-json\/wp\/v2\/posts\/111338","targetHints":{"allow":["GET"]}}],"collection":[{"href":"https:\/\/batijournal.com\/index.php\/wp-json\/wp\/v2\/posts"}],"about":[{"href":"https:\/\/batijournal.com\/index.php\/wp-json\/wp\/v2\/types\/post"}],"author":[{"embeddable":true,"href":"https:\/\/batijournal.com\/index.php\/wp-json\/wp\/v2\/users\/17"}],"replies":[{"embeddable":true,"href":"https:\/\/batijournal.com\/index.php\/wp-json\/wp\/v2\/comments?post=111338"}],"version-history":[{"count":0,"href":"https:\/\/batijournal.com\/index.php\/wp-json\/wp\/v2\/posts\/111338\/revisions"}],"wp:featuredmedia":[{"embeddable":true,"href":"https:\/\/batijournal.com\/index.php\/wp-json\/wp\/v2\/media\/111339"}],"wp:attachment":[{"href":"https:\/\/batijournal.com\/index.php\/wp-json\/wp\/v2\/media?parent=111338"}],"wp:term":[{"taxonomy":"category","embeddable":true,"href":"https:\/\/batijournal.com\/index.php\/wp-json\/wp\/v2\/categories?post=111338"},{"taxonomy":"post_tag","embeddable":true,"href":"https:\/\/batijournal.com\/index.php\/wp-json\/wp\/v2\/tags?post=111338"}],"curies":[{"name":"wp","href":"https:\/\/api.w.org\/{rel}","templated":true}]}}