{"id":111349,"date":"2024-12-16T09:12:41","date_gmt":"2024-12-16T08:12:41","guid":{"rendered":"https:\/\/batijournal.com\/?p=111349"},"modified":"2024-12-16T09:12:41","modified_gmt":"2024-12-16T08:12:41","slug":"lapprentissage-apres-la-reforme-de-2018","status":"publish","type":"post","link":"https:\/\/batijournal.com\/index.php\/lapprentissage-apres-la-reforme-de-2018\/111349\/","title":{"rendered":"L\u2019apprentissage apr\u00e8s la r\u00e9forme de 2018"},"content":{"rendered":"<p><strong>Le C\u00e9req publie une \u00e9tude approfondie sur l&rsquo;impact de la loi de 2018 \u00ab Pour la libert\u00e9 de choisir son avenir professionnel \u00bb sur l&rsquo;apprentissage en France. Elle compare les donn\u00e9es de 2017 et 2021 pour analyser les transformations majeures du paysage de l&rsquo;apprentissage.<\/strong><\/p>\n<p>Entre 2017 et 2021, le nombre de contrats d&rsquo;apprentissage a plus que doubl\u00e9, passant de 305 000 \u00e0 736 000. Cette croissance est particuli\u00e8rement marqu\u00e9e dans l&rsquo;enseignement sup\u00e9rieur qui concentre d\u00e9sormais 60 % des contrats contre 38 % avant la r\u00e9forme.nLes nouvelles formations certifi\u00e9es par des titres professionnels ne relevant pas de l\u2019\u00c9ducation nationale ou de l\u2019enseignement sup\u00e9rieur, comme ceux du minist\u00e8re charg\u00e9 de l&#8217;emploi, ont jou\u00e9 un r\u00f4le cl\u00e9 dans cette \u00e9volution. En 2021, plus de 41 % des contrats sign\u00e9s concernent des nouvelles formations qui n\u2019existaient pas en 2017, avec une forte pr\u00e9sence de nouveaux CFA cr\u00e9\u00e9s en 2020 ou 2021.nLe nombre d&rsquo;entreprises impliqu\u00e9es dans l&rsquo;apprentissage a \u00e9galement doubl\u00e9, passant de 187 000 \u00e0 387 000 en 2021. Les TPE-PME restent les principaux acteurs, signant environ 70 % des contrats. Les secteurs traditionnels de l&rsquo;apprentissage, tels que le commerce, le transport, l&rsquo;h\u00f4tellerie-restauration, la construction et l&rsquo;industrie, continuent de dominer.<\/p>\n<p>La d\u00e9r\u00e9gulation du march\u00e9 de l&rsquo;apprentissage a intensifi\u00e9 la concurrence entre les CFA. Ces derniers doivent souvent r\u00e9pondre aux exigences des entreprises, qui peuvent imposer des conditions strictes sur le rythme de l&rsquo;alternance, la dur\u00e9e des contrats et le contenu des missions. La diversit\u00e9 accrue des formations peut \u00e9galement \u00eatre source de confusion pour les jeunes. Ils doivent naviguer dans un paysage complexe o\u00f9 se c\u00f4toient dipl\u00f4mes d&rsquo;\u00c9tat, titres professionnels et certifications diverses. Sans un accompagnement ad\u00e9quat, certains jeunes risquent de s&rsquo;engager dans des parcours inadapt\u00e9s, augmentant ainsi le risque d&rsquo;\u00e9chec. La massification de l&rsquo;apprentissage n\u2019est pas pour autant une condition suffisante pour une d\u00e9mocratisation de l&rsquo;acc\u00e8s \u00e0 la formation. Des pratiques de s\u00e9lection \u00e9mergent, privil\u00e9giant les jeunes issus de milieux socio-\u00e9conomiques plus favoris\u00e9s. En raison des fluctuations des aides financi\u00e8res et des normes d&rsquo;acc\u00e8s aux subventions, les CFA doivent faire face \u00e0 des contraintes \u00e9conomiques. Ces politiques de \u00ab stop and go \u00bb renforcent l\u2019incertitude et peuvent donc affecter leur organisation, la stabilit\u00e9 et la qualit\u00e9 de l&rsquo;offre de formation.<\/p>\n<p>Les r\u00e9sultats sont issus d\u2019une \u00e9tude r\u00e9alis\u00e9e par le C\u00e9req \u00e0 l\u2019initiative de la CFDT, dans le cadre d\u2019un financement de l\u2019agence d\u2019objectifs de l\u2019IRES.<\/p>\n<p><a href=\"https:\/\/www.cereq.fr\/lapprentissage-reforme-nouveaux-acteurs\">https:\/\/www.cereq.fr\/lapprentissage-reforme-nouveaux-acteurs<\/a><\/p>\n<p>&nbsp;<\/p>\n","protected":false},"excerpt":{"rendered":"<p>Le C\u00e9req publie une \u00e9tude approfondie sur l&rsquo;impact de la loi de 2018 \u00ab Pour la libert\u00e9 de choisir son avenir professionnel \u00bb sur l&rsquo;apprentissage en France. Elle compare les donn\u00e9es de 2017 et 2021 pour analyser les transformations majeures du paysage de l&rsquo;apprentissage. Entre 2017 et 2021, le nombre de contrats d&rsquo;apprentissage a plus [&hellip;]<\/p>\n","protected":false},"author":17,"featured_media":111350,"comment_status":"closed","ping_status":"closed","sticky":false,"template":"","format":"standard","meta":{"_et_pb_use_builder":"","_et_pb_old_content":"","_et_gb_content_width":"","footnotes":""},"categories":[10736,10530,6362],"tags":[12896],"class_list":["post-111349","post","type-post","status-publish","format-standard","has-post-thumbnail","hentry","category-a-la-une","category-actualites","category-services-equipements","tag-apprentissage"],"yoast_head":"<!-- This site is optimized with the Yoast SEO plugin v27.4 - https:\/\/yoast.com\/product\/yoast-seo-wordpress\/ -->\n<title>L\u2019apprentissage apr\u00e8s la r\u00e9forme de 2018<\/title>\n<meta name=\"robots\" content=\"index, follow, max-snippet:-1, max-image-preview:large, max-video-preview:-1\" \/>\n<link rel=\"canonical\" href=\"https:\/\/batijournal.com\/index.php\/lapprentissage-apres-la-reforme-de-2018\/111349\/\" \/>\n<meta property=\"og:locale\" content=\"fr_FR\" \/>\n<meta property=\"og:type\" content=\"article\" \/>\n<meta property=\"og:title\" content=\"L\u2019apprentissage apr\u00e8s la r\u00e9forme de 2018\" \/>\n<meta property=\"og:description\" content=\"Le C\u00e9req publie une \u00e9tude approfondie sur l&rsquo;impact de la loi de 2018 \u00ab Pour la libert\u00e9 de choisir son avenir professionnel \u00bb sur l&rsquo;apprentissage en France. Elle compare les donn\u00e9es de 2017 et 2021 pour analyser les transformations majeures du paysage de l&rsquo;apprentissage. Entre 2017 et 2021, le nombre de contrats d&rsquo;apprentissage a plus [&hellip;]\" \/>\n<meta property=\"og:url\" content=\"https:\/\/batijournal.com\/index.php\/lapprentissage-apres-la-reforme-de-2018\/111349\/\" \/>\n<meta property=\"og:site_name\" content=\"Batijournal\" \/>\n<meta property=\"article:published_time\" content=\"2024-12-16T08:12:41+00:00\" \/>\n<meta property=\"og:image\" content=\"https:\/\/batijournal.com\/wp-content\/uploads\/2024\/12\/apprentissage.png\" \/>\n\t<meta property=\"og:image:width\" content=\"1584\" \/>\n\t<meta property=\"og:image:height\" content=\"876\" \/>\n\t<meta property=\"og:image:type\" content=\"image\/png\" \/>\n<meta name=\"author\" content=\"St\u00e9phane Miget\" \/>\n<meta name=\"twitter:card\" content=\"summary_large_image\" \/>\n<meta name=\"twitter:creator\" content=\"@bati_journal\" \/>\n<meta name=\"twitter:site\" content=\"@bati_journal\" \/>\n<meta name=\"twitter:label1\" content=\"\u00c9crit par\" \/>\n\t<meta name=\"twitter:data1\" content=\"St\u00e9phane Miget\" \/>\n\t<meta name=\"twitter:label2\" content=\"Dur\u00e9e de lecture estim\u00e9e\" \/>\n\t<meta name=\"twitter:data2\" content=\"2 minutes\" \/>\n<script type=\"application\/ld+json\" class=\"yoast-schema-graph\">{\"@context\":\"https:\\\/\\\/schema.org\",\"@graph\":[{\"@type\":\"Article\",\"@id\":\"https:\\\/\\\/batijournal.com\\\/index.php\\\/lapprentissage-apres-la-reforme-de-2018\\\/111349\\\/#article\",\"isPartOf\":{\"@id\":\"https:\\\/\\\/batijournal.com\\\/index.php\\\/lapprentissage-apres-la-reforme-de-2018\\\/111349\\\/\"},\"author\":{\"name\":\"St\u00e9phane Miget\",\"@id\":\"https:\\\/\\\/batijournal.com\\\/#\\\/schema\\\/person\\\/1dc96ec6957aa1ccb25ebe78bb19f100\"},\"headline\":\"L\u2019apprentissage apr\u00e8s la r\u00e9forme de 2018\",\"datePublished\":\"2024-12-16T08:12:41+00:00\",\"mainEntityOfPage\":{\"@id\":\"https:\\\/\\\/batijournal.com\\\/index.php\\\/lapprentissage-apres-la-reforme-de-2018\\\/111349\\\/\"},\"wordCount\":439,\"image\":{\"@id\":\"https:\\\/\\\/batijournal.com\\\/index.php\\\/lapprentissage-apres-la-reforme-de-2018\\\/111349\\\/#primaryimage\"},\"thumbnailUrl\":\"https:\\\/\\\/batijournal.com\\\/wp-content\\\/uploads\\\/2024\\\/12\\\/apprentissage.png\",\"keywords\":[\"apprentissage\"],\"articleSection\":[\"A la Une\",\"Actualit\u00e9s\",\"Divers\"],\"inLanguage\":\"fr-FR\"},{\"@type\":\"WebPage\",\"@id\":\"https:\\\/\\\/batijournal.com\\\/index.php\\\/lapprentissage-apres-la-reforme-de-2018\\\/111349\\\/\",\"url\":\"https:\\\/\\\/batijournal.com\\\/index.php\\\/lapprentissage-apres-la-reforme-de-2018\\\/111349\\\/\",\"name\":\"L\u2019apprentissage apr\u00e8s la r\u00e9forme de 2018\",\"isPartOf\":{\"@id\":\"https:\\\/\\\/batijournal.com\\\/#website\"},\"primaryImageOfPage\":{\"@id\":\"https:\\\/\\\/batijournal.com\\\/index.php\\\/lapprentissage-apres-la-reforme-de-2018\\\/111349\\\/#primaryimage\"},\"image\":{\"@id\":\"https:\\\/\\\/batijournal.com\\\/index.php\\\/lapprentissage-apres-la-reforme-de-2018\\\/111349\\\/#primaryimage\"},\"thumbnailUrl\":\"https:\\\/\\\/batijournal.com\\\/wp-content\\\/uploads\\\/2024\\\/12\\\/apprentissage.png\",\"datePublished\":\"2024-12-16T08:12:41+00:00\",\"author\":{\"@id\":\"https:\\\/\\\/batijournal.com\\\/#\\\/schema\\\/person\\\/1dc96ec6957aa1ccb25ebe78bb19f100\"},\"breadcrumb\":{\"@id\":\"https:\\\/\\\/batijournal.com\\\/index.php\\\/lapprentissage-apres-la-reforme-de-2018\\\/111349\\\/#breadcrumb\"},\"inLanguage\":\"fr-FR\",\"potentialAction\":[{\"@type\":\"ReadAction\",\"target\":[\"https:\\\/\\\/batijournal.com\\\/index.php\\\/lapprentissage-apres-la-reforme-de-2018\\\/111349\\\/\"]}]},{\"@type\":\"ImageObject\",\"inLanguage\":\"fr-FR\",\"@id\":\"https:\\\/\\\/batijournal.com\\\/index.php\\\/lapprentissage-apres-la-reforme-de-2018\\\/111349\\\/#primaryimage\",\"url\":\"https:\\\/\\\/batijournal.com\\\/wp-content\\\/uploads\\\/2024\\\/12\\\/apprentissage.png\",\"contentUrl\":\"https:\\\/\\\/batijournal.com\\\/wp-content\\\/uploads\\\/2024\\\/12\\\/apprentissage.png\",\"width\":1584,\"height\":876},{\"@type\":\"BreadcrumbList\",\"@id\":\"https:\\\/\\\/batijournal.com\\\/index.php\\\/lapprentissage-apres-la-reforme-de-2018\\\/111349\\\/#breadcrumb\",\"itemListElement\":[{\"@type\":\"ListItem\",\"position\":1,\"name\":\"Accueil\",\"item\":\"https:\\\/\\\/batijournal.com\\\/\"},{\"@type\":\"ListItem\",\"position\":2,\"name\":\"A la Une\",\"item\":\"https:\\\/\\\/batijournal.com\\\/index.php\\\/category\\\/a-la-une\\\/\"},{\"@type\":\"ListItem\",\"position\":3,\"name\":\"L\u2019apprentissage apr\u00e8s la r\u00e9forme de 2018\"}]},{\"@type\":\"WebSite\",\"@id\":\"https:\\\/\\\/batijournal.com\\\/#website\",\"url\":\"https:\\\/\\\/batijournal.com\\\/\",\"name\":\"Batijournal\",\"description\":\"L&#039;actualit\u00e9 du b\u00e2timent\",\"potentialAction\":[{\"@type\":\"SearchAction\",\"target\":{\"@type\":\"EntryPoint\",\"urlTemplate\":\"https:\\\/\\\/batijournal.com\\\/?s={search_term_string}\"},\"query-input\":{\"@type\":\"PropertyValueSpecification\",\"valueRequired\":true,\"valueName\":\"search_term_string\"}}],\"inLanguage\":\"fr-FR\"},{\"@type\":\"Person\",\"@id\":\"https:\\\/\\\/batijournal.com\\\/#\\\/schema\\\/person\\\/1dc96ec6957aa1ccb25ebe78bb19f100\",\"name\":\"St\u00e9phane Miget\",\"image\":{\"@type\":\"ImageObject\",\"inLanguage\":\"fr-FR\",\"@id\":\"https:\\\/\\\/secure.gravatar.com\\\/avatar\\\/89915563d925342126b8ef0281b93d9d7fc337043e8df017f780908eb9644451?s=96&d=mm&r=g\",\"url\":\"https:\\\/\\\/secure.gravatar.com\\\/avatar\\\/89915563d925342126b8ef0281b93d9d7fc337043e8df017f780908eb9644451?s=96&d=mm&r=g\",\"contentUrl\":\"https:\\\/\\\/secure.gravatar.com\\\/avatar\\\/89915563d925342126b8ef0281b93d9d7fc337043e8df017f780908eb9644451?s=96&d=mm&r=g\",\"caption\":\"St\u00e9phane Miget\"},\"url\":\"https:\\\/\\\/batijournal.com\\\/index.php\\\/author\\\/stephane\\\/\"}]}<\/script>\n<!-- \/ Yoast SEO plugin. -->","yoast_head_json":{"title":"L\u2019apprentissage apr\u00e8s la r\u00e9forme de 2018","robots":{"index":"index","follow":"follow","max-snippet":"max-snippet:-1","max-image-preview":"max-image-preview:large","max-video-preview":"max-video-preview:-1"},"canonical":"https:\/\/batijournal.com\/index.php\/lapprentissage-apres-la-reforme-de-2018\/111349\/","og_locale":"fr_FR","og_type":"article","og_title":"L\u2019apprentissage apr\u00e8s la r\u00e9forme de 2018","og_description":"Le C\u00e9req publie une \u00e9tude approfondie sur l&rsquo;impact de la loi de 2018 \u00ab Pour la libert\u00e9 de choisir son avenir professionnel \u00bb sur l&rsquo;apprentissage en France. Elle compare les donn\u00e9es de 2017 et 2021 pour analyser les transformations majeures du paysage de l&rsquo;apprentissage. Entre 2017 et 2021, le nombre de contrats d&rsquo;apprentissage a plus [&hellip;]","og_url":"https:\/\/batijournal.com\/index.php\/lapprentissage-apres-la-reforme-de-2018\/111349\/","og_site_name":"Batijournal","article_published_time":"2024-12-16T08:12:41+00:00","og_image":[{"width":1584,"height":876,"url":"https:\/\/batijournal.com\/wp-content\/uploads\/2024\/12\/apprentissage.png","type":"image\/png"}],"author":"St\u00e9phane Miget","twitter_card":"summary_large_image","twitter_creator":"@bati_journal","twitter_site":"@bati_journal","twitter_misc":{"\u00c9crit par":"St\u00e9phane Miget","Dur\u00e9e de lecture estim\u00e9e":"2 minutes"},"schema":{"@context":"https:\/\/schema.org","@graph":[{"@type":"Article","@id":"https:\/\/batijournal.com\/index.php\/lapprentissage-apres-la-reforme-de-2018\/111349\/#article","isPartOf":{"@id":"https:\/\/batijournal.com\/index.php\/lapprentissage-apres-la-reforme-de-2018\/111349\/"},"author":{"name":"St\u00e9phane Miget","@id":"https:\/\/batijournal.com\/#\/schema\/person\/1dc96ec6957aa1ccb25ebe78bb19f100"},"headline":"L\u2019apprentissage apr\u00e8s la r\u00e9forme de 2018","datePublished":"2024-12-16T08:12:41+00:00","mainEntityOfPage":{"@id":"https:\/\/batijournal.com\/index.php\/lapprentissage-apres-la-reforme-de-2018\/111349\/"},"wordCount":439,"image":{"@id":"https:\/\/batijournal.com\/index.php\/lapprentissage-apres-la-reforme-de-2018\/111349\/#primaryimage"},"thumbnailUrl":"https:\/\/batijournal.com\/wp-content\/uploads\/2024\/12\/apprentissage.png","keywords":["apprentissage"],"articleSection":["A la Une","Actualit\u00e9s","Divers"],"inLanguage":"fr-FR"},{"@type":"WebPage","@id":"https:\/\/batijournal.com\/index.php\/lapprentissage-apres-la-reforme-de-2018\/111349\/","url":"https:\/\/batijournal.com\/index.php\/lapprentissage-apres-la-reforme-de-2018\/111349\/","name":"L\u2019apprentissage apr\u00e8s la r\u00e9forme de 2018","isPartOf":{"@id":"https:\/\/batijournal.com\/#website"},"primaryImageOfPage":{"@id":"https:\/\/batijournal.com\/index.php\/lapprentissage-apres-la-reforme-de-2018\/111349\/#primaryimage"},"image":{"@id":"https:\/\/batijournal.com\/index.php\/lapprentissage-apres-la-reforme-de-2018\/111349\/#primaryimage"},"thumbnailUrl":"https:\/\/batijournal.com\/wp-content\/uploads\/2024\/12\/apprentissage.png","datePublished":"2024-12-16T08:12:41+00:00","author":{"@id":"https:\/\/batijournal.com\/#\/schema\/person\/1dc96ec6957aa1ccb25ebe78bb19f100"},"breadcrumb":{"@id":"https:\/\/batijournal.com\/index.php\/lapprentissage-apres-la-reforme-de-2018\/111349\/#breadcrumb"},"inLanguage":"fr-FR","potentialAction":[{"@type":"ReadAction","target":["https:\/\/batijournal.com\/index.php\/lapprentissage-apres-la-reforme-de-2018\/111349\/"]}]},{"@type":"ImageObject","inLanguage":"fr-FR","@id":"https:\/\/batijournal.com\/index.php\/lapprentissage-apres-la-reforme-de-2018\/111349\/#primaryimage","url":"https:\/\/batijournal.com\/wp-content\/uploads\/2024\/12\/apprentissage.png","contentUrl":"https:\/\/batijournal.com\/wp-content\/uploads\/2024\/12\/apprentissage.png","width":1584,"height":876},{"@type":"BreadcrumbList","@id":"https:\/\/batijournal.com\/index.php\/lapprentissage-apres-la-reforme-de-2018\/111349\/#breadcrumb","itemListElement":[{"@type":"ListItem","position":1,"name":"Accueil","item":"https:\/\/batijournal.com\/"},{"@type":"ListItem","position":2,"name":"A la Une","item":"https:\/\/batijournal.com\/index.php\/category\/a-la-une\/"},{"@type":"ListItem","position":3,"name":"L\u2019apprentissage apr\u00e8s la r\u00e9forme de 2018"}]},{"@type":"WebSite","@id":"https:\/\/batijournal.com\/#website","url":"https:\/\/batijournal.com\/","name":"Batijournal","description":"L&#039;actualit\u00e9 du b\u00e2timent","potentialAction":[{"@type":"SearchAction","target":{"@type":"EntryPoint","urlTemplate":"https:\/\/batijournal.com\/?s={search_term_string}"},"query-input":{"@type":"PropertyValueSpecification","valueRequired":true,"valueName":"search_term_string"}}],"inLanguage":"fr-FR"},{"@type":"Person","@id":"https:\/\/batijournal.com\/#\/schema\/person\/1dc96ec6957aa1ccb25ebe78bb19f100","name":"St\u00e9phane Miget","image":{"@type":"ImageObject","inLanguage":"fr-FR","@id":"https:\/\/secure.gravatar.com\/avatar\/89915563d925342126b8ef0281b93d9d7fc337043e8df017f780908eb9644451?s=96&d=mm&r=g","url":"https:\/\/secure.gravatar.com\/avatar\/89915563d925342126b8ef0281b93d9d7fc337043e8df017f780908eb9644451?s=96&d=mm&r=g","contentUrl":"https:\/\/secure.gravatar.com\/avatar\/89915563d925342126b8ef0281b93d9d7fc337043e8df017f780908eb9644451?s=96&d=mm&r=g","caption":"St\u00e9phane Miget"},"url":"https:\/\/batijournal.com\/index.php\/author\/stephane\/"}]}},"_links":{"self":[{"href":"https:\/\/batijournal.com\/index.php\/wp-json\/wp\/v2\/posts\/111349","targetHints":{"allow":["GET"]}}],"collection":[{"href":"https:\/\/batijournal.com\/index.php\/wp-json\/wp\/v2\/posts"}],"about":[{"href":"https:\/\/batijournal.com\/index.php\/wp-json\/wp\/v2\/types\/post"}],"author":[{"embeddable":true,"href":"https:\/\/batijournal.com\/index.php\/wp-json\/wp\/v2\/users\/17"}],"replies":[{"embeddable":true,"href":"https:\/\/batijournal.com\/index.php\/wp-json\/wp\/v2\/comments?post=111349"}],"version-history":[{"count":0,"href":"https:\/\/batijournal.com\/index.php\/wp-json\/wp\/v2\/posts\/111349\/revisions"}],"wp:featuredmedia":[{"embeddable":true,"href":"https:\/\/batijournal.com\/index.php\/wp-json\/wp\/v2\/media\/111350"}],"wp:attachment":[{"href":"https:\/\/batijournal.com\/index.php\/wp-json\/wp\/v2\/media?parent=111349"}],"wp:term":[{"taxonomy":"category","embeddable":true,"href":"https:\/\/batijournal.com\/index.php\/wp-json\/wp\/v2\/categories?post=111349"},{"taxonomy":"post_tag","embeddable":true,"href":"https:\/\/batijournal.com\/index.php\/wp-json\/wp\/v2\/tags?post=111349"}],"curies":[{"name":"wp","href":"https:\/\/api.w.org\/{rel}","templated":true}]}}