{"id":111367,"date":"2024-12-20T15:55:01","date_gmt":"2024-12-20T14:55:01","guid":{"rendered":"https:\/\/batijournal.com\/?p=111367"},"modified":"2024-12-20T15:55:01","modified_gmt":"2024-12-20T14:55:01","slug":"le-quadrilatere-de-beauvais-rouvrira-debut-avril-2025","status":"publish","type":"post","link":"https:\/\/batijournal.com\/index.php\/le-quadrilatere-de-beauvais-rouvrira-debut-avril-2025\/111367\/","title":{"rendered":"Le Quadrilat\u00e8re de Beauvais rouvrira d\u00e9but avril 2025"},"content":{"rendered":"<p>Centre d\u2019art \u00e0 rayonnement national, Le Quadrilat\u00e8re &#8211; Centre d\u2019art de Beauvais rouvrira ses portes le 5 avril 2025 apr\u00e8s deux ans de travaux, s\u2019inscrivant dans une ann\u00e9e exceptionnelle marqu\u00e9e par les 800 ans de la cath\u00e9drale Saint Pierre et la revalorisation du quartier \u00e9piscopal. Intitul\u00e9e \u00c9crire l\u2019espace, la saison inaugurale c\u00e9l\u00e9brera l\u2019architecture moderniste d\u2019Andr\u00e9 Hermant, revisit\u00e9e dans une perspective contemporaine via le regard des artistes C\u00e9cile Bart et St\u00e9phanie Mansy. La r\u00e9habilitation r\u00e9v\u00e8le \u00e9galement le patrimoine exceptionnel du site en donnant acc\u00e8s au public \u00e0 sa crypte arch\u00e9ologique et propose une exp\u00e9rience immersive dans l\u2019histoire de la ville via son Centre d\u2019interpr\u00e9tation de l\u2019architecture et du patrimoine (CIAP).<\/p>\n<p>Con\u00e7u en 1976 par Andr\u00e9 Hermant, le b\u00e2timent embl\u00e9matique du Quadrilat\u00e8re &#8211; Centre d\u2019art constitue un patrimoine remarquable du XXe si\u00e8cle. Contrastant avec la cath\u00e9drale gothique voisine, l\u2019\u00e9difice moderniste pr\u00e9sente des lignes graphiques et \u00e9pur\u00e9es et des volumes insoup\u00e7onn\u00e9s. Il ouvre en 2025 un nouveau chapitre de son histoire \u00e0 la suite d\u2019une r\u00e9habilitation d\u2019exception sign\u00e9e par Chatillon Architectes, \u00e9galement \u00e0 l\u2019\u0153uvre sur des projets majeurs tels que les r\u00e9novations r\u00e9centes du Grand Palais ou du Mus\u00e9e Carnavalet.<\/p>\n<p>Enti\u00e8rement repens\u00e9 pour un subtil dialogue entre l\u2019art et l\u2019architecture, Le Quadrilat\u00e8re \u2013 Centre d\u2019art se dote d\u00e9sormais de 2 000 m2 de galeries d\u2019exposition et d\u2019espaces adapt\u00e9s \u00e0 la diffusion d\u2019une programmation enrichie et diversifi\u00e9e. Ces travaux de r\u00e9habilitation ont \u00e9galement permis la valorisation de vestiges historiques d\u2019int\u00e9r\u00eat majeur (espace public gallo-romain du IIIe si\u00e8cle) et la conception d\u2019un CIAP, r\u00e9affirmant l\u2019engagement de la Ville de Beauvais et de l\u2019Etat dans le label Ville d\u2019art et d\u2019histoire et celui du Centre d\u2019art dans la valorisation du site et de ses strates historiques, source in\u00e9puisable d\u2019inspiration pour les artistes.<\/p>\n<p>Photo : Le Quadrilat\u00e8re, commande photographique \u00e0 Laurent Kronental, 2020 \u00a9 Le Quadrilat\u00e8re<\/p>\n","protected":false},"excerpt":{"rendered":"<p>Centre d\u2019art \u00e0 rayonnement national, Le Quadrilat\u00e8re &#8211; Centre d\u2019art de Beauvais rouvrira ses portes le 5 avril 2025 apr\u00e8s deux ans de travaux, s\u2019inscrivant dans une ann\u00e9e exceptionnelle marqu\u00e9e par les 800 ans de la cath\u00e9drale Saint Pierre et la revalorisation du quartier \u00e9piscopal. Intitul\u00e9e \u00c9crire l\u2019espace, la saison inaugurale c\u00e9l\u00e9brera l\u2019architecture moderniste d\u2019Andr\u00e9 [&hellip;]<\/p>\n","protected":false},"author":17,"featured_media":111368,"comment_status":"closed","ping_status":"closed","sticky":false,"template":"","format":"standard","meta":{"_et_pb_use_builder":"","_et_pb_old_content":"","_et_gb_content_width":"","footnotes":""},"categories":[10530,6340,10789,10785],"tags":[13298],"class_list":["post-111367","post","type-post","status-publish","format-standard","has-post-thumbnail","hentry","category-actualites","category-architecture-conception","category-publications-atrium","category-atrium","tag-beauvais"],"yoast_head":"<!-- This site is optimized with the Yoast SEO plugin v27.4 - https:\/\/yoast.com\/product\/yoast-seo-wordpress\/ -->\n<title>Le Quadrilat\u00e8re de Beauvais rouvrira d\u00e9but avril 2025<\/title>\n<meta name=\"robots\" content=\"index, follow, max-snippet:-1, max-image-preview:large, max-video-preview:-1\" \/>\n<link rel=\"canonical\" href=\"https:\/\/batijournal.com\/index.php\/le-quadrilatere-de-beauvais-rouvrira-debut-avril-2025\/111367\/\" \/>\n<meta property=\"og:locale\" content=\"fr_FR\" \/>\n<meta property=\"og:type\" content=\"article\" \/>\n<meta property=\"og:title\" content=\"Le Quadrilat\u00e8re de Beauvais rouvrira d\u00e9but avril 2025\" \/>\n<meta property=\"og:description\" content=\"Centre d\u2019art \u00e0 rayonnement national, Le Quadrilat\u00e8re &#8211; Centre d\u2019art de Beauvais rouvrira ses portes le 5 avril 2025 apr\u00e8s deux ans de travaux, s\u2019inscrivant dans une ann\u00e9e exceptionnelle marqu\u00e9e par les 800 ans de la cath\u00e9drale Saint Pierre et la revalorisation du quartier \u00e9piscopal. Intitul\u00e9e \u00c9crire l\u2019espace, la saison inaugurale c\u00e9l\u00e9brera l\u2019architecture moderniste d\u2019Andr\u00e9 [&hellip;]\" \/>\n<meta property=\"og:url\" content=\"https:\/\/batijournal.com\/index.php\/le-quadrilatere-de-beauvais-rouvrira-debut-avril-2025\/111367\/\" \/>\n<meta property=\"og:site_name\" content=\"Batijournal\" \/>\n<meta property=\"article:published_time\" content=\"2024-12-20T14:55:01+00:00\" \/>\n<meta property=\"og:image\" content=\"https:\/\/batijournal.com\/wp-content\/uploads\/2024\/12\/quadrilatere-beauvais.jpg\" \/>\n\t<meta property=\"og:image:width\" content=\"969\" \/>\n\t<meta property=\"og:image:height\" content=\"766\" \/>\n\t<meta property=\"og:image:type\" content=\"image\/jpeg\" \/>\n<meta name=\"author\" content=\"St\u00e9phane Miget\" \/>\n<meta name=\"twitter:card\" content=\"summary_large_image\" \/>\n<meta name=\"twitter:creator\" content=\"@bati_journal\" \/>\n<meta name=\"twitter:site\" content=\"@bati_journal\" \/>\n<meta name=\"twitter:label1\" content=\"\u00c9crit par\" \/>\n\t<meta name=\"twitter:data1\" content=\"St\u00e9phane Miget\" \/>\n\t<meta name=\"twitter:label2\" content=\"Dur\u00e9e de lecture estim\u00e9e\" \/>\n\t<meta name=\"twitter:data2\" content=\"2 minutes\" \/>\n<script type=\"application\/ld+json\" class=\"yoast-schema-graph\">{\"@context\":\"https:\\\/\\\/schema.org\",\"@graph\":[{\"@type\":\"Article\",\"@id\":\"https:\\\/\\\/batijournal.com\\\/index.php\\\/le-quadrilatere-de-beauvais-rouvrira-debut-avril-2025\\\/111367\\\/#article\",\"isPartOf\":{\"@id\":\"https:\\\/\\\/batijournal.com\\\/index.php\\\/le-quadrilatere-de-beauvais-rouvrira-debut-avril-2025\\\/111367\\\/\"},\"author\":{\"name\":\"St\u00e9phane Miget\",\"@id\":\"https:\\\/\\\/batijournal.com\\\/#\\\/schema\\\/person\\\/1dc96ec6957aa1ccb25ebe78bb19f100\"},\"headline\":\"Le Quadrilat\u00e8re de Beauvais rouvrira d\u00e9but avril 2025\",\"datePublished\":\"2024-12-20T14:55:01+00:00\",\"mainEntityOfPage\":{\"@id\":\"https:\\\/\\\/batijournal.com\\\/index.php\\\/le-quadrilatere-de-beauvais-rouvrira-debut-avril-2025\\\/111367\\\/\"},\"wordCount\":365,\"image\":{\"@id\":\"https:\\\/\\\/batijournal.com\\\/index.php\\\/le-quadrilatere-de-beauvais-rouvrira-debut-avril-2025\\\/111367\\\/#primaryimage\"},\"thumbnailUrl\":\"https:\\\/\\\/batijournal.com\\\/wp-content\\\/uploads\\\/2024\\\/12\\\/quadrilatere-beauvais.jpg\",\"keywords\":[\"Beauvais\"],\"articleSection\":[\"Actualit\u00e9s\",\"Architecture &amp; Conception\",\"zz_Actualit\u00e9s - Atrium\",\"zz_Atrium Patrimoine\"],\"inLanguage\":\"fr-FR\"},{\"@type\":\"WebPage\",\"@id\":\"https:\\\/\\\/batijournal.com\\\/index.php\\\/le-quadrilatere-de-beauvais-rouvrira-debut-avril-2025\\\/111367\\\/\",\"url\":\"https:\\\/\\\/batijournal.com\\\/index.php\\\/le-quadrilatere-de-beauvais-rouvrira-debut-avril-2025\\\/111367\\\/\",\"name\":\"Le Quadrilat\u00e8re de Beauvais rouvrira d\u00e9but avril 2025\",\"isPartOf\":{\"@id\":\"https:\\\/\\\/batijournal.com\\\/#website\"},\"primaryImageOfPage\":{\"@id\":\"https:\\\/\\\/batijournal.com\\\/index.php\\\/le-quadrilatere-de-beauvais-rouvrira-debut-avril-2025\\\/111367\\\/#primaryimage\"},\"image\":{\"@id\":\"https:\\\/\\\/batijournal.com\\\/index.php\\\/le-quadrilatere-de-beauvais-rouvrira-debut-avril-2025\\\/111367\\\/#primaryimage\"},\"thumbnailUrl\":\"https:\\\/\\\/batijournal.com\\\/wp-content\\\/uploads\\\/2024\\\/12\\\/quadrilatere-beauvais.jpg\",\"datePublished\":\"2024-12-20T14:55:01+00:00\",\"author\":{\"@id\":\"https:\\\/\\\/batijournal.com\\\/#\\\/schema\\\/person\\\/1dc96ec6957aa1ccb25ebe78bb19f100\"},\"breadcrumb\":{\"@id\":\"https:\\\/\\\/batijournal.com\\\/index.php\\\/le-quadrilatere-de-beauvais-rouvrira-debut-avril-2025\\\/111367\\\/#breadcrumb\"},\"inLanguage\":\"fr-FR\",\"potentialAction\":[{\"@type\":\"ReadAction\",\"target\":[\"https:\\\/\\\/batijournal.com\\\/index.php\\\/le-quadrilatere-de-beauvais-rouvrira-debut-avril-2025\\\/111367\\\/\"]}]},{\"@type\":\"ImageObject\",\"inLanguage\":\"fr-FR\",\"@id\":\"https:\\\/\\\/batijournal.com\\\/index.php\\\/le-quadrilatere-de-beauvais-rouvrira-debut-avril-2025\\\/111367\\\/#primaryimage\",\"url\":\"https:\\\/\\\/batijournal.com\\\/wp-content\\\/uploads\\\/2024\\\/12\\\/quadrilatere-beauvais.jpg\",\"contentUrl\":\"https:\\\/\\\/batijournal.com\\\/wp-content\\\/uploads\\\/2024\\\/12\\\/quadrilatere-beauvais.jpg\",\"width\":969,\"height\":766},{\"@type\":\"BreadcrumbList\",\"@id\":\"https:\\\/\\\/batijournal.com\\\/index.php\\\/le-quadrilatere-de-beauvais-rouvrira-debut-avril-2025\\\/111367\\\/#breadcrumb\",\"itemListElement\":[{\"@type\":\"ListItem\",\"position\":1,\"name\":\"Accueil\",\"item\":\"https:\\\/\\\/batijournal.com\\\/\"},{\"@type\":\"ListItem\",\"position\":2,\"name\":\"Actualit\u00e9s\",\"item\":\"https:\\\/\\\/batijournal.com\\\/index.php\\\/category\\\/actualites\\\/\"},{\"@type\":\"ListItem\",\"position\":3,\"name\":\"Le Quadrilat\u00e8re de Beauvais rouvrira d\u00e9but avril 2025\"}]},{\"@type\":\"WebSite\",\"@id\":\"https:\\\/\\\/batijournal.com\\\/#website\",\"url\":\"https:\\\/\\\/batijournal.com\\\/\",\"name\":\"Batijournal\",\"description\":\"L&#039;actualit\u00e9 du b\u00e2timent\",\"potentialAction\":[{\"@type\":\"SearchAction\",\"target\":{\"@type\":\"EntryPoint\",\"urlTemplate\":\"https:\\\/\\\/batijournal.com\\\/?s={search_term_string}\"},\"query-input\":{\"@type\":\"PropertyValueSpecification\",\"valueRequired\":true,\"valueName\":\"search_term_string\"}}],\"inLanguage\":\"fr-FR\"},{\"@type\":\"Person\",\"@id\":\"https:\\\/\\\/batijournal.com\\\/#\\\/schema\\\/person\\\/1dc96ec6957aa1ccb25ebe78bb19f100\",\"name\":\"St\u00e9phane Miget\",\"image\":{\"@type\":\"ImageObject\",\"inLanguage\":\"fr-FR\",\"@id\":\"https:\\\/\\\/secure.gravatar.com\\\/avatar\\\/89915563d925342126b8ef0281b93d9d7fc337043e8df017f780908eb9644451?s=96&d=mm&r=g\",\"url\":\"https:\\\/\\\/secure.gravatar.com\\\/avatar\\\/89915563d925342126b8ef0281b93d9d7fc337043e8df017f780908eb9644451?s=96&d=mm&r=g\",\"contentUrl\":\"https:\\\/\\\/secure.gravatar.com\\\/avatar\\\/89915563d925342126b8ef0281b93d9d7fc337043e8df017f780908eb9644451?s=96&d=mm&r=g\",\"caption\":\"St\u00e9phane Miget\"},\"url\":\"https:\\\/\\\/batijournal.com\\\/index.php\\\/author\\\/stephane\\\/\"}]}<\/script>\n<!-- \/ Yoast SEO plugin. -->","yoast_head_json":{"title":"Le Quadrilat\u00e8re de Beauvais rouvrira d\u00e9but avril 2025","robots":{"index":"index","follow":"follow","max-snippet":"max-snippet:-1","max-image-preview":"max-image-preview:large","max-video-preview":"max-video-preview:-1"},"canonical":"https:\/\/batijournal.com\/index.php\/le-quadrilatere-de-beauvais-rouvrira-debut-avril-2025\/111367\/","og_locale":"fr_FR","og_type":"article","og_title":"Le Quadrilat\u00e8re de Beauvais rouvrira d\u00e9but avril 2025","og_description":"Centre d\u2019art \u00e0 rayonnement national, Le Quadrilat\u00e8re &#8211; Centre d\u2019art de Beauvais rouvrira ses portes le 5 avril 2025 apr\u00e8s deux ans de travaux, s\u2019inscrivant dans une ann\u00e9e exceptionnelle marqu\u00e9e par les 800 ans de la cath\u00e9drale Saint Pierre et la revalorisation du quartier \u00e9piscopal. Intitul\u00e9e \u00c9crire l\u2019espace, la saison inaugurale c\u00e9l\u00e9brera l\u2019architecture moderniste d\u2019Andr\u00e9 [&hellip;]","og_url":"https:\/\/batijournal.com\/index.php\/le-quadrilatere-de-beauvais-rouvrira-debut-avril-2025\/111367\/","og_site_name":"Batijournal","article_published_time":"2024-12-20T14:55:01+00:00","og_image":[{"width":969,"height":766,"url":"https:\/\/batijournal.com\/wp-content\/uploads\/2024\/12\/quadrilatere-beauvais.jpg","type":"image\/jpeg"}],"author":"St\u00e9phane Miget","twitter_card":"summary_large_image","twitter_creator":"@bati_journal","twitter_site":"@bati_journal","twitter_misc":{"\u00c9crit par":"St\u00e9phane Miget","Dur\u00e9e de lecture estim\u00e9e":"2 minutes"},"schema":{"@context":"https:\/\/schema.org","@graph":[{"@type":"Article","@id":"https:\/\/batijournal.com\/index.php\/le-quadrilatere-de-beauvais-rouvrira-debut-avril-2025\/111367\/#article","isPartOf":{"@id":"https:\/\/batijournal.com\/index.php\/le-quadrilatere-de-beauvais-rouvrira-debut-avril-2025\/111367\/"},"author":{"name":"St\u00e9phane Miget","@id":"https:\/\/batijournal.com\/#\/schema\/person\/1dc96ec6957aa1ccb25ebe78bb19f100"},"headline":"Le Quadrilat\u00e8re de Beauvais rouvrira d\u00e9but avril 2025","datePublished":"2024-12-20T14:55:01+00:00","mainEntityOfPage":{"@id":"https:\/\/batijournal.com\/index.php\/le-quadrilatere-de-beauvais-rouvrira-debut-avril-2025\/111367\/"},"wordCount":365,"image":{"@id":"https:\/\/batijournal.com\/index.php\/le-quadrilatere-de-beauvais-rouvrira-debut-avril-2025\/111367\/#primaryimage"},"thumbnailUrl":"https:\/\/batijournal.com\/wp-content\/uploads\/2024\/12\/quadrilatere-beauvais.jpg","keywords":["Beauvais"],"articleSection":["Actualit\u00e9s","Architecture &amp; Conception","zz_Actualit\u00e9s - Atrium","zz_Atrium Patrimoine"],"inLanguage":"fr-FR"},{"@type":"WebPage","@id":"https:\/\/batijournal.com\/index.php\/le-quadrilatere-de-beauvais-rouvrira-debut-avril-2025\/111367\/","url":"https:\/\/batijournal.com\/index.php\/le-quadrilatere-de-beauvais-rouvrira-debut-avril-2025\/111367\/","name":"Le Quadrilat\u00e8re de Beauvais rouvrira d\u00e9but avril 2025","isPartOf":{"@id":"https:\/\/batijournal.com\/#website"},"primaryImageOfPage":{"@id":"https:\/\/batijournal.com\/index.php\/le-quadrilatere-de-beauvais-rouvrira-debut-avril-2025\/111367\/#primaryimage"},"image":{"@id":"https:\/\/batijournal.com\/index.php\/le-quadrilatere-de-beauvais-rouvrira-debut-avril-2025\/111367\/#primaryimage"},"thumbnailUrl":"https:\/\/batijournal.com\/wp-content\/uploads\/2024\/12\/quadrilatere-beauvais.jpg","datePublished":"2024-12-20T14:55:01+00:00","author":{"@id":"https:\/\/batijournal.com\/#\/schema\/person\/1dc96ec6957aa1ccb25ebe78bb19f100"},"breadcrumb":{"@id":"https:\/\/batijournal.com\/index.php\/le-quadrilatere-de-beauvais-rouvrira-debut-avril-2025\/111367\/#breadcrumb"},"inLanguage":"fr-FR","potentialAction":[{"@type":"ReadAction","target":["https:\/\/batijournal.com\/index.php\/le-quadrilatere-de-beauvais-rouvrira-debut-avril-2025\/111367\/"]}]},{"@type":"ImageObject","inLanguage":"fr-FR","@id":"https:\/\/batijournal.com\/index.php\/le-quadrilatere-de-beauvais-rouvrira-debut-avril-2025\/111367\/#primaryimage","url":"https:\/\/batijournal.com\/wp-content\/uploads\/2024\/12\/quadrilatere-beauvais.jpg","contentUrl":"https:\/\/batijournal.com\/wp-content\/uploads\/2024\/12\/quadrilatere-beauvais.jpg","width":969,"height":766},{"@type":"BreadcrumbList","@id":"https:\/\/batijournal.com\/index.php\/le-quadrilatere-de-beauvais-rouvrira-debut-avril-2025\/111367\/#breadcrumb","itemListElement":[{"@type":"ListItem","position":1,"name":"Accueil","item":"https:\/\/batijournal.com\/"},{"@type":"ListItem","position":2,"name":"Actualit\u00e9s","item":"https:\/\/batijournal.com\/index.php\/category\/actualites\/"},{"@type":"ListItem","position":3,"name":"Le Quadrilat\u00e8re de Beauvais rouvrira d\u00e9but avril 2025"}]},{"@type":"WebSite","@id":"https:\/\/batijournal.com\/#website","url":"https:\/\/batijournal.com\/","name":"Batijournal","description":"L&#039;actualit\u00e9 du b\u00e2timent","potentialAction":[{"@type":"SearchAction","target":{"@type":"EntryPoint","urlTemplate":"https:\/\/batijournal.com\/?s={search_term_string}"},"query-input":{"@type":"PropertyValueSpecification","valueRequired":true,"valueName":"search_term_string"}}],"inLanguage":"fr-FR"},{"@type":"Person","@id":"https:\/\/batijournal.com\/#\/schema\/person\/1dc96ec6957aa1ccb25ebe78bb19f100","name":"St\u00e9phane Miget","image":{"@type":"ImageObject","inLanguage":"fr-FR","@id":"https:\/\/secure.gravatar.com\/avatar\/89915563d925342126b8ef0281b93d9d7fc337043e8df017f780908eb9644451?s=96&d=mm&r=g","url":"https:\/\/secure.gravatar.com\/avatar\/89915563d925342126b8ef0281b93d9d7fc337043e8df017f780908eb9644451?s=96&d=mm&r=g","contentUrl":"https:\/\/secure.gravatar.com\/avatar\/89915563d925342126b8ef0281b93d9d7fc337043e8df017f780908eb9644451?s=96&d=mm&r=g","caption":"St\u00e9phane Miget"},"url":"https:\/\/batijournal.com\/index.php\/author\/stephane\/"}]}},"_links":{"self":[{"href":"https:\/\/batijournal.com\/index.php\/wp-json\/wp\/v2\/posts\/111367","targetHints":{"allow":["GET"]}}],"collection":[{"href":"https:\/\/batijournal.com\/index.php\/wp-json\/wp\/v2\/posts"}],"about":[{"href":"https:\/\/batijournal.com\/index.php\/wp-json\/wp\/v2\/types\/post"}],"author":[{"embeddable":true,"href":"https:\/\/batijournal.com\/index.php\/wp-json\/wp\/v2\/users\/17"}],"replies":[{"embeddable":true,"href":"https:\/\/batijournal.com\/index.php\/wp-json\/wp\/v2\/comments?post=111367"}],"version-history":[{"count":0,"href":"https:\/\/batijournal.com\/index.php\/wp-json\/wp\/v2\/posts\/111367\/revisions"}],"wp:featuredmedia":[{"embeddable":true,"href":"https:\/\/batijournal.com\/index.php\/wp-json\/wp\/v2\/media\/111368"}],"wp:attachment":[{"href":"https:\/\/batijournal.com\/index.php\/wp-json\/wp\/v2\/media?parent=111367"}],"wp:term":[{"taxonomy":"category","embeddable":true,"href":"https:\/\/batijournal.com\/index.php\/wp-json\/wp\/v2\/categories?post=111367"},{"taxonomy":"post_tag","embeddable":true,"href":"https:\/\/batijournal.com\/index.php\/wp-json\/wp\/v2\/tags?post=111367"}],"curies":[{"name":"wp","href":"https:\/\/api.w.org\/{rel}","templated":true}]}}