{"id":111375,"date":"2024-12-24T14:31:40","date_gmt":"2024-12-24T13:31:40","guid":{"rendered":"https:\/\/batijournal.com\/?p=111375"},"modified":"2024-12-24T14:31:40","modified_gmt":"2024-12-24T13:31:40","slug":"le-point-bas-des-ventes-immobilieres-en-idf-est-pour-bientot","status":"publish","type":"post","link":"https:\/\/batijournal.com\/index.php\/le-point-bas-des-ventes-immobilieres-en-idf-est-pour-bientot\/111375\/","title":{"rendered":"Le point bas des ventes immobili\u00e8res en IDF est pour bient\u00f4t"},"content":{"rendered":"<p>Les notaires du Grand Paris soulignent un attentisme qui domine toujours le march\u00e9 en cette fin d&rsquo;ann\u00e9e 2024. Le niveau d\u2019activit\u00e9 est historiquement bas. La baisse des volumes de ventes s\u2019est encore prolong\u00e9e avec 26 510 logements anciens vendus en Ile-de-France d\u2019ao\u00fbt \u00e0 octobre 2024 mais \u00e0 un rythme qui continue de s\u2019att\u00e9nuer (- 5% par rapport \u00e0 la m\u00eame p\u00e9riode en 2023). L\u2019atteinte d\u2019un point bas semble proche sans qu\u2019on ne puisse encore savoir quelle dynamique de march\u00e9 pr\u00e9vaudra ensuite dans un contexte encore tr\u00e8s incertain. Si la baisse d\u2019activit\u00e9 est encore de 7% pour les appartements en Ile-de-France, on observe une petite progression de 1% des ventes de maisons. Enfin, et par rapport \u00e0 la situation observ\u00e9e d\u2019ao\u00fbt \u00e0 octobre 2022 et ses 40 100 ventes, la baisse de l\u2019activit\u00e9 atteint 34% (soit pr\u00e8s de 13 600 ventes de perdues).<\/p>\n","protected":false},"excerpt":{"rendered":"<p>Les notaires du Grand Paris soulignent un attentisme qui domine toujours le march\u00e9 en cette fin d&rsquo;ann\u00e9e 2024. Le niveau d\u2019activit\u00e9 est historiquement bas. La baisse des volumes de ventes s\u2019est encore prolong\u00e9e avec 26 510 logements anciens vendus en Ile-de-France d\u2019ao\u00fbt \u00e0 octobre 2024 mais \u00e0 un rythme qui continue de s\u2019att\u00e9nuer (- 5% [&hellip;]<\/p>\n","protected":false},"author":17,"featured_media":111376,"comment_status":"closed","ping_status":"closed","sticky":false,"template":"","format":"standard","meta":{"_et_pb_use_builder":"","_et_pb_old_content":"","_et_gb_content_width":"","footnotes":""},"categories":[10530,6345],"tags":[4378,1364],"class_list":["post-111375","post","type-post","status-publish","format-standard","has-post-thumbnail","hentry","category-actualites","category-economie-marches","tag-ile-de-france","tag-immobilier"],"yoast_head":"<!-- This site is optimized with the Yoast SEO plugin v27.4 - https:\/\/yoast.com\/product\/yoast-seo-wordpress\/ -->\n<title>Le point bas des ventes immobili\u00e8res en IDF est pour bient\u00f4t<\/title>\n<meta name=\"robots\" content=\"index, follow, max-snippet:-1, max-image-preview:large, max-video-preview:-1\" \/>\n<link rel=\"canonical\" href=\"https:\/\/batijournal.com\/index.php\/le-point-bas-des-ventes-immobilieres-en-idf-est-pour-bientot\/111375\/\" \/>\n<meta property=\"og:locale\" content=\"fr_FR\" \/>\n<meta property=\"og:type\" content=\"article\" \/>\n<meta property=\"og:title\" content=\"Le point bas des ventes immobili\u00e8res en IDF est pour bient\u00f4t\" \/>\n<meta property=\"og:description\" content=\"Les notaires du Grand Paris soulignent un attentisme qui domine toujours le march\u00e9 en cette fin d&rsquo;ann\u00e9e 2024. Le niveau d\u2019activit\u00e9 est historiquement bas. La baisse des volumes de ventes s\u2019est encore prolong\u00e9e avec 26 510 logements anciens vendus en Ile-de-France d\u2019ao\u00fbt \u00e0 octobre 2024 mais \u00e0 un rythme qui continue de s\u2019att\u00e9nuer (- 5% [&hellip;]\" \/>\n<meta property=\"og:url\" content=\"https:\/\/batijournal.com\/index.php\/le-point-bas-des-ventes-immobilieres-en-idf-est-pour-bientot\/111375\/\" \/>\n<meta property=\"og:site_name\" content=\"Batijournal\" \/>\n<meta property=\"article:published_time\" content=\"2024-12-24T13:31:40+00:00\" \/>\n<meta property=\"og:image\" content=\"https:\/\/batijournal.com\/wp-content\/uploads\/2024\/12\/volume-des-ventes-idf.png\" \/>\n\t<meta property=\"og:image:width\" content=\"972\" \/>\n\t<meta property=\"og:image:height\" content=\"580\" \/>\n\t<meta property=\"og:image:type\" content=\"image\/png\" \/>\n<meta name=\"author\" content=\"St\u00e9phane Miget\" \/>\n<meta name=\"twitter:card\" content=\"summary_large_image\" \/>\n<meta name=\"twitter:creator\" content=\"@bati_journal\" \/>\n<meta name=\"twitter:site\" content=\"@bati_journal\" \/>\n<meta name=\"twitter:label1\" content=\"\u00c9crit par\" \/>\n\t<meta name=\"twitter:data1\" content=\"St\u00e9phane Miget\" \/>\n\t<meta name=\"twitter:label2\" content=\"Dur\u00e9e de lecture estim\u00e9e\" \/>\n\t<meta name=\"twitter:data2\" content=\"1 minute\" \/>\n<script type=\"application\/ld+json\" class=\"yoast-schema-graph\">{\"@context\":\"https:\\\/\\\/schema.org\",\"@graph\":[{\"@type\":\"Article\",\"@id\":\"https:\\\/\\\/batijournal.com\\\/index.php\\\/le-point-bas-des-ventes-immobilieres-en-idf-est-pour-bientot\\\/111375\\\/#article\",\"isPartOf\":{\"@id\":\"https:\\\/\\\/batijournal.com\\\/index.php\\\/le-point-bas-des-ventes-immobilieres-en-idf-est-pour-bientot\\\/111375\\\/\"},\"author\":{\"name\":\"St\u00e9phane Miget\",\"@id\":\"https:\\\/\\\/batijournal.com\\\/#\\\/schema\\\/person\\\/1dc96ec6957aa1ccb25ebe78bb19f100\"},\"headline\":\"Le point bas des ventes immobili\u00e8res en IDF est pour bient\u00f4t\",\"datePublished\":\"2024-12-24T13:31:40+00:00\",\"mainEntityOfPage\":{\"@id\":\"https:\\\/\\\/batijournal.com\\\/index.php\\\/le-point-bas-des-ventes-immobilieres-en-idf-est-pour-bientot\\\/111375\\\/\"},\"wordCount\":158,\"image\":{\"@id\":\"https:\\\/\\\/batijournal.com\\\/index.php\\\/le-point-bas-des-ventes-immobilieres-en-idf-est-pour-bientot\\\/111375\\\/#primaryimage\"},\"thumbnailUrl\":\"https:\\\/\\\/batijournal.com\\\/wp-content\\\/uploads\\\/2024\\\/12\\\/volume-des-ventes-idf.png\",\"keywords\":[\"Ile de France\",\"immobilier\"],\"articleSection\":[\"Actualit\u00e9s\",\"\u00c9conomie &amp; March\u00e9s\"],\"inLanguage\":\"fr-FR\"},{\"@type\":\"WebPage\",\"@id\":\"https:\\\/\\\/batijournal.com\\\/index.php\\\/le-point-bas-des-ventes-immobilieres-en-idf-est-pour-bientot\\\/111375\\\/\",\"url\":\"https:\\\/\\\/batijournal.com\\\/index.php\\\/le-point-bas-des-ventes-immobilieres-en-idf-est-pour-bientot\\\/111375\\\/\",\"name\":\"Le point bas des ventes immobili\u00e8res en IDF est pour bient\u00f4t\",\"isPartOf\":{\"@id\":\"https:\\\/\\\/batijournal.com\\\/#website\"},\"primaryImageOfPage\":{\"@id\":\"https:\\\/\\\/batijournal.com\\\/index.php\\\/le-point-bas-des-ventes-immobilieres-en-idf-est-pour-bientot\\\/111375\\\/#primaryimage\"},\"image\":{\"@id\":\"https:\\\/\\\/batijournal.com\\\/index.php\\\/le-point-bas-des-ventes-immobilieres-en-idf-est-pour-bientot\\\/111375\\\/#primaryimage\"},\"thumbnailUrl\":\"https:\\\/\\\/batijournal.com\\\/wp-content\\\/uploads\\\/2024\\\/12\\\/volume-des-ventes-idf.png\",\"datePublished\":\"2024-12-24T13:31:40+00:00\",\"author\":{\"@id\":\"https:\\\/\\\/batijournal.com\\\/#\\\/schema\\\/person\\\/1dc96ec6957aa1ccb25ebe78bb19f100\"},\"breadcrumb\":{\"@id\":\"https:\\\/\\\/batijournal.com\\\/index.php\\\/le-point-bas-des-ventes-immobilieres-en-idf-est-pour-bientot\\\/111375\\\/#breadcrumb\"},\"inLanguage\":\"fr-FR\",\"potentialAction\":[{\"@type\":\"ReadAction\",\"target\":[\"https:\\\/\\\/batijournal.com\\\/index.php\\\/le-point-bas-des-ventes-immobilieres-en-idf-est-pour-bientot\\\/111375\\\/\"]}]},{\"@type\":\"ImageObject\",\"inLanguage\":\"fr-FR\",\"@id\":\"https:\\\/\\\/batijournal.com\\\/index.php\\\/le-point-bas-des-ventes-immobilieres-en-idf-est-pour-bientot\\\/111375\\\/#primaryimage\",\"url\":\"https:\\\/\\\/batijournal.com\\\/wp-content\\\/uploads\\\/2024\\\/12\\\/volume-des-ventes-idf.png\",\"contentUrl\":\"https:\\\/\\\/batijournal.com\\\/wp-content\\\/uploads\\\/2024\\\/12\\\/volume-des-ventes-idf.png\",\"width\":972,\"height\":580},{\"@type\":\"BreadcrumbList\",\"@id\":\"https:\\\/\\\/batijournal.com\\\/index.php\\\/le-point-bas-des-ventes-immobilieres-en-idf-est-pour-bientot\\\/111375\\\/#breadcrumb\",\"itemListElement\":[{\"@type\":\"ListItem\",\"position\":1,\"name\":\"Accueil\",\"item\":\"https:\\\/\\\/batijournal.com\\\/\"},{\"@type\":\"ListItem\",\"position\":2,\"name\":\"Actualit\u00e9s\",\"item\":\"https:\\\/\\\/batijournal.com\\\/index.php\\\/category\\\/actualites\\\/\"},{\"@type\":\"ListItem\",\"position\":3,\"name\":\"Le point bas des ventes immobili\u00e8res en IDF est pour bient\u00f4t\"}]},{\"@type\":\"WebSite\",\"@id\":\"https:\\\/\\\/batijournal.com\\\/#website\",\"url\":\"https:\\\/\\\/batijournal.com\\\/\",\"name\":\"Batijournal\",\"description\":\"L&#039;actualit\u00e9 du b\u00e2timent\",\"potentialAction\":[{\"@type\":\"SearchAction\",\"target\":{\"@type\":\"EntryPoint\",\"urlTemplate\":\"https:\\\/\\\/batijournal.com\\\/?s={search_term_string}\"},\"query-input\":{\"@type\":\"PropertyValueSpecification\",\"valueRequired\":true,\"valueName\":\"search_term_string\"}}],\"inLanguage\":\"fr-FR\"},{\"@type\":\"Person\",\"@id\":\"https:\\\/\\\/batijournal.com\\\/#\\\/schema\\\/person\\\/1dc96ec6957aa1ccb25ebe78bb19f100\",\"name\":\"St\u00e9phane Miget\",\"image\":{\"@type\":\"ImageObject\",\"inLanguage\":\"fr-FR\",\"@id\":\"https:\\\/\\\/secure.gravatar.com\\\/avatar\\\/89915563d925342126b8ef0281b93d9d7fc337043e8df017f780908eb9644451?s=96&d=mm&r=g\",\"url\":\"https:\\\/\\\/secure.gravatar.com\\\/avatar\\\/89915563d925342126b8ef0281b93d9d7fc337043e8df017f780908eb9644451?s=96&d=mm&r=g\",\"contentUrl\":\"https:\\\/\\\/secure.gravatar.com\\\/avatar\\\/89915563d925342126b8ef0281b93d9d7fc337043e8df017f780908eb9644451?s=96&d=mm&r=g\",\"caption\":\"St\u00e9phane Miget\"},\"url\":\"https:\\\/\\\/batijournal.com\\\/index.php\\\/author\\\/stephane\\\/\"}]}<\/script>\n<!-- \/ Yoast SEO plugin. -->","yoast_head_json":{"title":"Le point bas des ventes immobili\u00e8res en IDF est pour bient\u00f4t","robots":{"index":"index","follow":"follow","max-snippet":"max-snippet:-1","max-image-preview":"max-image-preview:large","max-video-preview":"max-video-preview:-1"},"canonical":"https:\/\/batijournal.com\/index.php\/le-point-bas-des-ventes-immobilieres-en-idf-est-pour-bientot\/111375\/","og_locale":"fr_FR","og_type":"article","og_title":"Le point bas des ventes immobili\u00e8res en IDF est pour bient\u00f4t","og_description":"Les notaires du Grand Paris soulignent un attentisme qui domine toujours le march\u00e9 en cette fin d&rsquo;ann\u00e9e 2024. Le niveau d\u2019activit\u00e9 est historiquement bas. La baisse des volumes de ventes s\u2019est encore prolong\u00e9e avec 26 510 logements anciens vendus en Ile-de-France d\u2019ao\u00fbt \u00e0 octobre 2024 mais \u00e0 un rythme qui continue de s\u2019att\u00e9nuer (- 5% [&hellip;]","og_url":"https:\/\/batijournal.com\/index.php\/le-point-bas-des-ventes-immobilieres-en-idf-est-pour-bientot\/111375\/","og_site_name":"Batijournal","article_published_time":"2024-12-24T13:31:40+00:00","og_image":[{"width":972,"height":580,"url":"https:\/\/batijournal.com\/wp-content\/uploads\/2024\/12\/volume-des-ventes-idf.png","type":"image\/png"}],"author":"St\u00e9phane Miget","twitter_card":"summary_large_image","twitter_creator":"@bati_journal","twitter_site":"@bati_journal","twitter_misc":{"\u00c9crit par":"St\u00e9phane Miget","Dur\u00e9e de lecture estim\u00e9e":"1 minute"},"schema":{"@context":"https:\/\/schema.org","@graph":[{"@type":"Article","@id":"https:\/\/batijournal.com\/index.php\/le-point-bas-des-ventes-immobilieres-en-idf-est-pour-bientot\/111375\/#article","isPartOf":{"@id":"https:\/\/batijournal.com\/index.php\/le-point-bas-des-ventes-immobilieres-en-idf-est-pour-bientot\/111375\/"},"author":{"name":"St\u00e9phane Miget","@id":"https:\/\/batijournal.com\/#\/schema\/person\/1dc96ec6957aa1ccb25ebe78bb19f100"},"headline":"Le point bas des ventes immobili\u00e8res en IDF est pour bient\u00f4t","datePublished":"2024-12-24T13:31:40+00:00","mainEntityOfPage":{"@id":"https:\/\/batijournal.com\/index.php\/le-point-bas-des-ventes-immobilieres-en-idf-est-pour-bientot\/111375\/"},"wordCount":158,"image":{"@id":"https:\/\/batijournal.com\/index.php\/le-point-bas-des-ventes-immobilieres-en-idf-est-pour-bientot\/111375\/#primaryimage"},"thumbnailUrl":"https:\/\/batijournal.com\/wp-content\/uploads\/2024\/12\/volume-des-ventes-idf.png","keywords":["Ile de France","immobilier"],"articleSection":["Actualit\u00e9s","\u00c9conomie &amp; March\u00e9s"],"inLanguage":"fr-FR"},{"@type":"WebPage","@id":"https:\/\/batijournal.com\/index.php\/le-point-bas-des-ventes-immobilieres-en-idf-est-pour-bientot\/111375\/","url":"https:\/\/batijournal.com\/index.php\/le-point-bas-des-ventes-immobilieres-en-idf-est-pour-bientot\/111375\/","name":"Le point bas des ventes immobili\u00e8res en IDF est pour bient\u00f4t","isPartOf":{"@id":"https:\/\/batijournal.com\/#website"},"primaryImageOfPage":{"@id":"https:\/\/batijournal.com\/index.php\/le-point-bas-des-ventes-immobilieres-en-idf-est-pour-bientot\/111375\/#primaryimage"},"image":{"@id":"https:\/\/batijournal.com\/index.php\/le-point-bas-des-ventes-immobilieres-en-idf-est-pour-bientot\/111375\/#primaryimage"},"thumbnailUrl":"https:\/\/batijournal.com\/wp-content\/uploads\/2024\/12\/volume-des-ventes-idf.png","datePublished":"2024-12-24T13:31:40+00:00","author":{"@id":"https:\/\/batijournal.com\/#\/schema\/person\/1dc96ec6957aa1ccb25ebe78bb19f100"},"breadcrumb":{"@id":"https:\/\/batijournal.com\/index.php\/le-point-bas-des-ventes-immobilieres-en-idf-est-pour-bientot\/111375\/#breadcrumb"},"inLanguage":"fr-FR","potentialAction":[{"@type":"ReadAction","target":["https:\/\/batijournal.com\/index.php\/le-point-bas-des-ventes-immobilieres-en-idf-est-pour-bientot\/111375\/"]}]},{"@type":"ImageObject","inLanguage":"fr-FR","@id":"https:\/\/batijournal.com\/index.php\/le-point-bas-des-ventes-immobilieres-en-idf-est-pour-bientot\/111375\/#primaryimage","url":"https:\/\/batijournal.com\/wp-content\/uploads\/2024\/12\/volume-des-ventes-idf.png","contentUrl":"https:\/\/batijournal.com\/wp-content\/uploads\/2024\/12\/volume-des-ventes-idf.png","width":972,"height":580},{"@type":"BreadcrumbList","@id":"https:\/\/batijournal.com\/index.php\/le-point-bas-des-ventes-immobilieres-en-idf-est-pour-bientot\/111375\/#breadcrumb","itemListElement":[{"@type":"ListItem","position":1,"name":"Accueil","item":"https:\/\/batijournal.com\/"},{"@type":"ListItem","position":2,"name":"Actualit\u00e9s","item":"https:\/\/batijournal.com\/index.php\/category\/actualites\/"},{"@type":"ListItem","position":3,"name":"Le point bas des ventes immobili\u00e8res en IDF est pour bient\u00f4t"}]},{"@type":"WebSite","@id":"https:\/\/batijournal.com\/#website","url":"https:\/\/batijournal.com\/","name":"Batijournal","description":"L&#039;actualit\u00e9 du b\u00e2timent","potentialAction":[{"@type":"SearchAction","target":{"@type":"EntryPoint","urlTemplate":"https:\/\/batijournal.com\/?s={search_term_string}"},"query-input":{"@type":"PropertyValueSpecification","valueRequired":true,"valueName":"search_term_string"}}],"inLanguage":"fr-FR"},{"@type":"Person","@id":"https:\/\/batijournal.com\/#\/schema\/person\/1dc96ec6957aa1ccb25ebe78bb19f100","name":"St\u00e9phane Miget","image":{"@type":"ImageObject","inLanguage":"fr-FR","@id":"https:\/\/secure.gravatar.com\/avatar\/89915563d925342126b8ef0281b93d9d7fc337043e8df017f780908eb9644451?s=96&d=mm&r=g","url":"https:\/\/secure.gravatar.com\/avatar\/89915563d925342126b8ef0281b93d9d7fc337043e8df017f780908eb9644451?s=96&d=mm&r=g","contentUrl":"https:\/\/secure.gravatar.com\/avatar\/89915563d925342126b8ef0281b93d9d7fc337043e8df017f780908eb9644451?s=96&d=mm&r=g","caption":"St\u00e9phane Miget"},"url":"https:\/\/batijournal.com\/index.php\/author\/stephane\/"}]}},"_links":{"self":[{"href":"https:\/\/batijournal.com\/index.php\/wp-json\/wp\/v2\/posts\/111375","targetHints":{"allow":["GET"]}}],"collection":[{"href":"https:\/\/batijournal.com\/index.php\/wp-json\/wp\/v2\/posts"}],"about":[{"href":"https:\/\/batijournal.com\/index.php\/wp-json\/wp\/v2\/types\/post"}],"author":[{"embeddable":true,"href":"https:\/\/batijournal.com\/index.php\/wp-json\/wp\/v2\/users\/17"}],"replies":[{"embeddable":true,"href":"https:\/\/batijournal.com\/index.php\/wp-json\/wp\/v2\/comments?post=111375"}],"version-history":[{"count":0,"href":"https:\/\/batijournal.com\/index.php\/wp-json\/wp\/v2\/posts\/111375\/revisions"}],"wp:featuredmedia":[{"embeddable":true,"href":"https:\/\/batijournal.com\/index.php\/wp-json\/wp\/v2\/media\/111376"}],"wp:attachment":[{"href":"https:\/\/batijournal.com\/index.php\/wp-json\/wp\/v2\/media?parent=111375"}],"wp:term":[{"taxonomy":"category","embeddable":true,"href":"https:\/\/batijournal.com\/index.php\/wp-json\/wp\/v2\/categories?post=111375"},{"taxonomy":"post_tag","embeddable":true,"href":"https:\/\/batijournal.com\/index.php\/wp-json\/wp\/v2\/tags?post=111375"}],"curies":[{"name":"wp","href":"https:\/\/api.w.org\/{rel}","templated":true}]}}