{"id":111383,"date":"2025-01-06T14:27:22","date_gmt":"2025-01-06T13:27:22","guid":{"rendered":"https:\/\/batijournal.com\/?p=111383"},"modified":"2025-01-06T14:27:22","modified_gmt":"2025-01-06T13:27:22","slug":"le-plan-mayotte-debout-sera-t-il-modifie-apres-une-semaine-de-reflexion","status":"publish","type":"post","link":"https:\/\/batijournal.com\/index.php\/le-plan-mayotte-debout-sera-t-il-modifie-apres-une-semaine-de-reflexion\/111383\/","title":{"rendered":"Le plan Mayotte debout sera-t-il modifi\u00e9 apr\u00e8s une semaine de r\u00e9flexion ?"},"content":{"rendered":"<p>Apr\u00e8s le drame survenu \u00e0 Mayotte, Val\u00e9rie L\u00e9tard, la ministre charg\u00e9e du Logement, s\u2019est rendue le 30 d\u00e9cembre sur l\u2019archipel aux c\u00f4t\u00e9s du Premier ministre Fran\u00e7ois Bayrou et de quatre autres ministres. Durant ce d\u00e9placement, la ministre a pu entendre les t\u00e9moignages de la population, des \u00e9lus et du secteur. Elle a r\u00e9uni l\u2019ensemble des acteurs locaux du logement et de l\u2019h\u00e9bergement, saluant leur mobilisation sans faille depuis le passage du cyclone. Cette rencontre a permis de dresser un \u00e9tat des lieux des besoins sur le terrain et de consolider les actions d\u2019urgence en cours, tout en d\u00e9finissant des priorit\u00e9s pour les prochaines \u00e9tapes de reconstruction. Le Premier ministre a pr\u00e9sent\u00e9 les grandes orientations du plan Mayotte Debout. Plan qui devait \u00eatre pr\u00e9sent\u00e9 lors du conseil des ministres du 3 janvier 2025 mais qui finalement le sera le 10 janvier.<\/p>\n<p>Un plan d\u2019urgence a \u00e9t\u00e9 lanc\u00e9 pour la mise hors d\u2019eau des b\u00e2timents publics et des habitations, avec l\u2019acheminement de 140 tonnes de b\u00e2ches suppl\u00e9mentaires, couvrant 700 000 m\u00b2, en compl\u00e9ment de 100 tonnes d\u00e9j\u00e0 livr\u00e9es. Rapidement apr\u00e8s le 14 d\u00e9cembre et le passage du cyclone Chido, l\u2019Association \u00ab Architectes de l\u2019urgence \u00bb avait fait acheminer du mat\u00e9riel essentiel : mat\u00e9riel d\u2019urgence, 71 000 m\u00b2 de b\u00e2ches de protection aves un financement initial de 185 000 euros pour structurer l&rsquo;intervention. Les \u00e9quipes d\u2019architectes et d\u2019ing\u00e9nieurs de l&rsquo;association intervenant sur le terrain depuis le 20 d\u00e9cembre pour expertiser les b\u00e2timents publics et priv\u00e9s fragilis\u00e9s. Ces interventions \u00e9tant r\u00e9alis\u00e9es en \u00e9troite collaboration avec les services de la s\u00e9curit\u00e9 civile. Ils ont \u00e9galement travaill\u00e9 en coordination avec les communes et institutions locales pour s\u00e9curiser des infrastructures critiques telles que les \u00e9coles, mairies, locaux de la police et centres sportifs. A l&rsquo;arriv\u00e9e des ministres, 90 b\u00e2timents publics avaient \u00e9t\u00e9 \u00e9valu\u00e9s et s\u00e9curis\u00e9s dans des communes comme Tsingoni, M\u2019Tsangamouji, Koungou et Labattoir. Une expertise sp\u00e9cifique des 90 \u00e9coles primaires et maternelles de la r\u00e9gion nord de l\u2019\u00eele, hors Mamoudzou, \u00e9tait en cours \u00e0 la demande de la DEALM (Direction de l\u2019Environnement, de l\u2019Am\u00e9nagement et du Logement de Mayotte) et du Rectorat.<\/p>\n<p>Fran\u00e7ois Bayrou a tenu \u00e0 pr\u00e9ciser que l\u2019\u00c9tat et les collectivit\u00e9s locales s\u2019accordaient pour interdire la reconstruction des bidonvilles, \u00ab\u00a0une mesure qui sera int\u00e9gr\u00e9e dans la loi\u00a0\u00bb. Avant le passage du cyclone, plus de 100 000 personnes vivaient dans ces bangas. Sur France Culture, Cyrille Hanappe, Architecte, directeur p\u00e9dagogique du dipl\u00f4me de sp\u00e9cialisation et d&rsquo;approfondissement \u00ab Architecture des risques majeurs \u00bb \u00e0 l\u2019Ecole Nationale Sup\u00e9rieure d\u2019architecture Paris-Belleville a rappel\u00e9 que \u00ab\u00a0Le gouvernement \u00e9tait bien gentil de vouloir dissuader les gens de reconstruire des bangas, mais ils n&rsquo;ont pas de maison s&rsquo;ils n&rsquo;ont pas de bangas\u00a0\u00bb. D\u00e8s le lendemain de la catastrophe, les rescap\u00e9s des bidonvilles se mettaient \u00e0 reconstruire leurs habitats pr\u00e9caires et fragiles aux cyclones. Le principal d\u00e9fi r\u00e9side selon lui dans la n\u00e9cessit\u00e9 de construire de mani\u00e8re plus s\u00e9curis\u00e9e pour mieux r\u00e9sister aux cyclones futurs. \u00ab\u00a0Il est essentiel d&rsquo;installer des \u00e9quipements techniques, tels que des contreventements, en fixant les toits de mani\u00e8re diff\u00e9rente, pour que ces maisons r\u00e9sistent aux prochains cyclone\u00a0\u00bb.<\/p>\n<p>Pour Jean-Baptiste Fressoz, Historien, chercheur au CNRS, dans Le Monde du 2 janvier 2025, la \u00ab\u00a0reconstruction de Mayotte\u00a0\u00bb est un d\u00e9fi sans commune mesure avec celle de Notre-Dame. Il est aussi probable que la reconstruction de l\u2019\u00eele d\u00e9pende moins de solutions techniques toutes faites comme les \u00ab\u00a0maisons pr\u00e9fabriqu\u00e9es faciles \u00e0 monter\u00a0\u00bb invoqu\u00e9es par Fran\u00e7ois Bayrou que de la disponibilit\u00e9 de mat\u00e9riaux de construction \u00e9prouv\u00e9s et bon march\u00e9 (pis\u00e9, briques, parpaing, ciment, t\u00f4le ondul\u00e9e\u2026). \u00ab Les ruines de Mayotte ont mis en \u00e9vidence l\u2019importance de la t\u00f4le ondul\u00e9e \u00bb. Dans le Rapport sur la gestion des risques naturels majeurs dans les territoires d\u2019outre mer du 27 mai 2024. Il \u00e9tait d\u00e9j\u00e0 \u00e9crit que le savoir-faire reposait en particulier sur le contreventement, qui permet de stabiliser l\u2019ouvrage et, surtout, de l\u2019ancrer au sol ou aux fondations. C\u2019est la base de la construction dans un climat cyclonique. Des technologies particuli\u00e8res, des structures et des couvertures diff\u00e9rentes de celles que l\u2019on rencontre habituellement en France, notamment la t\u00f4le ondul\u00e9e sont employ\u00e9es.<\/p>\n<p>Le m\u00eame rapport faisait le constat de l\u2019inadaptation des normes outre-mer, par exemple des DTU. La t\u00f4le ondul\u00e9e ayant \u00e9t\u00e9 retir\u00e9e \u2013 de mani\u00e8re inadmissible \u2013 de la liste de l\u2019Afnor en 2004 par une d\u00e9cision prise \u00e0 l\u2019\u00e9chelon national, alors que c\u2019est une technique tr\u00e8s \u00e9prouv\u00e9e, r\u00e9sistante aux vents cycloniques, qui a la capacit\u00e9 de renvoyer une partie de la chaleur, surtout si le mat\u00e9riau utilis\u00e9 est clair. Elle convient au climat de la plupart des outre-mer. Il pr\u00e9conisait \u00e9galement non pas l\u2019emploi d\u2019une t\u00f4le en acier classique, mais d\u2019une t\u00f4le en aluminium d\u2019Afrique du Sud, qui offre une meilleure r\u00e9sistance de la couverture et des fa\u00e7ades.<\/p>\n","protected":false},"excerpt":{"rendered":"<p>Apr\u00e8s le drame survenu \u00e0 Mayotte, Val\u00e9rie L\u00e9tard, la ministre charg\u00e9e du Logement, s\u2019est rendue le 30 d\u00e9cembre sur l\u2019archipel aux c\u00f4t\u00e9s du Premier ministre Fran\u00e7ois Bayrou et de quatre autres ministres. Durant ce d\u00e9placement, la ministre a pu entendre les t\u00e9moignages de la population, des \u00e9lus et du secteur. Elle a r\u00e9uni l\u2019ensemble des [&hellip;]<\/p>\n","protected":false},"author":17,"featured_media":111384,"comment_status":"closed","ping_status":"closed","sticky":false,"template":"","format":"standard","meta":{"_et_pb_use_builder":"","_et_pb_old_content":"","_et_gb_content_width":"","footnotes":""},"categories":[10736,10530,6340],"tags":[11131,1505,13300,13299],"class_list":["post-111383","post","type-post","status-publish","format-standard","has-post-thumbnail","hentry","category-a-la-une","category-actualites","category-architecture-conception","tag-catastrophe-naturelle","tag-changement-climatique","tag-cyclone","tag-mayotte"],"yoast_head":"<!-- This site is optimized with the Yoast SEO plugin v27.4 - https:\/\/yoast.com\/product\/yoast-seo-wordpress\/ -->\n<title>Le plan Mayotte debout sera-t-il modifi\u00e9 apr\u00e8s une semaine de r\u00e9flexion ?<\/title>\n<meta name=\"robots\" content=\"index, follow, max-snippet:-1, max-image-preview:large, max-video-preview:-1\" \/>\n<link rel=\"canonical\" href=\"https:\/\/batijournal.com\/index.php\/le-plan-mayotte-debout-sera-t-il-modifie-apres-une-semaine-de-reflexion\/111383\/\" \/>\n<meta property=\"og:locale\" content=\"fr_FR\" \/>\n<meta property=\"og:type\" content=\"article\" \/>\n<meta property=\"og:title\" content=\"Le plan Mayotte debout sera-t-il modifi\u00e9 apr\u00e8s une semaine de r\u00e9flexion ?\" \/>\n<meta property=\"og:description\" content=\"Apr\u00e8s le drame survenu \u00e0 Mayotte, Val\u00e9rie L\u00e9tard, la ministre charg\u00e9e du Logement, s\u2019est rendue le 30 d\u00e9cembre sur l\u2019archipel aux c\u00f4t\u00e9s du Premier ministre Fran\u00e7ois Bayrou et de quatre autres ministres. Durant ce d\u00e9placement, la ministre a pu entendre les t\u00e9moignages de la population, des \u00e9lus et du secteur. Elle a r\u00e9uni l\u2019ensemble des [&hellip;]\" \/>\n<meta property=\"og:url\" content=\"https:\/\/batijournal.com\/index.php\/le-plan-mayotte-debout-sera-t-il-modifie-apres-une-semaine-de-reflexion\/111383\/\" \/>\n<meta property=\"og:site_name\" content=\"Batijournal\" \/>\n<meta property=\"article:published_time\" content=\"2025-01-06T13:27:22+00:00\" \/>\n<meta property=\"og:image\" content=\"https:\/\/batijournal.com\/wp-content\/uploads\/2025\/01\/premier-ministre-francois-bayrou-mayotte-debout-1024x474.png\" \/>\n\t<meta property=\"og:image:width\" content=\"1024\" \/>\n\t<meta property=\"og:image:height\" content=\"474\" \/>\n\t<meta property=\"og:image:type\" content=\"image\/png\" \/>\n<meta name=\"author\" content=\"St\u00e9phane Miget\" \/>\n<meta name=\"twitter:card\" content=\"summary_large_image\" \/>\n<meta name=\"twitter:creator\" content=\"@bati_journal\" \/>\n<meta name=\"twitter:site\" content=\"@bati_journal\" \/>\n<meta name=\"twitter:label1\" content=\"\u00c9crit par\" \/>\n\t<meta name=\"twitter:data1\" content=\"St\u00e9phane Miget\" \/>\n\t<meta name=\"twitter:label2\" content=\"Dur\u00e9e de lecture estim\u00e9e\" \/>\n\t<meta name=\"twitter:data2\" content=\"4 minutes\" \/>\n<script type=\"application\/ld+json\" class=\"yoast-schema-graph\">{\"@context\":\"https:\\\/\\\/schema.org\",\"@graph\":[{\"@type\":\"Article\",\"@id\":\"https:\\\/\\\/batijournal.com\\\/index.php\\\/le-plan-mayotte-debout-sera-t-il-modifie-apres-une-semaine-de-reflexion\\\/111383\\\/#article\",\"isPartOf\":{\"@id\":\"https:\\\/\\\/batijournal.com\\\/index.php\\\/le-plan-mayotte-debout-sera-t-il-modifie-apres-une-semaine-de-reflexion\\\/111383\\\/\"},\"author\":{\"name\":\"St\u00e9phane Miget\",\"@id\":\"https:\\\/\\\/batijournal.com\\\/#\\\/schema\\\/person\\\/1dc96ec6957aa1ccb25ebe78bb19f100\"},\"headline\":\"Le plan Mayotte debout sera-t-il modifi\u00e9 apr\u00e8s une semaine de r\u00e9flexion ?\",\"datePublished\":\"2025-01-06T13:27:22+00:00\",\"mainEntityOfPage\":{\"@id\":\"https:\\\/\\\/batijournal.com\\\/index.php\\\/le-plan-mayotte-debout-sera-t-il-modifie-apres-une-semaine-de-reflexion\\\/111383\\\/\"},\"wordCount\":901,\"image\":{\"@id\":\"https:\\\/\\\/batijournal.com\\\/index.php\\\/le-plan-mayotte-debout-sera-t-il-modifie-apres-une-semaine-de-reflexion\\\/111383\\\/#primaryimage\"},\"thumbnailUrl\":\"https:\\\/\\\/batijournal.com\\\/wp-content\\\/uploads\\\/2025\\\/01\\\/premier-ministre-francois-bayrou-mayotte-debout.png\",\"keywords\":[\"catastrophe naturelle\",\"changement climatique\",\"cyclone\",\"mayotte\"],\"articleSection\":[\"A la Une\",\"Actualit\u00e9s\",\"Architecture &amp; Conception\"],\"inLanguage\":\"fr-FR\"},{\"@type\":\"WebPage\",\"@id\":\"https:\\\/\\\/batijournal.com\\\/index.php\\\/le-plan-mayotte-debout-sera-t-il-modifie-apres-une-semaine-de-reflexion\\\/111383\\\/\",\"url\":\"https:\\\/\\\/batijournal.com\\\/index.php\\\/le-plan-mayotte-debout-sera-t-il-modifie-apres-une-semaine-de-reflexion\\\/111383\\\/\",\"name\":\"Le plan Mayotte debout sera-t-il modifi\u00e9 apr\u00e8s une semaine de r\u00e9flexion ?\",\"isPartOf\":{\"@id\":\"https:\\\/\\\/batijournal.com\\\/#website\"},\"primaryImageOfPage\":{\"@id\":\"https:\\\/\\\/batijournal.com\\\/index.php\\\/le-plan-mayotte-debout-sera-t-il-modifie-apres-une-semaine-de-reflexion\\\/111383\\\/#primaryimage\"},\"image\":{\"@id\":\"https:\\\/\\\/batijournal.com\\\/index.php\\\/le-plan-mayotte-debout-sera-t-il-modifie-apres-une-semaine-de-reflexion\\\/111383\\\/#primaryimage\"},\"thumbnailUrl\":\"https:\\\/\\\/batijournal.com\\\/wp-content\\\/uploads\\\/2025\\\/01\\\/premier-ministre-francois-bayrou-mayotte-debout.png\",\"datePublished\":\"2025-01-06T13:27:22+00:00\",\"author\":{\"@id\":\"https:\\\/\\\/batijournal.com\\\/#\\\/schema\\\/person\\\/1dc96ec6957aa1ccb25ebe78bb19f100\"},\"breadcrumb\":{\"@id\":\"https:\\\/\\\/batijournal.com\\\/index.php\\\/le-plan-mayotte-debout-sera-t-il-modifie-apres-une-semaine-de-reflexion\\\/111383\\\/#breadcrumb\"},\"inLanguage\":\"fr-FR\",\"potentialAction\":[{\"@type\":\"ReadAction\",\"target\":[\"https:\\\/\\\/batijournal.com\\\/index.php\\\/le-plan-mayotte-debout-sera-t-il-modifie-apres-une-semaine-de-reflexion\\\/111383\\\/\"]}]},{\"@type\":\"ImageObject\",\"inLanguage\":\"fr-FR\",\"@id\":\"https:\\\/\\\/batijournal.com\\\/index.php\\\/le-plan-mayotte-debout-sera-t-il-modifie-apres-une-semaine-de-reflexion\\\/111383\\\/#primaryimage\",\"url\":\"https:\\\/\\\/batijournal.com\\\/wp-content\\\/uploads\\\/2025\\\/01\\\/premier-ministre-francois-bayrou-mayotte-debout.png\",\"contentUrl\":\"https:\\\/\\\/batijournal.com\\\/wp-content\\\/uploads\\\/2025\\\/01\\\/premier-ministre-francois-bayrou-mayotte-debout.png\",\"width\":2874,\"height\":1330},{\"@type\":\"BreadcrumbList\",\"@id\":\"https:\\\/\\\/batijournal.com\\\/index.php\\\/le-plan-mayotte-debout-sera-t-il-modifie-apres-une-semaine-de-reflexion\\\/111383\\\/#breadcrumb\",\"itemListElement\":[{\"@type\":\"ListItem\",\"position\":1,\"name\":\"Accueil\",\"item\":\"https:\\\/\\\/batijournal.com\\\/\"},{\"@type\":\"ListItem\",\"position\":2,\"name\":\"A la Une\",\"item\":\"https:\\\/\\\/batijournal.com\\\/index.php\\\/category\\\/a-la-une\\\/\"},{\"@type\":\"ListItem\",\"position\":3,\"name\":\"Le plan Mayotte debout sera-t-il modifi\u00e9 apr\u00e8s une semaine de r\u00e9flexion ?\"}]},{\"@type\":\"WebSite\",\"@id\":\"https:\\\/\\\/batijournal.com\\\/#website\",\"url\":\"https:\\\/\\\/batijournal.com\\\/\",\"name\":\"Batijournal\",\"description\":\"L&#039;actualit\u00e9 du b\u00e2timent\",\"potentialAction\":[{\"@type\":\"SearchAction\",\"target\":{\"@type\":\"EntryPoint\",\"urlTemplate\":\"https:\\\/\\\/batijournal.com\\\/?s={search_term_string}\"},\"query-input\":{\"@type\":\"PropertyValueSpecification\",\"valueRequired\":true,\"valueName\":\"search_term_string\"}}],\"inLanguage\":\"fr-FR\"},{\"@type\":\"Person\",\"@id\":\"https:\\\/\\\/batijournal.com\\\/#\\\/schema\\\/person\\\/1dc96ec6957aa1ccb25ebe78bb19f100\",\"name\":\"St\u00e9phane Miget\",\"image\":{\"@type\":\"ImageObject\",\"inLanguage\":\"fr-FR\",\"@id\":\"https:\\\/\\\/secure.gravatar.com\\\/avatar\\\/89915563d925342126b8ef0281b93d9d7fc337043e8df017f780908eb9644451?s=96&d=mm&r=g\",\"url\":\"https:\\\/\\\/secure.gravatar.com\\\/avatar\\\/89915563d925342126b8ef0281b93d9d7fc337043e8df017f780908eb9644451?s=96&d=mm&r=g\",\"contentUrl\":\"https:\\\/\\\/secure.gravatar.com\\\/avatar\\\/89915563d925342126b8ef0281b93d9d7fc337043e8df017f780908eb9644451?s=96&d=mm&r=g\",\"caption\":\"St\u00e9phane Miget\"},\"url\":\"https:\\\/\\\/batijournal.com\\\/index.php\\\/author\\\/stephane\\\/\"}]}<\/script>\n<!-- \/ Yoast SEO plugin. -->","yoast_head_json":{"title":"Le plan Mayotte debout sera-t-il modifi\u00e9 apr\u00e8s une semaine de r\u00e9flexion ?","robots":{"index":"index","follow":"follow","max-snippet":"max-snippet:-1","max-image-preview":"max-image-preview:large","max-video-preview":"max-video-preview:-1"},"canonical":"https:\/\/batijournal.com\/index.php\/le-plan-mayotte-debout-sera-t-il-modifie-apres-une-semaine-de-reflexion\/111383\/","og_locale":"fr_FR","og_type":"article","og_title":"Le plan Mayotte debout sera-t-il modifi\u00e9 apr\u00e8s une semaine de r\u00e9flexion ?","og_description":"Apr\u00e8s le drame survenu \u00e0 Mayotte, Val\u00e9rie L\u00e9tard, la ministre charg\u00e9e du Logement, s\u2019est rendue le 30 d\u00e9cembre sur l\u2019archipel aux c\u00f4t\u00e9s du Premier ministre Fran\u00e7ois Bayrou et de quatre autres ministres. Durant ce d\u00e9placement, la ministre a pu entendre les t\u00e9moignages de la population, des \u00e9lus et du secteur. Elle a r\u00e9uni l\u2019ensemble des [&hellip;]","og_url":"https:\/\/batijournal.com\/index.php\/le-plan-mayotte-debout-sera-t-il-modifie-apres-une-semaine-de-reflexion\/111383\/","og_site_name":"Batijournal","article_published_time":"2025-01-06T13:27:22+00:00","og_image":[{"width":1024,"height":474,"url":"https:\/\/batijournal.com\/wp-content\/uploads\/2025\/01\/premier-ministre-francois-bayrou-mayotte-debout-1024x474.png","type":"image\/png"}],"author":"St\u00e9phane Miget","twitter_card":"summary_large_image","twitter_creator":"@bati_journal","twitter_site":"@bati_journal","twitter_misc":{"\u00c9crit par":"St\u00e9phane Miget","Dur\u00e9e de lecture estim\u00e9e":"4 minutes"},"schema":{"@context":"https:\/\/schema.org","@graph":[{"@type":"Article","@id":"https:\/\/batijournal.com\/index.php\/le-plan-mayotte-debout-sera-t-il-modifie-apres-une-semaine-de-reflexion\/111383\/#article","isPartOf":{"@id":"https:\/\/batijournal.com\/index.php\/le-plan-mayotte-debout-sera-t-il-modifie-apres-une-semaine-de-reflexion\/111383\/"},"author":{"name":"St\u00e9phane Miget","@id":"https:\/\/batijournal.com\/#\/schema\/person\/1dc96ec6957aa1ccb25ebe78bb19f100"},"headline":"Le plan Mayotte debout sera-t-il modifi\u00e9 apr\u00e8s une semaine de r\u00e9flexion ?","datePublished":"2025-01-06T13:27:22+00:00","mainEntityOfPage":{"@id":"https:\/\/batijournal.com\/index.php\/le-plan-mayotte-debout-sera-t-il-modifie-apres-une-semaine-de-reflexion\/111383\/"},"wordCount":901,"image":{"@id":"https:\/\/batijournal.com\/index.php\/le-plan-mayotte-debout-sera-t-il-modifie-apres-une-semaine-de-reflexion\/111383\/#primaryimage"},"thumbnailUrl":"https:\/\/batijournal.com\/wp-content\/uploads\/2025\/01\/premier-ministre-francois-bayrou-mayotte-debout.png","keywords":["catastrophe naturelle","changement climatique","cyclone","mayotte"],"articleSection":["A la Une","Actualit\u00e9s","Architecture &amp; Conception"],"inLanguage":"fr-FR"},{"@type":"WebPage","@id":"https:\/\/batijournal.com\/index.php\/le-plan-mayotte-debout-sera-t-il-modifie-apres-une-semaine-de-reflexion\/111383\/","url":"https:\/\/batijournal.com\/index.php\/le-plan-mayotte-debout-sera-t-il-modifie-apres-une-semaine-de-reflexion\/111383\/","name":"Le plan Mayotte debout sera-t-il modifi\u00e9 apr\u00e8s une semaine de r\u00e9flexion ?","isPartOf":{"@id":"https:\/\/batijournal.com\/#website"},"primaryImageOfPage":{"@id":"https:\/\/batijournal.com\/index.php\/le-plan-mayotte-debout-sera-t-il-modifie-apres-une-semaine-de-reflexion\/111383\/#primaryimage"},"image":{"@id":"https:\/\/batijournal.com\/index.php\/le-plan-mayotte-debout-sera-t-il-modifie-apres-une-semaine-de-reflexion\/111383\/#primaryimage"},"thumbnailUrl":"https:\/\/batijournal.com\/wp-content\/uploads\/2025\/01\/premier-ministre-francois-bayrou-mayotte-debout.png","datePublished":"2025-01-06T13:27:22+00:00","author":{"@id":"https:\/\/batijournal.com\/#\/schema\/person\/1dc96ec6957aa1ccb25ebe78bb19f100"},"breadcrumb":{"@id":"https:\/\/batijournal.com\/index.php\/le-plan-mayotte-debout-sera-t-il-modifie-apres-une-semaine-de-reflexion\/111383\/#breadcrumb"},"inLanguage":"fr-FR","potentialAction":[{"@type":"ReadAction","target":["https:\/\/batijournal.com\/index.php\/le-plan-mayotte-debout-sera-t-il-modifie-apres-une-semaine-de-reflexion\/111383\/"]}]},{"@type":"ImageObject","inLanguage":"fr-FR","@id":"https:\/\/batijournal.com\/index.php\/le-plan-mayotte-debout-sera-t-il-modifie-apres-une-semaine-de-reflexion\/111383\/#primaryimage","url":"https:\/\/batijournal.com\/wp-content\/uploads\/2025\/01\/premier-ministre-francois-bayrou-mayotte-debout.png","contentUrl":"https:\/\/batijournal.com\/wp-content\/uploads\/2025\/01\/premier-ministre-francois-bayrou-mayotte-debout.png","width":2874,"height":1330},{"@type":"BreadcrumbList","@id":"https:\/\/batijournal.com\/index.php\/le-plan-mayotte-debout-sera-t-il-modifie-apres-une-semaine-de-reflexion\/111383\/#breadcrumb","itemListElement":[{"@type":"ListItem","position":1,"name":"Accueil","item":"https:\/\/batijournal.com\/"},{"@type":"ListItem","position":2,"name":"A la Une","item":"https:\/\/batijournal.com\/index.php\/category\/a-la-une\/"},{"@type":"ListItem","position":3,"name":"Le plan Mayotte debout sera-t-il modifi\u00e9 apr\u00e8s une semaine de r\u00e9flexion ?"}]},{"@type":"WebSite","@id":"https:\/\/batijournal.com\/#website","url":"https:\/\/batijournal.com\/","name":"Batijournal","description":"L&#039;actualit\u00e9 du b\u00e2timent","potentialAction":[{"@type":"SearchAction","target":{"@type":"EntryPoint","urlTemplate":"https:\/\/batijournal.com\/?s={search_term_string}"},"query-input":{"@type":"PropertyValueSpecification","valueRequired":true,"valueName":"search_term_string"}}],"inLanguage":"fr-FR"},{"@type":"Person","@id":"https:\/\/batijournal.com\/#\/schema\/person\/1dc96ec6957aa1ccb25ebe78bb19f100","name":"St\u00e9phane Miget","image":{"@type":"ImageObject","inLanguage":"fr-FR","@id":"https:\/\/secure.gravatar.com\/avatar\/89915563d925342126b8ef0281b93d9d7fc337043e8df017f780908eb9644451?s=96&d=mm&r=g","url":"https:\/\/secure.gravatar.com\/avatar\/89915563d925342126b8ef0281b93d9d7fc337043e8df017f780908eb9644451?s=96&d=mm&r=g","contentUrl":"https:\/\/secure.gravatar.com\/avatar\/89915563d925342126b8ef0281b93d9d7fc337043e8df017f780908eb9644451?s=96&d=mm&r=g","caption":"St\u00e9phane Miget"},"url":"https:\/\/batijournal.com\/index.php\/author\/stephane\/"}]}},"_links":{"self":[{"href":"https:\/\/batijournal.com\/index.php\/wp-json\/wp\/v2\/posts\/111383","targetHints":{"allow":["GET"]}}],"collection":[{"href":"https:\/\/batijournal.com\/index.php\/wp-json\/wp\/v2\/posts"}],"about":[{"href":"https:\/\/batijournal.com\/index.php\/wp-json\/wp\/v2\/types\/post"}],"author":[{"embeddable":true,"href":"https:\/\/batijournal.com\/index.php\/wp-json\/wp\/v2\/users\/17"}],"replies":[{"embeddable":true,"href":"https:\/\/batijournal.com\/index.php\/wp-json\/wp\/v2\/comments?post=111383"}],"version-history":[{"count":0,"href":"https:\/\/batijournal.com\/index.php\/wp-json\/wp\/v2\/posts\/111383\/revisions"}],"wp:featuredmedia":[{"embeddable":true,"href":"https:\/\/batijournal.com\/index.php\/wp-json\/wp\/v2\/media\/111384"}],"wp:attachment":[{"href":"https:\/\/batijournal.com\/index.php\/wp-json\/wp\/v2\/media?parent=111383"}],"wp:term":[{"taxonomy":"category","embeddable":true,"href":"https:\/\/batijournal.com\/index.php\/wp-json\/wp\/v2\/categories?post=111383"},{"taxonomy":"post_tag","embeddable":true,"href":"https:\/\/batijournal.com\/index.php\/wp-json\/wp\/v2\/tags?post=111383"}],"curies":[{"name":"wp","href":"https:\/\/api.w.org\/{rel}","templated":true}]}}