{"id":111397,"date":"2025-01-08T13:05:22","date_gmt":"2025-01-08T12:05:22","guid":{"rendered":"https:\/\/batijournal.com\/?p=111397"},"modified":"2025-01-08T13:05:22","modified_gmt":"2025-01-08T12:05:22","slug":"le-presbytere-de-notre-dame-de-paris-vient-detre-classe-monument-historique","status":"publish","type":"post","link":"https:\/\/batijournal.com\/index.php\/le-presbytere-de-notre-dame-de-paris-vient-detre-classe-monument-historique\/111397\/","title":{"rendered":"Le presbyt\u00e8re de Notre-Dame de Paris vient d&rsquo;\u00eatre class\u00e9 Monument Historique"},"content":{"rendered":"<p>La cath\u00e9drale Notre-Dame de Paris et sa sacristie ont \u00e9t\u00e9 class\u00e9es au titre des monuments historiques sur la liste de 1862. Dans le style n\u00e9ogothique devenu sa marque de fabrique, Eug\u00e8ne Viollet-le-Duc con\u00e7ut, en 1866, au pied de la cath\u00e9drale, sur un terrain appartenant \u00e0 la Ville de Paris, la \u00ab maison du gardien \u00bb, devenue l\u2019actuel presbyt\u00e8re. Ce dernier, propri\u00e9t\u00e9 de l\u2019\u00c9tat, ne b\u00e9n\u00e9ficiait, jusqu\u2019alors, d\u2019aucune protection propre, en dehors des abords. Par son plan, sa distribution et ses d\u00e9cors int\u00e9rieurs, l\u2019\u00e9difice illustre remarquablement les th\u00e9ories de Viollet-le-Duc en mati\u00e8re d\u2019architecture civile. Sa construction, organiquement li\u00e9e \u00e0 la cath\u00e9drale Notre-Dame et \u00e0 sa sacristie, est venu conclure le programme de restauration qu\u2019il avait magistralement men\u00e9 durant plus de vingt ans et que le public red\u00e9couvre aujourd\u2019hui dans toute sa splendeur. Objet d\u2019un avis favorable de la Commission nationale du patrimoine et de l\u2019architecture, le 14 novembre 2024, cette demande de classement du presbyt\u00e8re de la cath\u00e9drale Notre-Dame de Paris est une initiative de Rachida DATI, ministre de la Culture, conform\u00e9ment \u00e0 la possibilit\u00e9 ouverte par l\u2019article R621-2 du code du patrimoine. L\u2019ensemble cath\u00e9dral parisien, d\u00e9sormais class\u00e9 en totalit\u00e9, pourra ainsi b\u00e9n\u00e9ficier d\u2019une conservation coh\u00e9rente.<\/p>\n<p>Photo : Coupe longitudinale de la nouvelle sacristie par Eug\u00e8ne Viollet-le-Duc \/ MAP<\/p>\n<p>&nbsp;<\/p>\n","protected":false},"excerpt":{"rendered":"<p>La cath\u00e9drale Notre-Dame de Paris et sa sacristie ont \u00e9t\u00e9 class\u00e9es au titre des monuments historiques sur la liste de 1862. Dans le style n\u00e9ogothique devenu sa marque de fabrique, Eug\u00e8ne Viollet-le-Duc con\u00e7ut, en 1866, au pied de la cath\u00e9drale, sur un terrain appartenant \u00e0 la Ville de Paris, la \u00ab maison du gardien \u00bb, [&hellip;]<\/p>\n","protected":false},"author":17,"featured_media":111398,"comment_status":"closed","ping_status":"closed","sticky":false,"template":"","format":"standard","meta":{"_et_pb_use_builder":"","_et_pb_old_content":"","_et_gb_content_width":"","footnotes":""},"categories":[10530,6340,10789,10785],"tags":[6376,6842],"class_list":["post-111397","post","type-post","status-publish","format-standard","has-post-thumbnail","hentry","category-actualites","category-architecture-conception","category-publications-atrium","category-atrium","tag-monument-historique","tag-notre-dame-de-paris"],"yoast_head":"<!-- This site is optimized with the Yoast SEO plugin v27.4 - https:\/\/yoast.com\/product\/yoast-seo-wordpress\/ -->\n<title>Le presbyt\u00e8re de Notre-Dame de Paris vient d&#039;\u00eatre class\u00e9 Monument Historique<\/title>\n<meta name=\"robots\" content=\"index, follow, max-snippet:-1, max-image-preview:large, max-video-preview:-1\" \/>\n<link rel=\"canonical\" href=\"https:\/\/batijournal.com\/index.php\/le-presbytere-de-notre-dame-de-paris-vient-detre-classe-monument-historique\/111397\/\" \/>\n<meta property=\"og:locale\" content=\"fr_FR\" \/>\n<meta property=\"og:type\" content=\"article\" \/>\n<meta property=\"og:title\" content=\"Le presbyt\u00e8re de Notre-Dame de Paris vient d&#039;\u00eatre class\u00e9 Monument Historique\" \/>\n<meta property=\"og:description\" content=\"La cath\u00e9drale Notre-Dame de Paris et sa sacristie ont \u00e9t\u00e9 class\u00e9es au titre des monuments historiques sur la liste de 1862. Dans le style n\u00e9ogothique devenu sa marque de fabrique, Eug\u00e8ne Viollet-le-Duc con\u00e7ut, en 1866, au pied de la cath\u00e9drale, sur un terrain appartenant \u00e0 la Ville de Paris, la \u00ab maison du gardien \u00bb, [&hellip;]\" \/>\n<meta property=\"og:url\" content=\"https:\/\/batijournal.com\/index.php\/le-presbytere-de-notre-dame-de-paris-vient-detre-classe-monument-historique\/111397\/\" \/>\n<meta property=\"og:site_name\" content=\"Batijournal\" \/>\n<meta property=\"article:published_time\" content=\"2025-01-08T12:05:22+00:00\" \/>\n<meta property=\"og:image\" content=\"https:\/\/batijournal.com\/wp-content\/uploads\/2025\/01\/presbytere-notre-dame-de-paris.png\" \/>\n\t<meta property=\"og:image:width\" content=\"661\" \/>\n\t<meta property=\"og:image:height\" content=\"372\" \/>\n\t<meta property=\"og:image:type\" content=\"image\/png\" \/>\n<meta name=\"author\" content=\"St\u00e9phane Miget\" \/>\n<meta name=\"twitter:card\" content=\"summary_large_image\" \/>\n<meta name=\"twitter:creator\" content=\"@bati_journal\" \/>\n<meta name=\"twitter:site\" content=\"@bati_journal\" \/>\n<meta name=\"twitter:label1\" content=\"\u00c9crit par\" \/>\n\t<meta name=\"twitter:data1\" content=\"St\u00e9phane Miget\" \/>\n\t<meta name=\"twitter:label2\" content=\"Dur\u00e9e de lecture estim\u00e9e\" \/>\n\t<meta name=\"twitter:data2\" content=\"1 minute\" \/>\n<script type=\"application\/ld+json\" class=\"yoast-schema-graph\">{\"@context\":\"https:\\\/\\\/schema.org\",\"@graph\":[{\"@type\":\"Article\",\"@id\":\"https:\\\/\\\/batijournal.com\\\/index.php\\\/le-presbytere-de-notre-dame-de-paris-vient-detre-classe-monument-historique\\\/111397\\\/#article\",\"isPartOf\":{\"@id\":\"https:\\\/\\\/batijournal.com\\\/index.php\\\/le-presbytere-de-notre-dame-de-paris-vient-detre-classe-monument-historique\\\/111397\\\/\"},\"author\":{\"name\":\"St\u00e9phane Miget\",\"@id\":\"https:\\\/\\\/batijournal.com\\\/#\\\/schema\\\/person\\\/1dc96ec6957aa1ccb25ebe78bb19f100\"},\"headline\":\"Le presbyt\u00e8re de Notre-Dame de Paris vient d&rsquo;\u00eatre class\u00e9 Monument Historique\",\"datePublished\":\"2025-01-08T12:05:22+00:00\",\"mainEntityOfPage\":{\"@id\":\"https:\\\/\\\/batijournal.com\\\/index.php\\\/le-presbytere-de-notre-dame-de-paris-vient-detre-classe-monument-historique\\\/111397\\\/\"},\"wordCount\":250,\"image\":{\"@id\":\"https:\\\/\\\/batijournal.com\\\/index.php\\\/le-presbytere-de-notre-dame-de-paris-vient-detre-classe-monument-historique\\\/111397\\\/#primaryimage\"},\"thumbnailUrl\":\"https:\\\/\\\/batijournal.com\\\/wp-content\\\/uploads\\\/2025\\\/01\\\/presbytere-notre-dame-de-paris.png\",\"keywords\":[\"monument historique\",\"notre dame de paris\"],\"articleSection\":[\"Actualit\u00e9s\",\"Architecture &amp; Conception\",\"zz_Actualit\u00e9s - Atrium\",\"zz_Atrium Patrimoine\"],\"inLanguage\":\"fr-FR\"},{\"@type\":\"WebPage\",\"@id\":\"https:\\\/\\\/batijournal.com\\\/index.php\\\/le-presbytere-de-notre-dame-de-paris-vient-detre-classe-monument-historique\\\/111397\\\/\",\"url\":\"https:\\\/\\\/batijournal.com\\\/index.php\\\/le-presbytere-de-notre-dame-de-paris-vient-detre-classe-monument-historique\\\/111397\\\/\",\"name\":\"Le presbyt\u00e8re de Notre-Dame de Paris vient d'\u00eatre class\u00e9 Monument Historique\",\"isPartOf\":{\"@id\":\"https:\\\/\\\/batijournal.com\\\/#website\"},\"primaryImageOfPage\":{\"@id\":\"https:\\\/\\\/batijournal.com\\\/index.php\\\/le-presbytere-de-notre-dame-de-paris-vient-detre-classe-monument-historique\\\/111397\\\/#primaryimage\"},\"image\":{\"@id\":\"https:\\\/\\\/batijournal.com\\\/index.php\\\/le-presbytere-de-notre-dame-de-paris-vient-detre-classe-monument-historique\\\/111397\\\/#primaryimage\"},\"thumbnailUrl\":\"https:\\\/\\\/batijournal.com\\\/wp-content\\\/uploads\\\/2025\\\/01\\\/presbytere-notre-dame-de-paris.png\",\"datePublished\":\"2025-01-08T12:05:22+00:00\",\"author\":{\"@id\":\"https:\\\/\\\/batijournal.com\\\/#\\\/schema\\\/person\\\/1dc96ec6957aa1ccb25ebe78bb19f100\"},\"breadcrumb\":{\"@id\":\"https:\\\/\\\/batijournal.com\\\/index.php\\\/le-presbytere-de-notre-dame-de-paris-vient-detre-classe-monument-historique\\\/111397\\\/#breadcrumb\"},\"inLanguage\":\"fr-FR\",\"potentialAction\":[{\"@type\":\"ReadAction\",\"target\":[\"https:\\\/\\\/batijournal.com\\\/index.php\\\/le-presbytere-de-notre-dame-de-paris-vient-detre-classe-monument-historique\\\/111397\\\/\"]}]},{\"@type\":\"ImageObject\",\"inLanguage\":\"fr-FR\",\"@id\":\"https:\\\/\\\/batijournal.com\\\/index.php\\\/le-presbytere-de-notre-dame-de-paris-vient-detre-classe-monument-historique\\\/111397\\\/#primaryimage\",\"url\":\"https:\\\/\\\/batijournal.com\\\/wp-content\\\/uploads\\\/2025\\\/01\\\/presbytere-notre-dame-de-paris.png\",\"contentUrl\":\"https:\\\/\\\/batijournal.com\\\/wp-content\\\/uploads\\\/2025\\\/01\\\/presbytere-notre-dame-de-paris.png\",\"width\":661,\"height\":372},{\"@type\":\"BreadcrumbList\",\"@id\":\"https:\\\/\\\/batijournal.com\\\/index.php\\\/le-presbytere-de-notre-dame-de-paris-vient-detre-classe-monument-historique\\\/111397\\\/#breadcrumb\",\"itemListElement\":[{\"@type\":\"ListItem\",\"position\":1,\"name\":\"Accueil\",\"item\":\"https:\\\/\\\/batijournal.com\\\/\"},{\"@type\":\"ListItem\",\"position\":2,\"name\":\"Actualit\u00e9s\",\"item\":\"https:\\\/\\\/batijournal.com\\\/index.php\\\/category\\\/actualites\\\/\"},{\"@type\":\"ListItem\",\"position\":3,\"name\":\"Le presbyt\u00e8re de Notre-Dame de Paris vient d&rsquo;\u00eatre class\u00e9 Monument Historique\"}]},{\"@type\":\"WebSite\",\"@id\":\"https:\\\/\\\/batijournal.com\\\/#website\",\"url\":\"https:\\\/\\\/batijournal.com\\\/\",\"name\":\"Batijournal\",\"description\":\"L&#039;actualit\u00e9 du b\u00e2timent\",\"potentialAction\":[{\"@type\":\"SearchAction\",\"target\":{\"@type\":\"EntryPoint\",\"urlTemplate\":\"https:\\\/\\\/batijournal.com\\\/?s={search_term_string}\"},\"query-input\":{\"@type\":\"PropertyValueSpecification\",\"valueRequired\":true,\"valueName\":\"search_term_string\"}}],\"inLanguage\":\"fr-FR\"},{\"@type\":\"Person\",\"@id\":\"https:\\\/\\\/batijournal.com\\\/#\\\/schema\\\/person\\\/1dc96ec6957aa1ccb25ebe78bb19f100\",\"name\":\"St\u00e9phane Miget\",\"image\":{\"@type\":\"ImageObject\",\"inLanguage\":\"fr-FR\",\"@id\":\"https:\\\/\\\/secure.gravatar.com\\\/avatar\\\/89915563d925342126b8ef0281b93d9d7fc337043e8df017f780908eb9644451?s=96&d=mm&r=g\",\"url\":\"https:\\\/\\\/secure.gravatar.com\\\/avatar\\\/89915563d925342126b8ef0281b93d9d7fc337043e8df017f780908eb9644451?s=96&d=mm&r=g\",\"contentUrl\":\"https:\\\/\\\/secure.gravatar.com\\\/avatar\\\/89915563d925342126b8ef0281b93d9d7fc337043e8df017f780908eb9644451?s=96&d=mm&r=g\",\"caption\":\"St\u00e9phane Miget\"},\"url\":\"https:\\\/\\\/batijournal.com\\\/index.php\\\/author\\\/stephane\\\/\"}]}<\/script>\n<!-- \/ Yoast SEO plugin. -->","yoast_head_json":{"title":"Le presbyt\u00e8re de Notre-Dame de Paris vient d'\u00eatre class\u00e9 Monument Historique","robots":{"index":"index","follow":"follow","max-snippet":"max-snippet:-1","max-image-preview":"max-image-preview:large","max-video-preview":"max-video-preview:-1"},"canonical":"https:\/\/batijournal.com\/index.php\/le-presbytere-de-notre-dame-de-paris-vient-detre-classe-monument-historique\/111397\/","og_locale":"fr_FR","og_type":"article","og_title":"Le presbyt\u00e8re de Notre-Dame de Paris vient d'\u00eatre class\u00e9 Monument Historique","og_description":"La cath\u00e9drale Notre-Dame de Paris et sa sacristie ont \u00e9t\u00e9 class\u00e9es au titre des monuments historiques sur la liste de 1862. Dans le style n\u00e9ogothique devenu sa marque de fabrique, Eug\u00e8ne Viollet-le-Duc con\u00e7ut, en 1866, au pied de la cath\u00e9drale, sur un terrain appartenant \u00e0 la Ville de Paris, la \u00ab maison du gardien \u00bb, [&hellip;]","og_url":"https:\/\/batijournal.com\/index.php\/le-presbytere-de-notre-dame-de-paris-vient-detre-classe-monument-historique\/111397\/","og_site_name":"Batijournal","article_published_time":"2025-01-08T12:05:22+00:00","og_image":[{"width":661,"height":372,"url":"https:\/\/batijournal.com\/wp-content\/uploads\/2025\/01\/presbytere-notre-dame-de-paris.png","type":"image\/png"}],"author":"St\u00e9phane Miget","twitter_card":"summary_large_image","twitter_creator":"@bati_journal","twitter_site":"@bati_journal","twitter_misc":{"\u00c9crit par":"St\u00e9phane Miget","Dur\u00e9e de lecture estim\u00e9e":"1 minute"},"schema":{"@context":"https:\/\/schema.org","@graph":[{"@type":"Article","@id":"https:\/\/batijournal.com\/index.php\/le-presbytere-de-notre-dame-de-paris-vient-detre-classe-monument-historique\/111397\/#article","isPartOf":{"@id":"https:\/\/batijournal.com\/index.php\/le-presbytere-de-notre-dame-de-paris-vient-detre-classe-monument-historique\/111397\/"},"author":{"name":"St\u00e9phane Miget","@id":"https:\/\/batijournal.com\/#\/schema\/person\/1dc96ec6957aa1ccb25ebe78bb19f100"},"headline":"Le presbyt\u00e8re de Notre-Dame de Paris vient d&rsquo;\u00eatre class\u00e9 Monument Historique","datePublished":"2025-01-08T12:05:22+00:00","mainEntityOfPage":{"@id":"https:\/\/batijournal.com\/index.php\/le-presbytere-de-notre-dame-de-paris-vient-detre-classe-monument-historique\/111397\/"},"wordCount":250,"image":{"@id":"https:\/\/batijournal.com\/index.php\/le-presbytere-de-notre-dame-de-paris-vient-detre-classe-monument-historique\/111397\/#primaryimage"},"thumbnailUrl":"https:\/\/batijournal.com\/wp-content\/uploads\/2025\/01\/presbytere-notre-dame-de-paris.png","keywords":["monument historique","notre dame de paris"],"articleSection":["Actualit\u00e9s","Architecture &amp; Conception","zz_Actualit\u00e9s - Atrium","zz_Atrium Patrimoine"],"inLanguage":"fr-FR"},{"@type":"WebPage","@id":"https:\/\/batijournal.com\/index.php\/le-presbytere-de-notre-dame-de-paris-vient-detre-classe-monument-historique\/111397\/","url":"https:\/\/batijournal.com\/index.php\/le-presbytere-de-notre-dame-de-paris-vient-detre-classe-monument-historique\/111397\/","name":"Le presbyt\u00e8re de Notre-Dame de Paris vient d'\u00eatre class\u00e9 Monument Historique","isPartOf":{"@id":"https:\/\/batijournal.com\/#website"},"primaryImageOfPage":{"@id":"https:\/\/batijournal.com\/index.php\/le-presbytere-de-notre-dame-de-paris-vient-detre-classe-monument-historique\/111397\/#primaryimage"},"image":{"@id":"https:\/\/batijournal.com\/index.php\/le-presbytere-de-notre-dame-de-paris-vient-detre-classe-monument-historique\/111397\/#primaryimage"},"thumbnailUrl":"https:\/\/batijournal.com\/wp-content\/uploads\/2025\/01\/presbytere-notre-dame-de-paris.png","datePublished":"2025-01-08T12:05:22+00:00","author":{"@id":"https:\/\/batijournal.com\/#\/schema\/person\/1dc96ec6957aa1ccb25ebe78bb19f100"},"breadcrumb":{"@id":"https:\/\/batijournal.com\/index.php\/le-presbytere-de-notre-dame-de-paris-vient-detre-classe-monument-historique\/111397\/#breadcrumb"},"inLanguage":"fr-FR","potentialAction":[{"@type":"ReadAction","target":["https:\/\/batijournal.com\/index.php\/le-presbytere-de-notre-dame-de-paris-vient-detre-classe-monument-historique\/111397\/"]}]},{"@type":"ImageObject","inLanguage":"fr-FR","@id":"https:\/\/batijournal.com\/index.php\/le-presbytere-de-notre-dame-de-paris-vient-detre-classe-monument-historique\/111397\/#primaryimage","url":"https:\/\/batijournal.com\/wp-content\/uploads\/2025\/01\/presbytere-notre-dame-de-paris.png","contentUrl":"https:\/\/batijournal.com\/wp-content\/uploads\/2025\/01\/presbytere-notre-dame-de-paris.png","width":661,"height":372},{"@type":"BreadcrumbList","@id":"https:\/\/batijournal.com\/index.php\/le-presbytere-de-notre-dame-de-paris-vient-detre-classe-monument-historique\/111397\/#breadcrumb","itemListElement":[{"@type":"ListItem","position":1,"name":"Accueil","item":"https:\/\/batijournal.com\/"},{"@type":"ListItem","position":2,"name":"Actualit\u00e9s","item":"https:\/\/batijournal.com\/index.php\/category\/actualites\/"},{"@type":"ListItem","position":3,"name":"Le presbyt\u00e8re de Notre-Dame de Paris vient d&rsquo;\u00eatre class\u00e9 Monument Historique"}]},{"@type":"WebSite","@id":"https:\/\/batijournal.com\/#website","url":"https:\/\/batijournal.com\/","name":"Batijournal","description":"L&#039;actualit\u00e9 du b\u00e2timent","potentialAction":[{"@type":"SearchAction","target":{"@type":"EntryPoint","urlTemplate":"https:\/\/batijournal.com\/?s={search_term_string}"},"query-input":{"@type":"PropertyValueSpecification","valueRequired":true,"valueName":"search_term_string"}}],"inLanguage":"fr-FR"},{"@type":"Person","@id":"https:\/\/batijournal.com\/#\/schema\/person\/1dc96ec6957aa1ccb25ebe78bb19f100","name":"St\u00e9phane Miget","image":{"@type":"ImageObject","inLanguage":"fr-FR","@id":"https:\/\/secure.gravatar.com\/avatar\/89915563d925342126b8ef0281b93d9d7fc337043e8df017f780908eb9644451?s=96&d=mm&r=g","url":"https:\/\/secure.gravatar.com\/avatar\/89915563d925342126b8ef0281b93d9d7fc337043e8df017f780908eb9644451?s=96&d=mm&r=g","contentUrl":"https:\/\/secure.gravatar.com\/avatar\/89915563d925342126b8ef0281b93d9d7fc337043e8df017f780908eb9644451?s=96&d=mm&r=g","caption":"St\u00e9phane Miget"},"url":"https:\/\/batijournal.com\/index.php\/author\/stephane\/"}]}},"_links":{"self":[{"href":"https:\/\/batijournal.com\/index.php\/wp-json\/wp\/v2\/posts\/111397","targetHints":{"allow":["GET"]}}],"collection":[{"href":"https:\/\/batijournal.com\/index.php\/wp-json\/wp\/v2\/posts"}],"about":[{"href":"https:\/\/batijournal.com\/index.php\/wp-json\/wp\/v2\/types\/post"}],"author":[{"embeddable":true,"href":"https:\/\/batijournal.com\/index.php\/wp-json\/wp\/v2\/users\/17"}],"replies":[{"embeddable":true,"href":"https:\/\/batijournal.com\/index.php\/wp-json\/wp\/v2\/comments?post=111397"}],"version-history":[{"count":0,"href":"https:\/\/batijournal.com\/index.php\/wp-json\/wp\/v2\/posts\/111397\/revisions"}],"wp:featuredmedia":[{"embeddable":true,"href":"https:\/\/batijournal.com\/index.php\/wp-json\/wp\/v2\/media\/111398"}],"wp:attachment":[{"href":"https:\/\/batijournal.com\/index.php\/wp-json\/wp\/v2\/media?parent=111397"}],"wp:term":[{"taxonomy":"category","embeddable":true,"href":"https:\/\/batijournal.com\/index.php\/wp-json\/wp\/v2\/categories?post=111397"},{"taxonomy":"post_tag","embeddable":true,"href":"https:\/\/batijournal.com\/index.php\/wp-json\/wp\/v2\/tags?post=111397"}],"curies":[{"name":"wp","href":"https:\/\/api.w.org\/{rel}","templated":true}]}}