{"id":111407,"date":"2025-01-10T10:22:40","date_gmt":"2025-01-10T09:22:40","guid":{"rendered":"https:\/\/batijournal.com\/?p=111407"},"modified":"2025-01-10T10:22:40","modified_gmt":"2025-01-10T09:22:40","slug":"dans-le-16e-arrondissement-de-paris-rehabilitation-remarquable-de-trois-batiments-enclaves","status":"publish","type":"post","link":"https:\/\/batijournal.com\/index.php\/dans-le-16e-arrondissement-de-paris-rehabilitation-remarquable-de-trois-batiments-enclaves\/111407\/","title":{"rendered":"Dans le 16e arrondissement de Paris, r\u00e9habilitation remarquable de trois b\u00e2timents enclav\u00e9s"},"content":{"rendered":"<p>En 2017, le groupe MADAR, via deux de ses entit\u00e9s Pardes Patrimoine et Forum Patrimoine, fait l\u2019acquisition d\u2019un immeuble aupr\u00e8s de Renault, situ\u00e9 au 49\/51 avenue de la Grande Arm\u00e9e dans le 16e arrondissement de Paris.D\u2019une surface de plancher de 8 701 m\u00b2 sur une emprise fonci\u00e8re de 1 950 m\u00b2, l\u2019ensemble acquis se compose de 3 b\u00e2timents reli\u00e9s entre eux par des demi-niveaux et des escaliers, s\u2019\u00e9levant en R+5 avec des niveaux de hauteur diff\u00e9rente. Enclav\u00e9 au milieu de nombreux b\u00e2timents majoritairement haussmanniens, entre l\u2019avenue de la Grande Arm\u00e9e et la rue Le Sueur \u00e0 l\u2019arri\u00e8re, sa construction originelle remonte \u00e0 la fin des ann\u00e9es 50 pour le b\u00e2timent principal et au d\u00e9but du 20e pour les deux autres b\u00e2timents rajout\u00e9s par la suite. Bien que n\u2019\u00e9tant pas visible depuis la rue, le groupe Madar a eu la volont\u00e9 de repenser compl\u00e8tement l\u2019architecture, les am\u00e9nagements et les circulations de cet ensemble, en s\u2019appuyant sur un cahier des charges ambitieux en mati\u00e8re d\u2019esth\u00e9tisme soign\u00e9 et de construction durable.<\/p>\n<p>Le b\u00e2timent d\u2019origine du 49-51 avenue de la Grande Arm\u00e9e sera profond\u00e9ment m\u00e9tamorphos\u00e9 pour passer d\u2019une architecture tr\u00e8s sobre, sans artifices \u00e0 un parti-pris architectural assum\u00e9, contemporain et sublim\u00e9 par des mat\u00e9riaux nobles. La proposition de l\u2019architecte DTACC s\u2019est port\u00e9e sur la n\u00e9cessit\u00e9 de rendre l\u2019ensemble immobilier parfaitement homog\u00e8ne l\u00e0 o\u00f9 trois b\u00e2timents d\u2019inspiration diff\u00e9rente constituaient un ensemble manquant de coh\u00e9rence. Les fa\u00e7ades seront r\u00e9alis\u00e9es \u00e0 partir d\u2019une mixit\u00e9 de mat\u00e9riaux, parmi lesquelles le bois, principalement, le verre et l\u2019acier. Un habillage en brique sera mis en \u0153uvre sur les trumeaux de fa\u00e7ades, ainsi que l\u2019installation de brise-vue en bois afin de ne pas avoir de vis-\u00e0-vis direct avec le voisinage. La pr\u00e9sence de nombreux vitrages en devanture du b\u00e2timent, et en c\u0153ur d\u2019\u00eelot, favorisera l\u2019\u00e9clairage naturel au sein de cet immeuble compl\u00e8tement nich\u00e9 au milieu de nombreux b\u00e2timents.<\/p>\n<p>Les deux toitures des niveaux bas et haut seront largement paysag\u00e9es. Au niveau de la toiture la plus basse, une vaste serre agricole sera am\u00e9nag\u00e9e pour permettre aux utilisateurs de se retrouver lors de moments de convivialit\u00e9. En partie haute, un rooftop sera accessible par un ascenseur, desservant tous les \u00e9tages de l\u2019immeuble. Le b\u00e2timent ne donnant pas directement sur rue, les \u00e9quipes de Spie batignolles ile-de-france acc\u00e8dent au chantier uniquement via deux porches situ\u00e9s de part et d\u2019autre de l\u2019immeuble. Tous les travaux sont r\u00e9alis\u00e9s \u00e0 partir de petits engins de chantier, capables de passer sous les deux porches : un lift de chantier et un treuil mobile permettant d\u2019acheminer les mat\u00e9riaux dans les diff\u00e9rents niveaux. Pour la fourniture du b\u00e9ton, principalement coul\u00e9 en place en horizontal et en vertical, les \u00e9quipes disposent d\u2019une pompe sur chenilles peu commune avec un d\u00e9bit de 30m3\/heure install\u00e9e dans le porche c\u00f4t\u00e9 avenue de la Grande Arm\u00e9e. Plus de 200 m de tuyaux sont achemin\u00e9s via des tr\u00e9mies pour permettre aux \u00e9quipes de desservir l\u2019ensemble de l\u2019ouvrage.<\/p>\n<p>Dans un premier temps, l\u2019immeuble a \u00e9t\u00e9 totalement d\u00e9shabill\u00e9 en int\u00e9rieur et en ext\u00e9rieur pour \u00eatre d\u00e9samiant\u00e9 et cur\u00e9 avant que les \u00e9quipes de Spie batignolles ile-de-france interviennent pour lancer les travaux de d\u00e9molition. Ils ont concern\u00e9 un volume de 1 500 m3 et une surface de 1 200 m\u00b2. Pr\u00e8s de 50 % des planchers ont ainsi \u00e9t\u00e9 d\u00e9molis. Le programme pr\u00e9voit la r\u00e9alisation de deux niveaux de sous-sol suppl\u00e9mentaires. Les nouveaux sous-sols accueilleront des locaux techniques, un auditorium, des all\u00e9es techniques, un espace de restauration et une salle de fitness.<\/p>\n<p>Pour inscrire l\u2019op\u00e9ration dans les exigences de plusieurs certifications environnementales, plusieurs choix raisonn\u00e9s ont \u00e9t\u00e9 faits pour rentrer dans le budget carbone d\u00e9fini dans le cahier des charges du client :<br \/>\n\u2013 Le poids carbone de la partie R\u00e9habilitation affiche une r\u00e9duction d\u2019\u00e9missions de CO2 comprise entre -20 et -30 % par rapport aux exigences du Label BBCA R\u00e9novation (2018).<br \/>\n\u2013 Tous les mat\u00e9riaux \u00e9vacu\u00e9s sont envoy\u00e9s sur une plateforme de valorisation avec un objectif de 100 % de gravats valoris\u00e9s et 80 % concernant les autres d\u00e9chets du chantier.<br \/>\n\u2013 2 500 m\u00b2 de faux plancher r\u00e9alis\u00e9s sur cette op\u00e9ration seront issus d\u2019un r\u00e9emploi ext\u00e9rieur.<br \/>\n\u2013 5 500 m\u00b2 des planchers d\u2019origine sont conserv\u00e9s.<br \/>\n\u2013 L\u2019int\u00e9gralit\u00e9 des 2 500 m3 de b\u00e9ton employ\u00e9 dans le cadre de la r\u00e9habilitation de ce programme immobilier est du b\u00e9ton 100 % bas carbone, affichant un bilan carbone de 160 kg \u00e9quivalent CO2 \/ m\u00b2 de b\u00e9ton utilis\u00e9. Il est compos\u00e9 de ciment en CEMIII avec 36% de laitier et est fourni depuis une centrale Unib\u00e9ton situ\u00e9e \u00e0 Clichy.<\/p>\n<p>Ma\u00eetre d\u2019ouvrage : SNC du 49\/51 avenue de la Grande Arm\u00e9e<br \/>\nAMO : THEOP Architecte : DTACC<br \/>\nEntreprise g\u00e9n\u00e9rale : Spie batignolles ile-de-france<br \/>\nBET structure : Somete<br \/>\nBET Fluides : BETEC<br \/>\nBET Fa\u00e7ade : Eckersley O\u2019Callaghan<br \/>\nPaysagiste : Terabilis<br \/>\nMontant des travaux : 30.3 millions d\u2019euros HT<br \/>\nDur\u00e9e du chantier : 27 mois<br \/>\nLivraison : d\u00e9cembre 2025<\/p>\n<p>Photo : DTACC<\/p>\n","protected":false},"excerpt":{"rendered":"<p>En 2017, le groupe MADAR, via deux de ses entit\u00e9s Pardes Patrimoine et Forum Patrimoine, fait l\u2019acquisition d\u2019un immeuble aupr\u00e8s de Renault, situ\u00e9 au 49\/51 avenue de la Grande Arm\u00e9e dans le 16e arrondissement de Paris.D\u2019une surface de plancher de 8 701 m\u00b2 sur une emprise fonci\u00e8re de 1 950 m\u00b2, l\u2019ensemble acquis se compose [&hellip;]<\/p>\n","protected":false},"author":17,"featured_media":111408,"comment_status":"closed","ping_status":"closed","sticky":false,"template":"","format":"standard","meta":{"_et_pb_use_builder":"","_et_pb_old_content":"","_et_gb_content_width":"","footnotes":""},"categories":[10530,6340,10771,10775],"tags":[89],"class_list":["post-111407","post","type-post","status-publish","format-standard","has-post-thumbnail","hentry","category-actualites","category-architecture-conception","category-5facades","category-actualites-5facades","tag-rehabilitation"],"yoast_head":"<!-- This site is optimized with the Yoast SEO plugin v27.4 - https:\/\/yoast.com\/product\/yoast-seo-wordpress\/ -->\n<title>Dans le 16e arrondissement de Paris, r\u00e9habilitation remarquable de trois b\u00e2timents enclav\u00e9s<\/title>\n<meta name=\"robots\" content=\"index, follow, max-snippet:-1, max-image-preview:large, max-video-preview:-1\" \/>\n<link rel=\"canonical\" href=\"https:\/\/batijournal.com\/index.php\/dans-le-16e-arrondissement-de-paris-rehabilitation-remarquable-de-trois-batiments-enclaves\/111407\/\" \/>\n<meta property=\"og:locale\" content=\"fr_FR\" \/>\n<meta property=\"og:type\" content=\"article\" \/>\n<meta property=\"og:title\" content=\"Dans le 16e arrondissement de Paris, r\u00e9habilitation remarquable de trois b\u00e2timents enclav\u00e9s\" \/>\n<meta property=\"og:description\" content=\"En 2017, le groupe MADAR, via deux de ses entit\u00e9s Pardes Patrimoine et Forum Patrimoine, fait l\u2019acquisition d\u2019un immeuble aupr\u00e8s de Renault, situ\u00e9 au 49\/51 avenue de la Grande Arm\u00e9e dans le 16e arrondissement de Paris.D\u2019une surface de plancher de 8 701 m\u00b2 sur une emprise fonci\u00e8re de 1 950 m\u00b2, l\u2019ensemble acquis se compose [&hellip;]\" \/>\n<meta property=\"og:url\" content=\"https:\/\/batijournal.com\/index.php\/dans-le-16e-arrondissement-de-paris-rehabilitation-remarquable-de-trois-batiments-enclaves\/111407\/\" \/>\n<meta property=\"og:site_name\" content=\"Batijournal\" \/>\n<meta property=\"article:published_time\" content=\"2025-01-10T09:22:40+00:00\" \/>\n<meta property=\"og:image\" content=\"https:\/\/batijournal.com\/wp-content\/uploads\/2025\/01\/51-GRANDE-ARMEE_PROJET-DTACC_03-1.jpg\" \/>\n\t<meta property=\"og:image:width\" content=\"1800\" \/>\n\t<meta property=\"og:image:height\" content=\"1013\" \/>\n\t<meta property=\"og:image:type\" content=\"image\/jpeg\" \/>\n<meta name=\"author\" content=\"St\u00e9phane Miget\" \/>\n<meta name=\"twitter:card\" content=\"summary_large_image\" \/>\n<meta name=\"twitter:creator\" content=\"@bati_journal\" \/>\n<meta name=\"twitter:site\" content=\"@bati_journal\" \/>\n<meta name=\"twitter:label1\" content=\"\u00c9crit par\" \/>\n\t<meta name=\"twitter:data1\" content=\"St\u00e9phane Miget\" \/>\n\t<meta name=\"twitter:label2\" content=\"Dur\u00e9e de lecture estim\u00e9e\" \/>\n\t<meta name=\"twitter:data2\" content=\"4 minutes\" \/>\n<script type=\"application\/ld+json\" class=\"yoast-schema-graph\">{\"@context\":\"https:\\\/\\\/schema.org\",\"@graph\":[{\"@type\":\"Article\",\"@id\":\"https:\\\/\\\/batijournal.com\\\/index.php\\\/dans-le-16e-arrondissement-de-paris-rehabilitation-remarquable-de-trois-batiments-enclaves\\\/111407\\\/#article\",\"isPartOf\":{\"@id\":\"https:\\\/\\\/batijournal.com\\\/index.php\\\/dans-le-16e-arrondissement-de-paris-rehabilitation-remarquable-de-trois-batiments-enclaves\\\/111407\\\/\"},\"author\":{\"name\":\"St\u00e9phane Miget\",\"@id\":\"https:\\\/\\\/batijournal.com\\\/#\\\/schema\\\/person\\\/1dc96ec6957aa1ccb25ebe78bb19f100\"},\"headline\":\"Dans le 16e arrondissement de Paris, r\u00e9habilitation remarquable de trois b\u00e2timents enclav\u00e9s\",\"datePublished\":\"2025-01-10T09:22:40+00:00\",\"mainEntityOfPage\":{\"@id\":\"https:\\\/\\\/batijournal.com\\\/index.php\\\/dans-le-16e-arrondissement-de-paris-rehabilitation-remarquable-de-trois-batiments-enclaves\\\/111407\\\/\"},\"wordCount\":905,\"image\":{\"@id\":\"https:\\\/\\\/batijournal.com\\\/index.php\\\/dans-le-16e-arrondissement-de-paris-rehabilitation-remarquable-de-trois-batiments-enclaves\\\/111407\\\/#primaryimage\"},\"thumbnailUrl\":\"https:\\\/\\\/batijournal.com\\\/wp-content\\\/uploads\\\/2025\\\/01\\\/51-GRANDE-ARMEE_PROJET-DTACC_03-1.jpg\",\"keywords\":[\"r\u00e9habilitation\"],\"articleSection\":[\"Actualit\u00e9s\",\"Architecture &amp; Conception\",\"zz_5fa\u00e7ades\",\"zz_Actualit\u00e9s - 5fa\u00e7ades\"],\"inLanguage\":\"fr-FR\"},{\"@type\":\"WebPage\",\"@id\":\"https:\\\/\\\/batijournal.com\\\/index.php\\\/dans-le-16e-arrondissement-de-paris-rehabilitation-remarquable-de-trois-batiments-enclaves\\\/111407\\\/\",\"url\":\"https:\\\/\\\/batijournal.com\\\/index.php\\\/dans-le-16e-arrondissement-de-paris-rehabilitation-remarquable-de-trois-batiments-enclaves\\\/111407\\\/\",\"name\":\"Dans le 16e arrondissement de Paris, r\u00e9habilitation remarquable de trois b\u00e2timents enclav\u00e9s\",\"isPartOf\":{\"@id\":\"https:\\\/\\\/batijournal.com\\\/#website\"},\"primaryImageOfPage\":{\"@id\":\"https:\\\/\\\/batijournal.com\\\/index.php\\\/dans-le-16e-arrondissement-de-paris-rehabilitation-remarquable-de-trois-batiments-enclaves\\\/111407\\\/#primaryimage\"},\"image\":{\"@id\":\"https:\\\/\\\/batijournal.com\\\/index.php\\\/dans-le-16e-arrondissement-de-paris-rehabilitation-remarquable-de-trois-batiments-enclaves\\\/111407\\\/#primaryimage\"},\"thumbnailUrl\":\"https:\\\/\\\/batijournal.com\\\/wp-content\\\/uploads\\\/2025\\\/01\\\/51-GRANDE-ARMEE_PROJET-DTACC_03-1.jpg\",\"datePublished\":\"2025-01-10T09:22:40+00:00\",\"author\":{\"@id\":\"https:\\\/\\\/batijournal.com\\\/#\\\/schema\\\/person\\\/1dc96ec6957aa1ccb25ebe78bb19f100\"},\"breadcrumb\":{\"@id\":\"https:\\\/\\\/batijournal.com\\\/index.php\\\/dans-le-16e-arrondissement-de-paris-rehabilitation-remarquable-de-trois-batiments-enclaves\\\/111407\\\/#breadcrumb\"},\"inLanguage\":\"fr-FR\",\"potentialAction\":[{\"@type\":\"ReadAction\",\"target\":[\"https:\\\/\\\/batijournal.com\\\/index.php\\\/dans-le-16e-arrondissement-de-paris-rehabilitation-remarquable-de-trois-batiments-enclaves\\\/111407\\\/\"]}]},{\"@type\":\"ImageObject\",\"inLanguage\":\"fr-FR\",\"@id\":\"https:\\\/\\\/batijournal.com\\\/index.php\\\/dans-le-16e-arrondissement-de-paris-rehabilitation-remarquable-de-trois-batiments-enclaves\\\/111407\\\/#primaryimage\",\"url\":\"https:\\\/\\\/batijournal.com\\\/wp-content\\\/uploads\\\/2025\\\/01\\\/51-GRANDE-ARMEE_PROJET-DTACC_03-1.jpg\",\"contentUrl\":\"https:\\\/\\\/batijournal.com\\\/wp-content\\\/uploads\\\/2025\\\/01\\\/51-GRANDE-ARMEE_PROJET-DTACC_03-1.jpg\",\"width\":1800,\"height\":1013},{\"@type\":\"BreadcrumbList\",\"@id\":\"https:\\\/\\\/batijournal.com\\\/index.php\\\/dans-le-16e-arrondissement-de-paris-rehabilitation-remarquable-de-trois-batiments-enclaves\\\/111407\\\/#breadcrumb\",\"itemListElement\":[{\"@type\":\"ListItem\",\"position\":1,\"name\":\"Accueil\",\"item\":\"https:\\\/\\\/batijournal.com\\\/\"},{\"@type\":\"ListItem\",\"position\":2,\"name\":\"Actualit\u00e9s\",\"item\":\"https:\\\/\\\/batijournal.com\\\/index.php\\\/category\\\/actualites\\\/\"},{\"@type\":\"ListItem\",\"position\":3,\"name\":\"Dans le 16e arrondissement de Paris, r\u00e9habilitation remarquable de trois b\u00e2timents enclav\u00e9s\"}]},{\"@type\":\"WebSite\",\"@id\":\"https:\\\/\\\/batijournal.com\\\/#website\",\"url\":\"https:\\\/\\\/batijournal.com\\\/\",\"name\":\"Batijournal\",\"description\":\"L&#039;actualit\u00e9 du b\u00e2timent\",\"potentialAction\":[{\"@type\":\"SearchAction\",\"target\":{\"@type\":\"EntryPoint\",\"urlTemplate\":\"https:\\\/\\\/batijournal.com\\\/?s={search_term_string}\"},\"query-input\":{\"@type\":\"PropertyValueSpecification\",\"valueRequired\":true,\"valueName\":\"search_term_string\"}}],\"inLanguage\":\"fr-FR\"},{\"@type\":\"Person\",\"@id\":\"https:\\\/\\\/batijournal.com\\\/#\\\/schema\\\/person\\\/1dc96ec6957aa1ccb25ebe78bb19f100\",\"name\":\"St\u00e9phane Miget\",\"image\":{\"@type\":\"ImageObject\",\"inLanguage\":\"fr-FR\",\"@id\":\"https:\\\/\\\/secure.gravatar.com\\\/avatar\\\/89915563d925342126b8ef0281b93d9d7fc337043e8df017f780908eb9644451?s=96&d=mm&r=g\",\"url\":\"https:\\\/\\\/secure.gravatar.com\\\/avatar\\\/89915563d925342126b8ef0281b93d9d7fc337043e8df017f780908eb9644451?s=96&d=mm&r=g\",\"contentUrl\":\"https:\\\/\\\/secure.gravatar.com\\\/avatar\\\/89915563d925342126b8ef0281b93d9d7fc337043e8df017f780908eb9644451?s=96&d=mm&r=g\",\"caption\":\"St\u00e9phane Miget\"},\"url\":\"https:\\\/\\\/batijournal.com\\\/index.php\\\/author\\\/stephane\\\/\"}]}<\/script>\n<!-- \/ Yoast SEO plugin. -->","yoast_head_json":{"title":"Dans le 16e arrondissement de Paris, r\u00e9habilitation remarquable de trois b\u00e2timents enclav\u00e9s","robots":{"index":"index","follow":"follow","max-snippet":"max-snippet:-1","max-image-preview":"max-image-preview:large","max-video-preview":"max-video-preview:-1"},"canonical":"https:\/\/batijournal.com\/index.php\/dans-le-16e-arrondissement-de-paris-rehabilitation-remarquable-de-trois-batiments-enclaves\/111407\/","og_locale":"fr_FR","og_type":"article","og_title":"Dans le 16e arrondissement de Paris, r\u00e9habilitation remarquable de trois b\u00e2timents enclav\u00e9s","og_description":"En 2017, le groupe MADAR, via deux de ses entit\u00e9s Pardes Patrimoine et Forum Patrimoine, fait l\u2019acquisition d\u2019un immeuble aupr\u00e8s de Renault, situ\u00e9 au 49\/51 avenue de la Grande Arm\u00e9e dans le 16e arrondissement de Paris.D\u2019une surface de plancher de 8 701 m\u00b2 sur une emprise fonci\u00e8re de 1 950 m\u00b2, l\u2019ensemble acquis se compose [&hellip;]","og_url":"https:\/\/batijournal.com\/index.php\/dans-le-16e-arrondissement-de-paris-rehabilitation-remarquable-de-trois-batiments-enclaves\/111407\/","og_site_name":"Batijournal","article_published_time":"2025-01-10T09:22:40+00:00","og_image":[{"width":1800,"height":1013,"url":"https:\/\/batijournal.com\/wp-content\/uploads\/2025\/01\/51-GRANDE-ARMEE_PROJET-DTACC_03-1.jpg","type":"image\/jpeg"}],"author":"St\u00e9phane Miget","twitter_card":"summary_large_image","twitter_creator":"@bati_journal","twitter_site":"@bati_journal","twitter_misc":{"\u00c9crit par":"St\u00e9phane Miget","Dur\u00e9e de lecture estim\u00e9e":"4 minutes"},"schema":{"@context":"https:\/\/schema.org","@graph":[{"@type":"Article","@id":"https:\/\/batijournal.com\/index.php\/dans-le-16e-arrondissement-de-paris-rehabilitation-remarquable-de-trois-batiments-enclaves\/111407\/#article","isPartOf":{"@id":"https:\/\/batijournal.com\/index.php\/dans-le-16e-arrondissement-de-paris-rehabilitation-remarquable-de-trois-batiments-enclaves\/111407\/"},"author":{"name":"St\u00e9phane Miget","@id":"https:\/\/batijournal.com\/#\/schema\/person\/1dc96ec6957aa1ccb25ebe78bb19f100"},"headline":"Dans le 16e arrondissement de Paris, r\u00e9habilitation remarquable de trois b\u00e2timents enclav\u00e9s","datePublished":"2025-01-10T09:22:40+00:00","mainEntityOfPage":{"@id":"https:\/\/batijournal.com\/index.php\/dans-le-16e-arrondissement-de-paris-rehabilitation-remarquable-de-trois-batiments-enclaves\/111407\/"},"wordCount":905,"image":{"@id":"https:\/\/batijournal.com\/index.php\/dans-le-16e-arrondissement-de-paris-rehabilitation-remarquable-de-trois-batiments-enclaves\/111407\/#primaryimage"},"thumbnailUrl":"https:\/\/batijournal.com\/wp-content\/uploads\/2025\/01\/51-GRANDE-ARMEE_PROJET-DTACC_03-1.jpg","keywords":["r\u00e9habilitation"],"articleSection":["Actualit\u00e9s","Architecture &amp; Conception","zz_5fa\u00e7ades","zz_Actualit\u00e9s - 5fa\u00e7ades"],"inLanguage":"fr-FR"},{"@type":"WebPage","@id":"https:\/\/batijournal.com\/index.php\/dans-le-16e-arrondissement-de-paris-rehabilitation-remarquable-de-trois-batiments-enclaves\/111407\/","url":"https:\/\/batijournal.com\/index.php\/dans-le-16e-arrondissement-de-paris-rehabilitation-remarquable-de-trois-batiments-enclaves\/111407\/","name":"Dans le 16e arrondissement de Paris, r\u00e9habilitation remarquable de trois b\u00e2timents enclav\u00e9s","isPartOf":{"@id":"https:\/\/batijournal.com\/#website"},"primaryImageOfPage":{"@id":"https:\/\/batijournal.com\/index.php\/dans-le-16e-arrondissement-de-paris-rehabilitation-remarquable-de-trois-batiments-enclaves\/111407\/#primaryimage"},"image":{"@id":"https:\/\/batijournal.com\/index.php\/dans-le-16e-arrondissement-de-paris-rehabilitation-remarquable-de-trois-batiments-enclaves\/111407\/#primaryimage"},"thumbnailUrl":"https:\/\/batijournal.com\/wp-content\/uploads\/2025\/01\/51-GRANDE-ARMEE_PROJET-DTACC_03-1.jpg","datePublished":"2025-01-10T09:22:40+00:00","author":{"@id":"https:\/\/batijournal.com\/#\/schema\/person\/1dc96ec6957aa1ccb25ebe78bb19f100"},"breadcrumb":{"@id":"https:\/\/batijournal.com\/index.php\/dans-le-16e-arrondissement-de-paris-rehabilitation-remarquable-de-trois-batiments-enclaves\/111407\/#breadcrumb"},"inLanguage":"fr-FR","potentialAction":[{"@type":"ReadAction","target":["https:\/\/batijournal.com\/index.php\/dans-le-16e-arrondissement-de-paris-rehabilitation-remarquable-de-trois-batiments-enclaves\/111407\/"]}]},{"@type":"ImageObject","inLanguage":"fr-FR","@id":"https:\/\/batijournal.com\/index.php\/dans-le-16e-arrondissement-de-paris-rehabilitation-remarquable-de-trois-batiments-enclaves\/111407\/#primaryimage","url":"https:\/\/batijournal.com\/wp-content\/uploads\/2025\/01\/51-GRANDE-ARMEE_PROJET-DTACC_03-1.jpg","contentUrl":"https:\/\/batijournal.com\/wp-content\/uploads\/2025\/01\/51-GRANDE-ARMEE_PROJET-DTACC_03-1.jpg","width":1800,"height":1013},{"@type":"BreadcrumbList","@id":"https:\/\/batijournal.com\/index.php\/dans-le-16e-arrondissement-de-paris-rehabilitation-remarquable-de-trois-batiments-enclaves\/111407\/#breadcrumb","itemListElement":[{"@type":"ListItem","position":1,"name":"Accueil","item":"https:\/\/batijournal.com\/"},{"@type":"ListItem","position":2,"name":"Actualit\u00e9s","item":"https:\/\/batijournal.com\/index.php\/category\/actualites\/"},{"@type":"ListItem","position":3,"name":"Dans le 16e arrondissement de Paris, r\u00e9habilitation remarquable de trois b\u00e2timents enclav\u00e9s"}]},{"@type":"WebSite","@id":"https:\/\/batijournal.com\/#website","url":"https:\/\/batijournal.com\/","name":"Batijournal","description":"L&#039;actualit\u00e9 du b\u00e2timent","potentialAction":[{"@type":"SearchAction","target":{"@type":"EntryPoint","urlTemplate":"https:\/\/batijournal.com\/?s={search_term_string}"},"query-input":{"@type":"PropertyValueSpecification","valueRequired":true,"valueName":"search_term_string"}}],"inLanguage":"fr-FR"},{"@type":"Person","@id":"https:\/\/batijournal.com\/#\/schema\/person\/1dc96ec6957aa1ccb25ebe78bb19f100","name":"St\u00e9phane Miget","image":{"@type":"ImageObject","inLanguage":"fr-FR","@id":"https:\/\/secure.gravatar.com\/avatar\/89915563d925342126b8ef0281b93d9d7fc337043e8df017f780908eb9644451?s=96&d=mm&r=g","url":"https:\/\/secure.gravatar.com\/avatar\/89915563d925342126b8ef0281b93d9d7fc337043e8df017f780908eb9644451?s=96&d=mm&r=g","contentUrl":"https:\/\/secure.gravatar.com\/avatar\/89915563d925342126b8ef0281b93d9d7fc337043e8df017f780908eb9644451?s=96&d=mm&r=g","caption":"St\u00e9phane Miget"},"url":"https:\/\/batijournal.com\/index.php\/author\/stephane\/"}]}},"_links":{"self":[{"href":"https:\/\/batijournal.com\/index.php\/wp-json\/wp\/v2\/posts\/111407","targetHints":{"allow":["GET"]}}],"collection":[{"href":"https:\/\/batijournal.com\/index.php\/wp-json\/wp\/v2\/posts"}],"about":[{"href":"https:\/\/batijournal.com\/index.php\/wp-json\/wp\/v2\/types\/post"}],"author":[{"embeddable":true,"href":"https:\/\/batijournal.com\/index.php\/wp-json\/wp\/v2\/users\/17"}],"replies":[{"embeddable":true,"href":"https:\/\/batijournal.com\/index.php\/wp-json\/wp\/v2\/comments?post=111407"}],"version-history":[{"count":0,"href":"https:\/\/batijournal.com\/index.php\/wp-json\/wp\/v2\/posts\/111407\/revisions"}],"wp:featuredmedia":[{"embeddable":true,"href":"https:\/\/batijournal.com\/index.php\/wp-json\/wp\/v2\/media\/111408"}],"wp:attachment":[{"href":"https:\/\/batijournal.com\/index.php\/wp-json\/wp\/v2\/media?parent=111407"}],"wp:term":[{"taxonomy":"category","embeddable":true,"href":"https:\/\/batijournal.com\/index.php\/wp-json\/wp\/v2\/categories?post=111407"},{"taxonomy":"post_tag","embeddable":true,"href":"https:\/\/batijournal.com\/index.php\/wp-json\/wp\/v2\/tags?post=111407"}],"curies":[{"name":"wp","href":"https:\/\/api.w.org\/{rel}","templated":true}]}}