{"id":111460,"date":"2025-01-21T18:11:28","date_gmt":"2025-01-21T17:11:28","guid":{"rendered":"https:\/\/batijournal.com\/?p=111460"},"modified":"2025-01-21T18:11:28","modified_gmt":"2025-01-21T17:11:28","slug":"amir-reza-tofighi-succede-a-francois-asselin-a-la-tete-de-la-cpme","status":"publish","type":"post","link":"https:\/\/batijournal.com\/index.php\/amir-reza-tofighi-succede-a-francois-asselin-a-la-tete-de-la-cpme\/111460\/","title":{"rendered":"Amir Reza-Tofighi succ\u00e8de \u00e0 Fran\u00e7ois Asselin \u00e0 la t\u00eate de la CPME"},"content":{"rendered":"<p>Les adh\u00e9rents de la CPME, r\u00e9unis en Assembl\u00e9e g\u00e9n\u00e9rale \u00e9lective, ce mardi 21 janvier 2025, ont \u00e9lu Amir Reza-Tofighi comme nouveau Pr\u00e9sident. Chef d\u2019entreprise dans le secteur des services \u00e0 la personne et cr\u00e9ateur de plusieurs entreprises dans la tech, Amir Reza-Tofighi est le plus jeune dirigeant \u00e0 \u00eatre port\u00e9 \u00e0 la pr\u00e9sidence de la CPME, premi\u00e8re organisation patronale interprofessionnelle fran\u00e7aise en nombre d\u2019entreprises adh\u00e9rentes. Il succ\u00e8de \u00e0 Fran\u00e7ois Asselin, bien connu du monde du b\u00e2timent \u00e0 travers sa soci\u00e9t\u00e9 de restauration des monuments historiques qui s&rsquo;est illustr\u00e9e par la construction d&rsquo;une r\u00e9plique de l&rsquo;Hermione et plus r\u00e9cemment en intervenant sur la restauration de Notre-Dame de Paris. Fran\u00e7ois Asselin pr\u00e9sidait la CPME depuis le 21 janvier 2015 et avait inaugur\u00e9 son mandat par le d\u00e9ploiement d\u2019une strat\u00e9gie de renouveau de la Conf\u00e9d\u00e9ration. Il avait \u00e9t\u00e9 r\u00e9\u00e9lu pour un second mandat le 7 janvier 2020. Le nouveau pr\u00e9sident, Amir Reza-Tofighi est fils de r\u00e9fugi\u00e9s politiques iraniens, n\u00e9 en France en 1984. Dipl\u00f4m\u00e9 de Centrale Sup\u00e9lec et de HEC, il a co-fond\u00e9 \u00e0 l\u2019\u00e2ge de 21 ans Vitalliance, entreprise d\u2019aide \u00e0 domicile pour les personnes d\u00e9pendantes, dont il a pris la direction, seul, en 2014. L\u2019entreprise est devenue un acteur majeur du secteur. Il a \u00e9galement co-fond\u00e9 Heetch, plateforme de transport nocturne, et Click and Boat, site de location de bateaux entre particuliers, deux entreprises aujourd\u2019hui pr\u00e9sentes \u00e0 l\u2019international. En parall\u00e8le, il s\u2019est engag\u00e9 dans la d\u00e9fense de l\u2019entrepreneuriat. Il a pr\u00e9sid\u00e9 la F\u00e9d\u00e9ration fran\u00e7aise des services \u00e0 la personne et de proximit\u00e9 (F\u00e9d\u00e9sap) de 2016 \u00e0 2022. Apr\u00e8s avoir occup\u00e9 plusieurs mandats pour le compte de la CPME (Un\u00e9dic) il a \u00e9t\u00e9 nomm\u00e9 pr\u00e9sident de la commission Innovation, mandat au cours duquel il a notamment pilot\u00e9 un programme de d\u00e9ploiement de l\u2019IA dans les TPE-PME. Il si\u00e8ge, par ailleurs, au comit\u00e9 ex\u00e9cutif de la CPME nationale depuis 2019.<\/p>\n<p><em>\u00ab Je m\u2019engage \u00e0 porter chaque jour le combat des valeurs qui sont celles de notre Conf\u00e9d\u00e9ration : le travail, l\u2019effort, le m\u00e9rite, la responsabilisation et la prise de risques. Toutes ces valeurs qui font des entrepreneurs que nous sommes, les b\u00e2tisseurs de la nation. Je tiens \u00e9galement \u00e0 rendre hommage \u00e0 Fran\u00e7ois Asselin, dont l\u2019action et la vision ont permis de transformer profond\u00e9ment la CPME et de renforcer son influence. \u00bb<\/em> a d\u00e9clar\u00e9 Amir Reza-Tofighi.<\/p>\n<p>&nbsp;<\/p>\n","protected":false},"excerpt":{"rendered":"<p>Les adh\u00e9rents de la CPME, r\u00e9unis en Assembl\u00e9e g\u00e9n\u00e9rale \u00e9lective, ce mardi 21 janvier 2025, ont \u00e9lu Amir Reza-Tofighi comme nouveau Pr\u00e9sident. Chef d\u2019entreprise dans le secteur des services \u00e0 la personne et cr\u00e9ateur de plusieurs entreprises dans la tech, Amir Reza-Tofighi est le plus jeune dirigeant \u00e0 \u00eatre port\u00e9 \u00e0 la pr\u00e9sidence de la [&hellip;]<\/p>\n","protected":false},"author":17,"featured_media":111461,"comment_status":"closed","ping_status":"closed","sticky":false,"template":"","format":"standard","meta":{"_et_pb_use_builder":"","_et_pb_old_content":"","_et_gb_content_width":"","footnotes":""},"categories":[10736,10530,6362],"tags":[13306],"class_list":["post-111460","post","type-post","status-publish","format-standard","has-post-thumbnail","hentry","category-a-la-une","category-actualites","category-services-equipements","tag-cpme"],"yoast_head":"<!-- This site is optimized with the Yoast SEO plugin v27.4 - https:\/\/yoast.com\/product\/yoast-seo-wordpress\/ -->\n<title>Amir Reza-Tofighi succ\u00e8de \u00e0 Fran\u00e7ois Asselin \u00e0 la t\u00eate de la CPME<\/title>\n<meta name=\"robots\" content=\"index, follow, max-snippet:-1, max-image-preview:large, max-video-preview:-1\" \/>\n<link rel=\"canonical\" href=\"https:\/\/batijournal.com\/index.php\/amir-reza-tofighi-succede-a-francois-asselin-a-la-tete-de-la-cpme\/111460\/\" \/>\n<meta property=\"og:locale\" content=\"fr_FR\" \/>\n<meta property=\"og:type\" content=\"article\" \/>\n<meta property=\"og:title\" content=\"Amir Reza-Tofighi succ\u00e8de \u00e0 Fran\u00e7ois Asselin \u00e0 la t\u00eate de la CPME\" \/>\n<meta property=\"og:description\" content=\"Les adh\u00e9rents de la CPME, r\u00e9unis en Assembl\u00e9e g\u00e9n\u00e9rale \u00e9lective, ce mardi 21 janvier 2025, ont \u00e9lu Amir Reza-Tofighi comme nouveau Pr\u00e9sident. Chef d\u2019entreprise dans le secteur des services \u00e0 la personne et cr\u00e9ateur de plusieurs entreprises dans la tech, Amir Reza-Tofighi est le plus jeune dirigeant \u00e0 \u00eatre port\u00e9 \u00e0 la pr\u00e9sidence de la [&hellip;]\" \/>\n<meta property=\"og:url\" content=\"https:\/\/batijournal.com\/index.php\/amir-reza-tofighi-succede-a-francois-asselin-a-la-tete-de-la-cpme\/111460\/\" \/>\n<meta property=\"og:site_name\" content=\"Batijournal\" \/>\n<meta property=\"article:published_time\" content=\"2025-01-21T17:11:28+00:00\" \/>\n<meta property=\"og:image\" content=\"https:\/\/batijournal.com\/wp-content\/uploads\/2025\/01\/Amir-Reza-Tofighi-president-cpme.jpg\" \/>\n\t<meta property=\"og:image:width\" content=\"700\" \/>\n\t<meta property=\"og:image:height\" content=\"487\" \/>\n\t<meta property=\"og:image:type\" content=\"image\/jpeg\" \/>\n<meta name=\"author\" content=\"St\u00e9phane Miget\" \/>\n<meta name=\"twitter:card\" content=\"summary_large_image\" \/>\n<meta name=\"twitter:creator\" content=\"@bati_journal\" \/>\n<meta name=\"twitter:site\" content=\"@bati_journal\" \/>\n<meta name=\"twitter:label1\" content=\"\u00c9crit par\" \/>\n\t<meta name=\"twitter:data1\" content=\"St\u00e9phane Miget\" \/>\n\t<meta name=\"twitter:label2\" content=\"Dur\u00e9e de lecture estim\u00e9e\" \/>\n\t<meta name=\"twitter:data2\" content=\"2 minutes\" \/>\n<script type=\"application\/ld+json\" class=\"yoast-schema-graph\">{\"@context\":\"https:\\\/\\\/schema.org\",\"@graph\":[{\"@type\":\"Article\",\"@id\":\"https:\\\/\\\/batijournal.com\\\/index.php\\\/amir-reza-tofighi-succede-a-francois-asselin-a-la-tete-de-la-cpme\\\/111460\\\/#article\",\"isPartOf\":{\"@id\":\"https:\\\/\\\/batijournal.com\\\/index.php\\\/amir-reza-tofighi-succede-a-francois-asselin-a-la-tete-de-la-cpme\\\/111460\\\/\"},\"author\":{\"name\":\"St\u00e9phane Miget\",\"@id\":\"https:\\\/\\\/batijournal.com\\\/#\\\/schema\\\/person\\\/1dc96ec6957aa1ccb25ebe78bb19f100\"},\"headline\":\"Amir Reza-Tofighi succ\u00e8de \u00e0 Fran\u00e7ois Asselin \u00e0 la t\u00eate de la CPME\",\"datePublished\":\"2025-01-21T17:11:28+00:00\",\"mainEntityOfPage\":{\"@id\":\"https:\\\/\\\/batijournal.com\\\/index.php\\\/amir-reza-tofighi-succede-a-francois-asselin-a-la-tete-de-la-cpme\\\/111460\\\/\"},\"wordCount\":439,\"image\":{\"@id\":\"https:\\\/\\\/batijournal.com\\\/index.php\\\/amir-reza-tofighi-succede-a-francois-asselin-a-la-tete-de-la-cpme\\\/111460\\\/#primaryimage\"},\"thumbnailUrl\":\"https:\\\/\\\/batijournal.com\\\/wp-content\\\/uploads\\\/2025\\\/01\\\/Amir-Reza-Tofighi-president-cpme.jpg\",\"keywords\":[\"cpme\"],\"articleSection\":[\"A la Une\",\"Actualit\u00e9s\",\"Divers\"],\"inLanguage\":\"fr-FR\"},{\"@type\":\"WebPage\",\"@id\":\"https:\\\/\\\/batijournal.com\\\/index.php\\\/amir-reza-tofighi-succede-a-francois-asselin-a-la-tete-de-la-cpme\\\/111460\\\/\",\"url\":\"https:\\\/\\\/batijournal.com\\\/index.php\\\/amir-reza-tofighi-succede-a-francois-asselin-a-la-tete-de-la-cpme\\\/111460\\\/\",\"name\":\"Amir Reza-Tofighi succ\u00e8de \u00e0 Fran\u00e7ois Asselin \u00e0 la t\u00eate de la CPME\",\"isPartOf\":{\"@id\":\"https:\\\/\\\/batijournal.com\\\/#website\"},\"primaryImageOfPage\":{\"@id\":\"https:\\\/\\\/batijournal.com\\\/index.php\\\/amir-reza-tofighi-succede-a-francois-asselin-a-la-tete-de-la-cpme\\\/111460\\\/#primaryimage\"},\"image\":{\"@id\":\"https:\\\/\\\/batijournal.com\\\/index.php\\\/amir-reza-tofighi-succede-a-francois-asselin-a-la-tete-de-la-cpme\\\/111460\\\/#primaryimage\"},\"thumbnailUrl\":\"https:\\\/\\\/batijournal.com\\\/wp-content\\\/uploads\\\/2025\\\/01\\\/Amir-Reza-Tofighi-president-cpme.jpg\",\"datePublished\":\"2025-01-21T17:11:28+00:00\",\"author\":{\"@id\":\"https:\\\/\\\/batijournal.com\\\/#\\\/schema\\\/person\\\/1dc96ec6957aa1ccb25ebe78bb19f100\"},\"breadcrumb\":{\"@id\":\"https:\\\/\\\/batijournal.com\\\/index.php\\\/amir-reza-tofighi-succede-a-francois-asselin-a-la-tete-de-la-cpme\\\/111460\\\/#breadcrumb\"},\"inLanguage\":\"fr-FR\",\"potentialAction\":[{\"@type\":\"ReadAction\",\"target\":[\"https:\\\/\\\/batijournal.com\\\/index.php\\\/amir-reza-tofighi-succede-a-francois-asselin-a-la-tete-de-la-cpme\\\/111460\\\/\"]}]},{\"@type\":\"ImageObject\",\"inLanguage\":\"fr-FR\",\"@id\":\"https:\\\/\\\/batijournal.com\\\/index.php\\\/amir-reza-tofighi-succede-a-francois-asselin-a-la-tete-de-la-cpme\\\/111460\\\/#primaryimage\",\"url\":\"https:\\\/\\\/batijournal.com\\\/wp-content\\\/uploads\\\/2025\\\/01\\\/Amir-Reza-Tofighi-president-cpme.jpg\",\"contentUrl\":\"https:\\\/\\\/batijournal.com\\\/wp-content\\\/uploads\\\/2025\\\/01\\\/Amir-Reza-Tofighi-president-cpme.jpg\",\"width\":700,\"height\":487},{\"@type\":\"BreadcrumbList\",\"@id\":\"https:\\\/\\\/batijournal.com\\\/index.php\\\/amir-reza-tofighi-succede-a-francois-asselin-a-la-tete-de-la-cpme\\\/111460\\\/#breadcrumb\",\"itemListElement\":[{\"@type\":\"ListItem\",\"position\":1,\"name\":\"Accueil\",\"item\":\"https:\\\/\\\/batijournal.com\\\/\"},{\"@type\":\"ListItem\",\"position\":2,\"name\":\"A la Une\",\"item\":\"https:\\\/\\\/batijournal.com\\\/index.php\\\/category\\\/a-la-une\\\/\"},{\"@type\":\"ListItem\",\"position\":3,\"name\":\"Amir Reza-Tofighi succ\u00e8de \u00e0 Fran\u00e7ois Asselin \u00e0 la t\u00eate de la CPME\"}]},{\"@type\":\"WebSite\",\"@id\":\"https:\\\/\\\/batijournal.com\\\/#website\",\"url\":\"https:\\\/\\\/batijournal.com\\\/\",\"name\":\"Batijournal\",\"description\":\"L&#039;actualit\u00e9 du b\u00e2timent\",\"potentialAction\":[{\"@type\":\"SearchAction\",\"target\":{\"@type\":\"EntryPoint\",\"urlTemplate\":\"https:\\\/\\\/batijournal.com\\\/?s={search_term_string}\"},\"query-input\":{\"@type\":\"PropertyValueSpecification\",\"valueRequired\":true,\"valueName\":\"search_term_string\"}}],\"inLanguage\":\"fr-FR\"},{\"@type\":\"Person\",\"@id\":\"https:\\\/\\\/batijournal.com\\\/#\\\/schema\\\/person\\\/1dc96ec6957aa1ccb25ebe78bb19f100\",\"name\":\"St\u00e9phane Miget\",\"image\":{\"@type\":\"ImageObject\",\"inLanguage\":\"fr-FR\",\"@id\":\"https:\\\/\\\/secure.gravatar.com\\\/avatar\\\/89915563d925342126b8ef0281b93d9d7fc337043e8df017f780908eb9644451?s=96&d=mm&r=g\",\"url\":\"https:\\\/\\\/secure.gravatar.com\\\/avatar\\\/89915563d925342126b8ef0281b93d9d7fc337043e8df017f780908eb9644451?s=96&d=mm&r=g\",\"contentUrl\":\"https:\\\/\\\/secure.gravatar.com\\\/avatar\\\/89915563d925342126b8ef0281b93d9d7fc337043e8df017f780908eb9644451?s=96&d=mm&r=g\",\"caption\":\"St\u00e9phane Miget\"},\"url\":\"https:\\\/\\\/batijournal.com\\\/index.php\\\/author\\\/stephane\\\/\"}]}<\/script>\n<!-- \/ Yoast SEO plugin. -->","yoast_head_json":{"title":"Amir Reza-Tofighi succ\u00e8de \u00e0 Fran\u00e7ois Asselin \u00e0 la t\u00eate de la CPME","robots":{"index":"index","follow":"follow","max-snippet":"max-snippet:-1","max-image-preview":"max-image-preview:large","max-video-preview":"max-video-preview:-1"},"canonical":"https:\/\/batijournal.com\/index.php\/amir-reza-tofighi-succede-a-francois-asselin-a-la-tete-de-la-cpme\/111460\/","og_locale":"fr_FR","og_type":"article","og_title":"Amir Reza-Tofighi succ\u00e8de \u00e0 Fran\u00e7ois Asselin \u00e0 la t\u00eate de la CPME","og_description":"Les adh\u00e9rents de la CPME, r\u00e9unis en Assembl\u00e9e g\u00e9n\u00e9rale \u00e9lective, ce mardi 21 janvier 2025, ont \u00e9lu Amir Reza-Tofighi comme nouveau Pr\u00e9sident. Chef d\u2019entreprise dans le secteur des services \u00e0 la personne et cr\u00e9ateur de plusieurs entreprises dans la tech, Amir Reza-Tofighi est le plus jeune dirigeant \u00e0 \u00eatre port\u00e9 \u00e0 la pr\u00e9sidence de la [&hellip;]","og_url":"https:\/\/batijournal.com\/index.php\/amir-reza-tofighi-succede-a-francois-asselin-a-la-tete-de-la-cpme\/111460\/","og_site_name":"Batijournal","article_published_time":"2025-01-21T17:11:28+00:00","og_image":[{"width":700,"height":487,"url":"https:\/\/batijournal.com\/wp-content\/uploads\/2025\/01\/Amir-Reza-Tofighi-president-cpme.jpg","type":"image\/jpeg"}],"author":"St\u00e9phane Miget","twitter_card":"summary_large_image","twitter_creator":"@bati_journal","twitter_site":"@bati_journal","twitter_misc":{"\u00c9crit par":"St\u00e9phane Miget","Dur\u00e9e de lecture estim\u00e9e":"2 minutes"},"schema":{"@context":"https:\/\/schema.org","@graph":[{"@type":"Article","@id":"https:\/\/batijournal.com\/index.php\/amir-reza-tofighi-succede-a-francois-asselin-a-la-tete-de-la-cpme\/111460\/#article","isPartOf":{"@id":"https:\/\/batijournal.com\/index.php\/amir-reza-tofighi-succede-a-francois-asselin-a-la-tete-de-la-cpme\/111460\/"},"author":{"name":"St\u00e9phane Miget","@id":"https:\/\/batijournal.com\/#\/schema\/person\/1dc96ec6957aa1ccb25ebe78bb19f100"},"headline":"Amir Reza-Tofighi succ\u00e8de \u00e0 Fran\u00e7ois Asselin \u00e0 la t\u00eate de la CPME","datePublished":"2025-01-21T17:11:28+00:00","mainEntityOfPage":{"@id":"https:\/\/batijournal.com\/index.php\/amir-reza-tofighi-succede-a-francois-asselin-a-la-tete-de-la-cpme\/111460\/"},"wordCount":439,"image":{"@id":"https:\/\/batijournal.com\/index.php\/amir-reza-tofighi-succede-a-francois-asselin-a-la-tete-de-la-cpme\/111460\/#primaryimage"},"thumbnailUrl":"https:\/\/batijournal.com\/wp-content\/uploads\/2025\/01\/Amir-Reza-Tofighi-president-cpme.jpg","keywords":["cpme"],"articleSection":["A la Une","Actualit\u00e9s","Divers"],"inLanguage":"fr-FR"},{"@type":"WebPage","@id":"https:\/\/batijournal.com\/index.php\/amir-reza-tofighi-succede-a-francois-asselin-a-la-tete-de-la-cpme\/111460\/","url":"https:\/\/batijournal.com\/index.php\/amir-reza-tofighi-succede-a-francois-asselin-a-la-tete-de-la-cpme\/111460\/","name":"Amir Reza-Tofighi succ\u00e8de \u00e0 Fran\u00e7ois Asselin \u00e0 la t\u00eate de la CPME","isPartOf":{"@id":"https:\/\/batijournal.com\/#website"},"primaryImageOfPage":{"@id":"https:\/\/batijournal.com\/index.php\/amir-reza-tofighi-succede-a-francois-asselin-a-la-tete-de-la-cpme\/111460\/#primaryimage"},"image":{"@id":"https:\/\/batijournal.com\/index.php\/amir-reza-tofighi-succede-a-francois-asselin-a-la-tete-de-la-cpme\/111460\/#primaryimage"},"thumbnailUrl":"https:\/\/batijournal.com\/wp-content\/uploads\/2025\/01\/Amir-Reza-Tofighi-president-cpme.jpg","datePublished":"2025-01-21T17:11:28+00:00","author":{"@id":"https:\/\/batijournal.com\/#\/schema\/person\/1dc96ec6957aa1ccb25ebe78bb19f100"},"breadcrumb":{"@id":"https:\/\/batijournal.com\/index.php\/amir-reza-tofighi-succede-a-francois-asselin-a-la-tete-de-la-cpme\/111460\/#breadcrumb"},"inLanguage":"fr-FR","potentialAction":[{"@type":"ReadAction","target":["https:\/\/batijournal.com\/index.php\/amir-reza-tofighi-succede-a-francois-asselin-a-la-tete-de-la-cpme\/111460\/"]}]},{"@type":"ImageObject","inLanguage":"fr-FR","@id":"https:\/\/batijournal.com\/index.php\/amir-reza-tofighi-succede-a-francois-asselin-a-la-tete-de-la-cpme\/111460\/#primaryimage","url":"https:\/\/batijournal.com\/wp-content\/uploads\/2025\/01\/Amir-Reza-Tofighi-president-cpme.jpg","contentUrl":"https:\/\/batijournal.com\/wp-content\/uploads\/2025\/01\/Amir-Reza-Tofighi-president-cpme.jpg","width":700,"height":487},{"@type":"BreadcrumbList","@id":"https:\/\/batijournal.com\/index.php\/amir-reza-tofighi-succede-a-francois-asselin-a-la-tete-de-la-cpme\/111460\/#breadcrumb","itemListElement":[{"@type":"ListItem","position":1,"name":"Accueil","item":"https:\/\/batijournal.com\/"},{"@type":"ListItem","position":2,"name":"A la Une","item":"https:\/\/batijournal.com\/index.php\/category\/a-la-une\/"},{"@type":"ListItem","position":3,"name":"Amir Reza-Tofighi succ\u00e8de \u00e0 Fran\u00e7ois Asselin \u00e0 la t\u00eate de la CPME"}]},{"@type":"WebSite","@id":"https:\/\/batijournal.com\/#website","url":"https:\/\/batijournal.com\/","name":"Batijournal","description":"L&#039;actualit\u00e9 du b\u00e2timent","potentialAction":[{"@type":"SearchAction","target":{"@type":"EntryPoint","urlTemplate":"https:\/\/batijournal.com\/?s={search_term_string}"},"query-input":{"@type":"PropertyValueSpecification","valueRequired":true,"valueName":"search_term_string"}}],"inLanguage":"fr-FR"},{"@type":"Person","@id":"https:\/\/batijournal.com\/#\/schema\/person\/1dc96ec6957aa1ccb25ebe78bb19f100","name":"St\u00e9phane Miget","image":{"@type":"ImageObject","inLanguage":"fr-FR","@id":"https:\/\/secure.gravatar.com\/avatar\/89915563d925342126b8ef0281b93d9d7fc337043e8df017f780908eb9644451?s=96&d=mm&r=g","url":"https:\/\/secure.gravatar.com\/avatar\/89915563d925342126b8ef0281b93d9d7fc337043e8df017f780908eb9644451?s=96&d=mm&r=g","contentUrl":"https:\/\/secure.gravatar.com\/avatar\/89915563d925342126b8ef0281b93d9d7fc337043e8df017f780908eb9644451?s=96&d=mm&r=g","caption":"St\u00e9phane Miget"},"url":"https:\/\/batijournal.com\/index.php\/author\/stephane\/"}]}},"_links":{"self":[{"href":"https:\/\/batijournal.com\/index.php\/wp-json\/wp\/v2\/posts\/111460","targetHints":{"allow":["GET"]}}],"collection":[{"href":"https:\/\/batijournal.com\/index.php\/wp-json\/wp\/v2\/posts"}],"about":[{"href":"https:\/\/batijournal.com\/index.php\/wp-json\/wp\/v2\/types\/post"}],"author":[{"embeddable":true,"href":"https:\/\/batijournal.com\/index.php\/wp-json\/wp\/v2\/users\/17"}],"replies":[{"embeddable":true,"href":"https:\/\/batijournal.com\/index.php\/wp-json\/wp\/v2\/comments?post=111460"}],"version-history":[{"count":0,"href":"https:\/\/batijournal.com\/index.php\/wp-json\/wp\/v2\/posts\/111460\/revisions"}],"wp:featuredmedia":[{"embeddable":true,"href":"https:\/\/batijournal.com\/index.php\/wp-json\/wp\/v2\/media\/111461"}],"wp:attachment":[{"href":"https:\/\/batijournal.com\/index.php\/wp-json\/wp\/v2\/media?parent=111460"}],"wp:term":[{"taxonomy":"category","embeddable":true,"href":"https:\/\/batijournal.com\/index.php\/wp-json\/wp\/v2\/categories?post=111460"},{"taxonomy":"post_tag","embeddable":true,"href":"https:\/\/batijournal.com\/index.php\/wp-json\/wp\/v2\/tags?post=111460"}],"curies":[{"name":"wp","href":"https:\/\/api.w.org\/{rel}","templated":true}]}}