{"id":111475,"date":"2025-01-27T14:56:28","date_gmt":"2025-01-27T13:56:28","guid":{"rendered":"https:\/\/batijournal.com\/?p=111475"},"modified":"2025-01-27T14:56:28","modified_gmt":"2025-01-27T13:56:28","slug":"les-tpe-sont-pessimistes-et-nont-plus-confiance","status":"publish","type":"post","link":"https:\/\/batijournal.com\/index.php\/les-tpe-sont-pessimistes-et-nont-plus-confiance\/111475\/","title":{"rendered":"Les TPE sont pessimistes et n&rsquo;ont plus confiance"},"content":{"rendered":"<p>La 78e vague du barom\u00e8tre des TPE, men\u00e9e par l&rsquo;Ifop pour Fiducial aupr\u00e8s de 1 000 dirigeants entre le 9 d\u00e9cembre 2024 et le 3 janvier 2024 affiche un niveau de pessimisme rarement vu. Le niveau de confiance envers les mesures \u00e9conomiques annonc\u00e9es ou mises en place par Emmanuel Macron et son gouvernement chute \u00e0 17% (-14 points), au dernier trimestre 2024. Seuls 3% des interview\u00e9s d\u00e9clarent avoir \u00ab tout \u00e0 fait confiance \u00bb alors qu\u2019en miroir, parmi les dirigeants d\u00e9clarant ne pas avoir confiance (83%), 60% n\u2019ont \u00ab pas du tout confiance \u00bb. L\u2019enqu\u00eate a d\u00e9marr\u00e9 apr\u00e8s le renversement du gouvernement de Michel Barnier et s\u2019est achev\u00e9e apr\u00e8s la nomination de Fran\u00e7ois Bayrou au poste de Premier ministre. Si son niveau reste faible, la confiance t\u00e9moign\u00e9e par les dirigeants de TPE est plus \u00e9lev\u00e9e apr\u00e8s la nomination de Fran\u00e7ois Bayrou (20%) que lors de la p\u00e9riode d\u2019entre-deux sans Premier ministre (13%). Pour autant, le score global de confiance est le plus faible mesur\u00e9 depuis le d\u00e9but de la pr\u00e9sidence Macron et il faut remonter aux gouvernements Cazeneuve et Valls sous Hollande pour trouver des niveaux de confiance similaires. En parall\u00e8le du recul marqu\u00e9 sur la confiance, le niveau d\u2019optimisme vis-\u00e0-vis du climat g\u00e9n\u00e9ral des affaires \u2013 toujours traditionnellement peu \u00e9lev\u00e9 \u2013 recule encore de 7 points pour s\u2019\u00e9tablir \u00e0 15%, soit un des niveaux les plus bas depuis le d\u00e9but de la mesure, un pr\u00e9c\u00e9dent record n\u00e9gatif ayant \u00e9t\u00e9 observ\u00e9 au dernier trimestre 2014 (12%). L\u2019optimisme pour sa propre activit\u00e9 \u2013 bien que traditionnellement plus \u00e9lev\u00e9 \u2013 connait la m\u00eame dynamique avec un recul de 8 points pour s\u2019\u00e9tablir \u00e0 44%, soit un score bien en de\u00e7\u00e0 de la moyenne de ceux enregistr\u00e9s depuis le d\u00e9but de la mesure (52%). En parall\u00e8le de recul marqu\u00e9 de l\u2019optimisme \u2013 pour le climat g\u00e9n\u00e9ral des affaires comme pour sa propre activit\u00e9 \u2013 la part de TPE qui d\u00e9clare rencontrer des difficult\u00e9s financi\u00e8res passe \u00e0 46%, soit +10 points par rapport \u00e0 la pr\u00e9c\u00e9dente mesure, et le plus haut niveau observ\u00e9 depuis le d\u00e9but de la mesure en mars 2023. La part des entreprises en difficult\u00e9 financi\u00e8res tr\u00e8s ou assez importantes progresse \u00e9galement (23%, +5 points), mais l\u2019intensit\u00e9 des cons\u00e9quences semble pourtant continuer \u00e0 s\u2019infl\u00e9chir, puisque 37% pourraient \u00eatre contraintes de d\u00e9poser le bilan, soit 6 points de moins qu\u2019au troisi\u00e8me trimestre et 13 points de moins qu\u2019au second semestre.<\/p>\n","protected":false},"excerpt":{"rendered":"<p>La 78e vague du barom\u00e8tre des TPE, men\u00e9e par l&rsquo;Ifop pour Fiducial aupr\u00e8s de 1 000 dirigeants entre le 9 d\u00e9cembre 2024 et le 3 janvier 2024 affiche un niveau de pessimisme rarement vu. Le niveau de confiance envers les mesures \u00e9conomiques annonc\u00e9es ou mises en place par Emmanuel Macron et son gouvernement chute \u00e0 [&hellip;]<\/p>\n","protected":false},"author":17,"featured_media":111476,"comment_status":"closed","ping_status":"closed","sticky":false,"template":"","format":"standard","meta":{"_et_pb_use_builder":"","_et_pb_old_content":"","_et_gb_content_width":"","footnotes":""},"categories":[10736,10530,6345],"tags":[7317],"class_list":["post-111475","post","type-post","status-publish","format-standard","has-post-thumbnail","hentry","category-a-la-une","category-actualites","category-economie-marches","tag-tpe"],"yoast_head":"<!-- This site is optimized with the Yoast SEO plugin v27.4 - https:\/\/yoast.com\/product\/yoast-seo-wordpress\/ -->\n<title>Les TPE sont pessimistes et n&#039;ont plus confiance<\/title>\n<meta name=\"robots\" content=\"index, follow, max-snippet:-1, max-image-preview:large, max-video-preview:-1\" \/>\n<link rel=\"canonical\" href=\"https:\/\/batijournal.com\/index.php\/les-tpe-sont-pessimistes-et-nont-plus-confiance\/111475\/\" \/>\n<meta property=\"og:locale\" content=\"fr_FR\" \/>\n<meta property=\"og:type\" content=\"article\" \/>\n<meta property=\"og:title\" content=\"Les TPE sont pessimistes et n&#039;ont plus confiance\" \/>\n<meta property=\"og:description\" content=\"La 78e vague du barom\u00e8tre des TPE, men\u00e9e par l&rsquo;Ifop pour Fiducial aupr\u00e8s de 1 000 dirigeants entre le 9 d\u00e9cembre 2024 et le 3 janvier 2024 affiche un niveau de pessimisme rarement vu. Le niveau de confiance envers les mesures \u00e9conomiques annonc\u00e9es ou mises en place par Emmanuel Macron et son gouvernement chute \u00e0 [&hellip;]\" \/>\n<meta property=\"og:url\" content=\"https:\/\/batijournal.com\/index.php\/les-tpe-sont-pessimistes-et-nont-plus-confiance\/111475\/\" \/>\n<meta property=\"og:site_name\" content=\"Batijournal\" \/>\n<meta property=\"article:published_time\" content=\"2025-01-27T13:56:28+00:00\" \/>\n<meta property=\"og:image\" content=\"https:\/\/batijournal.com\/wp-content\/uploads\/2025\/01\/barometre-tpe.png\" \/>\n\t<meta property=\"og:image:width\" content=\"2774\" \/>\n\t<meta property=\"og:image:height\" content=\"966\" \/>\n\t<meta property=\"og:image:type\" content=\"image\/png\" \/>\n<meta name=\"author\" content=\"St\u00e9phane Miget\" \/>\n<meta name=\"twitter:card\" content=\"summary_large_image\" \/>\n<meta name=\"twitter:creator\" content=\"@bati_journal\" \/>\n<meta name=\"twitter:site\" content=\"@bati_journal\" \/>\n<meta name=\"twitter:label1\" content=\"\u00c9crit par\" \/>\n\t<meta name=\"twitter:data1\" content=\"St\u00e9phane Miget\" \/>\n\t<meta name=\"twitter:label2\" content=\"Dur\u00e9e de lecture estim\u00e9e\" \/>\n\t<meta name=\"twitter:data2\" content=\"2 minutes\" \/>\n<script type=\"application\/ld+json\" class=\"yoast-schema-graph\">{\"@context\":\"https:\\\/\\\/schema.org\",\"@graph\":[{\"@type\":\"Article\",\"@id\":\"https:\\\/\\\/batijournal.com\\\/index.php\\\/les-tpe-sont-pessimistes-et-nont-plus-confiance\\\/111475\\\/#article\",\"isPartOf\":{\"@id\":\"https:\\\/\\\/batijournal.com\\\/index.php\\\/les-tpe-sont-pessimistes-et-nont-plus-confiance\\\/111475\\\/\"},\"author\":{\"name\":\"St\u00e9phane Miget\",\"@id\":\"https:\\\/\\\/batijournal.com\\\/#\\\/schema\\\/person\\\/1dc96ec6957aa1ccb25ebe78bb19f100\"},\"headline\":\"Les TPE sont pessimistes et n&rsquo;ont plus confiance\",\"datePublished\":\"2025-01-27T13:56:28+00:00\",\"mainEntityOfPage\":{\"@id\":\"https:\\\/\\\/batijournal.com\\\/index.php\\\/les-tpe-sont-pessimistes-et-nont-plus-confiance\\\/111475\\\/\"},\"wordCount\":425,\"image\":{\"@id\":\"https:\\\/\\\/batijournal.com\\\/index.php\\\/les-tpe-sont-pessimistes-et-nont-plus-confiance\\\/111475\\\/#primaryimage\"},\"thumbnailUrl\":\"https:\\\/\\\/batijournal.com\\\/wp-content\\\/uploads\\\/2025\\\/01\\\/barometre-tpe.png\",\"keywords\":[\"tpe\"],\"articleSection\":[\"A la Une\",\"Actualit\u00e9s\",\"\u00c9conomie &amp; March\u00e9s\"],\"inLanguage\":\"fr-FR\"},{\"@type\":\"WebPage\",\"@id\":\"https:\\\/\\\/batijournal.com\\\/index.php\\\/les-tpe-sont-pessimistes-et-nont-plus-confiance\\\/111475\\\/\",\"url\":\"https:\\\/\\\/batijournal.com\\\/index.php\\\/les-tpe-sont-pessimistes-et-nont-plus-confiance\\\/111475\\\/\",\"name\":\"Les TPE sont pessimistes et n'ont plus confiance\",\"isPartOf\":{\"@id\":\"https:\\\/\\\/batijournal.com\\\/#website\"},\"primaryImageOfPage\":{\"@id\":\"https:\\\/\\\/batijournal.com\\\/index.php\\\/les-tpe-sont-pessimistes-et-nont-plus-confiance\\\/111475\\\/#primaryimage\"},\"image\":{\"@id\":\"https:\\\/\\\/batijournal.com\\\/index.php\\\/les-tpe-sont-pessimistes-et-nont-plus-confiance\\\/111475\\\/#primaryimage\"},\"thumbnailUrl\":\"https:\\\/\\\/batijournal.com\\\/wp-content\\\/uploads\\\/2025\\\/01\\\/barometre-tpe.png\",\"datePublished\":\"2025-01-27T13:56:28+00:00\",\"author\":{\"@id\":\"https:\\\/\\\/batijournal.com\\\/#\\\/schema\\\/person\\\/1dc96ec6957aa1ccb25ebe78bb19f100\"},\"breadcrumb\":{\"@id\":\"https:\\\/\\\/batijournal.com\\\/index.php\\\/les-tpe-sont-pessimistes-et-nont-plus-confiance\\\/111475\\\/#breadcrumb\"},\"inLanguage\":\"fr-FR\",\"potentialAction\":[{\"@type\":\"ReadAction\",\"target\":[\"https:\\\/\\\/batijournal.com\\\/index.php\\\/les-tpe-sont-pessimistes-et-nont-plus-confiance\\\/111475\\\/\"]}]},{\"@type\":\"ImageObject\",\"inLanguage\":\"fr-FR\",\"@id\":\"https:\\\/\\\/batijournal.com\\\/index.php\\\/les-tpe-sont-pessimistes-et-nont-plus-confiance\\\/111475\\\/#primaryimage\",\"url\":\"https:\\\/\\\/batijournal.com\\\/wp-content\\\/uploads\\\/2025\\\/01\\\/barometre-tpe.png\",\"contentUrl\":\"https:\\\/\\\/batijournal.com\\\/wp-content\\\/uploads\\\/2025\\\/01\\\/barometre-tpe.png\",\"width\":2774,\"height\":966},{\"@type\":\"BreadcrumbList\",\"@id\":\"https:\\\/\\\/batijournal.com\\\/index.php\\\/les-tpe-sont-pessimistes-et-nont-plus-confiance\\\/111475\\\/#breadcrumb\",\"itemListElement\":[{\"@type\":\"ListItem\",\"position\":1,\"name\":\"Accueil\",\"item\":\"https:\\\/\\\/batijournal.com\\\/\"},{\"@type\":\"ListItem\",\"position\":2,\"name\":\"A la Une\",\"item\":\"https:\\\/\\\/batijournal.com\\\/index.php\\\/category\\\/a-la-une\\\/\"},{\"@type\":\"ListItem\",\"position\":3,\"name\":\"Les TPE sont pessimistes et n&rsquo;ont plus confiance\"}]},{\"@type\":\"WebSite\",\"@id\":\"https:\\\/\\\/batijournal.com\\\/#website\",\"url\":\"https:\\\/\\\/batijournal.com\\\/\",\"name\":\"Batijournal\",\"description\":\"L&#039;actualit\u00e9 du b\u00e2timent\",\"potentialAction\":[{\"@type\":\"SearchAction\",\"target\":{\"@type\":\"EntryPoint\",\"urlTemplate\":\"https:\\\/\\\/batijournal.com\\\/?s={search_term_string}\"},\"query-input\":{\"@type\":\"PropertyValueSpecification\",\"valueRequired\":true,\"valueName\":\"search_term_string\"}}],\"inLanguage\":\"fr-FR\"},{\"@type\":\"Person\",\"@id\":\"https:\\\/\\\/batijournal.com\\\/#\\\/schema\\\/person\\\/1dc96ec6957aa1ccb25ebe78bb19f100\",\"name\":\"St\u00e9phane Miget\",\"image\":{\"@type\":\"ImageObject\",\"inLanguage\":\"fr-FR\",\"@id\":\"https:\\\/\\\/secure.gravatar.com\\\/avatar\\\/89915563d925342126b8ef0281b93d9d7fc337043e8df017f780908eb9644451?s=96&d=mm&r=g\",\"url\":\"https:\\\/\\\/secure.gravatar.com\\\/avatar\\\/89915563d925342126b8ef0281b93d9d7fc337043e8df017f780908eb9644451?s=96&d=mm&r=g\",\"contentUrl\":\"https:\\\/\\\/secure.gravatar.com\\\/avatar\\\/89915563d925342126b8ef0281b93d9d7fc337043e8df017f780908eb9644451?s=96&d=mm&r=g\",\"caption\":\"St\u00e9phane Miget\"},\"url\":\"https:\\\/\\\/batijournal.com\\\/index.php\\\/author\\\/stephane\\\/\"}]}<\/script>\n<!-- \/ Yoast SEO plugin. -->","yoast_head_json":{"title":"Les TPE sont pessimistes et n'ont plus confiance","robots":{"index":"index","follow":"follow","max-snippet":"max-snippet:-1","max-image-preview":"max-image-preview:large","max-video-preview":"max-video-preview:-1"},"canonical":"https:\/\/batijournal.com\/index.php\/les-tpe-sont-pessimistes-et-nont-plus-confiance\/111475\/","og_locale":"fr_FR","og_type":"article","og_title":"Les TPE sont pessimistes et n'ont plus confiance","og_description":"La 78e vague du barom\u00e8tre des TPE, men\u00e9e par l&rsquo;Ifop pour Fiducial aupr\u00e8s de 1 000 dirigeants entre le 9 d\u00e9cembre 2024 et le 3 janvier 2024 affiche un niveau de pessimisme rarement vu. Le niveau de confiance envers les mesures \u00e9conomiques annonc\u00e9es ou mises en place par Emmanuel Macron et son gouvernement chute \u00e0 [&hellip;]","og_url":"https:\/\/batijournal.com\/index.php\/les-tpe-sont-pessimistes-et-nont-plus-confiance\/111475\/","og_site_name":"Batijournal","article_published_time":"2025-01-27T13:56:28+00:00","og_image":[{"width":2774,"height":966,"url":"https:\/\/batijournal.com\/wp-content\/uploads\/2025\/01\/barometre-tpe.png","type":"image\/png"}],"author":"St\u00e9phane Miget","twitter_card":"summary_large_image","twitter_creator":"@bati_journal","twitter_site":"@bati_journal","twitter_misc":{"\u00c9crit par":"St\u00e9phane Miget","Dur\u00e9e de lecture estim\u00e9e":"2 minutes"},"schema":{"@context":"https:\/\/schema.org","@graph":[{"@type":"Article","@id":"https:\/\/batijournal.com\/index.php\/les-tpe-sont-pessimistes-et-nont-plus-confiance\/111475\/#article","isPartOf":{"@id":"https:\/\/batijournal.com\/index.php\/les-tpe-sont-pessimistes-et-nont-plus-confiance\/111475\/"},"author":{"name":"St\u00e9phane Miget","@id":"https:\/\/batijournal.com\/#\/schema\/person\/1dc96ec6957aa1ccb25ebe78bb19f100"},"headline":"Les TPE sont pessimistes et n&rsquo;ont plus confiance","datePublished":"2025-01-27T13:56:28+00:00","mainEntityOfPage":{"@id":"https:\/\/batijournal.com\/index.php\/les-tpe-sont-pessimistes-et-nont-plus-confiance\/111475\/"},"wordCount":425,"image":{"@id":"https:\/\/batijournal.com\/index.php\/les-tpe-sont-pessimistes-et-nont-plus-confiance\/111475\/#primaryimage"},"thumbnailUrl":"https:\/\/batijournal.com\/wp-content\/uploads\/2025\/01\/barometre-tpe.png","keywords":["tpe"],"articleSection":["A la Une","Actualit\u00e9s","\u00c9conomie &amp; March\u00e9s"],"inLanguage":"fr-FR"},{"@type":"WebPage","@id":"https:\/\/batijournal.com\/index.php\/les-tpe-sont-pessimistes-et-nont-plus-confiance\/111475\/","url":"https:\/\/batijournal.com\/index.php\/les-tpe-sont-pessimistes-et-nont-plus-confiance\/111475\/","name":"Les TPE sont pessimistes et n'ont plus confiance","isPartOf":{"@id":"https:\/\/batijournal.com\/#website"},"primaryImageOfPage":{"@id":"https:\/\/batijournal.com\/index.php\/les-tpe-sont-pessimistes-et-nont-plus-confiance\/111475\/#primaryimage"},"image":{"@id":"https:\/\/batijournal.com\/index.php\/les-tpe-sont-pessimistes-et-nont-plus-confiance\/111475\/#primaryimage"},"thumbnailUrl":"https:\/\/batijournal.com\/wp-content\/uploads\/2025\/01\/barometre-tpe.png","datePublished":"2025-01-27T13:56:28+00:00","author":{"@id":"https:\/\/batijournal.com\/#\/schema\/person\/1dc96ec6957aa1ccb25ebe78bb19f100"},"breadcrumb":{"@id":"https:\/\/batijournal.com\/index.php\/les-tpe-sont-pessimistes-et-nont-plus-confiance\/111475\/#breadcrumb"},"inLanguage":"fr-FR","potentialAction":[{"@type":"ReadAction","target":["https:\/\/batijournal.com\/index.php\/les-tpe-sont-pessimistes-et-nont-plus-confiance\/111475\/"]}]},{"@type":"ImageObject","inLanguage":"fr-FR","@id":"https:\/\/batijournal.com\/index.php\/les-tpe-sont-pessimistes-et-nont-plus-confiance\/111475\/#primaryimage","url":"https:\/\/batijournal.com\/wp-content\/uploads\/2025\/01\/barometre-tpe.png","contentUrl":"https:\/\/batijournal.com\/wp-content\/uploads\/2025\/01\/barometre-tpe.png","width":2774,"height":966},{"@type":"BreadcrumbList","@id":"https:\/\/batijournal.com\/index.php\/les-tpe-sont-pessimistes-et-nont-plus-confiance\/111475\/#breadcrumb","itemListElement":[{"@type":"ListItem","position":1,"name":"Accueil","item":"https:\/\/batijournal.com\/"},{"@type":"ListItem","position":2,"name":"A la Une","item":"https:\/\/batijournal.com\/index.php\/category\/a-la-une\/"},{"@type":"ListItem","position":3,"name":"Les TPE sont pessimistes et n&rsquo;ont plus confiance"}]},{"@type":"WebSite","@id":"https:\/\/batijournal.com\/#website","url":"https:\/\/batijournal.com\/","name":"Batijournal","description":"L&#039;actualit\u00e9 du b\u00e2timent","potentialAction":[{"@type":"SearchAction","target":{"@type":"EntryPoint","urlTemplate":"https:\/\/batijournal.com\/?s={search_term_string}"},"query-input":{"@type":"PropertyValueSpecification","valueRequired":true,"valueName":"search_term_string"}}],"inLanguage":"fr-FR"},{"@type":"Person","@id":"https:\/\/batijournal.com\/#\/schema\/person\/1dc96ec6957aa1ccb25ebe78bb19f100","name":"St\u00e9phane Miget","image":{"@type":"ImageObject","inLanguage":"fr-FR","@id":"https:\/\/secure.gravatar.com\/avatar\/89915563d925342126b8ef0281b93d9d7fc337043e8df017f780908eb9644451?s=96&d=mm&r=g","url":"https:\/\/secure.gravatar.com\/avatar\/89915563d925342126b8ef0281b93d9d7fc337043e8df017f780908eb9644451?s=96&d=mm&r=g","contentUrl":"https:\/\/secure.gravatar.com\/avatar\/89915563d925342126b8ef0281b93d9d7fc337043e8df017f780908eb9644451?s=96&d=mm&r=g","caption":"St\u00e9phane Miget"},"url":"https:\/\/batijournal.com\/index.php\/author\/stephane\/"}]}},"_links":{"self":[{"href":"https:\/\/batijournal.com\/index.php\/wp-json\/wp\/v2\/posts\/111475","targetHints":{"allow":["GET"]}}],"collection":[{"href":"https:\/\/batijournal.com\/index.php\/wp-json\/wp\/v2\/posts"}],"about":[{"href":"https:\/\/batijournal.com\/index.php\/wp-json\/wp\/v2\/types\/post"}],"author":[{"embeddable":true,"href":"https:\/\/batijournal.com\/index.php\/wp-json\/wp\/v2\/users\/17"}],"replies":[{"embeddable":true,"href":"https:\/\/batijournal.com\/index.php\/wp-json\/wp\/v2\/comments?post=111475"}],"version-history":[{"count":0,"href":"https:\/\/batijournal.com\/index.php\/wp-json\/wp\/v2\/posts\/111475\/revisions"}],"wp:featuredmedia":[{"embeddable":true,"href":"https:\/\/batijournal.com\/index.php\/wp-json\/wp\/v2\/media\/111476"}],"wp:attachment":[{"href":"https:\/\/batijournal.com\/index.php\/wp-json\/wp\/v2\/media?parent=111475"}],"wp:term":[{"taxonomy":"category","embeddable":true,"href":"https:\/\/batijournal.com\/index.php\/wp-json\/wp\/v2\/categories?post=111475"},{"taxonomy":"post_tag","embeddable":true,"href":"https:\/\/batijournal.com\/index.php\/wp-json\/wp\/v2\/tags?post=111475"}],"curies":[{"name":"wp","href":"https:\/\/api.w.org\/{rel}","templated":true}]}}