{"id":111496,"date":"2025-02-03T14:05:36","date_gmt":"2025-02-03T13:05:36","guid":{"rendered":"https:\/\/batijournal.com\/?p=111496"},"modified":"2025-02-03T14:05:36","modified_gmt":"2025-02-03T13:05:36","slug":"produits-de-la-construction-baisse-en-2024-pas-de-redressement-prevu-en-2025","status":"publish","type":"post","link":"https:\/\/batijournal.com\/index.php\/produits-de-la-construction-baisse-en-2024-pas-de-redressement-prevu-en-2025\/111496\/","title":{"rendered":"Produits de la construction : baisse en 2024, pas de redressement pr\u00e9vu en 2025"},"content":{"rendered":"<p>L\u2019AIMCC, association des industries des produits de construction (gros oeuvre, second oeuvre et \u00e9quipements) a pr\u00e9sent\u00e9 les r\u00e9sultats de son enqu\u00eate annuelle de tendances. 24 des 39 organisations professionnelles interrog\u00e9es ont r\u00e9pondu. En 2024, 96 % des r\u00e9pondants ont connu une baisse d\u2019activit\u00e9 en volume. 55 % d\u2019entre eux estiment la baisse sup\u00e9rieure \u00e0 -10 %.\u00a0 Le gros \u0153uvre subit de fortes baisses. Le secteur des \u00e9quipementiers conna\u00eet des baisses par tiers dans 3 segments de -1 % \u00e0 -20 % et 2\/3 du second \u0153uvre subit des baisses comprises entre -1 % et -10 %. Pour l&rsquo;ann\u00e9e 2025, 79 % des industriels anticipent une ann\u00e9e de crise avec des baisses d\u2019activit\u00e9 significatives dans les trois secteurs. Le gros \u0153uvre ayant subi une tr\u00e8s forte baisse en 2024 anticipe de continuer dans cette voie. Le second \u0153uvre qui a \u00e9t\u00e9 moins impact\u00e9 en 2024 pr\u00e9voit de tr\u00e8s fortes baisses en 2025. Les pr\u00e9visions pour les \u00e9quipements sont disparates, en fonction de leur nature. Pour 35 % des r\u00e9pondants, le principal frein \u00e0 l\u2019activit\u00e9 en 2025 est toujours la demande insuffisante, alors que les craintes pour 2024 portaient autant sur les contraintes financi\u00e8res que sur la baisse de la demande. Les contraintes environnementales sont plus souvent cit\u00e9es comme frein \u00e0 la comp\u00e9titivit\u00e9 hors UE, mais que ce sont les co\u00fbts fiscaux et la r\u00e9glementation qui nuisent \u00e0 la comp\u00e9titivit\u00e9 intra UE. Les 5 principales attentes des entreprises de la fili\u00e8re construction sont, par ordre d\u00e9croissant\u00a0: la maitrise des co\u00fbts, la propri\u00e9t\u00e9 des donn\u00e9es et leur exploitation, la d\u00e9carbonation, la formation des collaborateurs, la transformation num\u00e9rique.<\/p>\n","protected":false},"excerpt":{"rendered":"<p>L\u2019AIMCC, association des industries des produits de construction (gros oeuvre, second oeuvre et \u00e9quipements) a pr\u00e9sent\u00e9 les r\u00e9sultats de son enqu\u00eate annuelle de tendances. 24 des 39 organisations professionnelles interrog\u00e9es ont r\u00e9pondu. En 2024, 96 % des r\u00e9pondants ont connu une baisse d\u2019activit\u00e9 en volume. 55 % d\u2019entre eux estiment la baisse sup\u00e9rieure \u00e0 -10 [&hellip;]<\/p>\n","protected":false},"author":17,"featured_media":111497,"comment_status":"closed","ping_status":"closed","sticky":false,"template":"","format":"standard","meta":{"_et_pb_use_builder":"","_et_pb_old_content":"","_et_gb_content_width":"","footnotes":""},"categories":[10736,10530,6345],"tags":[13244,1422],"class_list":["post-111496","post","type-post","status-publish","format-standard","has-post-thumbnail","hentry","category-a-la-une","category-actualites","category-economie-marches","tag-aimcc","tag-materiaux"],"yoast_head":"<!-- This site is optimized with the Yoast SEO plugin v27.4 - https:\/\/yoast.com\/product\/yoast-seo-wordpress\/ -->\n<title>Produits de la construction : baisse en 2024, pas de redressement pr\u00e9vu en 2025<\/title>\n<meta name=\"robots\" content=\"index, follow, max-snippet:-1, max-image-preview:large, max-video-preview:-1\" \/>\n<link rel=\"canonical\" href=\"https:\/\/batijournal.com\/index.php\/produits-de-la-construction-baisse-en-2024-pas-de-redressement-prevu-en-2025\/111496\/\" \/>\n<meta property=\"og:locale\" content=\"fr_FR\" \/>\n<meta property=\"og:type\" content=\"article\" \/>\n<meta property=\"og:title\" content=\"Produits de la construction : baisse en 2024, pas de redressement pr\u00e9vu en 2025\" \/>\n<meta property=\"og:description\" content=\"L\u2019AIMCC, association des industries des produits de construction (gros oeuvre, second oeuvre et \u00e9quipements) a pr\u00e9sent\u00e9 les r\u00e9sultats de son enqu\u00eate annuelle de tendances. 24 des 39 organisations professionnelles interrog\u00e9es ont r\u00e9pondu. En 2024, 96 % des r\u00e9pondants ont connu une baisse d\u2019activit\u00e9 en volume. 55 % d\u2019entre eux estiment la baisse sup\u00e9rieure \u00e0 -10 [&hellip;]\" \/>\n<meta property=\"og:url\" content=\"https:\/\/batijournal.com\/index.php\/produits-de-la-construction-baisse-en-2024-pas-de-redressement-prevu-en-2025\/111496\/\" \/>\n<meta property=\"og:site_name\" content=\"Batijournal\" \/>\n<meta property=\"article:published_time\" content=\"2025-02-03T13:05:36+00:00\" \/>\n<meta property=\"og:image\" content=\"https:\/\/batijournal.com\/wp-content\/uploads\/2025\/02\/freins-activites-2024-scaled.jpg\" \/>\n\t<meta property=\"og:image:width\" content=\"2560\" \/>\n\t<meta property=\"og:image:height\" content=\"1184\" \/>\n\t<meta property=\"og:image:type\" content=\"image\/jpeg\" \/>\n<meta name=\"author\" content=\"St\u00e9phane Miget\" \/>\n<meta name=\"twitter:card\" content=\"summary_large_image\" \/>\n<meta name=\"twitter:creator\" content=\"@bati_journal\" \/>\n<meta name=\"twitter:site\" content=\"@bati_journal\" \/>\n<meta name=\"twitter:label1\" content=\"\u00c9crit par\" \/>\n\t<meta name=\"twitter:data1\" content=\"St\u00e9phane Miget\" \/>\n\t<meta name=\"twitter:label2\" content=\"Dur\u00e9e de lecture estim\u00e9e\" \/>\n\t<meta name=\"twitter:data2\" content=\"1 minute\" \/>\n<script type=\"application\/ld+json\" class=\"yoast-schema-graph\">{\"@context\":\"https:\\\/\\\/schema.org\",\"@graph\":[{\"@type\":\"Article\",\"@id\":\"https:\\\/\\\/batijournal.com\\\/index.php\\\/produits-de-la-construction-baisse-en-2024-pas-de-redressement-prevu-en-2025\\\/111496\\\/#article\",\"isPartOf\":{\"@id\":\"https:\\\/\\\/batijournal.com\\\/index.php\\\/produits-de-la-construction-baisse-en-2024-pas-de-redressement-prevu-en-2025\\\/111496\\\/\"},\"author\":{\"name\":\"St\u00e9phane Miget\",\"@id\":\"https:\\\/\\\/batijournal.com\\\/#\\\/schema\\\/person\\\/1dc96ec6957aa1ccb25ebe78bb19f100\"},\"headline\":\"Produits de la construction : baisse en 2024, pas de redressement pr\u00e9vu en 2025\",\"datePublished\":\"2025-02-03T13:05:36+00:00\",\"mainEntityOfPage\":{\"@id\":\"https:\\\/\\\/batijournal.com\\\/index.php\\\/produits-de-la-construction-baisse-en-2024-pas-de-redressement-prevu-en-2025\\\/111496\\\/\"},\"wordCount\":280,\"image\":{\"@id\":\"https:\\\/\\\/batijournal.com\\\/index.php\\\/produits-de-la-construction-baisse-en-2024-pas-de-redressement-prevu-en-2025\\\/111496\\\/#primaryimage\"},\"thumbnailUrl\":\"https:\\\/\\\/batijournal.com\\\/wp-content\\\/uploads\\\/2025\\\/02\\\/freins-activites-2024-scaled.jpg\",\"keywords\":[\"aimcc\",\"mat\u00e9riaux\"],\"articleSection\":[\"A la Une\",\"Actualit\u00e9s\",\"\u00c9conomie &amp; March\u00e9s\"],\"inLanguage\":\"fr-FR\"},{\"@type\":\"WebPage\",\"@id\":\"https:\\\/\\\/batijournal.com\\\/index.php\\\/produits-de-la-construction-baisse-en-2024-pas-de-redressement-prevu-en-2025\\\/111496\\\/\",\"url\":\"https:\\\/\\\/batijournal.com\\\/index.php\\\/produits-de-la-construction-baisse-en-2024-pas-de-redressement-prevu-en-2025\\\/111496\\\/\",\"name\":\"Produits de la construction : baisse en 2024, pas de redressement pr\u00e9vu en 2025\",\"isPartOf\":{\"@id\":\"https:\\\/\\\/batijournal.com\\\/#website\"},\"primaryImageOfPage\":{\"@id\":\"https:\\\/\\\/batijournal.com\\\/index.php\\\/produits-de-la-construction-baisse-en-2024-pas-de-redressement-prevu-en-2025\\\/111496\\\/#primaryimage\"},\"image\":{\"@id\":\"https:\\\/\\\/batijournal.com\\\/index.php\\\/produits-de-la-construction-baisse-en-2024-pas-de-redressement-prevu-en-2025\\\/111496\\\/#primaryimage\"},\"thumbnailUrl\":\"https:\\\/\\\/batijournal.com\\\/wp-content\\\/uploads\\\/2025\\\/02\\\/freins-activites-2024-scaled.jpg\",\"datePublished\":\"2025-02-03T13:05:36+00:00\",\"author\":{\"@id\":\"https:\\\/\\\/batijournal.com\\\/#\\\/schema\\\/person\\\/1dc96ec6957aa1ccb25ebe78bb19f100\"},\"breadcrumb\":{\"@id\":\"https:\\\/\\\/batijournal.com\\\/index.php\\\/produits-de-la-construction-baisse-en-2024-pas-de-redressement-prevu-en-2025\\\/111496\\\/#breadcrumb\"},\"inLanguage\":\"fr-FR\",\"potentialAction\":[{\"@type\":\"ReadAction\",\"target\":[\"https:\\\/\\\/batijournal.com\\\/index.php\\\/produits-de-la-construction-baisse-en-2024-pas-de-redressement-prevu-en-2025\\\/111496\\\/\"]}]},{\"@type\":\"ImageObject\",\"inLanguage\":\"fr-FR\",\"@id\":\"https:\\\/\\\/batijournal.com\\\/index.php\\\/produits-de-la-construction-baisse-en-2024-pas-de-redressement-prevu-en-2025\\\/111496\\\/#primaryimage\",\"url\":\"https:\\\/\\\/batijournal.com\\\/wp-content\\\/uploads\\\/2025\\\/02\\\/freins-activites-2024-scaled.jpg\",\"contentUrl\":\"https:\\\/\\\/batijournal.com\\\/wp-content\\\/uploads\\\/2025\\\/02\\\/freins-activites-2024-scaled.jpg\",\"width\":2560,\"height\":1184},{\"@type\":\"BreadcrumbList\",\"@id\":\"https:\\\/\\\/batijournal.com\\\/index.php\\\/produits-de-la-construction-baisse-en-2024-pas-de-redressement-prevu-en-2025\\\/111496\\\/#breadcrumb\",\"itemListElement\":[{\"@type\":\"ListItem\",\"position\":1,\"name\":\"Accueil\",\"item\":\"https:\\\/\\\/batijournal.com\\\/\"},{\"@type\":\"ListItem\",\"position\":2,\"name\":\"Actualit\u00e9s\",\"item\":\"https:\\\/\\\/batijournal.com\\\/index.php\\\/category\\\/actualites\\\/\"},{\"@type\":\"ListItem\",\"position\":3,\"name\":\"Produits de la construction : baisse en 2024, pas de redressement pr\u00e9vu en 2025\"}]},{\"@type\":\"WebSite\",\"@id\":\"https:\\\/\\\/batijournal.com\\\/#website\",\"url\":\"https:\\\/\\\/batijournal.com\\\/\",\"name\":\"Batijournal\",\"description\":\"L&#039;actualit\u00e9 du b\u00e2timent\",\"potentialAction\":[{\"@type\":\"SearchAction\",\"target\":{\"@type\":\"EntryPoint\",\"urlTemplate\":\"https:\\\/\\\/batijournal.com\\\/?s={search_term_string}\"},\"query-input\":{\"@type\":\"PropertyValueSpecification\",\"valueRequired\":true,\"valueName\":\"search_term_string\"}}],\"inLanguage\":\"fr-FR\"},{\"@type\":\"Person\",\"@id\":\"https:\\\/\\\/batijournal.com\\\/#\\\/schema\\\/person\\\/1dc96ec6957aa1ccb25ebe78bb19f100\",\"name\":\"St\u00e9phane Miget\",\"image\":{\"@type\":\"ImageObject\",\"inLanguage\":\"fr-FR\",\"@id\":\"https:\\\/\\\/secure.gravatar.com\\\/avatar\\\/89915563d925342126b8ef0281b93d9d7fc337043e8df017f780908eb9644451?s=96&d=mm&r=g\",\"url\":\"https:\\\/\\\/secure.gravatar.com\\\/avatar\\\/89915563d925342126b8ef0281b93d9d7fc337043e8df017f780908eb9644451?s=96&d=mm&r=g\",\"contentUrl\":\"https:\\\/\\\/secure.gravatar.com\\\/avatar\\\/89915563d925342126b8ef0281b93d9d7fc337043e8df017f780908eb9644451?s=96&d=mm&r=g\",\"caption\":\"St\u00e9phane Miget\"},\"url\":\"https:\\\/\\\/batijournal.com\\\/index.php\\\/author\\\/stephane\\\/\"}]}<\/script>\n<!-- \/ Yoast SEO plugin. -->","yoast_head_json":{"title":"Produits de la construction : baisse en 2024, pas de redressement pr\u00e9vu en 2025","robots":{"index":"index","follow":"follow","max-snippet":"max-snippet:-1","max-image-preview":"max-image-preview:large","max-video-preview":"max-video-preview:-1"},"canonical":"https:\/\/batijournal.com\/index.php\/produits-de-la-construction-baisse-en-2024-pas-de-redressement-prevu-en-2025\/111496\/","og_locale":"fr_FR","og_type":"article","og_title":"Produits de la construction : baisse en 2024, pas de redressement pr\u00e9vu en 2025","og_description":"L\u2019AIMCC, association des industries des produits de construction (gros oeuvre, second oeuvre et \u00e9quipements) a pr\u00e9sent\u00e9 les r\u00e9sultats de son enqu\u00eate annuelle de tendances. 24 des 39 organisations professionnelles interrog\u00e9es ont r\u00e9pondu. En 2024, 96 % des r\u00e9pondants ont connu une baisse d\u2019activit\u00e9 en volume. 55 % d\u2019entre eux estiment la baisse sup\u00e9rieure \u00e0 -10 [&hellip;]","og_url":"https:\/\/batijournal.com\/index.php\/produits-de-la-construction-baisse-en-2024-pas-de-redressement-prevu-en-2025\/111496\/","og_site_name":"Batijournal","article_published_time":"2025-02-03T13:05:36+00:00","og_image":[{"width":2560,"height":1184,"url":"https:\/\/batijournal.com\/wp-content\/uploads\/2025\/02\/freins-activites-2024-scaled.jpg","type":"image\/jpeg"}],"author":"St\u00e9phane Miget","twitter_card":"summary_large_image","twitter_creator":"@bati_journal","twitter_site":"@bati_journal","twitter_misc":{"\u00c9crit par":"St\u00e9phane Miget","Dur\u00e9e de lecture estim\u00e9e":"1 minute"},"schema":{"@context":"https:\/\/schema.org","@graph":[{"@type":"Article","@id":"https:\/\/batijournal.com\/index.php\/produits-de-la-construction-baisse-en-2024-pas-de-redressement-prevu-en-2025\/111496\/#article","isPartOf":{"@id":"https:\/\/batijournal.com\/index.php\/produits-de-la-construction-baisse-en-2024-pas-de-redressement-prevu-en-2025\/111496\/"},"author":{"name":"St\u00e9phane Miget","@id":"https:\/\/batijournal.com\/#\/schema\/person\/1dc96ec6957aa1ccb25ebe78bb19f100"},"headline":"Produits de la construction : baisse en 2024, pas de redressement pr\u00e9vu en 2025","datePublished":"2025-02-03T13:05:36+00:00","mainEntityOfPage":{"@id":"https:\/\/batijournal.com\/index.php\/produits-de-la-construction-baisse-en-2024-pas-de-redressement-prevu-en-2025\/111496\/"},"wordCount":280,"image":{"@id":"https:\/\/batijournal.com\/index.php\/produits-de-la-construction-baisse-en-2024-pas-de-redressement-prevu-en-2025\/111496\/#primaryimage"},"thumbnailUrl":"https:\/\/batijournal.com\/wp-content\/uploads\/2025\/02\/freins-activites-2024-scaled.jpg","keywords":["aimcc","mat\u00e9riaux"],"articleSection":["A la Une","Actualit\u00e9s","\u00c9conomie &amp; March\u00e9s"],"inLanguage":"fr-FR"},{"@type":"WebPage","@id":"https:\/\/batijournal.com\/index.php\/produits-de-la-construction-baisse-en-2024-pas-de-redressement-prevu-en-2025\/111496\/","url":"https:\/\/batijournal.com\/index.php\/produits-de-la-construction-baisse-en-2024-pas-de-redressement-prevu-en-2025\/111496\/","name":"Produits de la construction : baisse en 2024, pas de redressement pr\u00e9vu en 2025","isPartOf":{"@id":"https:\/\/batijournal.com\/#website"},"primaryImageOfPage":{"@id":"https:\/\/batijournal.com\/index.php\/produits-de-la-construction-baisse-en-2024-pas-de-redressement-prevu-en-2025\/111496\/#primaryimage"},"image":{"@id":"https:\/\/batijournal.com\/index.php\/produits-de-la-construction-baisse-en-2024-pas-de-redressement-prevu-en-2025\/111496\/#primaryimage"},"thumbnailUrl":"https:\/\/batijournal.com\/wp-content\/uploads\/2025\/02\/freins-activites-2024-scaled.jpg","datePublished":"2025-02-03T13:05:36+00:00","author":{"@id":"https:\/\/batijournal.com\/#\/schema\/person\/1dc96ec6957aa1ccb25ebe78bb19f100"},"breadcrumb":{"@id":"https:\/\/batijournal.com\/index.php\/produits-de-la-construction-baisse-en-2024-pas-de-redressement-prevu-en-2025\/111496\/#breadcrumb"},"inLanguage":"fr-FR","potentialAction":[{"@type":"ReadAction","target":["https:\/\/batijournal.com\/index.php\/produits-de-la-construction-baisse-en-2024-pas-de-redressement-prevu-en-2025\/111496\/"]}]},{"@type":"ImageObject","inLanguage":"fr-FR","@id":"https:\/\/batijournal.com\/index.php\/produits-de-la-construction-baisse-en-2024-pas-de-redressement-prevu-en-2025\/111496\/#primaryimage","url":"https:\/\/batijournal.com\/wp-content\/uploads\/2025\/02\/freins-activites-2024-scaled.jpg","contentUrl":"https:\/\/batijournal.com\/wp-content\/uploads\/2025\/02\/freins-activites-2024-scaled.jpg","width":2560,"height":1184},{"@type":"BreadcrumbList","@id":"https:\/\/batijournal.com\/index.php\/produits-de-la-construction-baisse-en-2024-pas-de-redressement-prevu-en-2025\/111496\/#breadcrumb","itemListElement":[{"@type":"ListItem","position":1,"name":"Accueil","item":"https:\/\/batijournal.com\/"},{"@type":"ListItem","position":2,"name":"Actualit\u00e9s","item":"https:\/\/batijournal.com\/index.php\/category\/actualites\/"},{"@type":"ListItem","position":3,"name":"Produits de la construction : baisse en 2024, pas de redressement pr\u00e9vu en 2025"}]},{"@type":"WebSite","@id":"https:\/\/batijournal.com\/#website","url":"https:\/\/batijournal.com\/","name":"Batijournal","description":"L&#039;actualit\u00e9 du b\u00e2timent","potentialAction":[{"@type":"SearchAction","target":{"@type":"EntryPoint","urlTemplate":"https:\/\/batijournal.com\/?s={search_term_string}"},"query-input":{"@type":"PropertyValueSpecification","valueRequired":true,"valueName":"search_term_string"}}],"inLanguage":"fr-FR"},{"@type":"Person","@id":"https:\/\/batijournal.com\/#\/schema\/person\/1dc96ec6957aa1ccb25ebe78bb19f100","name":"St\u00e9phane Miget","image":{"@type":"ImageObject","inLanguage":"fr-FR","@id":"https:\/\/secure.gravatar.com\/avatar\/89915563d925342126b8ef0281b93d9d7fc337043e8df017f780908eb9644451?s=96&d=mm&r=g","url":"https:\/\/secure.gravatar.com\/avatar\/89915563d925342126b8ef0281b93d9d7fc337043e8df017f780908eb9644451?s=96&d=mm&r=g","contentUrl":"https:\/\/secure.gravatar.com\/avatar\/89915563d925342126b8ef0281b93d9d7fc337043e8df017f780908eb9644451?s=96&d=mm&r=g","caption":"St\u00e9phane Miget"},"url":"https:\/\/batijournal.com\/index.php\/author\/stephane\/"}]}},"_links":{"self":[{"href":"https:\/\/batijournal.com\/index.php\/wp-json\/wp\/v2\/posts\/111496","targetHints":{"allow":["GET"]}}],"collection":[{"href":"https:\/\/batijournal.com\/index.php\/wp-json\/wp\/v2\/posts"}],"about":[{"href":"https:\/\/batijournal.com\/index.php\/wp-json\/wp\/v2\/types\/post"}],"author":[{"embeddable":true,"href":"https:\/\/batijournal.com\/index.php\/wp-json\/wp\/v2\/users\/17"}],"replies":[{"embeddable":true,"href":"https:\/\/batijournal.com\/index.php\/wp-json\/wp\/v2\/comments?post=111496"}],"version-history":[{"count":0,"href":"https:\/\/batijournal.com\/index.php\/wp-json\/wp\/v2\/posts\/111496\/revisions"}],"wp:featuredmedia":[{"embeddable":true,"href":"https:\/\/batijournal.com\/index.php\/wp-json\/wp\/v2\/media\/111497"}],"wp:attachment":[{"href":"https:\/\/batijournal.com\/index.php\/wp-json\/wp\/v2\/media?parent=111496"}],"wp:term":[{"taxonomy":"category","embeddable":true,"href":"https:\/\/batijournal.com\/index.php\/wp-json\/wp\/v2\/categories?post=111496"},{"taxonomy":"post_tag","embeddable":true,"href":"https:\/\/batijournal.com\/index.php\/wp-json\/wp\/v2\/tags?post=111496"}],"curies":[{"name":"wp","href":"https:\/\/api.w.org\/{rel}","templated":true}]}}