{"id":111555,"date":"2025-02-20T14:22:40","date_gmt":"2025-02-20T13:22:40","guid":{"rendered":"https:\/\/batijournal.com\/?p=111555"},"modified":"2025-02-20T14:22:40","modified_gmt":"2025-02-20T13:22:40","slug":"frank-belda-nouveau-directeur-general-dalupreference","status":"publish","type":"post","link":"https:\/\/batijournal.com\/index.php\/frank-belda-nouveau-directeur-general-dalupreference\/111555\/","title":{"rendered":"Frank Belda, nouveau Directeur G\u00e9n\u00e9ral d\u2019Alupr\u00e9f\u00e9rence"},"content":{"rendered":"<p>Depuis le 1er janvier 2025, Frank Belda occupe le poste de Directeur G\u00e9n\u00e9ral d\u2019Alupr\u00e9f\u00e9rence. Frank Belda avait rejoint l\u2019entreprise d\u00e8s juillet 2023 en tant que Directeur du site de production de Carbon-Blanc. Expert du secteur de la menuiserie et de l\u2019univers du sur-mesure, Frank Belda a pour mission d\u2019accompagner la strat\u00e9gie de d\u00e9veloppement de l\u2019entreprise. \u00ab L\u2019engagement d\u2019Alupr\u00e9f\u00e9rence dans un processus d\u2019excellence op\u00e9rationnelle est particuli\u00e8rement remarquable, \u00e0 l\u2019image de la d\u00e9marche RSE et S\u00e9curit\u00e9 du groupe HPG. Avec les \u00e9quipes, nous allons nous appuyer sur une ambition globale d\u2019am\u00e9lioration tout \u00e0 la fois continue et exigeante, afin de cibler nos efforts en fonction des besoins de nos clients. \u00bb a d\u00e9clar\u00e9 Frank Belda.<\/p>\n","protected":false},"excerpt":{"rendered":"<p>Depuis le 1er janvier 2025, Frank Belda occupe le poste de Directeur G\u00e9n\u00e9ral d\u2019Alupr\u00e9f\u00e9rence. Frank Belda avait rejoint l\u2019entreprise d\u00e8s juillet 2023 en tant que Directeur du site de production de Carbon-Blanc. Expert du secteur de la menuiserie et de l\u2019univers du sur-mesure, Frank Belda a pour mission d\u2019accompagner la strat\u00e9gie de d\u00e9veloppement de l\u2019entreprise. [&hellip;]<\/p>\n","protected":false},"author":17,"featured_media":111556,"comment_status":"closed","ping_status":"closed","sticky":false,"template":"","format":"standard","meta":{"_et_pb_use_builder":"","_et_pb_old_content":"","_et_gb_content_width":"","footnotes":""},"categories":[10530,6345,10771,10775],"tags":[1016],"class_list":["post-111555","post","type-post","status-publish","format-standard","has-post-thumbnail","hentry","category-actualites","category-economie-marches","category-5facades","category-actualites-5facades","tag-menuiseries"],"yoast_head":"<!-- This site is optimized with the Yoast SEO plugin v27.4 - https:\/\/yoast.com\/product\/yoast-seo-wordpress\/ -->\n<title>Frank Belda, nouveau Directeur G\u00e9n\u00e9ral d\u2019Alupr\u00e9f\u00e9rence<\/title>\n<meta name=\"robots\" content=\"index, follow, max-snippet:-1, max-image-preview:large, max-video-preview:-1\" \/>\n<link rel=\"canonical\" href=\"https:\/\/batijournal.com\/index.php\/frank-belda-nouveau-directeur-general-dalupreference\/111555\/\" \/>\n<meta property=\"og:locale\" content=\"fr_FR\" \/>\n<meta property=\"og:type\" content=\"article\" \/>\n<meta property=\"og:title\" content=\"Frank Belda, nouveau Directeur G\u00e9n\u00e9ral d\u2019Alupr\u00e9f\u00e9rence\" \/>\n<meta property=\"og:description\" content=\"Depuis le 1er janvier 2025, Frank Belda occupe le poste de Directeur G\u00e9n\u00e9ral d\u2019Alupr\u00e9f\u00e9rence. Frank Belda avait rejoint l\u2019entreprise d\u00e8s juillet 2023 en tant que Directeur du site de production de Carbon-Blanc. Expert du secteur de la menuiserie et de l\u2019univers du sur-mesure, Frank Belda a pour mission d\u2019accompagner la strat\u00e9gie de d\u00e9veloppement de l\u2019entreprise. [&hellip;]\" \/>\n<meta property=\"og:url\" content=\"https:\/\/batijournal.com\/index.php\/frank-belda-nouveau-directeur-general-dalupreference\/111555\/\" \/>\n<meta property=\"og:site_name\" content=\"Batijournal\" \/>\n<meta property=\"article:published_time\" content=\"2025-02-20T13:22:40+00:00\" \/>\n<meta property=\"og:image\" content=\"https:\/\/batijournal.com\/wp-content\/uploads\/2025\/02\/Frank-Belda-AluPreference.jpg\" \/>\n\t<meta property=\"og:image:width\" content=\"1000\" \/>\n\t<meta property=\"og:image:height\" content=\"634\" \/>\n\t<meta property=\"og:image:type\" content=\"image\/jpeg\" \/>\n<meta name=\"author\" content=\"St\u00e9phane Miget\" \/>\n<meta name=\"twitter:card\" content=\"summary_large_image\" \/>\n<meta name=\"twitter:creator\" content=\"@bati_journal\" \/>\n<meta name=\"twitter:site\" content=\"@bati_journal\" \/>\n<meta name=\"twitter:label1\" content=\"\u00c9crit par\" \/>\n\t<meta name=\"twitter:data1\" content=\"St\u00e9phane Miget\" \/>\n\t<meta name=\"twitter:label2\" content=\"Dur\u00e9e de lecture estim\u00e9e\" \/>\n\t<meta name=\"twitter:data2\" content=\"1 minute\" \/>\n<script type=\"application\/ld+json\" class=\"yoast-schema-graph\">{\"@context\":\"https:\\\/\\\/schema.org\",\"@graph\":[{\"@type\":\"Article\",\"@id\":\"https:\\\/\\\/batijournal.com\\\/index.php\\\/frank-belda-nouveau-directeur-general-dalupreference\\\/111555\\\/#article\",\"isPartOf\":{\"@id\":\"https:\\\/\\\/batijournal.com\\\/index.php\\\/frank-belda-nouveau-directeur-general-dalupreference\\\/111555\\\/\"},\"author\":{\"name\":\"St\u00e9phane Miget\",\"@id\":\"https:\\\/\\\/batijournal.com\\\/#\\\/schema\\\/person\\\/1dc96ec6957aa1ccb25ebe78bb19f100\"},\"headline\":\"Frank Belda, nouveau Directeur G\u00e9n\u00e9ral d\u2019Alupr\u00e9f\u00e9rence\",\"datePublished\":\"2025-02-20T13:22:40+00:00\",\"mainEntityOfPage\":{\"@id\":\"https:\\\/\\\/batijournal.com\\\/index.php\\\/frank-belda-nouveau-directeur-general-dalupreference\\\/111555\\\/\"},\"wordCount\":143,\"image\":{\"@id\":\"https:\\\/\\\/batijournal.com\\\/index.php\\\/frank-belda-nouveau-directeur-general-dalupreference\\\/111555\\\/#primaryimage\"},\"thumbnailUrl\":\"https:\\\/\\\/batijournal.com\\\/wp-content\\\/uploads\\\/2025\\\/02\\\/Frank-Belda-AluPreference.jpg\",\"keywords\":[\"menuiseries\"],\"articleSection\":[\"Actualit\u00e9s\",\"\u00c9conomie &amp; March\u00e9s\",\"zz_5fa\u00e7ades\",\"zz_Actualit\u00e9s - 5fa\u00e7ades\"],\"inLanguage\":\"fr-FR\"},{\"@type\":\"WebPage\",\"@id\":\"https:\\\/\\\/batijournal.com\\\/index.php\\\/frank-belda-nouveau-directeur-general-dalupreference\\\/111555\\\/\",\"url\":\"https:\\\/\\\/batijournal.com\\\/index.php\\\/frank-belda-nouveau-directeur-general-dalupreference\\\/111555\\\/\",\"name\":\"Frank Belda, nouveau Directeur G\u00e9n\u00e9ral d\u2019Alupr\u00e9f\u00e9rence\",\"isPartOf\":{\"@id\":\"https:\\\/\\\/batijournal.com\\\/#website\"},\"primaryImageOfPage\":{\"@id\":\"https:\\\/\\\/batijournal.com\\\/index.php\\\/frank-belda-nouveau-directeur-general-dalupreference\\\/111555\\\/#primaryimage\"},\"image\":{\"@id\":\"https:\\\/\\\/batijournal.com\\\/index.php\\\/frank-belda-nouveau-directeur-general-dalupreference\\\/111555\\\/#primaryimage\"},\"thumbnailUrl\":\"https:\\\/\\\/batijournal.com\\\/wp-content\\\/uploads\\\/2025\\\/02\\\/Frank-Belda-AluPreference.jpg\",\"datePublished\":\"2025-02-20T13:22:40+00:00\",\"author\":{\"@id\":\"https:\\\/\\\/batijournal.com\\\/#\\\/schema\\\/person\\\/1dc96ec6957aa1ccb25ebe78bb19f100\"},\"breadcrumb\":{\"@id\":\"https:\\\/\\\/batijournal.com\\\/index.php\\\/frank-belda-nouveau-directeur-general-dalupreference\\\/111555\\\/#breadcrumb\"},\"inLanguage\":\"fr-FR\",\"potentialAction\":[{\"@type\":\"ReadAction\",\"target\":[\"https:\\\/\\\/batijournal.com\\\/index.php\\\/frank-belda-nouveau-directeur-general-dalupreference\\\/111555\\\/\"]}]},{\"@type\":\"ImageObject\",\"inLanguage\":\"fr-FR\",\"@id\":\"https:\\\/\\\/batijournal.com\\\/index.php\\\/frank-belda-nouveau-directeur-general-dalupreference\\\/111555\\\/#primaryimage\",\"url\":\"https:\\\/\\\/batijournal.com\\\/wp-content\\\/uploads\\\/2025\\\/02\\\/Frank-Belda-AluPreference.jpg\",\"contentUrl\":\"https:\\\/\\\/batijournal.com\\\/wp-content\\\/uploads\\\/2025\\\/02\\\/Frank-Belda-AluPreference.jpg\",\"width\":1000,\"height\":634},{\"@type\":\"BreadcrumbList\",\"@id\":\"https:\\\/\\\/batijournal.com\\\/index.php\\\/frank-belda-nouveau-directeur-general-dalupreference\\\/111555\\\/#breadcrumb\",\"itemListElement\":[{\"@type\":\"ListItem\",\"position\":1,\"name\":\"Accueil\",\"item\":\"https:\\\/\\\/batijournal.com\\\/\"},{\"@type\":\"ListItem\",\"position\":2,\"name\":\"Actualit\u00e9s\",\"item\":\"https:\\\/\\\/batijournal.com\\\/index.php\\\/category\\\/actualites\\\/\"},{\"@type\":\"ListItem\",\"position\":3,\"name\":\"Frank Belda, nouveau Directeur G\u00e9n\u00e9ral d\u2019Alupr\u00e9f\u00e9rence\"}]},{\"@type\":\"WebSite\",\"@id\":\"https:\\\/\\\/batijournal.com\\\/#website\",\"url\":\"https:\\\/\\\/batijournal.com\\\/\",\"name\":\"Batijournal\",\"description\":\"L&#039;actualit\u00e9 du b\u00e2timent\",\"potentialAction\":[{\"@type\":\"SearchAction\",\"target\":{\"@type\":\"EntryPoint\",\"urlTemplate\":\"https:\\\/\\\/batijournal.com\\\/?s={search_term_string}\"},\"query-input\":{\"@type\":\"PropertyValueSpecification\",\"valueRequired\":true,\"valueName\":\"search_term_string\"}}],\"inLanguage\":\"fr-FR\"},{\"@type\":\"Person\",\"@id\":\"https:\\\/\\\/batijournal.com\\\/#\\\/schema\\\/person\\\/1dc96ec6957aa1ccb25ebe78bb19f100\",\"name\":\"St\u00e9phane Miget\",\"image\":{\"@type\":\"ImageObject\",\"inLanguage\":\"fr-FR\",\"@id\":\"https:\\\/\\\/secure.gravatar.com\\\/avatar\\\/89915563d925342126b8ef0281b93d9d7fc337043e8df017f780908eb9644451?s=96&d=mm&r=g\",\"url\":\"https:\\\/\\\/secure.gravatar.com\\\/avatar\\\/89915563d925342126b8ef0281b93d9d7fc337043e8df017f780908eb9644451?s=96&d=mm&r=g\",\"contentUrl\":\"https:\\\/\\\/secure.gravatar.com\\\/avatar\\\/89915563d925342126b8ef0281b93d9d7fc337043e8df017f780908eb9644451?s=96&d=mm&r=g\",\"caption\":\"St\u00e9phane Miget\"},\"url\":\"https:\\\/\\\/batijournal.com\\\/index.php\\\/author\\\/stephane\\\/\"}]}<\/script>\n<!-- \/ Yoast SEO plugin. -->","yoast_head_json":{"title":"Frank Belda, nouveau Directeur G\u00e9n\u00e9ral d\u2019Alupr\u00e9f\u00e9rence","robots":{"index":"index","follow":"follow","max-snippet":"max-snippet:-1","max-image-preview":"max-image-preview:large","max-video-preview":"max-video-preview:-1"},"canonical":"https:\/\/batijournal.com\/index.php\/frank-belda-nouveau-directeur-general-dalupreference\/111555\/","og_locale":"fr_FR","og_type":"article","og_title":"Frank Belda, nouveau Directeur G\u00e9n\u00e9ral d\u2019Alupr\u00e9f\u00e9rence","og_description":"Depuis le 1er janvier 2025, Frank Belda occupe le poste de Directeur G\u00e9n\u00e9ral d\u2019Alupr\u00e9f\u00e9rence. Frank Belda avait rejoint l\u2019entreprise d\u00e8s juillet 2023 en tant que Directeur du site de production de Carbon-Blanc. Expert du secteur de la menuiserie et de l\u2019univers du sur-mesure, Frank Belda a pour mission d\u2019accompagner la strat\u00e9gie de d\u00e9veloppement de l\u2019entreprise. [&hellip;]","og_url":"https:\/\/batijournal.com\/index.php\/frank-belda-nouveau-directeur-general-dalupreference\/111555\/","og_site_name":"Batijournal","article_published_time":"2025-02-20T13:22:40+00:00","og_image":[{"width":1000,"height":634,"url":"https:\/\/batijournal.com\/wp-content\/uploads\/2025\/02\/Frank-Belda-AluPreference.jpg","type":"image\/jpeg"}],"author":"St\u00e9phane Miget","twitter_card":"summary_large_image","twitter_creator":"@bati_journal","twitter_site":"@bati_journal","twitter_misc":{"\u00c9crit par":"St\u00e9phane Miget","Dur\u00e9e de lecture estim\u00e9e":"1 minute"},"schema":{"@context":"https:\/\/schema.org","@graph":[{"@type":"Article","@id":"https:\/\/batijournal.com\/index.php\/frank-belda-nouveau-directeur-general-dalupreference\/111555\/#article","isPartOf":{"@id":"https:\/\/batijournal.com\/index.php\/frank-belda-nouveau-directeur-general-dalupreference\/111555\/"},"author":{"name":"St\u00e9phane Miget","@id":"https:\/\/batijournal.com\/#\/schema\/person\/1dc96ec6957aa1ccb25ebe78bb19f100"},"headline":"Frank Belda, nouveau Directeur G\u00e9n\u00e9ral d\u2019Alupr\u00e9f\u00e9rence","datePublished":"2025-02-20T13:22:40+00:00","mainEntityOfPage":{"@id":"https:\/\/batijournal.com\/index.php\/frank-belda-nouveau-directeur-general-dalupreference\/111555\/"},"wordCount":143,"image":{"@id":"https:\/\/batijournal.com\/index.php\/frank-belda-nouveau-directeur-general-dalupreference\/111555\/#primaryimage"},"thumbnailUrl":"https:\/\/batijournal.com\/wp-content\/uploads\/2025\/02\/Frank-Belda-AluPreference.jpg","keywords":["menuiseries"],"articleSection":["Actualit\u00e9s","\u00c9conomie &amp; March\u00e9s","zz_5fa\u00e7ades","zz_Actualit\u00e9s - 5fa\u00e7ades"],"inLanguage":"fr-FR"},{"@type":"WebPage","@id":"https:\/\/batijournal.com\/index.php\/frank-belda-nouveau-directeur-general-dalupreference\/111555\/","url":"https:\/\/batijournal.com\/index.php\/frank-belda-nouveau-directeur-general-dalupreference\/111555\/","name":"Frank Belda, nouveau Directeur G\u00e9n\u00e9ral d\u2019Alupr\u00e9f\u00e9rence","isPartOf":{"@id":"https:\/\/batijournal.com\/#website"},"primaryImageOfPage":{"@id":"https:\/\/batijournal.com\/index.php\/frank-belda-nouveau-directeur-general-dalupreference\/111555\/#primaryimage"},"image":{"@id":"https:\/\/batijournal.com\/index.php\/frank-belda-nouveau-directeur-general-dalupreference\/111555\/#primaryimage"},"thumbnailUrl":"https:\/\/batijournal.com\/wp-content\/uploads\/2025\/02\/Frank-Belda-AluPreference.jpg","datePublished":"2025-02-20T13:22:40+00:00","author":{"@id":"https:\/\/batijournal.com\/#\/schema\/person\/1dc96ec6957aa1ccb25ebe78bb19f100"},"breadcrumb":{"@id":"https:\/\/batijournal.com\/index.php\/frank-belda-nouveau-directeur-general-dalupreference\/111555\/#breadcrumb"},"inLanguage":"fr-FR","potentialAction":[{"@type":"ReadAction","target":["https:\/\/batijournal.com\/index.php\/frank-belda-nouveau-directeur-general-dalupreference\/111555\/"]}]},{"@type":"ImageObject","inLanguage":"fr-FR","@id":"https:\/\/batijournal.com\/index.php\/frank-belda-nouveau-directeur-general-dalupreference\/111555\/#primaryimage","url":"https:\/\/batijournal.com\/wp-content\/uploads\/2025\/02\/Frank-Belda-AluPreference.jpg","contentUrl":"https:\/\/batijournal.com\/wp-content\/uploads\/2025\/02\/Frank-Belda-AluPreference.jpg","width":1000,"height":634},{"@type":"BreadcrumbList","@id":"https:\/\/batijournal.com\/index.php\/frank-belda-nouveau-directeur-general-dalupreference\/111555\/#breadcrumb","itemListElement":[{"@type":"ListItem","position":1,"name":"Accueil","item":"https:\/\/batijournal.com\/"},{"@type":"ListItem","position":2,"name":"Actualit\u00e9s","item":"https:\/\/batijournal.com\/index.php\/category\/actualites\/"},{"@type":"ListItem","position":3,"name":"Frank Belda, nouveau Directeur G\u00e9n\u00e9ral d\u2019Alupr\u00e9f\u00e9rence"}]},{"@type":"WebSite","@id":"https:\/\/batijournal.com\/#website","url":"https:\/\/batijournal.com\/","name":"Batijournal","description":"L&#039;actualit\u00e9 du b\u00e2timent","potentialAction":[{"@type":"SearchAction","target":{"@type":"EntryPoint","urlTemplate":"https:\/\/batijournal.com\/?s={search_term_string}"},"query-input":{"@type":"PropertyValueSpecification","valueRequired":true,"valueName":"search_term_string"}}],"inLanguage":"fr-FR"},{"@type":"Person","@id":"https:\/\/batijournal.com\/#\/schema\/person\/1dc96ec6957aa1ccb25ebe78bb19f100","name":"St\u00e9phane Miget","image":{"@type":"ImageObject","inLanguage":"fr-FR","@id":"https:\/\/secure.gravatar.com\/avatar\/89915563d925342126b8ef0281b93d9d7fc337043e8df017f780908eb9644451?s=96&d=mm&r=g","url":"https:\/\/secure.gravatar.com\/avatar\/89915563d925342126b8ef0281b93d9d7fc337043e8df017f780908eb9644451?s=96&d=mm&r=g","contentUrl":"https:\/\/secure.gravatar.com\/avatar\/89915563d925342126b8ef0281b93d9d7fc337043e8df017f780908eb9644451?s=96&d=mm&r=g","caption":"St\u00e9phane Miget"},"url":"https:\/\/batijournal.com\/index.php\/author\/stephane\/"}]}},"_links":{"self":[{"href":"https:\/\/batijournal.com\/index.php\/wp-json\/wp\/v2\/posts\/111555","targetHints":{"allow":["GET"]}}],"collection":[{"href":"https:\/\/batijournal.com\/index.php\/wp-json\/wp\/v2\/posts"}],"about":[{"href":"https:\/\/batijournal.com\/index.php\/wp-json\/wp\/v2\/types\/post"}],"author":[{"embeddable":true,"href":"https:\/\/batijournal.com\/index.php\/wp-json\/wp\/v2\/users\/17"}],"replies":[{"embeddable":true,"href":"https:\/\/batijournal.com\/index.php\/wp-json\/wp\/v2\/comments?post=111555"}],"version-history":[{"count":0,"href":"https:\/\/batijournal.com\/index.php\/wp-json\/wp\/v2\/posts\/111555\/revisions"}],"wp:featuredmedia":[{"embeddable":true,"href":"https:\/\/batijournal.com\/index.php\/wp-json\/wp\/v2\/media\/111556"}],"wp:attachment":[{"href":"https:\/\/batijournal.com\/index.php\/wp-json\/wp\/v2\/media?parent=111555"}],"wp:term":[{"taxonomy":"category","embeddable":true,"href":"https:\/\/batijournal.com\/index.php\/wp-json\/wp\/v2\/categories?post=111555"},{"taxonomy":"post_tag","embeddable":true,"href":"https:\/\/batijournal.com\/index.php\/wp-json\/wp\/v2\/tags?post=111555"}],"curies":[{"name":"wp","href":"https:\/\/api.w.org\/{rel}","templated":true}]}}