{"id":111558,"date":"2025-02-21T11:50:47","date_gmt":"2025-02-21T10:50:47","guid":{"rendered":"https:\/\/batijournal.com\/?p=111558"},"modified":"2025-02-21T11:50:47","modified_gmt":"2025-02-21T10:50:47","slug":"edition-2025-de-la-campagne-la-construction","status":"publish","type":"post","link":"https:\/\/batijournal.com\/index.php\/edition-2025-de-la-campagne-la-construction\/111558\/","title":{"rendered":"Edition 2025 de la campagne \u00ab\u00a0La Construction\u00a0\u00bb"},"content":{"rendered":"<p>Le CCCA-BTP a lanc\u00e9, \u00e0 l\u2019initiative des professionnels du b\u00e2timent et des travaux publics, l\u2019\u00e9dition 2025 de la campagne \u00ab\u00a0La Construction\u00a0\u00bb, pour faire d\u00e9couvrir et donner \u00e0 voir avec r\u00e9alisme la diversit\u00e9 et la richesse des m\u00e9tiers de la construction aux jeunes et l\u2019apprentissage pour s\u2019y former. Sous la banni\u00e8re \u00ab La Construction, la vivre c\u2019est encore mieux \u00bb, son objectif est de susciter de nouvelles vocations pour les m\u00e9tiers de la construction aupr\u00e8s des jeunes en recherche d\u2019une orientation professionnelle et leur donner envie de rejoindre un secteur dynamique et innovant en s\u2019y formant par l\u2019apprentissage, voie de formation d\u2019excellence et de r\u00e9ussite. La campagne est incarn\u00e9e par six jeunes professionnels du b\u00e2timent et des travaux publics (apprentis, salari\u00e9s, chefs d\u2019entreprise), qui sont les meilleurs ambassadeurs pour promouvoir les atouts de leur m\u00e9tier et partager leur passion de l\u2019exercer.<\/p>\n<blockquote class=\"wp-embedded-content\" data-secret=\"o0XYGYb9Gx\"><p><a href=\"https:\/\/laconstruction.fr\/\">La construction<\/a><\/p><\/blockquote>\n<p><iframe loading=\"lazy\" class=\"wp-embedded-content\" sandbox=\"allow-scripts\" security=\"restricted\" style=\"position: absolute; visibility: hidden;\" title=\"\u00ab\u00a0La construction\u00a0\u00bb &#8212; La construction\" src=\"https:\/\/laconstruction.fr\/embed\/#?secret=Voywr1ksp7#?secret=o0XYGYb9Gx\" data-secret=\"o0XYGYb9Gx\" width=\"600\" height=\"338\" frameborder=\"0\" marginwidth=\"0\" marginheight=\"0\" scrolling=\"no\"><\/iframe><\/p>\n","protected":false},"excerpt":{"rendered":"<p>Le CCCA-BTP a lanc\u00e9, \u00e0 l\u2019initiative des professionnels du b\u00e2timent et des travaux publics, l\u2019\u00e9dition 2025 de la campagne \u00ab\u00a0La Construction\u00a0\u00bb, pour faire d\u00e9couvrir et donner \u00e0 voir avec r\u00e9alisme la diversit\u00e9 et la richesse des m\u00e9tiers de la construction aux jeunes et l\u2019apprentissage pour s\u2019y former. Sous la banni\u00e8re \u00ab La Construction, la vivre [&hellip;]<\/p>\n","protected":false},"author":17,"featured_media":111559,"comment_status":"closed","ping_status":"closed","sticky":false,"template":"","format":"standard","meta":{"_et_pb_use_builder":"","_et_pb_old_content":"","_et_gb_content_width":"","footnotes":""},"categories":[10530,6362],"tags":[12896,6086],"class_list":["post-111558","post","type-post","status-publish","format-standard","has-post-thumbnail","hentry","category-actualites","category-services-equipements","tag-apprentissage","tag-ccca-btp"],"yoast_head":"<!-- This site is optimized with the Yoast SEO plugin v27.4 - https:\/\/yoast.com\/product\/yoast-seo-wordpress\/ -->\n<title>Edition 2025 de la campagne \u00ab\u00a0La Construction\u00a0\u00bb<\/title>\n<meta name=\"robots\" content=\"index, follow, max-snippet:-1, max-image-preview:large, max-video-preview:-1\" \/>\n<link rel=\"canonical\" href=\"https:\/\/batijournal.com\/index.php\/edition-2025-de-la-campagne-la-construction\/111558\/\" \/>\n<meta property=\"og:locale\" content=\"fr_FR\" \/>\n<meta property=\"og:type\" content=\"article\" \/>\n<meta property=\"og:title\" content=\"Edition 2025 de la campagne \u00ab\u00a0La Construction\u00a0\u00bb\" \/>\n<meta property=\"og:description\" content=\"Le CCCA-BTP a lanc\u00e9, \u00e0 l\u2019initiative des professionnels du b\u00e2timent et des travaux publics, l\u2019\u00e9dition 2025 de la campagne \u00ab\u00a0La Construction\u00a0\u00bb, pour faire d\u00e9couvrir et donner \u00e0 voir avec r\u00e9alisme la diversit\u00e9 et la richesse des m\u00e9tiers de la construction aux jeunes et l\u2019apprentissage pour s\u2019y former. Sous la banni\u00e8re \u00ab La Construction, la vivre [&hellip;]\" \/>\n<meta property=\"og:url\" content=\"https:\/\/batijournal.com\/index.php\/edition-2025-de-la-campagne-la-construction\/111558\/\" \/>\n<meta property=\"og:site_name\" content=\"Batijournal\" \/>\n<meta property=\"article:published_time\" content=\"2025-02-21T10:50:47+00:00\" \/>\n<meta property=\"og:image\" content=\"https:\/\/batijournal.com\/wp-content\/uploads\/2025\/02\/affiche-2025-La-Construction.png\" \/>\n\t<meta property=\"og:image:width\" content=\"419\" \/>\n\t<meta property=\"og:image:height\" content=\"595\" \/>\n\t<meta property=\"og:image:type\" content=\"image\/png\" \/>\n<meta name=\"author\" content=\"St\u00e9phane Miget\" \/>\n<meta name=\"twitter:card\" content=\"summary_large_image\" \/>\n<meta name=\"twitter:creator\" content=\"@bati_journal\" \/>\n<meta name=\"twitter:site\" content=\"@bati_journal\" \/>\n<meta name=\"twitter:label1\" content=\"\u00c9crit par\" \/>\n\t<meta name=\"twitter:data1\" content=\"St\u00e9phane Miget\" \/>\n\t<meta name=\"twitter:label2\" content=\"Dur\u00e9e de lecture estim\u00e9e\" \/>\n\t<meta name=\"twitter:data2\" content=\"1 minute\" \/>\n<script type=\"application\/ld+json\" class=\"yoast-schema-graph\">{\"@context\":\"https:\\\/\\\/schema.org\",\"@graph\":[{\"@type\":\"Article\",\"@id\":\"https:\\\/\\\/batijournal.com\\\/index.php\\\/edition-2025-de-la-campagne-la-construction\\\/111558\\\/#article\",\"isPartOf\":{\"@id\":\"https:\\\/\\\/batijournal.com\\\/index.php\\\/edition-2025-de-la-campagne-la-construction\\\/111558\\\/\"},\"author\":{\"name\":\"St\u00e9phane Miget\",\"@id\":\"https:\\\/\\\/batijournal.com\\\/#\\\/schema\\\/person\\\/1dc96ec6957aa1ccb25ebe78bb19f100\"},\"headline\":\"Edition 2025 de la campagne \u00ab\u00a0La Construction\u00a0\u00bb\",\"datePublished\":\"2025-02-21T10:50:47+00:00\",\"mainEntityOfPage\":{\"@id\":\"https:\\\/\\\/batijournal.com\\\/index.php\\\/edition-2025-de-la-campagne-la-construction\\\/111558\\\/\"},\"wordCount\":167,\"image\":{\"@id\":\"https:\\\/\\\/batijournal.com\\\/index.php\\\/edition-2025-de-la-campagne-la-construction\\\/111558\\\/#primaryimage\"},\"thumbnailUrl\":\"https:\\\/\\\/batijournal.com\\\/wp-content\\\/uploads\\\/2025\\\/02\\\/affiche-2025-La-Construction.png\",\"keywords\":[\"apprentissage\",\"CCCA-BTP\"],\"articleSection\":[\"Actualit\u00e9s\",\"Divers\"],\"inLanguage\":\"fr-FR\"},{\"@type\":\"WebPage\",\"@id\":\"https:\\\/\\\/batijournal.com\\\/index.php\\\/edition-2025-de-la-campagne-la-construction\\\/111558\\\/\",\"url\":\"https:\\\/\\\/batijournal.com\\\/index.php\\\/edition-2025-de-la-campagne-la-construction\\\/111558\\\/\",\"name\":\"Edition 2025 de la campagne \u00ab\u00a0La Construction\u00a0\u00bb\",\"isPartOf\":{\"@id\":\"https:\\\/\\\/batijournal.com\\\/#website\"},\"primaryImageOfPage\":{\"@id\":\"https:\\\/\\\/batijournal.com\\\/index.php\\\/edition-2025-de-la-campagne-la-construction\\\/111558\\\/#primaryimage\"},\"image\":{\"@id\":\"https:\\\/\\\/batijournal.com\\\/index.php\\\/edition-2025-de-la-campagne-la-construction\\\/111558\\\/#primaryimage\"},\"thumbnailUrl\":\"https:\\\/\\\/batijournal.com\\\/wp-content\\\/uploads\\\/2025\\\/02\\\/affiche-2025-La-Construction.png\",\"datePublished\":\"2025-02-21T10:50:47+00:00\",\"author\":{\"@id\":\"https:\\\/\\\/batijournal.com\\\/#\\\/schema\\\/person\\\/1dc96ec6957aa1ccb25ebe78bb19f100\"},\"breadcrumb\":{\"@id\":\"https:\\\/\\\/batijournal.com\\\/index.php\\\/edition-2025-de-la-campagne-la-construction\\\/111558\\\/#breadcrumb\"},\"inLanguage\":\"fr-FR\",\"potentialAction\":[{\"@type\":\"ReadAction\",\"target\":[\"https:\\\/\\\/batijournal.com\\\/index.php\\\/edition-2025-de-la-campagne-la-construction\\\/111558\\\/\"]}]},{\"@type\":\"ImageObject\",\"inLanguage\":\"fr-FR\",\"@id\":\"https:\\\/\\\/batijournal.com\\\/index.php\\\/edition-2025-de-la-campagne-la-construction\\\/111558\\\/#primaryimage\",\"url\":\"https:\\\/\\\/batijournal.com\\\/wp-content\\\/uploads\\\/2025\\\/02\\\/affiche-2025-La-Construction.png\",\"contentUrl\":\"https:\\\/\\\/batijournal.com\\\/wp-content\\\/uploads\\\/2025\\\/02\\\/affiche-2025-La-Construction.png\",\"width\":419,\"height\":595},{\"@type\":\"BreadcrumbList\",\"@id\":\"https:\\\/\\\/batijournal.com\\\/index.php\\\/edition-2025-de-la-campagne-la-construction\\\/111558\\\/#breadcrumb\",\"itemListElement\":[{\"@type\":\"ListItem\",\"position\":1,\"name\":\"Accueil\",\"item\":\"https:\\\/\\\/batijournal.com\\\/\"},{\"@type\":\"ListItem\",\"position\":2,\"name\":\"Actualit\u00e9s\",\"item\":\"https:\\\/\\\/batijournal.com\\\/index.php\\\/category\\\/actualites\\\/\"},{\"@type\":\"ListItem\",\"position\":3,\"name\":\"Edition 2025 de la campagne \u00ab\u00a0La Construction\u00a0\u00bb\"}]},{\"@type\":\"WebSite\",\"@id\":\"https:\\\/\\\/batijournal.com\\\/#website\",\"url\":\"https:\\\/\\\/batijournal.com\\\/\",\"name\":\"Batijournal\",\"description\":\"L&#039;actualit\u00e9 du b\u00e2timent\",\"potentialAction\":[{\"@type\":\"SearchAction\",\"target\":{\"@type\":\"EntryPoint\",\"urlTemplate\":\"https:\\\/\\\/batijournal.com\\\/?s={search_term_string}\"},\"query-input\":{\"@type\":\"PropertyValueSpecification\",\"valueRequired\":true,\"valueName\":\"search_term_string\"}}],\"inLanguage\":\"fr-FR\"},{\"@type\":\"Person\",\"@id\":\"https:\\\/\\\/batijournal.com\\\/#\\\/schema\\\/person\\\/1dc96ec6957aa1ccb25ebe78bb19f100\",\"name\":\"St\u00e9phane Miget\",\"image\":{\"@type\":\"ImageObject\",\"inLanguage\":\"fr-FR\",\"@id\":\"https:\\\/\\\/secure.gravatar.com\\\/avatar\\\/89915563d925342126b8ef0281b93d9d7fc337043e8df017f780908eb9644451?s=96&d=mm&r=g\",\"url\":\"https:\\\/\\\/secure.gravatar.com\\\/avatar\\\/89915563d925342126b8ef0281b93d9d7fc337043e8df017f780908eb9644451?s=96&d=mm&r=g\",\"contentUrl\":\"https:\\\/\\\/secure.gravatar.com\\\/avatar\\\/89915563d925342126b8ef0281b93d9d7fc337043e8df017f780908eb9644451?s=96&d=mm&r=g\",\"caption\":\"St\u00e9phane Miget\"},\"url\":\"https:\\\/\\\/batijournal.com\\\/index.php\\\/author\\\/stephane\\\/\"}]}<\/script>\n<!-- \/ Yoast SEO plugin. -->","yoast_head_json":{"title":"Edition 2025 de la campagne \u00ab\u00a0La Construction\u00a0\u00bb","robots":{"index":"index","follow":"follow","max-snippet":"max-snippet:-1","max-image-preview":"max-image-preview:large","max-video-preview":"max-video-preview:-1"},"canonical":"https:\/\/batijournal.com\/index.php\/edition-2025-de-la-campagne-la-construction\/111558\/","og_locale":"fr_FR","og_type":"article","og_title":"Edition 2025 de la campagne \u00ab\u00a0La Construction\u00a0\u00bb","og_description":"Le CCCA-BTP a lanc\u00e9, \u00e0 l\u2019initiative des professionnels du b\u00e2timent et des travaux publics, l\u2019\u00e9dition 2025 de la campagne \u00ab\u00a0La Construction\u00a0\u00bb, pour faire d\u00e9couvrir et donner \u00e0 voir avec r\u00e9alisme la diversit\u00e9 et la richesse des m\u00e9tiers de la construction aux jeunes et l\u2019apprentissage pour s\u2019y former. Sous la banni\u00e8re \u00ab La Construction, la vivre [&hellip;]","og_url":"https:\/\/batijournal.com\/index.php\/edition-2025-de-la-campagne-la-construction\/111558\/","og_site_name":"Batijournal","article_published_time":"2025-02-21T10:50:47+00:00","og_image":[{"width":419,"height":595,"url":"https:\/\/batijournal.com\/wp-content\/uploads\/2025\/02\/affiche-2025-La-Construction.png","type":"image\/png"}],"author":"St\u00e9phane Miget","twitter_card":"summary_large_image","twitter_creator":"@bati_journal","twitter_site":"@bati_journal","twitter_misc":{"\u00c9crit par":"St\u00e9phane Miget","Dur\u00e9e de lecture estim\u00e9e":"1 minute"},"schema":{"@context":"https:\/\/schema.org","@graph":[{"@type":"Article","@id":"https:\/\/batijournal.com\/index.php\/edition-2025-de-la-campagne-la-construction\/111558\/#article","isPartOf":{"@id":"https:\/\/batijournal.com\/index.php\/edition-2025-de-la-campagne-la-construction\/111558\/"},"author":{"name":"St\u00e9phane Miget","@id":"https:\/\/batijournal.com\/#\/schema\/person\/1dc96ec6957aa1ccb25ebe78bb19f100"},"headline":"Edition 2025 de la campagne \u00ab\u00a0La Construction\u00a0\u00bb","datePublished":"2025-02-21T10:50:47+00:00","mainEntityOfPage":{"@id":"https:\/\/batijournal.com\/index.php\/edition-2025-de-la-campagne-la-construction\/111558\/"},"wordCount":167,"image":{"@id":"https:\/\/batijournal.com\/index.php\/edition-2025-de-la-campagne-la-construction\/111558\/#primaryimage"},"thumbnailUrl":"https:\/\/batijournal.com\/wp-content\/uploads\/2025\/02\/affiche-2025-La-Construction.png","keywords":["apprentissage","CCCA-BTP"],"articleSection":["Actualit\u00e9s","Divers"],"inLanguage":"fr-FR"},{"@type":"WebPage","@id":"https:\/\/batijournal.com\/index.php\/edition-2025-de-la-campagne-la-construction\/111558\/","url":"https:\/\/batijournal.com\/index.php\/edition-2025-de-la-campagne-la-construction\/111558\/","name":"Edition 2025 de la campagne \u00ab\u00a0La Construction\u00a0\u00bb","isPartOf":{"@id":"https:\/\/batijournal.com\/#website"},"primaryImageOfPage":{"@id":"https:\/\/batijournal.com\/index.php\/edition-2025-de-la-campagne-la-construction\/111558\/#primaryimage"},"image":{"@id":"https:\/\/batijournal.com\/index.php\/edition-2025-de-la-campagne-la-construction\/111558\/#primaryimage"},"thumbnailUrl":"https:\/\/batijournal.com\/wp-content\/uploads\/2025\/02\/affiche-2025-La-Construction.png","datePublished":"2025-02-21T10:50:47+00:00","author":{"@id":"https:\/\/batijournal.com\/#\/schema\/person\/1dc96ec6957aa1ccb25ebe78bb19f100"},"breadcrumb":{"@id":"https:\/\/batijournal.com\/index.php\/edition-2025-de-la-campagne-la-construction\/111558\/#breadcrumb"},"inLanguage":"fr-FR","potentialAction":[{"@type":"ReadAction","target":["https:\/\/batijournal.com\/index.php\/edition-2025-de-la-campagne-la-construction\/111558\/"]}]},{"@type":"ImageObject","inLanguage":"fr-FR","@id":"https:\/\/batijournal.com\/index.php\/edition-2025-de-la-campagne-la-construction\/111558\/#primaryimage","url":"https:\/\/batijournal.com\/wp-content\/uploads\/2025\/02\/affiche-2025-La-Construction.png","contentUrl":"https:\/\/batijournal.com\/wp-content\/uploads\/2025\/02\/affiche-2025-La-Construction.png","width":419,"height":595},{"@type":"BreadcrumbList","@id":"https:\/\/batijournal.com\/index.php\/edition-2025-de-la-campagne-la-construction\/111558\/#breadcrumb","itemListElement":[{"@type":"ListItem","position":1,"name":"Accueil","item":"https:\/\/batijournal.com\/"},{"@type":"ListItem","position":2,"name":"Actualit\u00e9s","item":"https:\/\/batijournal.com\/index.php\/category\/actualites\/"},{"@type":"ListItem","position":3,"name":"Edition 2025 de la campagne \u00ab\u00a0La Construction\u00a0\u00bb"}]},{"@type":"WebSite","@id":"https:\/\/batijournal.com\/#website","url":"https:\/\/batijournal.com\/","name":"Batijournal","description":"L&#039;actualit\u00e9 du b\u00e2timent","potentialAction":[{"@type":"SearchAction","target":{"@type":"EntryPoint","urlTemplate":"https:\/\/batijournal.com\/?s={search_term_string}"},"query-input":{"@type":"PropertyValueSpecification","valueRequired":true,"valueName":"search_term_string"}}],"inLanguage":"fr-FR"},{"@type":"Person","@id":"https:\/\/batijournal.com\/#\/schema\/person\/1dc96ec6957aa1ccb25ebe78bb19f100","name":"St\u00e9phane Miget","image":{"@type":"ImageObject","inLanguage":"fr-FR","@id":"https:\/\/secure.gravatar.com\/avatar\/89915563d925342126b8ef0281b93d9d7fc337043e8df017f780908eb9644451?s=96&d=mm&r=g","url":"https:\/\/secure.gravatar.com\/avatar\/89915563d925342126b8ef0281b93d9d7fc337043e8df017f780908eb9644451?s=96&d=mm&r=g","contentUrl":"https:\/\/secure.gravatar.com\/avatar\/89915563d925342126b8ef0281b93d9d7fc337043e8df017f780908eb9644451?s=96&d=mm&r=g","caption":"St\u00e9phane Miget"},"url":"https:\/\/batijournal.com\/index.php\/author\/stephane\/"}]}},"_links":{"self":[{"href":"https:\/\/batijournal.com\/index.php\/wp-json\/wp\/v2\/posts\/111558","targetHints":{"allow":["GET"]}}],"collection":[{"href":"https:\/\/batijournal.com\/index.php\/wp-json\/wp\/v2\/posts"}],"about":[{"href":"https:\/\/batijournal.com\/index.php\/wp-json\/wp\/v2\/types\/post"}],"author":[{"embeddable":true,"href":"https:\/\/batijournal.com\/index.php\/wp-json\/wp\/v2\/users\/17"}],"replies":[{"embeddable":true,"href":"https:\/\/batijournal.com\/index.php\/wp-json\/wp\/v2\/comments?post=111558"}],"version-history":[{"count":0,"href":"https:\/\/batijournal.com\/index.php\/wp-json\/wp\/v2\/posts\/111558\/revisions"}],"wp:featuredmedia":[{"embeddable":true,"href":"https:\/\/batijournal.com\/index.php\/wp-json\/wp\/v2\/media\/111559"}],"wp:attachment":[{"href":"https:\/\/batijournal.com\/index.php\/wp-json\/wp\/v2\/media?parent=111558"}],"wp:term":[{"taxonomy":"category","embeddable":true,"href":"https:\/\/batijournal.com\/index.php\/wp-json\/wp\/v2\/categories?post=111558"},{"taxonomy":"post_tag","embeddable":true,"href":"https:\/\/batijournal.com\/index.php\/wp-json\/wp\/v2\/tags?post=111558"}],"curies":[{"name":"wp","href":"https:\/\/api.w.org\/{rel}","templated":true}]}}