{"id":111628,"date":"2025-03-05T07:00:26","date_gmt":"2025-03-05T06:00:26","guid":{"rendered":"https:\/\/batijournal.com\/?p=111628"},"modified":"2025-03-05T07:00:42","modified_gmt":"2025-03-05T06:00:42","slug":"le-pole-habitat-ffb-veut-croire-a-un-nouveau-souffle","status":"publish","type":"post","link":"https:\/\/batijournal.com\/index.php\/le-pole-habitat-ffb-veut-croire-a-un-nouveau-souffle\/111628\/","title":{"rendered":"Le P\u00f4le Habitat FFB veut croire \u00e0 un nouveau souffle"},"content":{"rendered":"<p>A l&rsquo;occasion d&rsquo;une conf\u00e9rence de presse, le Pr\u00e9sident du P\u00f4le Habitat FFB Gr\u00e9gory Monod a partag\u00e9 le bilan 2024 des march\u00e9s de la construction de maison neuve et de logements collectifs. Apr\u00e8s un rappel des chiffres qui brosse un portrait sombre du march\u00e9, le p\u00f4le habita veut croire au retour de l&rsquo;optimisme. Si l\u2019inaction et les tergiversations pass\u00e9es se paient au prix fort et que de nombreuses ann\u00e9es de convalescence seront n\u00e9cessaires \u00e0 la fili\u00e8re, l\u2019am\u00e9lioration des conditions de financement des acqu\u00e9reurs observ\u00e9e ces derniers mois souffle toutefois un l\u00e9ger vent d\u2019optimisme. Le gouvernement n\u2019ignore plus la n\u00e9cessit\u00e9 d\u2019agir pour soutenir la demande. Plusieurs des mesures de la loi de finances pour 2025 en t\u00e9moignent, particuli\u00e8rement le r\u00e9tablissement du pr\u00eat \u00e0 taux z\u00e9ro neuf sur tout le territoire et surtout pour la maison individuelle. Reste que la dynamique est fragile et que le chantier de la reconstruction est colossal. L\u2019instauration d\u2019un statut incitatif et p\u00e9renne de bailleur priv\u00e9 est indispensable pour soutenir l\u2019investissement locatif aujourd\u2019hui d\u00e9sert\u00e9 tant par les institutionnels que par les particuliers. Il convient aussi de simplifier r\u00e9solument le maquis de r\u00e8gles, de normes et de proc\u00e9dures qui freinent l\u2019activit\u00e9 et d\u00e9couragent l\u2019entreprise. Il faut enfin adopter les mesures port\u00e9es par la proposition de loi TRACE pour permettre davantage de pragmatisme dans l\u2019application du ZAN. Gr\u00e9gory Monod, Pr\u00e9sident du P\u00f4le Habitat FFB rappelle <em>\u00ab avec 8 mises en chantier pour 1 000 m\u00e9nages, la situation actuelle du logement neuf ressort similaire \u00e0 celle qui pr\u00e9valait en France au d\u00e9but des ann\u00e9es 1950 ! D\u00e8s lors, je salue l\u2019action et l\u2019opini\u00e2tret\u00e9 de notre ministre du Logement, Val\u00e9rie L\u00e9tard, pour l\u2019adoption r\u00e9cente de dispositions qui vont enfin dans le bon sens. Mais la crise n\u2019est pas r\u00e9solue pour autant, et nous restons mobilis\u00e9s pour que des mesures compl\u00e9mentaires et p\u00e9rennes soient prises afin d\u2019inverser durablement la tendance. \u00bb<\/em><\/p>\n<p>Graphique : permis et mises en chantier au niveau national &#8211; Source : MTECT\/CGDD\/SDES, Sit@del2<\/p>\n<p>&nbsp;<\/p>\n","protected":false},"excerpt":{"rendered":"<p>A l&rsquo;occasion d&rsquo;une conf\u00e9rence de presse, le Pr\u00e9sident du P\u00f4le Habitat FFB Gr\u00e9gory Monod a partag\u00e9 le bilan 2024 des march\u00e9s de la construction de maison neuve et de logements collectifs. Apr\u00e8s un rappel des chiffres qui brosse un portrait sombre du march\u00e9, le p\u00f4le habita veut croire au retour de l&rsquo;optimisme. Si l\u2019inaction et [&hellip;]<\/p>\n","protected":false},"author":17,"featured_media":111629,"comment_status":"closed","ping_status":"closed","sticky":false,"template":"","format":"standard","meta":{"_et_pb_use_builder":"","_et_pb_old_content":"","_et_gb_content_width":"","footnotes":""},"categories":[10736,10530,6345],"tags":[373,1338],"class_list":["post-111628","post","type-post","status-publish","format-standard","has-post-thumbnail","hentry","category-a-la-une","category-actualites","category-economie-marches","tag-ffb","tag-statistiques"],"yoast_head":"<!-- This site is optimized with the Yoast SEO plugin v27.4 - https:\/\/yoast.com\/product\/yoast-seo-wordpress\/ -->\n<title>Le P\u00f4le Habitat FFB veut croire \u00e0 un nouveau souffle<\/title>\n<meta name=\"robots\" content=\"index, follow, max-snippet:-1, max-image-preview:large, max-video-preview:-1\" \/>\n<link rel=\"canonical\" href=\"https:\/\/batijournal.com\/index.php\/le-pole-habitat-ffb-veut-croire-a-un-nouveau-souffle\/111628\/\" \/>\n<meta property=\"og:locale\" content=\"fr_FR\" \/>\n<meta property=\"og:type\" content=\"article\" \/>\n<meta property=\"og:title\" content=\"Le P\u00f4le Habitat FFB veut croire \u00e0 un nouveau souffle\" \/>\n<meta property=\"og:description\" content=\"A l&rsquo;occasion d&rsquo;une conf\u00e9rence de presse, le Pr\u00e9sident du P\u00f4le Habitat FFB Gr\u00e9gory Monod a partag\u00e9 le bilan 2024 des march\u00e9s de la construction de maison neuve et de logements collectifs. Apr\u00e8s un rappel des chiffres qui brosse un portrait sombre du march\u00e9, le p\u00f4le habita veut croire au retour de l&rsquo;optimisme. Si l\u2019inaction et [&hellip;]\" \/>\n<meta property=\"og:url\" content=\"https:\/\/batijournal.com\/index.php\/le-pole-habitat-ffb-veut-croire-a-un-nouveau-souffle\/111628\/\" \/>\n<meta property=\"og:site_name\" content=\"Batijournal\" \/>\n<meta property=\"article:published_time\" content=\"2025-03-05T06:00:26+00:00\" \/>\n<meta property=\"article:modified_time\" content=\"2025-03-05T06:00:42+00:00\" \/>\n<meta property=\"og:image\" content=\"https:\/\/batijournal.com\/wp-content\/uploads\/2025\/03\/permis-et-mises-en-chantier-au-niveau-national.png\" \/>\n\t<meta property=\"og:image:width\" content=\"2320\" \/>\n\t<meta property=\"og:image:height\" content=\"1134\" \/>\n\t<meta property=\"og:image:type\" content=\"image\/png\" \/>\n<meta name=\"author\" content=\"St\u00e9phane Miget\" \/>\n<meta name=\"twitter:card\" content=\"summary_large_image\" \/>\n<meta name=\"twitter:creator\" content=\"@bati_journal\" \/>\n<meta name=\"twitter:site\" content=\"@bati_journal\" \/>\n<meta name=\"twitter:label1\" content=\"\u00c9crit par\" \/>\n\t<meta name=\"twitter:data1\" content=\"St\u00e9phane Miget\" \/>\n\t<meta name=\"twitter:label2\" content=\"Dur\u00e9e de lecture estim\u00e9e\" \/>\n\t<meta name=\"twitter:data2\" content=\"2 minutes\" \/>\n<script type=\"application\/ld+json\" class=\"yoast-schema-graph\">{\"@context\":\"https:\\\/\\\/schema.org\",\"@graph\":[{\"@type\":\"Article\",\"@id\":\"https:\\\/\\\/batijournal.com\\\/index.php\\\/le-pole-habitat-ffb-veut-croire-a-un-nouveau-souffle\\\/111628\\\/#article\",\"isPartOf\":{\"@id\":\"https:\\\/\\\/batijournal.com\\\/index.php\\\/le-pole-habitat-ffb-veut-croire-a-un-nouveau-souffle\\\/111628\\\/\"},\"author\":{\"name\":\"St\u00e9phane Miget\",\"@id\":\"https:\\\/\\\/batijournal.com\\\/#\\\/schema\\\/person\\\/1dc96ec6957aa1ccb25ebe78bb19f100\"},\"headline\":\"Le P\u00f4le Habitat FFB veut croire \u00e0 un nouveau souffle\",\"datePublished\":\"2025-03-05T06:00:26+00:00\",\"dateModified\":\"2025-03-05T06:00:42+00:00\",\"mainEntityOfPage\":{\"@id\":\"https:\\\/\\\/batijournal.com\\\/index.php\\\/le-pole-habitat-ffb-veut-croire-a-un-nouveau-souffle\\\/111628\\\/\"},\"wordCount\":387,\"image\":{\"@id\":\"https:\\\/\\\/batijournal.com\\\/index.php\\\/le-pole-habitat-ffb-veut-croire-a-un-nouveau-souffle\\\/111628\\\/#primaryimage\"},\"thumbnailUrl\":\"https:\\\/\\\/batijournal.com\\\/wp-content\\\/uploads\\\/2025\\\/03\\\/permis-et-mises-en-chantier-au-niveau-national.png\",\"keywords\":[\"ffb\",\"statistiques\"],\"articleSection\":[\"A la Une\",\"Actualit\u00e9s\",\"\u00c9conomie &amp; March\u00e9s\"],\"inLanguage\":\"fr-FR\"},{\"@type\":\"WebPage\",\"@id\":\"https:\\\/\\\/batijournal.com\\\/index.php\\\/le-pole-habitat-ffb-veut-croire-a-un-nouveau-souffle\\\/111628\\\/\",\"url\":\"https:\\\/\\\/batijournal.com\\\/index.php\\\/le-pole-habitat-ffb-veut-croire-a-un-nouveau-souffle\\\/111628\\\/\",\"name\":\"Le P\u00f4le Habitat FFB veut croire \u00e0 un nouveau souffle\",\"isPartOf\":{\"@id\":\"https:\\\/\\\/batijournal.com\\\/#website\"},\"primaryImageOfPage\":{\"@id\":\"https:\\\/\\\/batijournal.com\\\/index.php\\\/le-pole-habitat-ffb-veut-croire-a-un-nouveau-souffle\\\/111628\\\/#primaryimage\"},\"image\":{\"@id\":\"https:\\\/\\\/batijournal.com\\\/index.php\\\/le-pole-habitat-ffb-veut-croire-a-un-nouveau-souffle\\\/111628\\\/#primaryimage\"},\"thumbnailUrl\":\"https:\\\/\\\/batijournal.com\\\/wp-content\\\/uploads\\\/2025\\\/03\\\/permis-et-mises-en-chantier-au-niveau-national.png\",\"datePublished\":\"2025-03-05T06:00:26+00:00\",\"dateModified\":\"2025-03-05T06:00:42+00:00\",\"author\":{\"@id\":\"https:\\\/\\\/batijournal.com\\\/#\\\/schema\\\/person\\\/1dc96ec6957aa1ccb25ebe78bb19f100\"},\"breadcrumb\":{\"@id\":\"https:\\\/\\\/batijournal.com\\\/index.php\\\/le-pole-habitat-ffb-veut-croire-a-un-nouveau-souffle\\\/111628\\\/#breadcrumb\"},\"inLanguage\":\"fr-FR\",\"potentialAction\":[{\"@type\":\"ReadAction\",\"target\":[\"https:\\\/\\\/batijournal.com\\\/index.php\\\/le-pole-habitat-ffb-veut-croire-a-un-nouveau-souffle\\\/111628\\\/\"]}]},{\"@type\":\"ImageObject\",\"inLanguage\":\"fr-FR\",\"@id\":\"https:\\\/\\\/batijournal.com\\\/index.php\\\/le-pole-habitat-ffb-veut-croire-a-un-nouveau-souffle\\\/111628\\\/#primaryimage\",\"url\":\"https:\\\/\\\/batijournal.com\\\/wp-content\\\/uploads\\\/2025\\\/03\\\/permis-et-mises-en-chantier-au-niveau-national.png\",\"contentUrl\":\"https:\\\/\\\/batijournal.com\\\/wp-content\\\/uploads\\\/2025\\\/03\\\/permis-et-mises-en-chantier-au-niveau-national.png\",\"width\":2320,\"height\":1134},{\"@type\":\"BreadcrumbList\",\"@id\":\"https:\\\/\\\/batijournal.com\\\/index.php\\\/le-pole-habitat-ffb-veut-croire-a-un-nouveau-souffle\\\/111628\\\/#breadcrumb\",\"itemListElement\":[{\"@type\":\"ListItem\",\"position\":1,\"name\":\"Accueil\",\"item\":\"https:\\\/\\\/batijournal.com\\\/\"},{\"@type\":\"ListItem\",\"position\":2,\"name\":\"Actualit\u00e9s\",\"item\":\"https:\\\/\\\/batijournal.com\\\/index.php\\\/category\\\/actualites\\\/\"},{\"@type\":\"ListItem\",\"position\":3,\"name\":\"Le P\u00f4le Habitat FFB veut croire \u00e0 un nouveau souffle\"}]},{\"@type\":\"WebSite\",\"@id\":\"https:\\\/\\\/batijournal.com\\\/#website\",\"url\":\"https:\\\/\\\/batijournal.com\\\/\",\"name\":\"Batijournal\",\"description\":\"L&#039;actualit\u00e9 du b\u00e2timent\",\"potentialAction\":[{\"@type\":\"SearchAction\",\"target\":{\"@type\":\"EntryPoint\",\"urlTemplate\":\"https:\\\/\\\/batijournal.com\\\/?s={search_term_string}\"},\"query-input\":{\"@type\":\"PropertyValueSpecification\",\"valueRequired\":true,\"valueName\":\"search_term_string\"}}],\"inLanguage\":\"fr-FR\"},{\"@type\":\"Person\",\"@id\":\"https:\\\/\\\/batijournal.com\\\/#\\\/schema\\\/person\\\/1dc96ec6957aa1ccb25ebe78bb19f100\",\"name\":\"St\u00e9phane Miget\",\"image\":{\"@type\":\"ImageObject\",\"inLanguage\":\"fr-FR\",\"@id\":\"https:\\\/\\\/secure.gravatar.com\\\/avatar\\\/89915563d925342126b8ef0281b93d9d7fc337043e8df017f780908eb9644451?s=96&d=mm&r=g\",\"url\":\"https:\\\/\\\/secure.gravatar.com\\\/avatar\\\/89915563d925342126b8ef0281b93d9d7fc337043e8df017f780908eb9644451?s=96&d=mm&r=g\",\"contentUrl\":\"https:\\\/\\\/secure.gravatar.com\\\/avatar\\\/89915563d925342126b8ef0281b93d9d7fc337043e8df017f780908eb9644451?s=96&d=mm&r=g\",\"caption\":\"St\u00e9phane Miget\"},\"url\":\"https:\\\/\\\/batijournal.com\\\/index.php\\\/author\\\/stephane\\\/\"}]}<\/script>\n<!-- \/ Yoast SEO plugin. -->","yoast_head_json":{"title":"Le P\u00f4le Habitat FFB veut croire \u00e0 un nouveau souffle","robots":{"index":"index","follow":"follow","max-snippet":"max-snippet:-1","max-image-preview":"max-image-preview:large","max-video-preview":"max-video-preview:-1"},"canonical":"https:\/\/batijournal.com\/index.php\/le-pole-habitat-ffb-veut-croire-a-un-nouveau-souffle\/111628\/","og_locale":"fr_FR","og_type":"article","og_title":"Le P\u00f4le Habitat FFB veut croire \u00e0 un nouveau souffle","og_description":"A l&rsquo;occasion d&rsquo;une conf\u00e9rence de presse, le Pr\u00e9sident du P\u00f4le Habitat FFB Gr\u00e9gory Monod a partag\u00e9 le bilan 2024 des march\u00e9s de la construction de maison neuve et de logements collectifs. Apr\u00e8s un rappel des chiffres qui brosse un portrait sombre du march\u00e9, le p\u00f4le habita veut croire au retour de l&rsquo;optimisme. Si l\u2019inaction et [&hellip;]","og_url":"https:\/\/batijournal.com\/index.php\/le-pole-habitat-ffb-veut-croire-a-un-nouveau-souffle\/111628\/","og_site_name":"Batijournal","article_published_time":"2025-03-05T06:00:26+00:00","article_modified_time":"2025-03-05T06:00:42+00:00","og_image":[{"width":2320,"height":1134,"url":"https:\/\/batijournal.com\/wp-content\/uploads\/2025\/03\/permis-et-mises-en-chantier-au-niveau-national.png","type":"image\/png"}],"author":"St\u00e9phane Miget","twitter_card":"summary_large_image","twitter_creator":"@bati_journal","twitter_site":"@bati_journal","twitter_misc":{"\u00c9crit par":"St\u00e9phane Miget","Dur\u00e9e de lecture estim\u00e9e":"2 minutes"},"schema":{"@context":"https:\/\/schema.org","@graph":[{"@type":"Article","@id":"https:\/\/batijournal.com\/index.php\/le-pole-habitat-ffb-veut-croire-a-un-nouveau-souffle\/111628\/#article","isPartOf":{"@id":"https:\/\/batijournal.com\/index.php\/le-pole-habitat-ffb-veut-croire-a-un-nouveau-souffle\/111628\/"},"author":{"name":"St\u00e9phane Miget","@id":"https:\/\/batijournal.com\/#\/schema\/person\/1dc96ec6957aa1ccb25ebe78bb19f100"},"headline":"Le P\u00f4le Habitat FFB veut croire \u00e0 un nouveau souffle","datePublished":"2025-03-05T06:00:26+00:00","dateModified":"2025-03-05T06:00:42+00:00","mainEntityOfPage":{"@id":"https:\/\/batijournal.com\/index.php\/le-pole-habitat-ffb-veut-croire-a-un-nouveau-souffle\/111628\/"},"wordCount":387,"image":{"@id":"https:\/\/batijournal.com\/index.php\/le-pole-habitat-ffb-veut-croire-a-un-nouveau-souffle\/111628\/#primaryimage"},"thumbnailUrl":"https:\/\/batijournal.com\/wp-content\/uploads\/2025\/03\/permis-et-mises-en-chantier-au-niveau-national.png","keywords":["ffb","statistiques"],"articleSection":["A la Une","Actualit\u00e9s","\u00c9conomie &amp; March\u00e9s"],"inLanguage":"fr-FR"},{"@type":"WebPage","@id":"https:\/\/batijournal.com\/index.php\/le-pole-habitat-ffb-veut-croire-a-un-nouveau-souffle\/111628\/","url":"https:\/\/batijournal.com\/index.php\/le-pole-habitat-ffb-veut-croire-a-un-nouveau-souffle\/111628\/","name":"Le P\u00f4le Habitat FFB veut croire \u00e0 un nouveau souffle","isPartOf":{"@id":"https:\/\/batijournal.com\/#website"},"primaryImageOfPage":{"@id":"https:\/\/batijournal.com\/index.php\/le-pole-habitat-ffb-veut-croire-a-un-nouveau-souffle\/111628\/#primaryimage"},"image":{"@id":"https:\/\/batijournal.com\/index.php\/le-pole-habitat-ffb-veut-croire-a-un-nouveau-souffle\/111628\/#primaryimage"},"thumbnailUrl":"https:\/\/batijournal.com\/wp-content\/uploads\/2025\/03\/permis-et-mises-en-chantier-au-niveau-national.png","datePublished":"2025-03-05T06:00:26+00:00","dateModified":"2025-03-05T06:00:42+00:00","author":{"@id":"https:\/\/batijournal.com\/#\/schema\/person\/1dc96ec6957aa1ccb25ebe78bb19f100"},"breadcrumb":{"@id":"https:\/\/batijournal.com\/index.php\/le-pole-habitat-ffb-veut-croire-a-un-nouveau-souffle\/111628\/#breadcrumb"},"inLanguage":"fr-FR","potentialAction":[{"@type":"ReadAction","target":["https:\/\/batijournal.com\/index.php\/le-pole-habitat-ffb-veut-croire-a-un-nouveau-souffle\/111628\/"]}]},{"@type":"ImageObject","inLanguage":"fr-FR","@id":"https:\/\/batijournal.com\/index.php\/le-pole-habitat-ffb-veut-croire-a-un-nouveau-souffle\/111628\/#primaryimage","url":"https:\/\/batijournal.com\/wp-content\/uploads\/2025\/03\/permis-et-mises-en-chantier-au-niveau-national.png","contentUrl":"https:\/\/batijournal.com\/wp-content\/uploads\/2025\/03\/permis-et-mises-en-chantier-au-niveau-national.png","width":2320,"height":1134},{"@type":"BreadcrumbList","@id":"https:\/\/batijournal.com\/index.php\/le-pole-habitat-ffb-veut-croire-a-un-nouveau-souffle\/111628\/#breadcrumb","itemListElement":[{"@type":"ListItem","position":1,"name":"Accueil","item":"https:\/\/batijournal.com\/"},{"@type":"ListItem","position":2,"name":"Actualit\u00e9s","item":"https:\/\/batijournal.com\/index.php\/category\/actualites\/"},{"@type":"ListItem","position":3,"name":"Le P\u00f4le Habitat FFB veut croire \u00e0 un nouveau souffle"}]},{"@type":"WebSite","@id":"https:\/\/batijournal.com\/#website","url":"https:\/\/batijournal.com\/","name":"Batijournal","description":"L&#039;actualit\u00e9 du b\u00e2timent","potentialAction":[{"@type":"SearchAction","target":{"@type":"EntryPoint","urlTemplate":"https:\/\/batijournal.com\/?s={search_term_string}"},"query-input":{"@type":"PropertyValueSpecification","valueRequired":true,"valueName":"search_term_string"}}],"inLanguage":"fr-FR"},{"@type":"Person","@id":"https:\/\/batijournal.com\/#\/schema\/person\/1dc96ec6957aa1ccb25ebe78bb19f100","name":"St\u00e9phane Miget","image":{"@type":"ImageObject","inLanguage":"fr-FR","@id":"https:\/\/secure.gravatar.com\/avatar\/89915563d925342126b8ef0281b93d9d7fc337043e8df017f780908eb9644451?s=96&d=mm&r=g","url":"https:\/\/secure.gravatar.com\/avatar\/89915563d925342126b8ef0281b93d9d7fc337043e8df017f780908eb9644451?s=96&d=mm&r=g","contentUrl":"https:\/\/secure.gravatar.com\/avatar\/89915563d925342126b8ef0281b93d9d7fc337043e8df017f780908eb9644451?s=96&d=mm&r=g","caption":"St\u00e9phane Miget"},"url":"https:\/\/batijournal.com\/index.php\/author\/stephane\/"}]}},"_links":{"self":[{"href":"https:\/\/batijournal.com\/index.php\/wp-json\/wp\/v2\/posts\/111628","targetHints":{"allow":["GET"]}}],"collection":[{"href":"https:\/\/batijournal.com\/index.php\/wp-json\/wp\/v2\/posts"}],"about":[{"href":"https:\/\/batijournal.com\/index.php\/wp-json\/wp\/v2\/types\/post"}],"author":[{"embeddable":true,"href":"https:\/\/batijournal.com\/index.php\/wp-json\/wp\/v2\/users\/17"}],"replies":[{"embeddable":true,"href":"https:\/\/batijournal.com\/index.php\/wp-json\/wp\/v2\/comments?post=111628"}],"version-history":[{"count":0,"href":"https:\/\/batijournal.com\/index.php\/wp-json\/wp\/v2\/posts\/111628\/revisions"}],"wp:featuredmedia":[{"embeddable":true,"href":"https:\/\/batijournal.com\/index.php\/wp-json\/wp\/v2\/media\/111629"}],"wp:attachment":[{"href":"https:\/\/batijournal.com\/index.php\/wp-json\/wp\/v2\/media?parent=111628"}],"wp:term":[{"taxonomy":"category","embeddable":true,"href":"https:\/\/batijournal.com\/index.php\/wp-json\/wp\/v2\/categories?post=111628"},{"taxonomy":"post_tag","embeddable":true,"href":"https:\/\/batijournal.com\/index.php\/wp-json\/wp\/v2\/tags?post=111628"}],"curies":[{"name":"wp","href":"https:\/\/api.w.org\/{rel}","templated":true}]}}