{"id":111658,"date":"2025-03-17T09:16:05","date_gmt":"2025-03-17T08:16:05","guid":{"rendered":"https:\/\/batijournal.com\/?p=111658"},"modified":"2025-03-17T09:16:05","modified_gmt":"2025-03-17T08:16:05","slug":"semaine-de-lentreprise-cooperative-btp-du-17-au-21-mars-2025","status":"publish","type":"post","link":"https:\/\/batijournal.com\/index.php\/semaine-de-lentreprise-cooperative-btp-du-17-au-21-mars-2025\/111658\/","title":{"rendered":"Semaine de l\u2019entreprise coop\u00e9rative BTP du 17 au 21 mars 2025"},"content":{"rendered":"<p>Cette Semaine, les 600 soci\u00e9t\u00e9s coop\u00e9ratives du BTP se mobilisent en r\u00e9gion pour venir \u00e0 la rencontre des jeunes en formation au sein des organismes de formation aux m\u00e9tiers du BTP. Diverses animations sont au programme\u00a0: des ateliers et des conf\u00e9rences pour pr\u00e9senter le mod\u00e8le coop\u00e9ratif, des interventions d\u2019entreprises coop\u00e9ratives, des visites d\u2019entreprises coop\u00e9ratives ou de chantiers r\u00e9alis\u00e9s par une SCOP. \u00c0 l\u2019occasion de cette 3e \u00e9dition, un quiz et un concours, avec un week-end \u00e0 gagner \u00e0 Toulouse lors du congr\u00e8s des SCOP en octobre, est organis\u00e9 \u00e0 l\u2019attention des apprentis. Toutes les r\u00e9gions de France m\u00e9tropolitaine participent, avec 9 \u00e9v\u00e9nements en Auvergne-Rh\u00f4ne-Alpes, 5 en Bourgogne-Franche-Comt\u00e9, 3 en Bretagne, 1 en Centre-Val de Loire, 1 en Haut-de-France, 3 en \u00cele-de-France, 3 en Normandie, 8 en Nouvelle-Aquitaine, 5 en Occitanie, 1 en Pays de la Loire et 5 en Provence-Alpes-C\u00f4te d\u2019Azur.<\/p>\n","protected":false},"excerpt":{"rendered":"<p>Cette Semaine, les 600 soci\u00e9t\u00e9s coop\u00e9ratives du BTP se mobilisent en r\u00e9gion pour venir \u00e0 la rencontre des jeunes en formation au sein des organismes de formation aux m\u00e9tiers du BTP. Diverses animations sont au programme\u00a0: des ateliers et des conf\u00e9rences pour pr\u00e9senter le mod\u00e8le coop\u00e9ratif, des interventions d\u2019entreprises coop\u00e9ratives, des visites d\u2019entreprises coop\u00e9ratives ou [&hellip;]<\/p>\n","protected":false},"author":17,"featured_media":111659,"comment_status":"closed","ping_status":"closed","sticky":false,"template":"","format":"standard","meta":{"_et_pb_use_builder":"","_et_pb_old_content":"","_et_gb_content_width":"","footnotes":""},"categories":[10530,6362],"tags":[8092],"class_list":["post-111658","post","type-post","status-publish","format-standard","has-post-thumbnail","hentry","category-actualites","category-services-equipements","tag-cooperative"],"yoast_head":"<!-- This site is optimized with the Yoast SEO plugin v27.4 - https:\/\/yoast.com\/product\/yoast-seo-wordpress\/ -->\n<title>Semaine de l\u2019entreprise coop\u00e9rative BTP du 17 au 21 mars 2025<\/title>\n<meta name=\"robots\" content=\"index, follow, max-snippet:-1, max-image-preview:large, max-video-preview:-1\" \/>\n<link rel=\"canonical\" href=\"https:\/\/batijournal.com\/index.php\/semaine-de-lentreprise-cooperative-btp-du-17-au-21-mars-2025\/111658\/\" \/>\n<meta property=\"og:locale\" content=\"fr_FR\" \/>\n<meta property=\"og:type\" content=\"article\" \/>\n<meta property=\"og:title\" content=\"Semaine de l\u2019entreprise coop\u00e9rative BTP du 17 au 21 mars 2025\" \/>\n<meta property=\"og:description\" content=\"Cette Semaine, les 600 soci\u00e9t\u00e9s coop\u00e9ratives du BTP se mobilisent en r\u00e9gion pour venir \u00e0 la rencontre des jeunes en formation au sein des organismes de formation aux m\u00e9tiers du BTP. Diverses animations sont au programme\u00a0: des ateliers et des conf\u00e9rences pour pr\u00e9senter le mod\u00e8le coop\u00e9ratif, des interventions d\u2019entreprises coop\u00e9ratives, des visites d\u2019entreprises coop\u00e9ratives ou [&hellip;]\" \/>\n<meta property=\"og:url\" content=\"https:\/\/batijournal.com\/index.php\/semaine-de-lentreprise-cooperative-btp-du-17-au-21-mars-2025\/111658\/\" \/>\n<meta property=\"og:site_name\" content=\"Batijournal\" \/>\n<meta property=\"article:published_time\" content=\"2025-03-17T08:16:05+00:00\" \/>\n<meta property=\"og:image\" content=\"https:\/\/batijournal.com\/wp-content\/uploads\/2025\/03\/Affiche-scop.jpg\" \/>\n\t<meta property=\"og:image:width\" content=\"667\" \/>\n\t<meta property=\"og:image:height\" content=\"1000\" \/>\n\t<meta property=\"og:image:type\" content=\"image\/jpeg\" \/>\n<meta name=\"author\" content=\"St\u00e9phane Miget\" \/>\n<meta name=\"twitter:card\" content=\"summary_large_image\" \/>\n<meta name=\"twitter:creator\" content=\"@bati_journal\" \/>\n<meta name=\"twitter:site\" content=\"@bati_journal\" \/>\n<meta name=\"twitter:label1\" content=\"\u00c9crit par\" \/>\n\t<meta name=\"twitter:data1\" content=\"St\u00e9phane Miget\" \/>\n\t<meta name=\"twitter:label2\" content=\"Dur\u00e9e de lecture estim\u00e9e\" \/>\n\t<meta name=\"twitter:data2\" content=\"1 minute\" \/>\n<script type=\"application\/ld+json\" class=\"yoast-schema-graph\">{\"@context\":\"https:\\\/\\\/schema.org\",\"@graph\":[{\"@type\":\"Article\",\"@id\":\"https:\\\/\\\/batijournal.com\\\/index.php\\\/semaine-de-lentreprise-cooperative-btp-du-17-au-21-mars-2025\\\/111658\\\/#article\",\"isPartOf\":{\"@id\":\"https:\\\/\\\/batijournal.com\\\/index.php\\\/semaine-de-lentreprise-cooperative-btp-du-17-au-21-mars-2025\\\/111658\\\/\"},\"author\":{\"name\":\"St\u00e9phane Miget\",\"@id\":\"https:\\\/\\\/batijournal.com\\\/#\\\/schema\\\/person\\\/1dc96ec6957aa1ccb25ebe78bb19f100\"},\"headline\":\"Semaine de l\u2019entreprise coop\u00e9rative BTP du 17 au 21 mars 2025\",\"datePublished\":\"2025-03-17T08:16:05+00:00\",\"mainEntityOfPage\":{\"@id\":\"https:\\\/\\\/batijournal.com\\\/index.php\\\/semaine-de-lentreprise-cooperative-btp-du-17-au-21-mars-2025\\\/111658\\\/\"},\"wordCount\":158,\"image\":{\"@id\":\"https:\\\/\\\/batijournal.com\\\/index.php\\\/semaine-de-lentreprise-cooperative-btp-du-17-au-21-mars-2025\\\/111658\\\/#primaryimage\"},\"thumbnailUrl\":\"https:\\\/\\\/batijournal.com\\\/wp-content\\\/uploads\\\/2025\\\/03\\\/Affiche-scop.jpg\",\"keywords\":[\"cooperative\"],\"articleSection\":[\"Actualit\u00e9s\",\"Divers\"],\"inLanguage\":\"fr-FR\"},{\"@type\":\"WebPage\",\"@id\":\"https:\\\/\\\/batijournal.com\\\/index.php\\\/semaine-de-lentreprise-cooperative-btp-du-17-au-21-mars-2025\\\/111658\\\/\",\"url\":\"https:\\\/\\\/batijournal.com\\\/index.php\\\/semaine-de-lentreprise-cooperative-btp-du-17-au-21-mars-2025\\\/111658\\\/\",\"name\":\"Semaine de l\u2019entreprise coop\u00e9rative BTP du 17 au 21 mars 2025\",\"isPartOf\":{\"@id\":\"https:\\\/\\\/batijournal.com\\\/#website\"},\"primaryImageOfPage\":{\"@id\":\"https:\\\/\\\/batijournal.com\\\/index.php\\\/semaine-de-lentreprise-cooperative-btp-du-17-au-21-mars-2025\\\/111658\\\/#primaryimage\"},\"image\":{\"@id\":\"https:\\\/\\\/batijournal.com\\\/index.php\\\/semaine-de-lentreprise-cooperative-btp-du-17-au-21-mars-2025\\\/111658\\\/#primaryimage\"},\"thumbnailUrl\":\"https:\\\/\\\/batijournal.com\\\/wp-content\\\/uploads\\\/2025\\\/03\\\/Affiche-scop.jpg\",\"datePublished\":\"2025-03-17T08:16:05+00:00\",\"author\":{\"@id\":\"https:\\\/\\\/batijournal.com\\\/#\\\/schema\\\/person\\\/1dc96ec6957aa1ccb25ebe78bb19f100\"},\"breadcrumb\":{\"@id\":\"https:\\\/\\\/batijournal.com\\\/index.php\\\/semaine-de-lentreprise-cooperative-btp-du-17-au-21-mars-2025\\\/111658\\\/#breadcrumb\"},\"inLanguage\":\"fr-FR\",\"potentialAction\":[{\"@type\":\"ReadAction\",\"target\":[\"https:\\\/\\\/batijournal.com\\\/index.php\\\/semaine-de-lentreprise-cooperative-btp-du-17-au-21-mars-2025\\\/111658\\\/\"]}]},{\"@type\":\"ImageObject\",\"inLanguage\":\"fr-FR\",\"@id\":\"https:\\\/\\\/batijournal.com\\\/index.php\\\/semaine-de-lentreprise-cooperative-btp-du-17-au-21-mars-2025\\\/111658\\\/#primaryimage\",\"url\":\"https:\\\/\\\/batijournal.com\\\/wp-content\\\/uploads\\\/2025\\\/03\\\/Affiche-scop.jpg\",\"contentUrl\":\"https:\\\/\\\/batijournal.com\\\/wp-content\\\/uploads\\\/2025\\\/03\\\/Affiche-scop.jpg\",\"width\":667,\"height\":1000},{\"@type\":\"BreadcrumbList\",\"@id\":\"https:\\\/\\\/batijournal.com\\\/index.php\\\/semaine-de-lentreprise-cooperative-btp-du-17-au-21-mars-2025\\\/111658\\\/#breadcrumb\",\"itemListElement\":[{\"@type\":\"ListItem\",\"position\":1,\"name\":\"Accueil\",\"item\":\"https:\\\/\\\/batijournal.com\\\/\"},{\"@type\":\"ListItem\",\"position\":2,\"name\":\"Actualit\u00e9s\",\"item\":\"https:\\\/\\\/batijournal.com\\\/index.php\\\/category\\\/actualites\\\/\"},{\"@type\":\"ListItem\",\"position\":3,\"name\":\"Semaine de l\u2019entreprise coop\u00e9rative BTP du 17 au 21 mars 2025\"}]},{\"@type\":\"WebSite\",\"@id\":\"https:\\\/\\\/batijournal.com\\\/#website\",\"url\":\"https:\\\/\\\/batijournal.com\\\/\",\"name\":\"Batijournal\",\"description\":\"L&#039;actualit\u00e9 du b\u00e2timent\",\"potentialAction\":[{\"@type\":\"SearchAction\",\"target\":{\"@type\":\"EntryPoint\",\"urlTemplate\":\"https:\\\/\\\/batijournal.com\\\/?s={search_term_string}\"},\"query-input\":{\"@type\":\"PropertyValueSpecification\",\"valueRequired\":true,\"valueName\":\"search_term_string\"}}],\"inLanguage\":\"fr-FR\"},{\"@type\":\"Person\",\"@id\":\"https:\\\/\\\/batijournal.com\\\/#\\\/schema\\\/person\\\/1dc96ec6957aa1ccb25ebe78bb19f100\",\"name\":\"St\u00e9phane Miget\",\"image\":{\"@type\":\"ImageObject\",\"inLanguage\":\"fr-FR\",\"@id\":\"https:\\\/\\\/secure.gravatar.com\\\/avatar\\\/89915563d925342126b8ef0281b93d9d7fc337043e8df017f780908eb9644451?s=96&d=mm&r=g\",\"url\":\"https:\\\/\\\/secure.gravatar.com\\\/avatar\\\/89915563d925342126b8ef0281b93d9d7fc337043e8df017f780908eb9644451?s=96&d=mm&r=g\",\"contentUrl\":\"https:\\\/\\\/secure.gravatar.com\\\/avatar\\\/89915563d925342126b8ef0281b93d9d7fc337043e8df017f780908eb9644451?s=96&d=mm&r=g\",\"caption\":\"St\u00e9phane Miget\"},\"url\":\"https:\\\/\\\/batijournal.com\\\/index.php\\\/author\\\/stephane\\\/\"}]}<\/script>\n<!-- \/ Yoast SEO plugin. -->","yoast_head_json":{"title":"Semaine de l\u2019entreprise coop\u00e9rative BTP du 17 au 21 mars 2025","robots":{"index":"index","follow":"follow","max-snippet":"max-snippet:-1","max-image-preview":"max-image-preview:large","max-video-preview":"max-video-preview:-1"},"canonical":"https:\/\/batijournal.com\/index.php\/semaine-de-lentreprise-cooperative-btp-du-17-au-21-mars-2025\/111658\/","og_locale":"fr_FR","og_type":"article","og_title":"Semaine de l\u2019entreprise coop\u00e9rative BTP du 17 au 21 mars 2025","og_description":"Cette Semaine, les 600 soci\u00e9t\u00e9s coop\u00e9ratives du BTP se mobilisent en r\u00e9gion pour venir \u00e0 la rencontre des jeunes en formation au sein des organismes de formation aux m\u00e9tiers du BTP. Diverses animations sont au programme\u00a0: des ateliers et des conf\u00e9rences pour pr\u00e9senter le mod\u00e8le coop\u00e9ratif, des interventions d\u2019entreprises coop\u00e9ratives, des visites d\u2019entreprises coop\u00e9ratives ou [&hellip;]","og_url":"https:\/\/batijournal.com\/index.php\/semaine-de-lentreprise-cooperative-btp-du-17-au-21-mars-2025\/111658\/","og_site_name":"Batijournal","article_published_time":"2025-03-17T08:16:05+00:00","og_image":[{"width":667,"height":1000,"url":"https:\/\/batijournal.com\/wp-content\/uploads\/2025\/03\/Affiche-scop.jpg","type":"image\/jpeg"}],"author":"St\u00e9phane Miget","twitter_card":"summary_large_image","twitter_creator":"@bati_journal","twitter_site":"@bati_journal","twitter_misc":{"\u00c9crit par":"St\u00e9phane Miget","Dur\u00e9e de lecture estim\u00e9e":"1 minute"},"schema":{"@context":"https:\/\/schema.org","@graph":[{"@type":"Article","@id":"https:\/\/batijournal.com\/index.php\/semaine-de-lentreprise-cooperative-btp-du-17-au-21-mars-2025\/111658\/#article","isPartOf":{"@id":"https:\/\/batijournal.com\/index.php\/semaine-de-lentreprise-cooperative-btp-du-17-au-21-mars-2025\/111658\/"},"author":{"name":"St\u00e9phane Miget","@id":"https:\/\/batijournal.com\/#\/schema\/person\/1dc96ec6957aa1ccb25ebe78bb19f100"},"headline":"Semaine de l\u2019entreprise coop\u00e9rative BTP du 17 au 21 mars 2025","datePublished":"2025-03-17T08:16:05+00:00","mainEntityOfPage":{"@id":"https:\/\/batijournal.com\/index.php\/semaine-de-lentreprise-cooperative-btp-du-17-au-21-mars-2025\/111658\/"},"wordCount":158,"image":{"@id":"https:\/\/batijournal.com\/index.php\/semaine-de-lentreprise-cooperative-btp-du-17-au-21-mars-2025\/111658\/#primaryimage"},"thumbnailUrl":"https:\/\/batijournal.com\/wp-content\/uploads\/2025\/03\/Affiche-scop.jpg","keywords":["cooperative"],"articleSection":["Actualit\u00e9s","Divers"],"inLanguage":"fr-FR"},{"@type":"WebPage","@id":"https:\/\/batijournal.com\/index.php\/semaine-de-lentreprise-cooperative-btp-du-17-au-21-mars-2025\/111658\/","url":"https:\/\/batijournal.com\/index.php\/semaine-de-lentreprise-cooperative-btp-du-17-au-21-mars-2025\/111658\/","name":"Semaine de l\u2019entreprise coop\u00e9rative BTP du 17 au 21 mars 2025","isPartOf":{"@id":"https:\/\/batijournal.com\/#website"},"primaryImageOfPage":{"@id":"https:\/\/batijournal.com\/index.php\/semaine-de-lentreprise-cooperative-btp-du-17-au-21-mars-2025\/111658\/#primaryimage"},"image":{"@id":"https:\/\/batijournal.com\/index.php\/semaine-de-lentreprise-cooperative-btp-du-17-au-21-mars-2025\/111658\/#primaryimage"},"thumbnailUrl":"https:\/\/batijournal.com\/wp-content\/uploads\/2025\/03\/Affiche-scop.jpg","datePublished":"2025-03-17T08:16:05+00:00","author":{"@id":"https:\/\/batijournal.com\/#\/schema\/person\/1dc96ec6957aa1ccb25ebe78bb19f100"},"breadcrumb":{"@id":"https:\/\/batijournal.com\/index.php\/semaine-de-lentreprise-cooperative-btp-du-17-au-21-mars-2025\/111658\/#breadcrumb"},"inLanguage":"fr-FR","potentialAction":[{"@type":"ReadAction","target":["https:\/\/batijournal.com\/index.php\/semaine-de-lentreprise-cooperative-btp-du-17-au-21-mars-2025\/111658\/"]}]},{"@type":"ImageObject","inLanguage":"fr-FR","@id":"https:\/\/batijournal.com\/index.php\/semaine-de-lentreprise-cooperative-btp-du-17-au-21-mars-2025\/111658\/#primaryimage","url":"https:\/\/batijournal.com\/wp-content\/uploads\/2025\/03\/Affiche-scop.jpg","contentUrl":"https:\/\/batijournal.com\/wp-content\/uploads\/2025\/03\/Affiche-scop.jpg","width":667,"height":1000},{"@type":"BreadcrumbList","@id":"https:\/\/batijournal.com\/index.php\/semaine-de-lentreprise-cooperative-btp-du-17-au-21-mars-2025\/111658\/#breadcrumb","itemListElement":[{"@type":"ListItem","position":1,"name":"Accueil","item":"https:\/\/batijournal.com\/"},{"@type":"ListItem","position":2,"name":"Actualit\u00e9s","item":"https:\/\/batijournal.com\/index.php\/category\/actualites\/"},{"@type":"ListItem","position":3,"name":"Semaine de l\u2019entreprise coop\u00e9rative BTP du 17 au 21 mars 2025"}]},{"@type":"WebSite","@id":"https:\/\/batijournal.com\/#website","url":"https:\/\/batijournal.com\/","name":"Batijournal","description":"L&#039;actualit\u00e9 du b\u00e2timent","potentialAction":[{"@type":"SearchAction","target":{"@type":"EntryPoint","urlTemplate":"https:\/\/batijournal.com\/?s={search_term_string}"},"query-input":{"@type":"PropertyValueSpecification","valueRequired":true,"valueName":"search_term_string"}}],"inLanguage":"fr-FR"},{"@type":"Person","@id":"https:\/\/batijournal.com\/#\/schema\/person\/1dc96ec6957aa1ccb25ebe78bb19f100","name":"St\u00e9phane Miget","image":{"@type":"ImageObject","inLanguage":"fr-FR","@id":"https:\/\/secure.gravatar.com\/avatar\/89915563d925342126b8ef0281b93d9d7fc337043e8df017f780908eb9644451?s=96&d=mm&r=g","url":"https:\/\/secure.gravatar.com\/avatar\/89915563d925342126b8ef0281b93d9d7fc337043e8df017f780908eb9644451?s=96&d=mm&r=g","contentUrl":"https:\/\/secure.gravatar.com\/avatar\/89915563d925342126b8ef0281b93d9d7fc337043e8df017f780908eb9644451?s=96&d=mm&r=g","caption":"St\u00e9phane Miget"},"url":"https:\/\/batijournal.com\/index.php\/author\/stephane\/"}]}},"_links":{"self":[{"href":"https:\/\/batijournal.com\/index.php\/wp-json\/wp\/v2\/posts\/111658","targetHints":{"allow":["GET"]}}],"collection":[{"href":"https:\/\/batijournal.com\/index.php\/wp-json\/wp\/v2\/posts"}],"about":[{"href":"https:\/\/batijournal.com\/index.php\/wp-json\/wp\/v2\/types\/post"}],"author":[{"embeddable":true,"href":"https:\/\/batijournal.com\/index.php\/wp-json\/wp\/v2\/users\/17"}],"replies":[{"embeddable":true,"href":"https:\/\/batijournal.com\/index.php\/wp-json\/wp\/v2\/comments?post=111658"}],"version-history":[{"count":0,"href":"https:\/\/batijournal.com\/index.php\/wp-json\/wp\/v2\/posts\/111658\/revisions"}],"wp:featuredmedia":[{"embeddable":true,"href":"https:\/\/batijournal.com\/index.php\/wp-json\/wp\/v2\/media\/111659"}],"wp:attachment":[{"href":"https:\/\/batijournal.com\/index.php\/wp-json\/wp\/v2\/media?parent=111658"}],"wp:term":[{"taxonomy":"category","embeddable":true,"href":"https:\/\/batijournal.com\/index.php\/wp-json\/wp\/v2\/categories?post=111658"},{"taxonomy":"post_tag","embeddable":true,"href":"https:\/\/batijournal.com\/index.php\/wp-json\/wp\/v2\/tags?post=111658"}],"curies":[{"name":"wp","href":"https:\/\/api.w.org\/{rel}","templated":true}]}}