{"id":111665,"date":"2025-03-18T16:05:49","date_gmt":"2025-03-18T15:05:49","guid":{"rendered":"https:\/\/batijournal.com\/?p=111665"},"modified":"2025-03-18T16:05:49","modified_gmt":"2025-03-18T15:05:49","slug":"deux-nouveaux-decrets-pour-accelerer-la-renovation-des-coproprietes-degradees","status":"publish","type":"post","link":"https:\/\/batijournal.com\/index.php\/deux-nouveaux-decrets-pour-accelerer-la-renovation-des-coproprietes-degradees\/111665\/","title":{"rendered":"Deux nouveaux d\u00e9crets pour acc\u00e9l\u00e9rer la r\u00e9novation des copropri\u00e9t\u00e9s d\u00e9grad\u00e9es"},"content":{"rendered":"<p>La loi \u00ab Habitat d\u00e9grad\u00e9 \u00bb, adopt\u00e9e en avril 2024, facilite les d\u00e9marches pour r\u00e9nover les habitats d\u00e9grad\u00e9s en permettant aux collectivit\u00e9s et \u00e0 l\u2019\u00c9tat d\u2019agir plus efficacement, en particulier au sein des grandes copropri\u00e9t\u00e9s urbaines. Elle \u00e9tend la possibilit\u00e9, apr\u00e8s une proc\u00e9dure d\u2019expropriation, de prendre rapidement possession d\u2019un immeuble dangereux ou d\u00e9grad\u00e9 dans le cadre d\u2019une op\u00e9ration d\u2019utilit\u00e9 publique visant \u00e0 le requalifier. Un premier d\u00e9cret pris le mercredi 12 mars 2025 vient pr\u00e9ciser les conditions dans lesquelles pourra \u00eatre mise en \u0153uvre cette prise de possession anticip\u00e9e, en encadrant l\u2019information donn\u00e9e aux habitants sur ces op\u00e9rations. Un second d\u00e9cret concerne plus directement l\u2019op\u00e9ration de grande envergure men\u00e9e \u00e0 Grigny depuis 2016. Il permet \u00e0 l\u2019\u00c9tablissement public foncier d\u2019\u00cele-de-France (EPFIF) d\u2019intervenir plus rapidement sur les copropri\u00e9t\u00e9s d\u00e9grad\u00e9es dans le cadre de cette ORCOD-IN (op\u00e9ration de requalification des copropri\u00e9t\u00e9s d\u00e9grad\u00e9es d\u2019int\u00e9r\u00eat national). La prise de possession anticip\u00e9e s\u2019accompagnera d\u2019un plan de relogement, pour que chaque habitant puisse disposer d\u2019une solution de logement qualitative.<\/p>\n","protected":false},"excerpt":{"rendered":"<p>La loi \u00ab Habitat d\u00e9grad\u00e9 \u00bb, adopt\u00e9e en avril 2024, facilite les d\u00e9marches pour r\u00e9nover les habitats d\u00e9grad\u00e9s en permettant aux collectivit\u00e9s et \u00e0 l\u2019\u00c9tat d\u2019agir plus efficacement, en particulier au sein des grandes copropri\u00e9t\u00e9s urbaines. Elle \u00e9tend la possibilit\u00e9, apr\u00e8s une proc\u00e9dure d\u2019expropriation, de prendre rapidement possession d\u2019un immeuble dangereux ou d\u00e9grad\u00e9 dans le [&hellip;]<\/p>\n","protected":false},"author":17,"featured_media":90053,"comment_status":"closed","ping_status":"closed","sticky":false,"template":"","format":"standard","meta":{"_et_pb_use_builder":"","_et_pb_old_content":"","_et_gb_content_width":"","footnotes":""},"categories":[10530,6362,10781,10778],"tags":[3230],"class_list":["post-111665","post","type-post","status-publish","format-standard","has-post-thumbnail","hentry","category-actualites","category-services-equipements","category-publications-planete","category-planete","tag-coproprietes"],"yoast_head":"<!-- This site is optimized with the Yoast SEO plugin v27.4 - https:\/\/yoast.com\/product\/yoast-seo-wordpress\/ -->\n<title>Deux nouveaux d\u00e9crets pour acc\u00e9l\u00e9rer la r\u00e9novation des copropri\u00e9t\u00e9s d\u00e9grad\u00e9es<\/title>\n<meta name=\"robots\" content=\"index, follow, max-snippet:-1, max-image-preview:large, max-video-preview:-1\" \/>\n<link rel=\"canonical\" href=\"https:\/\/batijournal.com\/index.php\/deux-nouveaux-decrets-pour-accelerer-la-renovation-des-coproprietes-degradees\/111665\/\" \/>\n<meta property=\"og:locale\" content=\"fr_FR\" \/>\n<meta property=\"og:type\" content=\"article\" \/>\n<meta property=\"og:title\" content=\"Deux nouveaux d\u00e9crets pour acc\u00e9l\u00e9rer la r\u00e9novation des copropri\u00e9t\u00e9s d\u00e9grad\u00e9es\" \/>\n<meta property=\"og:description\" content=\"La loi \u00ab Habitat d\u00e9grad\u00e9 \u00bb, adopt\u00e9e en avril 2024, facilite les d\u00e9marches pour r\u00e9nover les habitats d\u00e9grad\u00e9s en permettant aux collectivit\u00e9s et \u00e0 l\u2019\u00c9tat d\u2019agir plus efficacement, en particulier au sein des grandes copropri\u00e9t\u00e9s urbaines. Elle \u00e9tend la possibilit\u00e9, apr\u00e8s une proc\u00e9dure d\u2019expropriation, de prendre rapidement possession d\u2019un immeuble dangereux ou d\u00e9grad\u00e9 dans le [&hellip;]\" \/>\n<meta property=\"og:url\" content=\"https:\/\/batijournal.com\/index.php\/deux-nouveaux-decrets-pour-accelerer-la-renovation-des-coproprietes-degradees\/111665\/\" \/>\n<meta property=\"og:site_name\" content=\"Batijournal\" \/>\n<meta property=\"article:published_time\" content=\"2025-03-18T15:05:49+00:00\" \/>\n<meta property=\"og:image\" content=\"https:\/\/batijournal.com\/wp-content\/uploads\/2015\/10\/coproprietes.jpg\" \/>\n\t<meta property=\"og:image:width\" content=\"1200\" \/>\n\t<meta property=\"og:image:height\" content=\"714\" \/>\n\t<meta property=\"og:image:type\" content=\"image\/jpeg\" \/>\n<meta name=\"author\" content=\"St\u00e9phane Miget\" \/>\n<meta name=\"twitter:card\" content=\"summary_large_image\" \/>\n<meta name=\"twitter:creator\" content=\"@bati_journal\" \/>\n<meta name=\"twitter:site\" content=\"@bati_journal\" \/>\n<meta name=\"twitter:label1\" content=\"\u00c9crit par\" \/>\n\t<meta name=\"twitter:data1\" content=\"St\u00e9phane Miget\" \/>\n\t<meta name=\"twitter:label2\" content=\"Dur\u00e9e de lecture estim\u00e9e\" \/>\n\t<meta name=\"twitter:data2\" content=\"1 minute\" \/>\n<script type=\"application\/ld+json\" class=\"yoast-schema-graph\">{\"@context\":\"https:\\\/\\\/schema.org\",\"@graph\":[{\"@type\":\"Article\",\"@id\":\"https:\\\/\\\/batijournal.com\\\/index.php\\\/deux-nouveaux-decrets-pour-accelerer-la-renovation-des-coproprietes-degradees\\\/111665\\\/#article\",\"isPartOf\":{\"@id\":\"https:\\\/\\\/batijournal.com\\\/index.php\\\/deux-nouveaux-decrets-pour-accelerer-la-renovation-des-coproprietes-degradees\\\/111665\\\/\"},\"author\":{\"name\":\"St\u00e9phane Miget\",\"@id\":\"https:\\\/\\\/batijournal.com\\\/#\\\/schema\\\/person\\\/1dc96ec6957aa1ccb25ebe78bb19f100\"},\"headline\":\"Deux nouveaux d\u00e9crets pour acc\u00e9l\u00e9rer la r\u00e9novation des copropri\u00e9t\u00e9s d\u00e9grad\u00e9es\",\"datePublished\":\"2025-03-18T15:05:49+00:00\",\"mainEntityOfPage\":{\"@id\":\"https:\\\/\\\/batijournal.com\\\/index.php\\\/deux-nouveaux-decrets-pour-accelerer-la-renovation-des-coproprietes-degradees\\\/111665\\\/\"},\"wordCount\":219,\"image\":{\"@id\":\"https:\\\/\\\/batijournal.com\\\/index.php\\\/deux-nouveaux-decrets-pour-accelerer-la-renovation-des-coproprietes-degradees\\\/111665\\\/#primaryimage\"},\"thumbnailUrl\":\"https:\\\/\\\/batijournal.com\\\/wp-content\\\/uploads\\\/2015\\\/10\\\/coproprietes.jpg\",\"keywords\":[\"copropri\u00e9t\u00e9s\"],\"articleSection\":[\"Actualit\u00e9s\",\"Divers\",\"zz_Actualit\u00e9s - Plan\u00e8te\",\"zz_Plan\u00e8te B\u00e2timent\"],\"inLanguage\":\"fr-FR\"},{\"@type\":\"WebPage\",\"@id\":\"https:\\\/\\\/batijournal.com\\\/index.php\\\/deux-nouveaux-decrets-pour-accelerer-la-renovation-des-coproprietes-degradees\\\/111665\\\/\",\"url\":\"https:\\\/\\\/batijournal.com\\\/index.php\\\/deux-nouveaux-decrets-pour-accelerer-la-renovation-des-coproprietes-degradees\\\/111665\\\/\",\"name\":\"Deux nouveaux d\u00e9crets pour acc\u00e9l\u00e9rer la r\u00e9novation des copropri\u00e9t\u00e9s d\u00e9grad\u00e9es\",\"isPartOf\":{\"@id\":\"https:\\\/\\\/batijournal.com\\\/#website\"},\"primaryImageOfPage\":{\"@id\":\"https:\\\/\\\/batijournal.com\\\/index.php\\\/deux-nouveaux-decrets-pour-accelerer-la-renovation-des-coproprietes-degradees\\\/111665\\\/#primaryimage\"},\"image\":{\"@id\":\"https:\\\/\\\/batijournal.com\\\/index.php\\\/deux-nouveaux-decrets-pour-accelerer-la-renovation-des-coproprietes-degradees\\\/111665\\\/#primaryimage\"},\"thumbnailUrl\":\"https:\\\/\\\/batijournal.com\\\/wp-content\\\/uploads\\\/2015\\\/10\\\/coproprietes.jpg\",\"datePublished\":\"2025-03-18T15:05:49+00:00\",\"author\":{\"@id\":\"https:\\\/\\\/batijournal.com\\\/#\\\/schema\\\/person\\\/1dc96ec6957aa1ccb25ebe78bb19f100\"},\"breadcrumb\":{\"@id\":\"https:\\\/\\\/batijournal.com\\\/index.php\\\/deux-nouveaux-decrets-pour-accelerer-la-renovation-des-coproprietes-degradees\\\/111665\\\/#breadcrumb\"},\"inLanguage\":\"fr-FR\",\"potentialAction\":[{\"@type\":\"ReadAction\",\"target\":[\"https:\\\/\\\/batijournal.com\\\/index.php\\\/deux-nouveaux-decrets-pour-accelerer-la-renovation-des-coproprietes-degradees\\\/111665\\\/\"]}]},{\"@type\":\"ImageObject\",\"inLanguage\":\"fr-FR\",\"@id\":\"https:\\\/\\\/batijournal.com\\\/index.php\\\/deux-nouveaux-decrets-pour-accelerer-la-renovation-des-coproprietes-degradees\\\/111665\\\/#primaryimage\",\"url\":\"https:\\\/\\\/batijournal.com\\\/wp-content\\\/uploads\\\/2015\\\/10\\\/coproprietes.jpg\",\"contentUrl\":\"https:\\\/\\\/batijournal.com\\\/wp-content\\\/uploads\\\/2015\\\/10\\\/coproprietes.jpg\",\"width\":1200,\"height\":714},{\"@type\":\"BreadcrumbList\",\"@id\":\"https:\\\/\\\/batijournal.com\\\/index.php\\\/deux-nouveaux-decrets-pour-accelerer-la-renovation-des-coproprietes-degradees\\\/111665\\\/#breadcrumb\",\"itemListElement\":[{\"@type\":\"ListItem\",\"position\":1,\"name\":\"Accueil\",\"item\":\"https:\\\/\\\/batijournal.com\\\/\"},{\"@type\":\"ListItem\",\"position\":2,\"name\":\"Actualit\u00e9s\",\"item\":\"https:\\\/\\\/batijournal.com\\\/index.php\\\/category\\\/actualites\\\/\"},{\"@type\":\"ListItem\",\"position\":3,\"name\":\"Deux nouveaux d\u00e9crets pour acc\u00e9l\u00e9rer la r\u00e9novation des copropri\u00e9t\u00e9s d\u00e9grad\u00e9es\"}]},{\"@type\":\"WebSite\",\"@id\":\"https:\\\/\\\/batijournal.com\\\/#website\",\"url\":\"https:\\\/\\\/batijournal.com\\\/\",\"name\":\"Batijournal\",\"description\":\"L&#039;actualit\u00e9 du b\u00e2timent\",\"potentialAction\":[{\"@type\":\"SearchAction\",\"target\":{\"@type\":\"EntryPoint\",\"urlTemplate\":\"https:\\\/\\\/batijournal.com\\\/?s={search_term_string}\"},\"query-input\":{\"@type\":\"PropertyValueSpecification\",\"valueRequired\":true,\"valueName\":\"search_term_string\"}}],\"inLanguage\":\"fr-FR\"},{\"@type\":\"Person\",\"@id\":\"https:\\\/\\\/batijournal.com\\\/#\\\/schema\\\/person\\\/1dc96ec6957aa1ccb25ebe78bb19f100\",\"name\":\"St\u00e9phane Miget\",\"image\":{\"@type\":\"ImageObject\",\"inLanguage\":\"fr-FR\",\"@id\":\"https:\\\/\\\/secure.gravatar.com\\\/avatar\\\/89915563d925342126b8ef0281b93d9d7fc337043e8df017f780908eb9644451?s=96&d=mm&r=g\",\"url\":\"https:\\\/\\\/secure.gravatar.com\\\/avatar\\\/89915563d925342126b8ef0281b93d9d7fc337043e8df017f780908eb9644451?s=96&d=mm&r=g\",\"contentUrl\":\"https:\\\/\\\/secure.gravatar.com\\\/avatar\\\/89915563d925342126b8ef0281b93d9d7fc337043e8df017f780908eb9644451?s=96&d=mm&r=g\",\"caption\":\"St\u00e9phane Miget\"},\"url\":\"https:\\\/\\\/batijournal.com\\\/index.php\\\/author\\\/stephane\\\/\"}]}<\/script>\n<!-- \/ Yoast SEO plugin. -->","yoast_head_json":{"title":"Deux nouveaux d\u00e9crets pour acc\u00e9l\u00e9rer la r\u00e9novation des copropri\u00e9t\u00e9s d\u00e9grad\u00e9es","robots":{"index":"index","follow":"follow","max-snippet":"max-snippet:-1","max-image-preview":"max-image-preview:large","max-video-preview":"max-video-preview:-1"},"canonical":"https:\/\/batijournal.com\/index.php\/deux-nouveaux-decrets-pour-accelerer-la-renovation-des-coproprietes-degradees\/111665\/","og_locale":"fr_FR","og_type":"article","og_title":"Deux nouveaux d\u00e9crets pour acc\u00e9l\u00e9rer la r\u00e9novation des copropri\u00e9t\u00e9s d\u00e9grad\u00e9es","og_description":"La loi \u00ab Habitat d\u00e9grad\u00e9 \u00bb, adopt\u00e9e en avril 2024, facilite les d\u00e9marches pour r\u00e9nover les habitats d\u00e9grad\u00e9s en permettant aux collectivit\u00e9s et \u00e0 l\u2019\u00c9tat d\u2019agir plus efficacement, en particulier au sein des grandes copropri\u00e9t\u00e9s urbaines. Elle \u00e9tend la possibilit\u00e9, apr\u00e8s une proc\u00e9dure d\u2019expropriation, de prendre rapidement possession d\u2019un immeuble dangereux ou d\u00e9grad\u00e9 dans le [&hellip;]","og_url":"https:\/\/batijournal.com\/index.php\/deux-nouveaux-decrets-pour-accelerer-la-renovation-des-coproprietes-degradees\/111665\/","og_site_name":"Batijournal","article_published_time":"2025-03-18T15:05:49+00:00","og_image":[{"width":1200,"height":714,"url":"https:\/\/batijournal.com\/wp-content\/uploads\/2015\/10\/coproprietes.jpg","type":"image\/jpeg"}],"author":"St\u00e9phane Miget","twitter_card":"summary_large_image","twitter_creator":"@bati_journal","twitter_site":"@bati_journal","twitter_misc":{"\u00c9crit par":"St\u00e9phane Miget","Dur\u00e9e de lecture estim\u00e9e":"1 minute"},"schema":{"@context":"https:\/\/schema.org","@graph":[{"@type":"Article","@id":"https:\/\/batijournal.com\/index.php\/deux-nouveaux-decrets-pour-accelerer-la-renovation-des-coproprietes-degradees\/111665\/#article","isPartOf":{"@id":"https:\/\/batijournal.com\/index.php\/deux-nouveaux-decrets-pour-accelerer-la-renovation-des-coproprietes-degradees\/111665\/"},"author":{"name":"St\u00e9phane Miget","@id":"https:\/\/batijournal.com\/#\/schema\/person\/1dc96ec6957aa1ccb25ebe78bb19f100"},"headline":"Deux nouveaux d\u00e9crets pour acc\u00e9l\u00e9rer la r\u00e9novation des copropri\u00e9t\u00e9s d\u00e9grad\u00e9es","datePublished":"2025-03-18T15:05:49+00:00","mainEntityOfPage":{"@id":"https:\/\/batijournal.com\/index.php\/deux-nouveaux-decrets-pour-accelerer-la-renovation-des-coproprietes-degradees\/111665\/"},"wordCount":219,"image":{"@id":"https:\/\/batijournal.com\/index.php\/deux-nouveaux-decrets-pour-accelerer-la-renovation-des-coproprietes-degradees\/111665\/#primaryimage"},"thumbnailUrl":"https:\/\/batijournal.com\/wp-content\/uploads\/2015\/10\/coproprietes.jpg","keywords":["copropri\u00e9t\u00e9s"],"articleSection":["Actualit\u00e9s","Divers","zz_Actualit\u00e9s - Plan\u00e8te","zz_Plan\u00e8te B\u00e2timent"],"inLanguage":"fr-FR"},{"@type":"WebPage","@id":"https:\/\/batijournal.com\/index.php\/deux-nouveaux-decrets-pour-accelerer-la-renovation-des-coproprietes-degradees\/111665\/","url":"https:\/\/batijournal.com\/index.php\/deux-nouveaux-decrets-pour-accelerer-la-renovation-des-coproprietes-degradees\/111665\/","name":"Deux nouveaux d\u00e9crets pour acc\u00e9l\u00e9rer la r\u00e9novation des copropri\u00e9t\u00e9s d\u00e9grad\u00e9es","isPartOf":{"@id":"https:\/\/batijournal.com\/#website"},"primaryImageOfPage":{"@id":"https:\/\/batijournal.com\/index.php\/deux-nouveaux-decrets-pour-accelerer-la-renovation-des-coproprietes-degradees\/111665\/#primaryimage"},"image":{"@id":"https:\/\/batijournal.com\/index.php\/deux-nouveaux-decrets-pour-accelerer-la-renovation-des-coproprietes-degradees\/111665\/#primaryimage"},"thumbnailUrl":"https:\/\/batijournal.com\/wp-content\/uploads\/2015\/10\/coproprietes.jpg","datePublished":"2025-03-18T15:05:49+00:00","author":{"@id":"https:\/\/batijournal.com\/#\/schema\/person\/1dc96ec6957aa1ccb25ebe78bb19f100"},"breadcrumb":{"@id":"https:\/\/batijournal.com\/index.php\/deux-nouveaux-decrets-pour-accelerer-la-renovation-des-coproprietes-degradees\/111665\/#breadcrumb"},"inLanguage":"fr-FR","potentialAction":[{"@type":"ReadAction","target":["https:\/\/batijournal.com\/index.php\/deux-nouveaux-decrets-pour-accelerer-la-renovation-des-coproprietes-degradees\/111665\/"]}]},{"@type":"ImageObject","inLanguage":"fr-FR","@id":"https:\/\/batijournal.com\/index.php\/deux-nouveaux-decrets-pour-accelerer-la-renovation-des-coproprietes-degradees\/111665\/#primaryimage","url":"https:\/\/batijournal.com\/wp-content\/uploads\/2015\/10\/coproprietes.jpg","contentUrl":"https:\/\/batijournal.com\/wp-content\/uploads\/2015\/10\/coproprietes.jpg","width":1200,"height":714},{"@type":"BreadcrumbList","@id":"https:\/\/batijournal.com\/index.php\/deux-nouveaux-decrets-pour-accelerer-la-renovation-des-coproprietes-degradees\/111665\/#breadcrumb","itemListElement":[{"@type":"ListItem","position":1,"name":"Accueil","item":"https:\/\/batijournal.com\/"},{"@type":"ListItem","position":2,"name":"Actualit\u00e9s","item":"https:\/\/batijournal.com\/index.php\/category\/actualites\/"},{"@type":"ListItem","position":3,"name":"Deux nouveaux d\u00e9crets pour acc\u00e9l\u00e9rer la r\u00e9novation des copropri\u00e9t\u00e9s d\u00e9grad\u00e9es"}]},{"@type":"WebSite","@id":"https:\/\/batijournal.com\/#website","url":"https:\/\/batijournal.com\/","name":"Batijournal","description":"L&#039;actualit\u00e9 du b\u00e2timent","potentialAction":[{"@type":"SearchAction","target":{"@type":"EntryPoint","urlTemplate":"https:\/\/batijournal.com\/?s={search_term_string}"},"query-input":{"@type":"PropertyValueSpecification","valueRequired":true,"valueName":"search_term_string"}}],"inLanguage":"fr-FR"},{"@type":"Person","@id":"https:\/\/batijournal.com\/#\/schema\/person\/1dc96ec6957aa1ccb25ebe78bb19f100","name":"St\u00e9phane Miget","image":{"@type":"ImageObject","inLanguage":"fr-FR","@id":"https:\/\/secure.gravatar.com\/avatar\/89915563d925342126b8ef0281b93d9d7fc337043e8df017f780908eb9644451?s=96&d=mm&r=g","url":"https:\/\/secure.gravatar.com\/avatar\/89915563d925342126b8ef0281b93d9d7fc337043e8df017f780908eb9644451?s=96&d=mm&r=g","contentUrl":"https:\/\/secure.gravatar.com\/avatar\/89915563d925342126b8ef0281b93d9d7fc337043e8df017f780908eb9644451?s=96&d=mm&r=g","caption":"St\u00e9phane Miget"},"url":"https:\/\/batijournal.com\/index.php\/author\/stephane\/"}]}},"_links":{"self":[{"href":"https:\/\/batijournal.com\/index.php\/wp-json\/wp\/v2\/posts\/111665","targetHints":{"allow":["GET"]}}],"collection":[{"href":"https:\/\/batijournal.com\/index.php\/wp-json\/wp\/v2\/posts"}],"about":[{"href":"https:\/\/batijournal.com\/index.php\/wp-json\/wp\/v2\/types\/post"}],"author":[{"embeddable":true,"href":"https:\/\/batijournal.com\/index.php\/wp-json\/wp\/v2\/users\/17"}],"replies":[{"embeddable":true,"href":"https:\/\/batijournal.com\/index.php\/wp-json\/wp\/v2\/comments?post=111665"}],"version-history":[{"count":0,"href":"https:\/\/batijournal.com\/index.php\/wp-json\/wp\/v2\/posts\/111665\/revisions"}],"wp:featuredmedia":[{"embeddable":true,"href":"https:\/\/batijournal.com\/index.php\/wp-json\/wp\/v2\/media\/90053"}],"wp:attachment":[{"href":"https:\/\/batijournal.com\/index.php\/wp-json\/wp\/v2\/media?parent=111665"}],"wp:term":[{"taxonomy":"category","embeddable":true,"href":"https:\/\/batijournal.com\/index.php\/wp-json\/wp\/v2\/categories?post=111665"},{"taxonomy":"post_tag","embeddable":true,"href":"https:\/\/batijournal.com\/index.php\/wp-json\/wp\/v2\/tags?post=111665"}],"curies":[{"name":"wp","href":"https:\/\/api.w.org\/{rel}","templated":true}]}}