{"id":111690,"date":"2025-03-26T06:52:21","date_gmt":"2025-03-26T05:52:21","guid":{"rendered":"https:\/\/batijournal.com\/?p=111690"},"modified":"2025-03-26T06:52:21","modified_gmt":"2025-03-26T05:52:21","slug":"100-oeuvres-qui-racontent-le-climat","status":"publish","type":"post","link":"https:\/\/batijournal.com\/index.php\/100-oeuvres-qui-racontent-le-climat\/111690\/","title":{"rendered":"100 \u0153uvres qui racontent le climat"},"content":{"rendered":"<p>Dans la continuit\u00e9 des cent cinquante ans de l\u2019impressionnisme, le mus\u00e9e d\u2019Orsay a lanc\u00e9 un programme annuel de pr\u00eat d\u2019\u0153uvres. De mars \u00e0 juillet 2025, cent \u0153uvres de ses collections ont ainsi \u00e9t\u00e9 s\u00e9lectionn\u00e9es pour \u00eatre diffus\u00e9es \u00e0 travers toute la France. Ces \u0153uvres repr\u00e9sentent un t\u00e9moignage sur la m\u00e9tamorphose des paysages et portent \u00e0 la r\u00e9flexion ainsi qu\u2019\u00e0 l\u2019action pour lutter contre le r\u00e9chauffement climatique aupr\u00e8s des publics. Parmi elles, 49 sont pr\u00e9sent\u00e9es dans 31 institutions r\u00e9parties sur 12 r\u00e9gions de France, \u00e0 travers des expositions th\u00e9matiques, des visites, des conf\u00e9rences et des ateliers ouverts \u00e0 tous les publics. Les autres \u0153uvres sont expos\u00e9es au sein d\u2019un parcours th\u00e9matique avec des cartels sp\u00e9cifiques dans les collections permanentes du mus\u00e9e d\u2019Orsay. Parall\u00e8lement, le mus\u00e9e d\u2019Orsay publie le livre 100 \u0153uvres qui racontent le climat. Il r\u00e9unit des experts mondiaux du climat et des conservatrices du mus\u00e9e d&rsquo;Orsay pour mener une analyse du d\u00e9r\u00e8glement climatique \u00e0 travers les \u0153uvres des collections du mus\u00e9e. L\u2019\u00e9tablissement poursuivra cet engagement chaque ann\u00e9e en mettant en lumi\u00e8re un grand sujet contemporain par le partage d\u2019\u0153uvres issues de ses collections \u00e0 travers toute la France.<\/p>\n<p>Tableau : Gustave Guillaumet, Le Sahara, 1867, huile sur toile, 110,5 \u00d7 200,5 cm. Don famille de Gustave Guillaumet, 1888 \u00a9 GrandPalaisRmn (mus\u00e9e d\u2019Orsay) \/ H. Lewandowski<\/p>\n<p>&nbsp;<\/p>\n","protected":false},"excerpt":{"rendered":"<p>Dans la continuit\u00e9 des cent cinquante ans de l\u2019impressionnisme, le mus\u00e9e d\u2019Orsay a lanc\u00e9 un programme annuel de pr\u00eat d\u2019\u0153uvres. De mars \u00e0 juillet 2025, cent \u0153uvres de ses collections ont ainsi \u00e9t\u00e9 s\u00e9lectionn\u00e9es pour \u00eatre diffus\u00e9es \u00e0 travers toute la France. Ces \u0153uvres repr\u00e9sentent un t\u00e9moignage sur la m\u00e9tamorphose des paysages et portent \u00e0 [&hellip;]<\/p>\n","protected":false},"author":17,"featured_media":111691,"comment_status":"closed","ping_status":"closed","sticky":false,"template":"","format":"standard","meta":{"_et_pb_use_builder":"","_et_pb_old_content":"","_et_gb_content_width":"","footnotes":""},"categories":[10530,6362,10789,10785],"tags":[3640],"class_list":["post-111690","post","type-post","status-publish","format-standard","has-post-thumbnail","hentry","category-actualites","category-services-equipements","category-publications-atrium","category-atrium","tag-musee"],"yoast_head":"<!-- This site is optimized with the Yoast SEO plugin v27.4 - https:\/\/yoast.com\/product\/yoast-seo-wordpress\/ -->\n<title>100 \u0153uvres qui racontent le climat<\/title>\n<meta name=\"robots\" content=\"index, follow, max-snippet:-1, max-image-preview:large, max-video-preview:-1\" \/>\n<link rel=\"canonical\" href=\"https:\/\/batijournal.com\/index.php\/100-oeuvres-qui-racontent-le-climat\/111690\/\" \/>\n<meta property=\"og:locale\" content=\"fr_FR\" \/>\n<meta property=\"og:type\" content=\"article\" \/>\n<meta property=\"og:title\" content=\"100 \u0153uvres qui racontent le climat\" \/>\n<meta property=\"og:description\" content=\"Dans la continuit\u00e9 des cent cinquante ans de l\u2019impressionnisme, le mus\u00e9e d\u2019Orsay a lanc\u00e9 un programme annuel de pr\u00eat d\u2019\u0153uvres. De mars \u00e0 juillet 2025, cent \u0153uvres de ses collections ont ainsi \u00e9t\u00e9 s\u00e9lectionn\u00e9es pour \u00eatre diffus\u00e9es \u00e0 travers toute la France. Ces \u0153uvres repr\u00e9sentent un t\u00e9moignage sur la m\u00e9tamorphose des paysages et portent \u00e0 [&hellip;]\" \/>\n<meta property=\"og:url\" content=\"https:\/\/batijournal.com\/index.php\/100-oeuvres-qui-racontent-le-climat\/111690\/\" \/>\n<meta property=\"og:site_name\" content=\"Batijournal\" \/>\n<meta property=\"article:published_time\" content=\"2025-03-26T05:52:21+00:00\" \/>\n<meta property=\"og:image\" content=\"https:\/\/batijournal.com\/wp-content\/uploads\/2025\/03\/sahara-orsay.webp\" \/>\n\t<meta property=\"og:image:width\" content=\"1200\" \/>\n\t<meta property=\"og:image:height\" content=\"660\" \/>\n\t<meta property=\"og:image:type\" content=\"image\/webp\" \/>\n<meta name=\"author\" content=\"St\u00e9phane Miget\" \/>\n<meta name=\"twitter:card\" content=\"summary_large_image\" \/>\n<meta name=\"twitter:creator\" content=\"@bati_journal\" \/>\n<meta name=\"twitter:site\" content=\"@bati_journal\" \/>\n<meta name=\"twitter:label1\" content=\"\u00c9crit par\" \/>\n\t<meta name=\"twitter:data1\" content=\"St\u00e9phane Miget\" \/>\n\t<meta name=\"twitter:label2\" content=\"Dur\u00e9e de lecture estim\u00e9e\" \/>\n\t<meta name=\"twitter:data2\" content=\"1 minute\" \/>\n<script type=\"application\/ld+json\" class=\"yoast-schema-graph\">{\"@context\":\"https:\\\/\\\/schema.org\",\"@graph\":[{\"@type\":\"Article\",\"@id\":\"https:\\\/\\\/batijournal.com\\\/index.php\\\/100-oeuvres-qui-racontent-le-climat\\\/111690\\\/#article\",\"isPartOf\":{\"@id\":\"https:\\\/\\\/batijournal.com\\\/index.php\\\/100-oeuvres-qui-racontent-le-climat\\\/111690\\\/\"},\"author\":{\"name\":\"St\u00e9phane Miget\",\"@id\":\"https:\\\/\\\/batijournal.com\\\/#\\\/schema\\\/person\\\/1dc96ec6957aa1ccb25ebe78bb19f100\"},\"headline\":\"100 \u0153uvres qui racontent le climat\",\"datePublished\":\"2025-03-26T05:52:21+00:00\",\"mainEntityOfPage\":{\"@id\":\"https:\\\/\\\/batijournal.com\\\/index.php\\\/100-oeuvres-qui-racontent-le-climat\\\/111690\\\/\"},\"wordCount\":244,\"image\":{\"@id\":\"https:\\\/\\\/batijournal.com\\\/index.php\\\/100-oeuvres-qui-racontent-le-climat\\\/111690\\\/#primaryimage\"},\"thumbnailUrl\":\"https:\\\/\\\/batijournal.com\\\/wp-content\\\/uploads\\\/2025\\\/03\\\/sahara-orsay.webp\",\"keywords\":[\"mus\u00e9e\"],\"articleSection\":[\"Actualit\u00e9s\",\"Divers\",\"zz_Actualit\u00e9s - Atrium\",\"zz_Atrium Patrimoine\"],\"inLanguage\":\"fr-FR\"},{\"@type\":\"WebPage\",\"@id\":\"https:\\\/\\\/batijournal.com\\\/index.php\\\/100-oeuvres-qui-racontent-le-climat\\\/111690\\\/\",\"url\":\"https:\\\/\\\/batijournal.com\\\/index.php\\\/100-oeuvres-qui-racontent-le-climat\\\/111690\\\/\",\"name\":\"100 \u0153uvres qui racontent le climat\",\"isPartOf\":{\"@id\":\"https:\\\/\\\/batijournal.com\\\/#website\"},\"primaryImageOfPage\":{\"@id\":\"https:\\\/\\\/batijournal.com\\\/index.php\\\/100-oeuvres-qui-racontent-le-climat\\\/111690\\\/#primaryimage\"},\"image\":{\"@id\":\"https:\\\/\\\/batijournal.com\\\/index.php\\\/100-oeuvres-qui-racontent-le-climat\\\/111690\\\/#primaryimage\"},\"thumbnailUrl\":\"https:\\\/\\\/batijournal.com\\\/wp-content\\\/uploads\\\/2025\\\/03\\\/sahara-orsay.webp\",\"datePublished\":\"2025-03-26T05:52:21+00:00\",\"author\":{\"@id\":\"https:\\\/\\\/batijournal.com\\\/#\\\/schema\\\/person\\\/1dc96ec6957aa1ccb25ebe78bb19f100\"},\"breadcrumb\":{\"@id\":\"https:\\\/\\\/batijournal.com\\\/index.php\\\/100-oeuvres-qui-racontent-le-climat\\\/111690\\\/#breadcrumb\"},\"inLanguage\":\"fr-FR\",\"potentialAction\":[{\"@type\":\"ReadAction\",\"target\":[\"https:\\\/\\\/batijournal.com\\\/index.php\\\/100-oeuvres-qui-racontent-le-climat\\\/111690\\\/\"]}]},{\"@type\":\"ImageObject\",\"inLanguage\":\"fr-FR\",\"@id\":\"https:\\\/\\\/batijournal.com\\\/index.php\\\/100-oeuvres-qui-racontent-le-climat\\\/111690\\\/#primaryimage\",\"url\":\"https:\\\/\\\/batijournal.com\\\/wp-content\\\/uploads\\\/2025\\\/03\\\/sahara-orsay.webp\",\"contentUrl\":\"https:\\\/\\\/batijournal.com\\\/wp-content\\\/uploads\\\/2025\\\/03\\\/sahara-orsay.webp\",\"width\":1200,\"height\":660},{\"@type\":\"BreadcrumbList\",\"@id\":\"https:\\\/\\\/batijournal.com\\\/index.php\\\/100-oeuvres-qui-racontent-le-climat\\\/111690\\\/#breadcrumb\",\"itemListElement\":[{\"@type\":\"ListItem\",\"position\":1,\"name\":\"Accueil\",\"item\":\"https:\\\/\\\/batijournal.com\\\/\"},{\"@type\":\"ListItem\",\"position\":2,\"name\":\"Actualit\u00e9s\",\"item\":\"https:\\\/\\\/batijournal.com\\\/index.php\\\/category\\\/actualites\\\/\"},{\"@type\":\"ListItem\",\"position\":3,\"name\":\"100 \u0153uvres qui racontent le climat\"}]},{\"@type\":\"WebSite\",\"@id\":\"https:\\\/\\\/batijournal.com\\\/#website\",\"url\":\"https:\\\/\\\/batijournal.com\\\/\",\"name\":\"Batijournal\",\"description\":\"L&#039;actualit\u00e9 du b\u00e2timent\",\"potentialAction\":[{\"@type\":\"SearchAction\",\"target\":{\"@type\":\"EntryPoint\",\"urlTemplate\":\"https:\\\/\\\/batijournal.com\\\/?s={search_term_string}\"},\"query-input\":{\"@type\":\"PropertyValueSpecification\",\"valueRequired\":true,\"valueName\":\"search_term_string\"}}],\"inLanguage\":\"fr-FR\"},{\"@type\":\"Person\",\"@id\":\"https:\\\/\\\/batijournal.com\\\/#\\\/schema\\\/person\\\/1dc96ec6957aa1ccb25ebe78bb19f100\",\"name\":\"St\u00e9phane Miget\",\"image\":{\"@type\":\"ImageObject\",\"inLanguage\":\"fr-FR\",\"@id\":\"https:\\\/\\\/secure.gravatar.com\\\/avatar\\\/89915563d925342126b8ef0281b93d9d7fc337043e8df017f780908eb9644451?s=96&d=mm&r=g\",\"url\":\"https:\\\/\\\/secure.gravatar.com\\\/avatar\\\/89915563d925342126b8ef0281b93d9d7fc337043e8df017f780908eb9644451?s=96&d=mm&r=g\",\"contentUrl\":\"https:\\\/\\\/secure.gravatar.com\\\/avatar\\\/89915563d925342126b8ef0281b93d9d7fc337043e8df017f780908eb9644451?s=96&d=mm&r=g\",\"caption\":\"St\u00e9phane Miget\"},\"url\":\"https:\\\/\\\/batijournal.com\\\/index.php\\\/author\\\/stephane\\\/\"}]}<\/script>\n<!-- \/ Yoast SEO plugin. -->","yoast_head_json":{"title":"100 \u0153uvres qui racontent le climat","robots":{"index":"index","follow":"follow","max-snippet":"max-snippet:-1","max-image-preview":"max-image-preview:large","max-video-preview":"max-video-preview:-1"},"canonical":"https:\/\/batijournal.com\/index.php\/100-oeuvres-qui-racontent-le-climat\/111690\/","og_locale":"fr_FR","og_type":"article","og_title":"100 \u0153uvres qui racontent le climat","og_description":"Dans la continuit\u00e9 des cent cinquante ans de l\u2019impressionnisme, le mus\u00e9e d\u2019Orsay a lanc\u00e9 un programme annuel de pr\u00eat d\u2019\u0153uvres. De mars \u00e0 juillet 2025, cent \u0153uvres de ses collections ont ainsi \u00e9t\u00e9 s\u00e9lectionn\u00e9es pour \u00eatre diffus\u00e9es \u00e0 travers toute la France. Ces \u0153uvres repr\u00e9sentent un t\u00e9moignage sur la m\u00e9tamorphose des paysages et portent \u00e0 [&hellip;]","og_url":"https:\/\/batijournal.com\/index.php\/100-oeuvres-qui-racontent-le-climat\/111690\/","og_site_name":"Batijournal","article_published_time":"2025-03-26T05:52:21+00:00","og_image":[{"width":1200,"height":660,"url":"https:\/\/batijournal.com\/wp-content\/uploads\/2025\/03\/sahara-orsay.webp","type":"image\/webp"}],"author":"St\u00e9phane Miget","twitter_card":"summary_large_image","twitter_creator":"@bati_journal","twitter_site":"@bati_journal","twitter_misc":{"\u00c9crit par":"St\u00e9phane Miget","Dur\u00e9e de lecture estim\u00e9e":"1 minute"},"schema":{"@context":"https:\/\/schema.org","@graph":[{"@type":"Article","@id":"https:\/\/batijournal.com\/index.php\/100-oeuvres-qui-racontent-le-climat\/111690\/#article","isPartOf":{"@id":"https:\/\/batijournal.com\/index.php\/100-oeuvres-qui-racontent-le-climat\/111690\/"},"author":{"name":"St\u00e9phane Miget","@id":"https:\/\/batijournal.com\/#\/schema\/person\/1dc96ec6957aa1ccb25ebe78bb19f100"},"headline":"100 \u0153uvres qui racontent le climat","datePublished":"2025-03-26T05:52:21+00:00","mainEntityOfPage":{"@id":"https:\/\/batijournal.com\/index.php\/100-oeuvres-qui-racontent-le-climat\/111690\/"},"wordCount":244,"image":{"@id":"https:\/\/batijournal.com\/index.php\/100-oeuvres-qui-racontent-le-climat\/111690\/#primaryimage"},"thumbnailUrl":"https:\/\/batijournal.com\/wp-content\/uploads\/2025\/03\/sahara-orsay.webp","keywords":["mus\u00e9e"],"articleSection":["Actualit\u00e9s","Divers","zz_Actualit\u00e9s - Atrium","zz_Atrium Patrimoine"],"inLanguage":"fr-FR"},{"@type":"WebPage","@id":"https:\/\/batijournal.com\/index.php\/100-oeuvres-qui-racontent-le-climat\/111690\/","url":"https:\/\/batijournal.com\/index.php\/100-oeuvres-qui-racontent-le-climat\/111690\/","name":"100 \u0153uvres qui racontent le climat","isPartOf":{"@id":"https:\/\/batijournal.com\/#website"},"primaryImageOfPage":{"@id":"https:\/\/batijournal.com\/index.php\/100-oeuvres-qui-racontent-le-climat\/111690\/#primaryimage"},"image":{"@id":"https:\/\/batijournal.com\/index.php\/100-oeuvres-qui-racontent-le-climat\/111690\/#primaryimage"},"thumbnailUrl":"https:\/\/batijournal.com\/wp-content\/uploads\/2025\/03\/sahara-orsay.webp","datePublished":"2025-03-26T05:52:21+00:00","author":{"@id":"https:\/\/batijournal.com\/#\/schema\/person\/1dc96ec6957aa1ccb25ebe78bb19f100"},"breadcrumb":{"@id":"https:\/\/batijournal.com\/index.php\/100-oeuvres-qui-racontent-le-climat\/111690\/#breadcrumb"},"inLanguage":"fr-FR","potentialAction":[{"@type":"ReadAction","target":["https:\/\/batijournal.com\/index.php\/100-oeuvres-qui-racontent-le-climat\/111690\/"]}]},{"@type":"ImageObject","inLanguage":"fr-FR","@id":"https:\/\/batijournal.com\/index.php\/100-oeuvres-qui-racontent-le-climat\/111690\/#primaryimage","url":"https:\/\/batijournal.com\/wp-content\/uploads\/2025\/03\/sahara-orsay.webp","contentUrl":"https:\/\/batijournal.com\/wp-content\/uploads\/2025\/03\/sahara-orsay.webp","width":1200,"height":660},{"@type":"BreadcrumbList","@id":"https:\/\/batijournal.com\/index.php\/100-oeuvres-qui-racontent-le-climat\/111690\/#breadcrumb","itemListElement":[{"@type":"ListItem","position":1,"name":"Accueil","item":"https:\/\/batijournal.com\/"},{"@type":"ListItem","position":2,"name":"Actualit\u00e9s","item":"https:\/\/batijournal.com\/index.php\/category\/actualites\/"},{"@type":"ListItem","position":3,"name":"100 \u0153uvres qui racontent le climat"}]},{"@type":"WebSite","@id":"https:\/\/batijournal.com\/#website","url":"https:\/\/batijournal.com\/","name":"Batijournal","description":"L&#039;actualit\u00e9 du b\u00e2timent","potentialAction":[{"@type":"SearchAction","target":{"@type":"EntryPoint","urlTemplate":"https:\/\/batijournal.com\/?s={search_term_string}"},"query-input":{"@type":"PropertyValueSpecification","valueRequired":true,"valueName":"search_term_string"}}],"inLanguage":"fr-FR"},{"@type":"Person","@id":"https:\/\/batijournal.com\/#\/schema\/person\/1dc96ec6957aa1ccb25ebe78bb19f100","name":"St\u00e9phane Miget","image":{"@type":"ImageObject","inLanguage":"fr-FR","@id":"https:\/\/secure.gravatar.com\/avatar\/89915563d925342126b8ef0281b93d9d7fc337043e8df017f780908eb9644451?s=96&d=mm&r=g","url":"https:\/\/secure.gravatar.com\/avatar\/89915563d925342126b8ef0281b93d9d7fc337043e8df017f780908eb9644451?s=96&d=mm&r=g","contentUrl":"https:\/\/secure.gravatar.com\/avatar\/89915563d925342126b8ef0281b93d9d7fc337043e8df017f780908eb9644451?s=96&d=mm&r=g","caption":"St\u00e9phane Miget"},"url":"https:\/\/batijournal.com\/index.php\/author\/stephane\/"}]}},"_links":{"self":[{"href":"https:\/\/batijournal.com\/index.php\/wp-json\/wp\/v2\/posts\/111690","targetHints":{"allow":["GET"]}}],"collection":[{"href":"https:\/\/batijournal.com\/index.php\/wp-json\/wp\/v2\/posts"}],"about":[{"href":"https:\/\/batijournal.com\/index.php\/wp-json\/wp\/v2\/types\/post"}],"author":[{"embeddable":true,"href":"https:\/\/batijournal.com\/index.php\/wp-json\/wp\/v2\/users\/17"}],"replies":[{"embeddable":true,"href":"https:\/\/batijournal.com\/index.php\/wp-json\/wp\/v2\/comments?post=111690"}],"version-history":[{"count":0,"href":"https:\/\/batijournal.com\/index.php\/wp-json\/wp\/v2\/posts\/111690\/revisions"}],"wp:featuredmedia":[{"embeddable":true,"href":"https:\/\/batijournal.com\/index.php\/wp-json\/wp\/v2\/media\/111691"}],"wp:attachment":[{"href":"https:\/\/batijournal.com\/index.php\/wp-json\/wp\/v2\/media?parent=111690"}],"wp:term":[{"taxonomy":"category","embeddable":true,"href":"https:\/\/batijournal.com\/index.php\/wp-json\/wp\/v2\/categories?post=111690"},{"taxonomy":"post_tag","embeddable":true,"href":"https:\/\/batijournal.com\/index.php\/wp-json\/wp\/v2\/tags?post=111690"}],"curies":[{"name":"wp","href":"https:\/\/api.w.org\/{rel}","templated":true}]}}