{"id":111692,"date":"2025-03-26T07:08:41","date_gmt":"2025-03-26T06:08:41","guid":{"rendered":"https:\/\/batijournal.com\/?p=111692"},"modified":"2025-03-26T07:12:12","modified_gmt":"2025-03-26T06:12:12","slug":"renforcement-de-la-tour-saint-nicolas-a-la-rochelle","status":"publish","type":"post","link":"https:\/\/batijournal.com\/index.php\/renforcement-de-la-tour-saint-nicolas-a-la-rochelle\/111692\/","title":{"rendered":"Renforcement de la tour Saint-Nicolas \u00e0 La Rochelle"},"content":{"rendered":"<p>Apr\u00e8s la reconqu\u00eate de La Rochelle par les Fran\u00e7ais en 1372, d&rsquo;importants travaux de fortification sont r\u00e9alis\u00e9s, notamment la construction des tours du port, dont la tour Saint-Nicolas et la tour de la Cha\u00eene, sur des terrains gagn\u00e9s sur la mer. \u00c9rig\u00e9e sur un sol mar\u00e9cageux, la tour Saint-Nicolas repose sur des pieux en ch\u00eane de six m\u00e8tres ancr\u00e9s dans la vase et renforc\u00e9s par des pierres. Toutefois, en raison du poids de l\u2019\u00e9difice et de la nature instable du sol, des d\u00e9sordres structurels apparaissent d\u00e8s la construction, entra\u00eenant une inclinaison vers l\u2019est. Pour stabiliser la tour, les b\u00e2tisseurs \u00e9largissent les fondations et parviennent \u00e0 redresser la partie sup\u00e9rieure. Malgr\u00e9 cela, des fissures continuent de se former et de s\u2019aggraver au fil des si\u00e8cles. Face \u00e0 l\u2019\u00e9volution de ces d\u00e9gradations, le Centre des monuments nationaux a mis en place un suivi de la tour en 2019 gr\u00e2ce \u00e0 des instruments de mesure permettant d\u2019analyser ses mouvements et les fissures. Une \u00e9tude approfondie est men\u00e9e pour comprendre les dynamiques du sous-sol et des structures. L\u2019analyse des donn\u00e9es met en \u00e9vidence une \u00e9volution des mouvements depuis le printemps 2024 selon un sch\u00e9ma l\u00e9g\u00e8rement diff\u00e9rent de celui identifi\u00e9 jusqu\u2019alors, conduisant \u00e0 l\u2019adaptation du dispositif de surveillance et \u00e0 des investigations compl\u00e9mentaires dans les sols et la ma\u00e7onnerie. Une op\u00e9ration de sondages dans les sols et les ma\u00e7onneries de la tour a eu lieu au premier semestre 2024. Cette \u00e9tude, dirig\u00e9e par Olivier Salmon, Architecte en chef des monuments historiques, en partenariat avec AEGIS, a r\u00e9v\u00e9l\u00e9 des signes pr\u00e9occupants de d\u00e9t\u00e9rioration des fondations, mena\u00e7ant la stabilit\u00e9 du monument. Une intervention urgente est n\u00e9cessaire, le projet vise \u00e0 stabiliser la structure notamment par des techniques de frettage pour enserrer les ma\u00e7onneries et limiter les d\u00e9formations : pose de tirants, de cerclages en partie haute et d\u2019un corset m\u00e9tallique en partie basse. Des travaux de renforcement comprenant le rejointoiement des ma\u00e7onneries, un coulinage \u00e0 la chaux pour combler les vides, et un brochage en fibres de verre pour renforcer les structures, seront \u00e9galement \u00e0 pr\u00e9voir par la suite.<\/p>\n<p>Ma\u00eetre d\u2019oeuvre : Olivier Salmon, Architecte en chef des monuments historiques<br \/>\nCalendrier pr\u00e9visionnel : \u00e0 d\u00e9finir avec les r\u00e9sultats de l\u2019\u00e9tude des ph\u00e9nom\u00e8nes g\u00e9otechniques et structurels (finalisation apr\u00e8s les grandes mar\u00e9es de mars 2025)<br \/>\nBudget pr\u00e9visionnel de l\u2019op\u00e9ration d\u2019urgence : 1,4 M \u20ac HT (estimation globale \u00e0 affiner)<\/p>\n<p>Photo : Wikimedia<\/p>\n<p>&nbsp;<\/p>\n","protected":false},"excerpt":{"rendered":"<p>Apr\u00e8s la reconqu\u00eate de La Rochelle par les Fran\u00e7ais en 1372, d&rsquo;importants travaux de fortification sont r\u00e9alis\u00e9s, notamment la construction des tours du port, dont la tour Saint-Nicolas et la tour de la Cha\u00eene, sur des terrains gagn\u00e9s sur la mer. \u00c9rig\u00e9e sur un sol mar\u00e9cageux, la tour Saint-Nicolas repose sur des pieux en ch\u00eane [&hellip;]<\/p>\n","protected":false},"author":17,"featured_media":111695,"comment_status":"closed","ping_status":"closed","sticky":false,"template":"","format":"standard","meta":{"_et_pb_use_builder":"","_et_pb_old_content":"","_et_gb_content_width":"","footnotes":""},"categories":[10530,6362,10789,10785],"tags":[6376],"class_list":["post-111692","post","type-post","status-publish","format-standard","has-post-thumbnail","hentry","category-actualites","category-services-equipements","category-publications-atrium","category-atrium","tag-monument-historique"],"yoast_head":"<!-- This site is optimized with the Yoast SEO plugin v27.4 - https:\/\/yoast.com\/product\/yoast-seo-wordpress\/ -->\n<title>Renforcement de la tour Saint-Nicolas \u00e0 La Rochelle<\/title>\n<meta name=\"robots\" content=\"index, follow, max-snippet:-1, max-image-preview:large, max-video-preview:-1\" \/>\n<link rel=\"canonical\" href=\"https:\/\/batijournal.com\/index.php\/renforcement-de-la-tour-saint-nicolas-a-la-rochelle\/111692\/\" \/>\n<meta property=\"og:locale\" content=\"fr_FR\" \/>\n<meta property=\"og:type\" content=\"article\" \/>\n<meta property=\"og:title\" content=\"Renforcement de la tour Saint-Nicolas \u00e0 La Rochelle\" \/>\n<meta property=\"og:description\" content=\"Apr\u00e8s la reconqu\u00eate de La Rochelle par les Fran\u00e7ais en 1372, d&rsquo;importants travaux de fortification sont r\u00e9alis\u00e9s, notamment la construction des tours du port, dont la tour Saint-Nicolas et la tour de la Cha\u00eene, sur des terrains gagn\u00e9s sur la mer. \u00c9rig\u00e9e sur un sol mar\u00e9cageux, la tour Saint-Nicolas repose sur des pieux en ch\u00eane [&hellip;]\" \/>\n<meta property=\"og:url\" content=\"https:\/\/batijournal.com\/index.php\/renforcement-de-la-tour-saint-nicolas-a-la-rochelle\/111692\/\" \/>\n<meta property=\"og:site_name\" content=\"Batijournal\" \/>\n<meta property=\"article:published_time\" content=\"2025-03-26T06:08:41+00:00\" \/>\n<meta property=\"article:modified_time\" content=\"2025-03-26T06:12:12+00:00\" \/>\n<meta property=\"og:image\" content=\"https:\/\/batijournal.com\/wp-content\/uploads\/2025\/03\/La_Rochelle_2018_Tour_Saint-Nicolas_et_tour_de_la_Chaine.jpg\" \/>\n\t<meta property=\"og:image:width\" content=\"1600\" \/>\n\t<meta property=\"og:image:height\" content=\"1068\" \/>\n\t<meta property=\"og:image:type\" content=\"image\/jpeg\" \/>\n<meta name=\"author\" content=\"St\u00e9phane Miget\" \/>\n<meta name=\"twitter:card\" content=\"summary_large_image\" \/>\n<meta name=\"twitter:creator\" content=\"@bati_journal\" \/>\n<meta name=\"twitter:site\" content=\"@bati_journal\" \/>\n<meta name=\"twitter:label1\" content=\"\u00c9crit par\" \/>\n\t<meta name=\"twitter:data1\" content=\"St\u00e9phane Miget\" \/>\n\t<meta name=\"twitter:label2\" content=\"Dur\u00e9e de lecture estim\u00e9e\" \/>\n\t<meta name=\"twitter:data2\" content=\"2 minutes\" \/>\n<script type=\"application\/ld+json\" class=\"yoast-schema-graph\">{\"@context\":\"https:\\\/\\\/schema.org\",\"@graph\":[{\"@type\":\"Article\",\"@id\":\"https:\\\/\\\/batijournal.com\\\/index.php\\\/renforcement-de-la-tour-saint-nicolas-a-la-rochelle\\\/111692\\\/#article\",\"isPartOf\":{\"@id\":\"https:\\\/\\\/batijournal.com\\\/index.php\\\/renforcement-de-la-tour-saint-nicolas-a-la-rochelle\\\/111692\\\/\"},\"author\":{\"name\":\"St\u00e9phane Miget\",\"@id\":\"https:\\\/\\\/batijournal.com\\\/#\\\/schema\\\/person\\\/1dc96ec6957aa1ccb25ebe78bb19f100\"},\"headline\":\"Renforcement de la tour Saint-Nicolas \u00e0 La Rochelle\",\"datePublished\":\"2025-03-26T06:08:41+00:00\",\"dateModified\":\"2025-03-26T06:12:12+00:00\",\"mainEntityOfPage\":{\"@id\":\"https:\\\/\\\/batijournal.com\\\/index.php\\\/renforcement-de-la-tour-saint-nicolas-a-la-rochelle\\\/111692\\\/\"},\"wordCount\":448,\"image\":{\"@id\":\"https:\\\/\\\/batijournal.com\\\/index.php\\\/renforcement-de-la-tour-saint-nicolas-a-la-rochelle\\\/111692\\\/#primaryimage\"},\"thumbnailUrl\":\"https:\\\/\\\/batijournal.com\\\/wp-content\\\/uploads\\\/2025\\\/03\\\/La_Rochelle_2018_Tour_Saint-Nicolas_et_tour_de_la_Chaine.jpg\",\"keywords\":[\"monument historique\"],\"articleSection\":[\"Actualit\u00e9s\",\"Divers\",\"zz_Actualit\u00e9s - Atrium\",\"zz_Atrium Patrimoine\"],\"inLanguage\":\"fr-FR\"},{\"@type\":\"WebPage\",\"@id\":\"https:\\\/\\\/batijournal.com\\\/index.php\\\/renforcement-de-la-tour-saint-nicolas-a-la-rochelle\\\/111692\\\/\",\"url\":\"https:\\\/\\\/batijournal.com\\\/index.php\\\/renforcement-de-la-tour-saint-nicolas-a-la-rochelle\\\/111692\\\/\",\"name\":\"Renforcement de la tour Saint-Nicolas \u00e0 La Rochelle\",\"isPartOf\":{\"@id\":\"https:\\\/\\\/batijournal.com\\\/#website\"},\"primaryImageOfPage\":{\"@id\":\"https:\\\/\\\/batijournal.com\\\/index.php\\\/renforcement-de-la-tour-saint-nicolas-a-la-rochelle\\\/111692\\\/#primaryimage\"},\"image\":{\"@id\":\"https:\\\/\\\/batijournal.com\\\/index.php\\\/renforcement-de-la-tour-saint-nicolas-a-la-rochelle\\\/111692\\\/#primaryimage\"},\"thumbnailUrl\":\"https:\\\/\\\/batijournal.com\\\/wp-content\\\/uploads\\\/2025\\\/03\\\/La_Rochelle_2018_Tour_Saint-Nicolas_et_tour_de_la_Chaine.jpg\",\"datePublished\":\"2025-03-26T06:08:41+00:00\",\"dateModified\":\"2025-03-26T06:12:12+00:00\",\"author\":{\"@id\":\"https:\\\/\\\/batijournal.com\\\/#\\\/schema\\\/person\\\/1dc96ec6957aa1ccb25ebe78bb19f100\"},\"breadcrumb\":{\"@id\":\"https:\\\/\\\/batijournal.com\\\/index.php\\\/renforcement-de-la-tour-saint-nicolas-a-la-rochelle\\\/111692\\\/#breadcrumb\"},\"inLanguage\":\"fr-FR\",\"potentialAction\":[{\"@type\":\"ReadAction\",\"target\":[\"https:\\\/\\\/batijournal.com\\\/index.php\\\/renforcement-de-la-tour-saint-nicolas-a-la-rochelle\\\/111692\\\/\"]}]},{\"@type\":\"ImageObject\",\"inLanguage\":\"fr-FR\",\"@id\":\"https:\\\/\\\/batijournal.com\\\/index.php\\\/renforcement-de-la-tour-saint-nicolas-a-la-rochelle\\\/111692\\\/#primaryimage\",\"url\":\"https:\\\/\\\/batijournal.com\\\/wp-content\\\/uploads\\\/2025\\\/03\\\/La_Rochelle_2018_Tour_Saint-Nicolas_et_tour_de_la_Chaine.jpg\",\"contentUrl\":\"https:\\\/\\\/batijournal.com\\\/wp-content\\\/uploads\\\/2025\\\/03\\\/La_Rochelle_2018_Tour_Saint-Nicolas_et_tour_de_la_Chaine.jpg\",\"width\":1600,\"height\":1068},{\"@type\":\"BreadcrumbList\",\"@id\":\"https:\\\/\\\/batijournal.com\\\/index.php\\\/renforcement-de-la-tour-saint-nicolas-a-la-rochelle\\\/111692\\\/#breadcrumb\",\"itemListElement\":[{\"@type\":\"ListItem\",\"position\":1,\"name\":\"Accueil\",\"item\":\"https:\\\/\\\/batijournal.com\\\/\"},{\"@type\":\"ListItem\",\"position\":2,\"name\":\"Actualit\u00e9s\",\"item\":\"https:\\\/\\\/batijournal.com\\\/index.php\\\/category\\\/actualites\\\/\"},{\"@type\":\"ListItem\",\"position\":3,\"name\":\"Renforcement de la tour Saint-Nicolas \u00e0 La Rochelle\"}]},{\"@type\":\"WebSite\",\"@id\":\"https:\\\/\\\/batijournal.com\\\/#website\",\"url\":\"https:\\\/\\\/batijournal.com\\\/\",\"name\":\"Batijournal\",\"description\":\"L&#039;actualit\u00e9 du b\u00e2timent\",\"potentialAction\":[{\"@type\":\"SearchAction\",\"target\":{\"@type\":\"EntryPoint\",\"urlTemplate\":\"https:\\\/\\\/batijournal.com\\\/?s={search_term_string}\"},\"query-input\":{\"@type\":\"PropertyValueSpecification\",\"valueRequired\":true,\"valueName\":\"search_term_string\"}}],\"inLanguage\":\"fr-FR\"},{\"@type\":\"Person\",\"@id\":\"https:\\\/\\\/batijournal.com\\\/#\\\/schema\\\/person\\\/1dc96ec6957aa1ccb25ebe78bb19f100\",\"name\":\"St\u00e9phane Miget\",\"image\":{\"@type\":\"ImageObject\",\"inLanguage\":\"fr-FR\",\"@id\":\"https:\\\/\\\/secure.gravatar.com\\\/avatar\\\/89915563d925342126b8ef0281b93d9d7fc337043e8df017f780908eb9644451?s=96&d=mm&r=g\",\"url\":\"https:\\\/\\\/secure.gravatar.com\\\/avatar\\\/89915563d925342126b8ef0281b93d9d7fc337043e8df017f780908eb9644451?s=96&d=mm&r=g\",\"contentUrl\":\"https:\\\/\\\/secure.gravatar.com\\\/avatar\\\/89915563d925342126b8ef0281b93d9d7fc337043e8df017f780908eb9644451?s=96&d=mm&r=g\",\"caption\":\"St\u00e9phane Miget\"},\"url\":\"https:\\\/\\\/batijournal.com\\\/index.php\\\/author\\\/stephane\\\/\"}]}<\/script>\n<!-- \/ Yoast SEO plugin. -->","yoast_head_json":{"title":"Renforcement de la tour Saint-Nicolas \u00e0 La Rochelle","robots":{"index":"index","follow":"follow","max-snippet":"max-snippet:-1","max-image-preview":"max-image-preview:large","max-video-preview":"max-video-preview:-1"},"canonical":"https:\/\/batijournal.com\/index.php\/renforcement-de-la-tour-saint-nicolas-a-la-rochelle\/111692\/","og_locale":"fr_FR","og_type":"article","og_title":"Renforcement de la tour Saint-Nicolas \u00e0 La Rochelle","og_description":"Apr\u00e8s la reconqu\u00eate de La Rochelle par les Fran\u00e7ais en 1372, d&rsquo;importants travaux de fortification sont r\u00e9alis\u00e9s, notamment la construction des tours du port, dont la tour Saint-Nicolas et la tour de la Cha\u00eene, sur des terrains gagn\u00e9s sur la mer. \u00c9rig\u00e9e sur un sol mar\u00e9cageux, la tour Saint-Nicolas repose sur des pieux en ch\u00eane [&hellip;]","og_url":"https:\/\/batijournal.com\/index.php\/renforcement-de-la-tour-saint-nicolas-a-la-rochelle\/111692\/","og_site_name":"Batijournal","article_published_time":"2025-03-26T06:08:41+00:00","article_modified_time":"2025-03-26T06:12:12+00:00","og_image":[{"width":1600,"height":1068,"url":"https:\/\/batijournal.com\/wp-content\/uploads\/2025\/03\/La_Rochelle_2018_Tour_Saint-Nicolas_et_tour_de_la_Chaine.jpg","type":"image\/jpeg"}],"author":"St\u00e9phane Miget","twitter_card":"summary_large_image","twitter_creator":"@bati_journal","twitter_site":"@bati_journal","twitter_misc":{"\u00c9crit par":"St\u00e9phane Miget","Dur\u00e9e de lecture estim\u00e9e":"2 minutes"},"schema":{"@context":"https:\/\/schema.org","@graph":[{"@type":"Article","@id":"https:\/\/batijournal.com\/index.php\/renforcement-de-la-tour-saint-nicolas-a-la-rochelle\/111692\/#article","isPartOf":{"@id":"https:\/\/batijournal.com\/index.php\/renforcement-de-la-tour-saint-nicolas-a-la-rochelle\/111692\/"},"author":{"name":"St\u00e9phane Miget","@id":"https:\/\/batijournal.com\/#\/schema\/person\/1dc96ec6957aa1ccb25ebe78bb19f100"},"headline":"Renforcement de la tour Saint-Nicolas \u00e0 La Rochelle","datePublished":"2025-03-26T06:08:41+00:00","dateModified":"2025-03-26T06:12:12+00:00","mainEntityOfPage":{"@id":"https:\/\/batijournal.com\/index.php\/renforcement-de-la-tour-saint-nicolas-a-la-rochelle\/111692\/"},"wordCount":448,"image":{"@id":"https:\/\/batijournal.com\/index.php\/renforcement-de-la-tour-saint-nicolas-a-la-rochelle\/111692\/#primaryimage"},"thumbnailUrl":"https:\/\/batijournal.com\/wp-content\/uploads\/2025\/03\/La_Rochelle_2018_Tour_Saint-Nicolas_et_tour_de_la_Chaine.jpg","keywords":["monument historique"],"articleSection":["Actualit\u00e9s","Divers","zz_Actualit\u00e9s - Atrium","zz_Atrium Patrimoine"],"inLanguage":"fr-FR"},{"@type":"WebPage","@id":"https:\/\/batijournal.com\/index.php\/renforcement-de-la-tour-saint-nicolas-a-la-rochelle\/111692\/","url":"https:\/\/batijournal.com\/index.php\/renforcement-de-la-tour-saint-nicolas-a-la-rochelle\/111692\/","name":"Renforcement de la tour Saint-Nicolas \u00e0 La Rochelle","isPartOf":{"@id":"https:\/\/batijournal.com\/#website"},"primaryImageOfPage":{"@id":"https:\/\/batijournal.com\/index.php\/renforcement-de-la-tour-saint-nicolas-a-la-rochelle\/111692\/#primaryimage"},"image":{"@id":"https:\/\/batijournal.com\/index.php\/renforcement-de-la-tour-saint-nicolas-a-la-rochelle\/111692\/#primaryimage"},"thumbnailUrl":"https:\/\/batijournal.com\/wp-content\/uploads\/2025\/03\/La_Rochelle_2018_Tour_Saint-Nicolas_et_tour_de_la_Chaine.jpg","datePublished":"2025-03-26T06:08:41+00:00","dateModified":"2025-03-26T06:12:12+00:00","author":{"@id":"https:\/\/batijournal.com\/#\/schema\/person\/1dc96ec6957aa1ccb25ebe78bb19f100"},"breadcrumb":{"@id":"https:\/\/batijournal.com\/index.php\/renforcement-de-la-tour-saint-nicolas-a-la-rochelle\/111692\/#breadcrumb"},"inLanguage":"fr-FR","potentialAction":[{"@type":"ReadAction","target":["https:\/\/batijournal.com\/index.php\/renforcement-de-la-tour-saint-nicolas-a-la-rochelle\/111692\/"]}]},{"@type":"ImageObject","inLanguage":"fr-FR","@id":"https:\/\/batijournal.com\/index.php\/renforcement-de-la-tour-saint-nicolas-a-la-rochelle\/111692\/#primaryimage","url":"https:\/\/batijournal.com\/wp-content\/uploads\/2025\/03\/La_Rochelle_2018_Tour_Saint-Nicolas_et_tour_de_la_Chaine.jpg","contentUrl":"https:\/\/batijournal.com\/wp-content\/uploads\/2025\/03\/La_Rochelle_2018_Tour_Saint-Nicolas_et_tour_de_la_Chaine.jpg","width":1600,"height":1068},{"@type":"BreadcrumbList","@id":"https:\/\/batijournal.com\/index.php\/renforcement-de-la-tour-saint-nicolas-a-la-rochelle\/111692\/#breadcrumb","itemListElement":[{"@type":"ListItem","position":1,"name":"Accueil","item":"https:\/\/batijournal.com\/"},{"@type":"ListItem","position":2,"name":"Actualit\u00e9s","item":"https:\/\/batijournal.com\/index.php\/category\/actualites\/"},{"@type":"ListItem","position":3,"name":"Renforcement de la tour Saint-Nicolas \u00e0 La Rochelle"}]},{"@type":"WebSite","@id":"https:\/\/batijournal.com\/#website","url":"https:\/\/batijournal.com\/","name":"Batijournal","description":"L&#039;actualit\u00e9 du b\u00e2timent","potentialAction":[{"@type":"SearchAction","target":{"@type":"EntryPoint","urlTemplate":"https:\/\/batijournal.com\/?s={search_term_string}"},"query-input":{"@type":"PropertyValueSpecification","valueRequired":true,"valueName":"search_term_string"}}],"inLanguage":"fr-FR"},{"@type":"Person","@id":"https:\/\/batijournal.com\/#\/schema\/person\/1dc96ec6957aa1ccb25ebe78bb19f100","name":"St\u00e9phane Miget","image":{"@type":"ImageObject","inLanguage":"fr-FR","@id":"https:\/\/secure.gravatar.com\/avatar\/89915563d925342126b8ef0281b93d9d7fc337043e8df017f780908eb9644451?s=96&d=mm&r=g","url":"https:\/\/secure.gravatar.com\/avatar\/89915563d925342126b8ef0281b93d9d7fc337043e8df017f780908eb9644451?s=96&d=mm&r=g","contentUrl":"https:\/\/secure.gravatar.com\/avatar\/89915563d925342126b8ef0281b93d9d7fc337043e8df017f780908eb9644451?s=96&d=mm&r=g","caption":"St\u00e9phane Miget"},"url":"https:\/\/batijournal.com\/index.php\/author\/stephane\/"}]}},"_links":{"self":[{"href":"https:\/\/batijournal.com\/index.php\/wp-json\/wp\/v2\/posts\/111692","targetHints":{"allow":["GET"]}}],"collection":[{"href":"https:\/\/batijournal.com\/index.php\/wp-json\/wp\/v2\/posts"}],"about":[{"href":"https:\/\/batijournal.com\/index.php\/wp-json\/wp\/v2\/types\/post"}],"author":[{"embeddable":true,"href":"https:\/\/batijournal.com\/index.php\/wp-json\/wp\/v2\/users\/17"}],"replies":[{"embeddable":true,"href":"https:\/\/batijournal.com\/index.php\/wp-json\/wp\/v2\/comments?post=111692"}],"version-history":[{"count":0,"href":"https:\/\/batijournal.com\/index.php\/wp-json\/wp\/v2\/posts\/111692\/revisions"}],"wp:featuredmedia":[{"embeddable":true,"href":"https:\/\/batijournal.com\/index.php\/wp-json\/wp\/v2\/media\/111695"}],"wp:attachment":[{"href":"https:\/\/batijournal.com\/index.php\/wp-json\/wp\/v2\/media?parent=111692"}],"wp:term":[{"taxonomy":"category","embeddable":true,"href":"https:\/\/batijournal.com\/index.php\/wp-json\/wp\/v2\/categories?post=111692"},{"taxonomy":"post_tag","embeddable":true,"href":"https:\/\/batijournal.com\/index.php\/wp-json\/wp\/v2\/tags?post=111692"}],"curies":[{"name":"wp","href":"https:\/\/api.w.org\/{rel}","templated":true}]}}