{"id":111696,"date":"2025-03-26T07:31:31","date_gmt":"2025-03-26T06:31:31","guid":{"rendered":"https:\/\/batijournal.com\/?p=111696"},"modified":"2025-03-26T07:31:31","modified_gmt":"2025-03-26T06:31:31","slug":"achevement-de-la-restauration-de-la-coupole-de-la-croisee-de-la-cathedrale-de-strasbourg","status":"publish","type":"post","link":"https:\/\/batijournal.com\/index.php\/achevement-de-la-restauration-de-la-coupole-de-la-croisee-de-la-cathedrale-de-strasbourg\/111696\/","title":{"rendered":"Ach\u00e8vement de la restauration de la coupole de la crois\u00e9e de la Cath\u00e9drale de Strasbourg"},"content":{"rendered":"<p>La restauration compl\u00e8te, int\u00e9rieure et ext\u00e9rieure, de la coupole de la crois\u00e9e du transept de la cath\u00e9drale Notre-Dame de Strasbourg s&rsquo;ach\u00e8ve. Engag\u00e9e en 2022 sous la direction de Pierre-Yves Caillault, architecte en chef des monuments historiques, elle r\u00e9pond \u00e0 une double exigence : \u00e0 une n\u00e9cessit\u00e9 sanitaire et \u00e0 un souci de valorisation. L\u2019op\u00e9ration touche \u00e0 sa fin. Depuis janvier 2025, les \u00e9chafaudages int\u00e9rieurs, suspendus \u00e0 30 m\u00e8tres au-dessus du ch\u0153ur, sont progressivement d\u00e9mont\u00e9s. Il reste \u00e0 apporter les derni\u00e8res finitions, notamment dans les huit fen\u00eatres de la coupole : depuis le 10 mars 2025, les entreprises proc\u00e8dent \u00e0 l\u2019enduit des \u00e9brasements de fen\u00eatres et \u00e0 la pose des nouvelles verri\u00e8res. Ces op\u00e9rations, conduites au-dessus du vide, sont accompagn\u00e9es par une \u00e9quipe de cordistes professionnels. La coupole offre un nouveau visage : une couverture de plomb et un enduit clair qui surplombera le ch\u0153ur \u00e0 l\u2019avenir. D\u2019ici d\u00e9but avril 2025, toutes les installations de chantier seront retir\u00e9es, lib\u00e9rant ainsi l\u2019espace liturgique \u00e0 temps pour les f\u00eates de P\u00e2ques. Les \u00e9chafaudages ext\u00e9rieurs seront d\u00e9pos\u00e9s d\u2019ici l\u2019\u00e9t\u00e9 2025.<\/p>\n<p>Photo : Cath\u00e9drale de Strasbourg, restauration de la coupole de la crois\u00e9e, \u00e9chafaudage ext\u00e9rieur \u00a9 DRAC Grand Est<\/p>\n<p>&nbsp;<\/p>\n<p>&nbsp;<\/p>\n","protected":false},"excerpt":{"rendered":"<p>La restauration compl\u00e8te, int\u00e9rieure et ext\u00e9rieure, de la coupole de la crois\u00e9e du transept de la cath\u00e9drale Notre-Dame de Strasbourg s&rsquo;ach\u00e8ve. Engag\u00e9e en 2022 sous la direction de Pierre-Yves Caillault, architecte en chef des monuments historiques, elle r\u00e9pond \u00e0 une double exigence : \u00e0 une n\u00e9cessit\u00e9 sanitaire et \u00e0 un souci de valorisation. L\u2019op\u00e9ration touche [&hellip;]<\/p>\n","protected":false},"author":17,"featured_media":111697,"comment_status":"closed","ping_status":"closed","sticky":false,"template":"","format":"standard","meta":{"_et_pb_use_builder":"","_et_pb_old_content":"","_et_gb_content_width":"","footnotes":""},"categories":[10530,6362,10789,10785],"tags":[6758,6376],"class_list":["post-111696","post","type-post","status-publish","format-standard","has-post-thumbnail","hentry","category-actualites","category-services-equipements","category-publications-atrium","category-atrium","tag-cathedrale","tag-monument-historique"],"yoast_head":"<!-- This site is optimized with the Yoast SEO plugin v27.4 - https:\/\/yoast.com\/product\/yoast-seo-wordpress\/ -->\n<title>Ach\u00e8vement de la restauration de la coupole de la crois\u00e9e de la Cath\u00e9drale de Strasbourg<\/title>\n<meta name=\"robots\" content=\"index, follow, max-snippet:-1, max-image-preview:large, max-video-preview:-1\" \/>\n<link rel=\"canonical\" href=\"https:\/\/batijournal.com\/index.php\/achevement-de-la-restauration-de-la-coupole-de-la-croisee-de-la-cathedrale-de-strasbourg\/111696\/\" \/>\n<meta property=\"og:locale\" content=\"fr_FR\" \/>\n<meta property=\"og:type\" content=\"article\" \/>\n<meta property=\"og:title\" content=\"Ach\u00e8vement de la restauration de la coupole de la crois\u00e9e de la Cath\u00e9drale de Strasbourg\" \/>\n<meta property=\"og:description\" content=\"La restauration compl\u00e8te, int\u00e9rieure et ext\u00e9rieure, de la coupole de la crois\u00e9e du transept de la cath\u00e9drale Notre-Dame de Strasbourg s&rsquo;ach\u00e8ve. Engag\u00e9e en 2022 sous la direction de Pierre-Yves Caillault, architecte en chef des monuments historiques, elle r\u00e9pond \u00e0 une double exigence : \u00e0 une n\u00e9cessit\u00e9 sanitaire et \u00e0 un souci de valorisation. L\u2019op\u00e9ration touche [&hellip;]\" \/>\n<meta property=\"og:url\" content=\"https:\/\/batijournal.com\/index.php\/achevement-de-la-restauration-de-la-coupole-de-la-croisee-de-la-cathedrale-de-strasbourg\/111696\/\" \/>\n<meta property=\"og:site_name\" content=\"Batijournal\" \/>\n<meta property=\"article:published_time\" content=\"2025-03-26T06:31:31+00:00\" \/>\n<meta property=\"og:image\" content=\"https:\/\/batijournal.com\/wp-content\/uploads\/2025\/03\/cathedrale-strasbourg_echafaudage_exterieur_drac-grand-est.jpg\" \/>\n\t<meta property=\"og:image:width\" content=\"1992\" \/>\n\t<meta property=\"og:image:height\" content=\"1120\" \/>\n\t<meta property=\"og:image:type\" content=\"image\/jpeg\" \/>\n<meta name=\"author\" content=\"St\u00e9phane Miget\" \/>\n<meta name=\"twitter:card\" content=\"summary_large_image\" \/>\n<meta name=\"twitter:creator\" content=\"@bati_journal\" \/>\n<meta name=\"twitter:site\" content=\"@bati_journal\" \/>\n<meta name=\"twitter:label1\" content=\"\u00c9crit par\" \/>\n\t<meta name=\"twitter:data1\" content=\"St\u00e9phane Miget\" \/>\n\t<meta name=\"twitter:label2\" content=\"Dur\u00e9e de lecture estim\u00e9e\" \/>\n\t<meta name=\"twitter:data2\" content=\"1 minute\" \/>\n<script type=\"application\/ld+json\" class=\"yoast-schema-graph\">{\"@context\":\"https:\\\/\\\/schema.org\",\"@graph\":[{\"@type\":\"Article\",\"@id\":\"https:\\\/\\\/batijournal.com\\\/index.php\\\/achevement-de-la-restauration-de-la-coupole-de-la-croisee-de-la-cathedrale-de-strasbourg\\\/111696\\\/#article\",\"isPartOf\":{\"@id\":\"https:\\\/\\\/batijournal.com\\\/index.php\\\/achevement-de-la-restauration-de-la-coupole-de-la-croisee-de-la-cathedrale-de-strasbourg\\\/111696\\\/\"},\"author\":{\"name\":\"St\u00e9phane Miget\",\"@id\":\"https:\\\/\\\/batijournal.com\\\/#\\\/schema\\\/person\\\/1dc96ec6957aa1ccb25ebe78bb19f100\"},\"headline\":\"Ach\u00e8vement de la restauration de la coupole de la crois\u00e9e de la Cath\u00e9drale de Strasbourg\",\"datePublished\":\"2025-03-26T06:31:31+00:00\",\"mainEntityOfPage\":{\"@id\":\"https:\\\/\\\/batijournal.com\\\/index.php\\\/achevement-de-la-restauration-de-la-coupole-de-la-croisee-de-la-cathedrale-de-strasbourg\\\/111696\\\/\"},\"wordCount\":234,\"image\":{\"@id\":\"https:\\\/\\\/batijournal.com\\\/index.php\\\/achevement-de-la-restauration-de-la-coupole-de-la-croisee-de-la-cathedrale-de-strasbourg\\\/111696\\\/#primaryimage\"},\"thumbnailUrl\":\"https:\\\/\\\/batijournal.com\\\/wp-content\\\/uploads\\\/2025\\\/03\\\/cathedrale-strasbourg_echafaudage_exterieur_drac-grand-est.jpg\",\"keywords\":[\"cathedrale\",\"monument historique\"],\"articleSection\":[\"Actualit\u00e9s\",\"Divers\",\"zz_Actualit\u00e9s - Atrium\",\"zz_Atrium Patrimoine\"],\"inLanguage\":\"fr-FR\"},{\"@type\":\"WebPage\",\"@id\":\"https:\\\/\\\/batijournal.com\\\/index.php\\\/achevement-de-la-restauration-de-la-coupole-de-la-croisee-de-la-cathedrale-de-strasbourg\\\/111696\\\/\",\"url\":\"https:\\\/\\\/batijournal.com\\\/index.php\\\/achevement-de-la-restauration-de-la-coupole-de-la-croisee-de-la-cathedrale-de-strasbourg\\\/111696\\\/\",\"name\":\"Ach\u00e8vement de la restauration de la coupole de la crois\u00e9e de la Cath\u00e9drale de Strasbourg\",\"isPartOf\":{\"@id\":\"https:\\\/\\\/batijournal.com\\\/#website\"},\"primaryImageOfPage\":{\"@id\":\"https:\\\/\\\/batijournal.com\\\/index.php\\\/achevement-de-la-restauration-de-la-coupole-de-la-croisee-de-la-cathedrale-de-strasbourg\\\/111696\\\/#primaryimage\"},\"image\":{\"@id\":\"https:\\\/\\\/batijournal.com\\\/index.php\\\/achevement-de-la-restauration-de-la-coupole-de-la-croisee-de-la-cathedrale-de-strasbourg\\\/111696\\\/#primaryimage\"},\"thumbnailUrl\":\"https:\\\/\\\/batijournal.com\\\/wp-content\\\/uploads\\\/2025\\\/03\\\/cathedrale-strasbourg_echafaudage_exterieur_drac-grand-est.jpg\",\"datePublished\":\"2025-03-26T06:31:31+00:00\",\"author\":{\"@id\":\"https:\\\/\\\/batijournal.com\\\/#\\\/schema\\\/person\\\/1dc96ec6957aa1ccb25ebe78bb19f100\"},\"breadcrumb\":{\"@id\":\"https:\\\/\\\/batijournal.com\\\/index.php\\\/achevement-de-la-restauration-de-la-coupole-de-la-croisee-de-la-cathedrale-de-strasbourg\\\/111696\\\/#breadcrumb\"},\"inLanguage\":\"fr-FR\",\"potentialAction\":[{\"@type\":\"ReadAction\",\"target\":[\"https:\\\/\\\/batijournal.com\\\/index.php\\\/achevement-de-la-restauration-de-la-coupole-de-la-croisee-de-la-cathedrale-de-strasbourg\\\/111696\\\/\"]}]},{\"@type\":\"ImageObject\",\"inLanguage\":\"fr-FR\",\"@id\":\"https:\\\/\\\/batijournal.com\\\/index.php\\\/achevement-de-la-restauration-de-la-coupole-de-la-croisee-de-la-cathedrale-de-strasbourg\\\/111696\\\/#primaryimage\",\"url\":\"https:\\\/\\\/batijournal.com\\\/wp-content\\\/uploads\\\/2025\\\/03\\\/cathedrale-strasbourg_echafaudage_exterieur_drac-grand-est.jpg\",\"contentUrl\":\"https:\\\/\\\/batijournal.com\\\/wp-content\\\/uploads\\\/2025\\\/03\\\/cathedrale-strasbourg_echafaudage_exterieur_drac-grand-est.jpg\",\"width\":1992,\"height\":1120},{\"@type\":\"BreadcrumbList\",\"@id\":\"https:\\\/\\\/batijournal.com\\\/index.php\\\/achevement-de-la-restauration-de-la-coupole-de-la-croisee-de-la-cathedrale-de-strasbourg\\\/111696\\\/#breadcrumb\",\"itemListElement\":[{\"@type\":\"ListItem\",\"position\":1,\"name\":\"Accueil\",\"item\":\"https:\\\/\\\/batijournal.com\\\/\"},{\"@type\":\"ListItem\",\"position\":2,\"name\":\"Actualit\u00e9s\",\"item\":\"https:\\\/\\\/batijournal.com\\\/index.php\\\/category\\\/actualites\\\/\"},{\"@type\":\"ListItem\",\"position\":3,\"name\":\"Ach\u00e8vement de la restauration de la coupole de la crois\u00e9e de la Cath\u00e9drale de Strasbourg\"}]},{\"@type\":\"WebSite\",\"@id\":\"https:\\\/\\\/batijournal.com\\\/#website\",\"url\":\"https:\\\/\\\/batijournal.com\\\/\",\"name\":\"Batijournal\",\"description\":\"L&#039;actualit\u00e9 du b\u00e2timent\",\"potentialAction\":[{\"@type\":\"SearchAction\",\"target\":{\"@type\":\"EntryPoint\",\"urlTemplate\":\"https:\\\/\\\/batijournal.com\\\/?s={search_term_string}\"},\"query-input\":{\"@type\":\"PropertyValueSpecification\",\"valueRequired\":true,\"valueName\":\"search_term_string\"}}],\"inLanguage\":\"fr-FR\"},{\"@type\":\"Person\",\"@id\":\"https:\\\/\\\/batijournal.com\\\/#\\\/schema\\\/person\\\/1dc96ec6957aa1ccb25ebe78bb19f100\",\"name\":\"St\u00e9phane Miget\",\"image\":{\"@type\":\"ImageObject\",\"inLanguage\":\"fr-FR\",\"@id\":\"https:\\\/\\\/secure.gravatar.com\\\/avatar\\\/89915563d925342126b8ef0281b93d9d7fc337043e8df017f780908eb9644451?s=96&d=mm&r=g\",\"url\":\"https:\\\/\\\/secure.gravatar.com\\\/avatar\\\/89915563d925342126b8ef0281b93d9d7fc337043e8df017f780908eb9644451?s=96&d=mm&r=g\",\"contentUrl\":\"https:\\\/\\\/secure.gravatar.com\\\/avatar\\\/89915563d925342126b8ef0281b93d9d7fc337043e8df017f780908eb9644451?s=96&d=mm&r=g\",\"caption\":\"St\u00e9phane Miget\"},\"url\":\"https:\\\/\\\/batijournal.com\\\/index.php\\\/author\\\/stephane\\\/\"}]}<\/script>\n<!-- \/ Yoast SEO plugin. -->","yoast_head_json":{"title":"Ach\u00e8vement de la restauration de la coupole de la crois\u00e9e de la Cath\u00e9drale de Strasbourg","robots":{"index":"index","follow":"follow","max-snippet":"max-snippet:-1","max-image-preview":"max-image-preview:large","max-video-preview":"max-video-preview:-1"},"canonical":"https:\/\/batijournal.com\/index.php\/achevement-de-la-restauration-de-la-coupole-de-la-croisee-de-la-cathedrale-de-strasbourg\/111696\/","og_locale":"fr_FR","og_type":"article","og_title":"Ach\u00e8vement de la restauration de la coupole de la crois\u00e9e de la Cath\u00e9drale de Strasbourg","og_description":"La restauration compl\u00e8te, int\u00e9rieure et ext\u00e9rieure, de la coupole de la crois\u00e9e du transept de la cath\u00e9drale Notre-Dame de Strasbourg s&rsquo;ach\u00e8ve. Engag\u00e9e en 2022 sous la direction de Pierre-Yves Caillault, architecte en chef des monuments historiques, elle r\u00e9pond \u00e0 une double exigence : \u00e0 une n\u00e9cessit\u00e9 sanitaire et \u00e0 un souci de valorisation. L\u2019op\u00e9ration touche [&hellip;]","og_url":"https:\/\/batijournal.com\/index.php\/achevement-de-la-restauration-de-la-coupole-de-la-croisee-de-la-cathedrale-de-strasbourg\/111696\/","og_site_name":"Batijournal","article_published_time":"2025-03-26T06:31:31+00:00","og_image":[{"width":1992,"height":1120,"url":"https:\/\/batijournal.com\/wp-content\/uploads\/2025\/03\/cathedrale-strasbourg_echafaudage_exterieur_drac-grand-est.jpg","type":"image\/jpeg"}],"author":"St\u00e9phane Miget","twitter_card":"summary_large_image","twitter_creator":"@bati_journal","twitter_site":"@bati_journal","twitter_misc":{"\u00c9crit par":"St\u00e9phane Miget","Dur\u00e9e de lecture estim\u00e9e":"1 minute"},"schema":{"@context":"https:\/\/schema.org","@graph":[{"@type":"Article","@id":"https:\/\/batijournal.com\/index.php\/achevement-de-la-restauration-de-la-coupole-de-la-croisee-de-la-cathedrale-de-strasbourg\/111696\/#article","isPartOf":{"@id":"https:\/\/batijournal.com\/index.php\/achevement-de-la-restauration-de-la-coupole-de-la-croisee-de-la-cathedrale-de-strasbourg\/111696\/"},"author":{"name":"St\u00e9phane Miget","@id":"https:\/\/batijournal.com\/#\/schema\/person\/1dc96ec6957aa1ccb25ebe78bb19f100"},"headline":"Ach\u00e8vement de la restauration de la coupole de la crois\u00e9e de la Cath\u00e9drale de Strasbourg","datePublished":"2025-03-26T06:31:31+00:00","mainEntityOfPage":{"@id":"https:\/\/batijournal.com\/index.php\/achevement-de-la-restauration-de-la-coupole-de-la-croisee-de-la-cathedrale-de-strasbourg\/111696\/"},"wordCount":234,"image":{"@id":"https:\/\/batijournal.com\/index.php\/achevement-de-la-restauration-de-la-coupole-de-la-croisee-de-la-cathedrale-de-strasbourg\/111696\/#primaryimage"},"thumbnailUrl":"https:\/\/batijournal.com\/wp-content\/uploads\/2025\/03\/cathedrale-strasbourg_echafaudage_exterieur_drac-grand-est.jpg","keywords":["cathedrale","monument historique"],"articleSection":["Actualit\u00e9s","Divers","zz_Actualit\u00e9s - Atrium","zz_Atrium Patrimoine"],"inLanguage":"fr-FR"},{"@type":"WebPage","@id":"https:\/\/batijournal.com\/index.php\/achevement-de-la-restauration-de-la-coupole-de-la-croisee-de-la-cathedrale-de-strasbourg\/111696\/","url":"https:\/\/batijournal.com\/index.php\/achevement-de-la-restauration-de-la-coupole-de-la-croisee-de-la-cathedrale-de-strasbourg\/111696\/","name":"Ach\u00e8vement de la restauration de la coupole de la crois\u00e9e de la Cath\u00e9drale de Strasbourg","isPartOf":{"@id":"https:\/\/batijournal.com\/#website"},"primaryImageOfPage":{"@id":"https:\/\/batijournal.com\/index.php\/achevement-de-la-restauration-de-la-coupole-de-la-croisee-de-la-cathedrale-de-strasbourg\/111696\/#primaryimage"},"image":{"@id":"https:\/\/batijournal.com\/index.php\/achevement-de-la-restauration-de-la-coupole-de-la-croisee-de-la-cathedrale-de-strasbourg\/111696\/#primaryimage"},"thumbnailUrl":"https:\/\/batijournal.com\/wp-content\/uploads\/2025\/03\/cathedrale-strasbourg_echafaudage_exterieur_drac-grand-est.jpg","datePublished":"2025-03-26T06:31:31+00:00","author":{"@id":"https:\/\/batijournal.com\/#\/schema\/person\/1dc96ec6957aa1ccb25ebe78bb19f100"},"breadcrumb":{"@id":"https:\/\/batijournal.com\/index.php\/achevement-de-la-restauration-de-la-coupole-de-la-croisee-de-la-cathedrale-de-strasbourg\/111696\/#breadcrumb"},"inLanguage":"fr-FR","potentialAction":[{"@type":"ReadAction","target":["https:\/\/batijournal.com\/index.php\/achevement-de-la-restauration-de-la-coupole-de-la-croisee-de-la-cathedrale-de-strasbourg\/111696\/"]}]},{"@type":"ImageObject","inLanguage":"fr-FR","@id":"https:\/\/batijournal.com\/index.php\/achevement-de-la-restauration-de-la-coupole-de-la-croisee-de-la-cathedrale-de-strasbourg\/111696\/#primaryimage","url":"https:\/\/batijournal.com\/wp-content\/uploads\/2025\/03\/cathedrale-strasbourg_echafaudage_exterieur_drac-grand-est.jpg","contentUrl":"https:\/\/batijournal.com\/wp-content\/uploads\/2025\/03\/cathedrale-strasbourg_echafaudage_exterieur_drac-grand-est.jpg","width":1992,"height":1120},{"@type":"BreadcrumbList","@id":"https:\/\/batijournal.com\/index.php\/achevement-de-la-restauration-de-la-coupole-de-la-croisee-de-la-cathedrale-de-strasbourg\/111696\/#breadcrumb","itemListElement":[{"@type":"ListItem","position":1,"name":"Accueil","item":"https:\/\/batijournal.com\/"},{"@type":"ListItem","position":2,"name":"Actualit\u00e9s","item":"https:\/\/batijournal.com\/index.php\/category\/actualites\/"},{"@type":"ListItem","position":3,"name":"Ach\u00e8vement de la restauration de la coupole de la crois\u00e9e de la Cath\u00e9drale de Strasbourg"}]},{"@type":"WebSite","@id":"https:\/\/batijournal.com\/#website","url":"https:\/\/batijournal.com\/","name":"Batijournal","description":"L&#039;actualit\u00e9 du b\u00e2timent","potentialAction":[{"@type":"SearchAction","target":{"@type":"EntryPoint","urlTemplate":"https:\/\/batijournal.com\/?s={search_term_string}"},"query-input":{"@type":"PropertyValueSpecification","valueRequired":true,"valueName":"search_term_string"}}],"inLanguage":"fr-FR"},{"@type":"Person","@id":"https:\/\/batijournal.com\/#\/schema\/person\/1dc96ec6957aa1ccb25ebe78bb19f100","name":"St\u00e9phane Miget","image":{"@type":"ImageObject","inLanguage":"fr-FR","@id":"https:\/\/secure.gravatar.com\/avatar\/89915563d925342126b8ef0281b93d9d7fc337043e8df017f780908eb9644451?s=96&d=mm&r=g","url":"https:\/\/secure.gravatar.com\/avatar\/89915563d925342126b8ef0281b93d9d7fc337043e8df017f780908eb9644451?s=96&d=mm&r=g","contentUrl":"https:\/\/secure.gravatar.com\/avatar\/89915563d925342126b8ef0281b93d9d7fc337043e8df017f780908eb9644451?s=96&d=mm&r=g","caption":"St\u00e9phane Miget"},"url":"https:\/\/batijournal.com\/index.php\/author\/stephane\/"}]}},"_links":{"self":[{"href":"https:\/\/batijournal.com\/index.php\/wp-json\/wp\/v2\/posts\/111696","targetHints":{"allow":["GET"]}}],"collection":[{"href":"https:\/\/batijournal.com\/index.php\/wp-json\/wp\/v2\/posts"}],"about":[{"href":"https:\/\/batijournal.com\/index.php\/wp-json\/wp\/v2\/types\/post"}],"author":[{"embeddable":true,"href":"https:\/\/batijournal.com\/index.php\/wp-json\/wp\/v2\/users\/17"}],"replies":[{"embeddable":true,"href":"https:\/\/batijournal.com\/index.php\/wp-json\/wp\/v2\/comments?post=111696"}],"version-history":[{"count":0,"href":"https:\/\/batijournal.com\/index.php\/wp-json\/wp\/v2\/posts\/111696\/revisions"}],"wp:featuredmedia":[{"embeddable":true,"href":"https:\/\/batijournal.com\/index.php\/wp-json\/wp\/v2\/media\/111697"}],"wp:attachment":[{"href":"https:\/\/batijournal.com\/index.php\/wp-json\/wp\/v2\/media?parent=111696"}],"wp:term":[{"taxonomy":"category","embeddable":true,"href":"https:\/\/batijournal.com\/index.php\/wp-json\/wp\/v2\/categories?post=111696"},{"taxonomy":"post_tag","embeddable":true,"href":"https:\/\/batijournal.com\/index.php\/wp-json\/wp\/v2\/tags?post=111696"}],"curies":[{"name":"wp","href":"https:\/\/api.w.org\/{rel}","templated":true}]}}