{"id":111698,"date":"2025-03-26T07:50:44","date_gmt":"2025-03-26T06:50:44","guid":{"rendered":"https:\/\/batijournal.com\/?p=111698"},"modified":"2025-03-26T07:50:44","modified_gmt":"2025-03-26T06:50:44","slug":"panneaux-photovoltaiques-et-patrimoine-une-fiche-conseil-pour-la-region-grand-est","status":"publish","type":"post","link":"https:\/\/batijournal.com\/index.php\/panneaux-photovoltaiques-et-patrimoine-une-fiche-conseil-pour-la-region-grand-est\/111698\/","title":{"rendered":"Panneaux photovolta\u00efques et patrimoine : une fiche conseil pour la r\u00e9gion Grand Est"},"content":{"rendered":"<p>Une fiche conseil, r\u00e9alis\u00e9e par la DRAC Grand Est, \u00e0 destination des particuliers, des \u00e9lus et des professionnels du b\u00e2timent, pr\u00e9sente les bonnes pratiques pour une int\u00e9gration architecturale et paysag\u00e8re harmonieuse, des panneaux photovolta\u00efques dans les zones patrimoniales sensibles, \u00e0 l&rsquo;\u00e9chelle de la r\u00e9gion Grand Est. L&rsquo;int\u00e9gration de ces installations n&rsquo;est pas toujours compatible avec la pr\u00e9servation de la qualit\u00e9 architecturale et paysag\u00e8re des villes et des campagnes. S&rsquo;assurer de permettre un d\u00e9ploiement harmonieux et efficace dans des contextes et sur des supports vari\u00e9s (sur toitures, en fa\u00e7ade, en ombri\u00e8res ou au sol) de ces installations fait partie des missions des Architectes des b\u00e2timents de France et de leurs services au sein de la DRAC : les Unit\u00e9s d\u00e9partementales de l&rsquo;architecture et du patrimoine (UDAP). De la Haute-Marne, \u00e0 la Moselle, des Ardennes, au Bas-Rhin, de la Meuse, \u00e0 l&rsquo;Aube, les recommandations de la fiche s&rsquo;appliquent sur l\u2019ensemble du territoire. Il s&rsquo;agit de garantir une vision globale, conciliant les enjeux de transition \u00e9nerg\u00e9tique et la protection du b\u00e2ti et des paysages.<\/p>\n<p><a href=\"https:\/\/www.culture.gouv.fr\/fr\/Media\/medias-creation-rapide\/fiche_udap_photovoltaique_grand_est_202502.pdf\">https:\/\/www.culture.gouv.fr\/fr\/Media\/medias-creation-rapide\/fiche_udap_photovoltaique_grand_est_202502.pdf<\/a><\/p>\n<p>&nbsp;<\/p>\n","protected":false},"excerpt":{"rendered":"<p>Une fiche conseil, r\u00e9alis\u00e9e par la DRAC Grand Est, \u00e0 destination des particuliers, des \u00e9lus et des professionnels du b\u00e2timent, pr\u00e9sente les bonnes pratiques pour une int\u00e9gration architecturale et paysag\u00e8re harmonieuse, des panneaux photovolta\u00efques dans les zones patrimoniales sensibles, \u00e0 l&rsquo;\u00e9chelle de la r\u00e9gion Grand Est. L&rsquo;int\u00e9gration de ces installations n&rsquo;est pas toujours compatible avec [&hellip;]<\/p>\n","protected":false},"author":17,"featured_media":111699,"comment_status":"closed","ping_status":"closed","sticky":false,"template":"","format":"standard","meta":{"_et_pb_use_builder":"","_et_pb_old_content":"","_et_gb_content_width":"","footnotes":""},"categories":[10530,6351,10771,10775,10789,10785],"tags":[464],"class_list":["post-111698","post","type-post","status-publish","format-standard","has-post-thumbnail","hentry","category-actualites","category-energie-environnement","category-5facades","category-actualites-5facades","category-publications-atrium","category-atrium","tag-photovoltaique"],"yoast_head":"<!-- This site is optimized with the Yoast SEO plugin v27.4 - https:\/\/yoast.com\/product\/yoast-seo-wordpress\/ -->\n<title>Panneaux photovolta\u00efques et patrimoine : une fiche conseil pour la r\u00e9gion Grand Est<\/title>\n<meta name=\"robots\" content=\"index, follow, max-snippet:-1, max-image-preview:large, max-video-preview:-1\" \/>\n<link rel=\"canonical\" href=\"https:\/\/batijournal.com\/index.php\/panneaux-photovoltaiques-et-patrimoine-une-fiche-conseil-pour-la-region-grand-est\/111698\/\" \/>\n<meta property=\"og:locale\" content=\"fr_FR\" \/>\n<meta property=\"og:type\" content=\"article\" \/>\n<meta property=\"og:title\" content=\"Panneaux photovolta\u00efques et patrimoine : une fiche conseil pour la r\u00e9gion Grand Est\" \/>\n<meta property=\"og:description\" content=\"Une fiche conseil, r\u00e9alis\u00e9e par la DRAC Grand Est, \u00e0 destination des particuliers, des \u00e9lus et des professionnels du b\u00e2timent, pr\u00e9sente les bonnes pratiques pour une int\u00e9gration architecturale et paysag\u00e8re harmonieuse, des panneaux photovolta\u00efques dans les zones patrimoniales sensibles, \u00e0 l&rsquo;\u00e9chelle de la r\u00e9gion Grand Est. L&rsquo;int\u00e9gration de ces installations n&rsquo;est pas toujours compatible avec [&hellip;]\" \/>\n<meta property=\"og:url\" content=\"https:\/\/batijournal.com\/index.php\/panneaux-photovoltaiques-et-patrimoine-une-fiche-conseil-pour-la-region-grand-est\/111698\/\" \/>\n<meta property=\"og:site_name\" content=\"Batijournal\" \/>\n<meta property=\"article:published_time\" content=\"2025-03-26T06:50:44+00:00\" \/>\n<meta property=\"og:image\" content=\"https:\/\/batijournal.com\/wp-content\/uploads\/2025\/03\/montage_illustration_fiche_photovoltaique.png\" \/>\n\t<meta property=\"og:image:width\" content=\"826\" \/>\n\t<meta property=\"og:image:height\" content=\"826\" \/>\n\t<meta property=\"og:image:type\" content=\"image\/png\" \/>\n<meta name=\"author\" content=\"St\u00e9phane Miget\" \/>\n<meta name=\"twitter:card\" content=\"summary_large_image\" \/>\n<meta name=\"twitter:creator\" content=\"@bati_journal\" \/>\n<meta name=\"twitter:site\" content=\"@bati_journal\" \/>\n<meta name=\"twitter:label1\" content=\"\u00c9crit par\" \/>\n\t<meta name=\"twitter:data1\" content=\"St\u00e9phane Miget\" \/>\n\t<meta name=\"twitter:label2\" content=\"Dur\u00e9e de lecture estim\u00e9e\" \/>\n\t<meta name=\"twitter:data2\" content=\"1 minute\" \/>\n<script type=\"application\/ld+json\" class=\"yoast-schema-graph\">{\"@context\":\"https:\\\/\\\/schema.org\",\"@graph\":[{\"@type\":\"Article\",\"@id\":\"https:\\\/\\\/batijournal.com\\\/index.php\\\/panneaux-photovoltaiques-et-patrimoine-une-fiche-conseil-pour-la-region-grand-est\\\/111698\\\/#article\",\"isPartOf\":{\"@id\":\"https:\\\/\\\/batijournal.com\\\/index.php\\\/panneaux-photovoltaiques-et-patrimoine-une-fiche-conseil-pour-la-region-grand-est\\\/111698\\\/\"},\"author\":{\"name\":\"St\u00e9phane Miget\",\"@id\":\"https:\\\/\\\/batijournal.com\\\/#\\\/schema\\\/person\\\/1dc96ec6957aa1ccb25ebe78bb19f100\"},\"headline\":\"Panneaux photovolta\u00efques et patrimoine : une fiche conseil pour la r\u00e9gion Grand Est\",\"datePublished\":\"2025-03-26T06:50:44+00:00\",\"mainEntityOfPage\":{\"@id\":\"https:\\\/\\\/batijournal.com\\\/index.php\\\/panneaux-photovoltaiques-et-patrimoine-une-fiche-conseil-pour-la-region-grand-est\\\/111698\\\/\"},\"wordCount\":224,\"image\":{\"@id\":\"https:\\\/\\\/batijournal.com\\\/index.php\\\/panneaux-photovoltaiques-et-patrimoine-une-fiche-conseil-pour-la-region-grand-est\\\/111698\\\/#primaryimage\"},\"thumbnailUrl\":\"https:\\\/\\\/batijournal.com\\\/wp-content\\\/uploads\\\/2025\\\/03\\\/montage_illustration_fiche_photovoltaique.png\",\"keywords\":[\"photovolta\u00efque\"],\"articleSection\":[\"Actualit\u00e9s\",\"\u00c9nergie &amp; Environnement\",\"zz_5fa\u00e7ades\",\"zz_Actualit\u00e9s - 5fa\u00e7ades\",\"zz_Actualit\u00e9s - Atrium\",\"zz_Atrium Patrimoine\"],\"inLanguage\":\"fr-FR\"},{\"@type\":\"WebPage\",\"@id\":\"https:\\\/\\\/batijournal.com\\\/index.php\\\/panneaux-photovoltaiques-et-patrimoine-une-fiche-conseil-pour-la-region-grand-est\\\/111698\\\/\",\"url\":\"https:\\\/\\\/batijournal.com\\\/index.php\\\/panneaux-photovoltaiques-et-patrimoine-une-fiche-conseil-pour-la-region-grand-est\\\/111698\\\/\",\"name\":\"Panneaux photovolta\u00efques et patrimoine : une fiche conseil pour la r\u00e9gion Grand Est\",\"isPartOf\":{\"@id\":\"https:\\\/\\\/batijournal.com\\\/#website\"},\"primaryImageOfPage\":{\"@id\":\"https:\\\/\\\/batijournal.com\\\/index.php\\\/panneaux-photovoltaiques-et-patrimoine-une-fiche-conseil-pour-la-region-grand-est\\\/111698\\\/#primaryimage\"},\"image\":{\"@id\":\"https:\\\/\\\/batijournal.com\\\/index.php\\\/panneaux-photovoltaiques-et-patrimoine-une-fiche-conseil-pour-la-region-grand-est\\\/111698\\\/#primaryimage\"},\"thumbnailUrl\":\"https:\\\/\\\/batijournal.com\\\/wp-content\\\/uploads\\\/2025\\\/03\\\/montage_illustration_fiche_photovoltaique.png\",\"datePublished\":\"2025-03-26T06:50:44+00:00\",\"author\":{\"@id\":\"https:\\\/\\\/batijournal.com\\\/#\\\/schema\\\/person\\\/1dc96ec6957aa1ccb25ebe78bb19f100\"},\"breadcrumb\":{\"@id\":\"https:\\\/\\\/batijournal.com\\\/index.php\\\/panneaux-photovoltaiques-et-patrimoine-une-fiche-conseil-pour-la-region-grand-est\\\/111698\\\/#breadcrumb\"},\"inLanguage\":\"fr-FR\",\"potentialAction\":[{\"@type\":\"ReadAction\",\"target\":[\"https:\\\/\\\/batijournal.com\\\/index.php\\\/panneaux-photovoltaiques-et-patrimoine-une-fiche-conseil-pour-la-region-grand-est\\\/111698\\\/\"]}]},{\"@type\":\"ImageObject\",\"inLanguage\":\"fr-FR\",\"@id\":\"https:\\\/\\\/batijournal.com\\\/index.php\\\/panneaux-photovoltaiques-et-patrimoine-une-fiche-conseil-pour-la-region-grand-est\\\/111698\\\/#primaryimage\",\"url\":\"https:\\\/\\\/batijournal.com\\\/wp-content\\\/uploads\\\/2025\\\/03\\\/montage_illustration_fiche_photovoltaique.png\",\"contentUrl\":\"https:\\\/\\\/batijournal.com\\\/wp-content\\\/uploads\\\/2025\\\/03\\\/montage_illustration_fiche_photovoltaique.png\",\"width\":826,\"height\":826},{\"@type\":\"BreadcrumbList\",\"@id\":\"https:\\\/\\\/batijournal.com\\\/index.php\\\/panneaux-photovoltaiques-et-patrimoine-une-fiche-conseil-pour-la-region-grand-est\\\/111698\\\/#breadcrumb\",\"itemListElement\":[{\"@type\":\"ListItem\",\"position\":1,\"name\":\"Accueil\",\"item\":\"https:\\\/\\\/batijournal.com\\\/\"},{\"@type\":\"ListItem\",\"position\":2,\"name\":\"Actualit\u00e9s\",\"item\":\"https:\\\/\\\/batijournal.com\\\/index.php\\\/category\\\/actualites\\\/\"},{\"@type\":\"ListItem\",\"position\":3,\"name\":\"Panneaux photovolta\u00efques et patrimoine : une fiche conseil pour la r\u00e9gion Grand Est\"}]},{\"@type\":\"WebSite\",\"@id\":\"https:\\\/\\\/batijournal.com\\\/#website\",\"url\":\"https:\\\/\\\/batijournal.com\\\/\",\"name\":\"Batijournal\",\"description\":\"L&#039;actualit\u00e9 du b\u00e2timent\",\"potentialAction\":[{\"@type\":\"SearchAction\",\"target\":{\"@type\":\"EntryPoint\",\"urlTemplate\":\"https:\\\/\\\/batijournal.com\\\/?s={search_term_string}\"},\"query-input\":{\"@type\":\"PropertyValueSpecification\",\"valueRequired\":true,\"valueName\":\"search_term_string\"}}],\"inLanguage\":\"fr-FR\"},{\"@type\":\"Person\",\"@id\":\"https:\\\/\\\/batijournal.com\\\/#\\\/schema\\\/person\\\/1dc96ec6957aa1ccb25ebe78bb19f100\",\"name\":\"St\u00e9phane Miget\",\"image\":{\"@type\":\"ImageObject\",\"inLanguage\":\"fr-FR\",\"@id\":\"https:\\\/\\\/secure.gravatar.com\\\/avatar\\\/89915563d925342126b8ef0281b93d9d7fc337043e8df017f780908eb9644451?s=96&d=mm&r=g\",\"url\":\"https:\\\/\\\/secure.gravatar.com\\\/avatar\\\/89915563d925342126b8ef0281b93d9d7fc337043e8df017f780908eb9644451?s=96&d=mm&r=g\",\"contentUrl\":\"https:\\\/\\\/secure.gravatar.com\\\/avatar\\\/89915563d925342126b8ef0281b93d9d7fc337043e8df017f780908eb9644451?s=96&d=mm&r=g\",\"caption\":\"St\u00e9phane Miget\"},\"url\":\"https:\\\/\\\/batijournal.com\\\/index.php\\\/author\\\/stephane\\\/\"}]}<\/script>\n<!-- \/ Yoast SEO plugin. -->","yoast_head_json":{"title":"Panneaux photovolta\u00efques et patrimoine : une fiche conseil pour la r\u00e9gion Grand Est","robots":{"index":"index","follow":"follow","max-snippet":"max-snippet:-1","max-image-preview":"max-image-preview:large","max-video-preview":"max-video-preview:-1"},"canonical":"https:\/\/batijournal.com\/index.php\/panneaux-photovoltaiques-et-patrimoine-une-fiche-conseil-pour-la-region-grand-est\/111698\/","og_locale":"fr_FR","og_type":"article","og_title":"Panneaux photovolta\u00efques et patrimoine : une fiche conseil pour la r\u00e9gion Grand Est","og_description":"Une fiche conseil, r\u00e9alis\u00e9e par la DRAC Grand Est, \u00e0 destination des particuliers, des \u00e9lus et des professionnels du b\u00e2timent, pr\u00e9sente les bonnes pratiques pour une int\u00e9gration architecturale et paysag\u00e8re harmonieuse, des panneaux photovolta\u00efques dans les zones patrimoniales sensibles, \u00e0 l&rsquo;\u00e9chelle de la r\u00e9gion Grand Est. L&rsquo;int\u00e9gration de ces installations n&rsquo;est pas toujours compatible avec [&hellip;]","og_url":"https:\/\/batijournal.com\/index.php\/panneaux-photovoltaiques-et-patrimoine-une-fiche-conseil-pour-la-region-grand-est\/111698\/","og_site_name":"Batijournal","article_published_time":"2025-03-26T06:50:44+00:00","og_image":[{"width":826,"height":826,"url":"https:\/\/batijournal.com\/wp-content\/uploads\/2025\/03\/montage_illustration_fiche_photovoltaique.png","type":"image\/png"}],"author":"St\u00e9phane Miget","twitter_card":"summary_large_image","twitter_creator":"@bati_journal","twitter_site":"@bati_journal","twitter_misc":{"\u00c9crit par":"St\u00e9phane Miget","Dur\u00e9e de lecture estim\u00e9e":"1 minute"},"schema":{"@context":"https:\/\/schema.org","@graph":[{"@type":"Article","@id":"https:\/\/batijournal.com\/index.php\/panneaux-photovoltaiques-et-patrimoine-une-fiche-conseil-pour-la-region-grand-est\/111698\/#article","isPartOf":{"@id":"https:\/\/batijournal.com\/index.php\/panneaux-photovoltaiques-et-patrimoine-une-fiche-conseil-pour-la-region-grand-est\/111698\/"},"author":{"name":"St\u00e9phane Miget","@id":"https:\/\/batijournal.com\/#\/schema\/person\/1dc96ec6957aa1ccb25ebe78bb19f100"},"headline":"Panneaux photovolta\u00efques et patrimoine : une fiche conseil pour la r\u00e9gion Grand Est","datePublished":"2025-03-26T06:50:44+00:00","mainEntityOfPage":{"@id":"https:\/\/batijournal.com\/index.php\/panneaux-photovoltaiques-et-patrimoine-une-fiche-conseil-pour-la-region-grand-est\/111698\/"},"wordCount":224,"image":{"@id":"https:\/\/batijournal.com\/index.php\/panneaux-photovoltaiques-et-patrimoine-une-fiche-conseil-pour-la-region-grand-est\/111698\/#primaryimage"},"thumbnailUrl":"https:\/\/batijournal.com\/wp-content\/uploads\/2025\/03\/montage_illustration_fiche_photovoltaique.png","keywords":["photovolta\u00efque"],"articleSection":["Actualit\u00e9s","\u00c9nergie &amp; Environnement","zz_5fa\u00e7ades","zz_Actualit\u00e9s - 5fa\u00e7ades","zz_Actualit\u00e9s - Atrium","zz_Atrium Patrimoine"],"inLanguage":"fr-FR"},{"@type":"WebPage","@id":"https:\/\/batijournal.com\/index.php\/panneaux-photovoltaiques-et-patrimoine-une-fiche-conseil-pour-la-region-grand-est\/111698\/","url":"https:\/\/batijournal.com\/index.php\/panneaux-photovoltaiques-et-patrimoine-une-fiche-conseil-pour-la-region-grand-est\/111698\/","name":"Panneaux photovolta\u00efques et patrimoine : une fiche conseil pour la r\u00e9gion Grand Est","isPartOf":{"@id":"https:\/\/batijournal.com\/#website"},"primaryImageOfPage":{"@id":"https:\/\/batijournal.com\/index.php\/panneaux-photovoltaiques-et-patrimoine-une-fiche-conseil-pour-la-region-grand-est\/111698\/#primaryimage"},"image":{"@id":"https:\/\/batijournal.com\/index.php\/panneaux-photovoltaiques-et-patrimoine-une-fiche-conseil-pour-la-region-grand-est\/111698\/#primaryimage"},"thumbnailUrl":"https:\/\/batijournal.com\/wp-content\/uploads\/2025\/03\/montage_illustration_fiche_photovoltaique.png","datePublished":"2025-03-26T06:50:44+00:00","author":{"@id":"https:\/\/batijournal.com\/#\/schema\/person\/1dc96ec6957aa1ccb25ebe78bb19f100"},"breadcrumb":{"@id":"https:\/\/batijournal.com\/index.php\/panneaux-photovoltaiques-et-patrimoine-une-fiche-conseil-pour-la-region-grand-est\/111698\/#breadcrumb"},"inLanguage":"fr-FR","potentialAction":[{"@type":"ReadAction","target":["https:\/\/batijournal.com\/index.php\/panneaux-photovoltaiques-et-patrimoine-une-fiche-conseil-pour-la-region-grand-est\/111698\/"]}]},{"@type":"ImageObject","inLanguage":"fr-FR","@id":"https:\/\/batijournal.com\/index.php\/panneaux-photovoltaiques-et-patrimoine-une-fiche-conseil-pour-la-region-grand-est\/111698\/#primaryimage","url":"https:\/\/batijournal.com\/wp-content\/uploads\/2025\/03\/montage_illustration_fiche_photovoltaique.png","contentUrl":"https:\/\/batijournal.com\/wp-content\/uploads\/2025\/03\/montage_illustration_fiche_photovoltaique.png","width":826,"height":826},{"@type":"BreadcrumbList","@id":"https:\/\/batijournal.com\/index.php\/panneaux-photovoltaiques-et-patrimoine-une-fiche-conseil-pour-la-region-grand-est\/111698\/#breadcrumb","itemListElement":[{"@type":"ListItem","position":1,"name":"Accueil","item":"https:\/\/batijournal.com\/"},{"@type":"ListItem","position":2,"name":"Actualit\u00e9s","item":"https:\/\/batijournal.com\/index.php\/category\/actualites\/"},{"@type":"ListItem","position":3,"name":"Panneaux photovolta\u00efques et patrimoine : une fiche conseil pour la r\u00e9gion Grand Est"}]},{"@type":"WebSite","@id":"https:\/\/batijournal.com\/#website","url":"https:\/\/batijournal.com\/","name":"Batijournal","description":"L&#039;actualit\u00e9 du b\u00e2timent","potentialAction":[{"@type":"SearchAction","target":{"@type":"EntryPoint","urlTemplate":"https:\/\/batijournal.com\/?s={search_term_string}"},"query-input":{"@type":"PropertyValueSpecification","valueRequired":true,"valueName":"search_term_string"}}],"inLanguage":"fr-FR"},{"@type":"Person","@id":"https:\/\/batijournal.com\/#\/schema\/person\/1dc96ec6957aa1ccb25ebe78bb19f100","name":"St\u00e9phane Miget","image":{"@type":"ImageObject","inLanguage":"fr-FR","@id":"https:\/\/secure.gravatar.com\/avatar\/89915563d925342126b8ef0281b93d9d7fc337043e8df017f780908eb9644451?s=96&d=mm&r=g","url":"https:\/\/secure.gravatar.com\/avatar\/89915563d925342126b8ef0281b93d9d7fc337043e8df017f780908eb9644451?s=96&d=mm&r=g","contentUrl":"https:\/\/secure.gravatar.com\/avatar\/89915563d925342126b8ef0281b93d9d7fc337043e8df017f780908eb9644451?s=96&d=mm&r=g","caption":"St\u00e9phane Miget"},"url":"https:\/\/batijournal.com\/index.php\/author\/stephane\/"}]}},"_links":{"self":[{"href":"https:\/\/batijournal.com\/index.php\/wp-json\/wp\/v2\/posts\/111698","targetHints":{"allow":["GET"]}}],"collection":[{"href":"https:\/\/batijournal.com\/index.php\/wp-json\/wp\/v2\/posts"}],"about":[{"href":"https:\/\/batijournal.com\/index.php\/wp-json\/wp\/v2\/types\/post"}],"author":[{"embeddable":true,"href":"https:\/\/batijournal.com\/index.php\/wp-json\/wp\/v2\/users\/17"}],"replies":[{"embeddable":true,"href":"https:\/\/batijournal.com\/index.php\/wp-json\/wp\/v2\/comments?post=111698"}],"version-history":[{"count":0,"href":"https:\/\/batijournal.com\/index.php\/wp-json\/wp\/v2\/posts\/111698\/revisions"}],"wp:featuredmedia":[{"embeddable":true,"href":"https:\/\/batijournal.com\/index.php\/wp-json\/wp\/v2\/media\/111699"}],"wp:attachment":[{"href":"https:\/\/batijournal.com\/index.php\/wp-json\/wp\/v2\/media?parent=111698"}],"wp:term":[{"taxonomy":"category","embeddable":true,"href":"https:\/\/batijournal.com\/index.php\/wp-json\/wp\/v2\/categories?post=111698"},{"taxonomy":"post_tag","embeddable":true,"href":"https:\/\/batijournal.com\/index.php\/wp-json\/wp\/v2\/tags?post=111698"}],"curies":[{"name":"wp","href":"https:\/\/api.w.org\/{rel}","templated":true}]}}