{"id":111700,"date":"2025-03-26T08:16:41","date_gmt":"2025-03-26T07:16:41","guid":{"rendered":"https:\/\/batijournal.com\/?p=111700"},"modified":"2025-03-26T08:16:41","modified_gmt":"2025-03-26T07:16:41","slug":"soutien-exceptionnel-de-marc-ladreit-de-lacharriere-pour-le-louvre","status":"publish","type":"post","link":"https:\/\/batijournal.com\/index.php\/soutien-exceptionnel-de-marc-ladreit-de-lacharriere-pour-le-louvre\/111700\/","title":{"rendered":"Soutien exceptionnel de Marc LADREIT de LACHARRIERE pour le Louvre"},"content":{"rendered":"<p>Ce mardi 25 mars 2025, Rachida DATI, ministre de la Culture, Laurence des CARS, pr\u00e9sidente-directrice du mus\u00e9e du Louvre, et Marc LADREIT de LACHARRIERE, Pr\u00e9sident de la Fondation Marc Ladreit de Lacharri\u00e8re, ont officialis\u00e9 par la signature d\u2019une convention de m\u00e9c\u00e9nat un soutien exceptionnel de la Fondation Marc Ladreit de Lacharri\u00e8re en faveur de l\u2019am\u00e9nagement ext\u00e9rieur de la Galerie des cinq continents, situ\u00e9e dans le mus\u00e9e du Louvre. M\u00e9c\u00e8ne exclusif de l\u2019am\u00e9nagement ext\u00e9rieur et de l\u2019entr\u00e9e par la Porte des Lions de la Galerie des cinq continents, la Fondation Marc Ladreit de Lacharri\u00e8re affirme une nouvelle fois son engagement sans faille en faveur de l\u2019accessibilit\u00e9 \u00e0 tous des collections nationales. La Porte des Lions rouvrira le 26 novembre 2025 dans une toute nouvelle configuration, apr\u00e8s plusieurs mois de travaux. Enti\u00e8rement r\u00e9am\u00e9nag\u00e9s dans le respect de l\u2019\u0153uvre architecturale, les espaces d\u2019accueil r\u00e9pondront mieux aux attentes du public : cr\u00e9ation de vestiaires en libre-service, nouvel accueil, cr\u00e9ation d\u2019un caf\u00e9, mise aux normes d\u2019accessibilit\u00e9, ouverture de la porte sur le quai des Tuileries, etc. Ils permettront un acc\u00e8s rapide et fluide aux chefs-d\u2019\u0153uvre extra-occidentaux du mus\u00e9e du Quai Branly-Jacques Chirac pr\u00e9sent\u00e9s dans la nouvelle Galerie des cinq continents (anciennement appel\u00e9e \u00ab Pavillon des Sessions \u00bb), au rez-de-chauss\u00e9e et aux collections de peinture italienne et espagnole expos\u00e9es \u00e0 l\u2019\u00e9tage.<\/p>\n<p>Photo : Fred Romero &#8211; Wikimedia<\/p>\n<p>&nbsp;<\/p>\n","protected":false},"excerpt":{"rendered":"<p>Ce mardi 25 mars 2025, Rachida DATI, ministre de la Culture, Laurence des CARS, pr\u00e9sidente-directrice du mus\u00e9e du Louvre, et Marc LADREIT de LACHARRIERE, Pr\u00e9sident de la Fondation Marc Ladreit de Lacharri\u00e8re, ont officialis\u00e9 par la signature d\u2019une convention de m\u00e9c\u00e9nat un soutien exceptionnel de la Fondation Marc Ladreit de Lacharri\u00e8re en faveur de l\u2019am\u00e9nagement [&hellip;]<\/p>\n","protected":false},"author":17,"featured_media":111701,"comment_status":"closed","ping_status":"closed","sticky":false,"template":"","format":"standard","meta":{"_et_pb_use_builder":"","_et_pb_old_content":"","_et_gb_content_width":"","footnotes":""},"categories":[10530,6362,10781,10778],"tags":[6455],"class_list":["post-111700","post","type-post","status-publish","format-standard","has-post-thumbnail","hentry","category-actualites","category-services-equipements","category-publications-planete","category-planete","tag-louvre"],"yoast_head":"<!-- This site is optimized with the Yoast SEO plugin v27.4 - https:\/\/yoast.com\/product\/yoast-seo-wordpress\/ -->\n<title>Soutien exceptionnel de Marc LADREIT de LACHARRIERE pour le Louvre<\/title>\n<meta name=\"robots\" content=\"index, follow, max-snippet:-1, max-image-preview:large, max-video-preview:-1\" \/>\n<link rel=\"canonical\" href=\"https:\/\/batijournal.com\/index.php\/soutien-exceptionnel-de-marc-ladreit-de-lacharriere-pour-le-louvre\/111700\/\" \/>\n<meta property=\"og:locale\" content=\"fr_FR\" \/>\n<meta property=\"og:type\" content=\"article\" \/>\n<meta property=\"og:title\" content=\"Soutien exceptionnel de Marc LADREIT de LACHARRIERE pour le Louvre\" \/>\n<meta property=\"og:description\" content=\"Ce mardi 25 mars 2025, Rachida DATI, ministre de la Culture, Laurence des CARS, pr\u00e9sidente-directrice du mus\u00e9e du Louvre, et Marc LADREIT de LACHARRIERE, Pr\u00e9sident de la Fondation Marc Ladreit de Lacharri\u00e8re, ont officialis\u00e9 par la signature d\u2019une convention de m\u00e9c\u00e9nat un soutien exceptionnel de la Fondation Marc Ladreit de Lacharri\u00e8re en faveur de l\u2019am\u00e9nagement [&hellip;]\" \/>\n<meta property=\"og:url\" content=\"https:\/\/batijournal.com\/index.php\/soutien-exceptionnel-de-marc-ladreit-de-lacharriere-pour-le-louvre\/111700\/\" \/>\n<meta property=\"og:site_name\" content=\"Batijournal\" \/>\n<meta property=\"article:published_time\" content=\"2025-03-26T07:16:41+00:00\" \/>\n<meta property=\"og:image\" content=\"https:\/\/batijournal.com\/wp-content\/uploads\/2025\/03\/Paris_-_Palais_du_Louvre-_Porte_des_Lions.jpg\" \/>\n\t<meta property=\"og:image:width\" content=\"1599\" \/>\n\t<meta property=\"og:image:height\" content=\"1066\" \/>\n\t<meta property=\"og:image:type\" content=\"image\/jpeg\" \/>\n<meta name=\"author\" content=\"St\u00e9phane Miget\" \/>\n<meta name=\"twitter:card\" content=\"summary_large_image\" \/>\n<meta name=\"twitter:creator\" content=\"@bati_journal\" \/>\n<meta name=\"twitter:site\" content=\"@bati_journal\" \/>\n<meta name=\"twitter:label1\" content=\"\u00c9crit par\" \/>\n\t<meta name=\"twitter:data1\" content=\"St\u00e9phane Miget\" \/>\n\t<meta name=\"twitter:label2\" content=\"Dur\u00e9e de lecture estim\u00e9e\" \/>\n\t<meta name=\"twitter:data2\" content=\"1 minute\" \/>\n<script type=\"application\/ld+json\" class=\"yoast-schema-graph\">{\"@context\":\"https:\\\/\\\/schema.org\",\"@graph\":[{\"@type\":\"Article\",\"@id\":\"https:\\\/\\\/batijournal.com\\\/index.php\\\/soutien-exceptionnel-de-marc-ladreit-de-lacharriere-pour-le-louvre\\\/111700\\\/#article\",\"isPartOf\":{\"@id\":\"https:\\\/\\\/batijournal.com\\\/index.php\\\/soutien-exceptionnel-de-marc-ladreit-de-lacharriere-pour-le-louvre\\\/111700\\\/\"},\"author\":{\"name\":\"St\u00e9phane Miget\",\"@id\":\"https:\\\/\\\/batijournal.com\\\/#\\\/schema\\\/person\\\/1dc96ec6957aa1ccb25ebe78bb19f100\"},\"headline\":\"Soutien exceptionnel de Marc LADREIT de LACHARRIERE pour le Louvre\",\"datePublished\":\"2025-03-26T07:16:41+00:00\",\"mainEntityOfPage\":{\"@id\":\"https:\\\/\\\/batijournal.com\\\/index.php\\\/soutien-exceptionnel-de-marc-ladreit-de-lacharriere-pour-le-louvre\\\/111700\\\/\"},\"wordCount\":265,\"image\":{\"@id\":\"https:\\\/\\\/batijournal.com\\\/index.php\\\/soutien-exceptionnel-de-marc-ladreit-de-lacharriere-pour-le-louvre\\\/111700\\\/#primaryimage\"},\"thumbnailUrl\":\"https:\\\/\\\/batijournal.com\\\/wp-content\\\/uploads\\\/2025\\\/03\\\/Paris_-_Palais_du_Louvre-_Porte_des_Lions.jpg\",\"keywords\":[\"louvre\"],\"articleSection\":[\"Actualit\u00e9s\",\"Divers\",\"zz_Actualit\u00e9s - Plan\u00e8te\",\"zz_Plan\u00e8te B\u00e2timent\"],\"inLanguage\":\"fr-FR\"},{\"@type\":\"WebPage\",\"@id\":\"https:\\\/\\\/batijournal.com\\\/index.php\\\/soutien-exceptionnel-de-marc-ladreit-de-lacharriere-pour-le-louvre\\\/111700\\\/\",\"url\":\"https:\\\/\\\/batijournal.com\\\/index.php\\\/soutien-exceptionnel-de-marc-ladreit-de-lacharriere-pour-le-louvre\\\/111700\\\/\",\"name\":\"Soutien exceptionnel de Marc LADREIT de LACHARRIERE pour le Louvre\",\"isPartOf\":{\"@id\":\"https:\\\/\\\/batijournal.com\\\/#website\"},\"primaryImageOfPage\":{\"@id\":\"https:\\\/\\\/batijournal.com\\\/index.php\\\/soutien-exceptionnel-de-marc-ladreit-de-lacharriere-pour-le-louvre\\\/111700\\\/#primaryimage\"},\"image\":{\"@id\":\"https:\\\/\\\/batijournal.com\\\/index.php\\\/soutien-exceptionnel-de-marc-ladreit-de-lacharriere-pour-le-louvre\\\/111700\\\/#primaryimage\"},\"thumbnailUrl\":\"https:\\\/\\\/batijournal.com\\\/wp-content\\\/uploads\\\/2025\\\/03\\\/Paris_-_Palais_du_Louvre-_Porte_des_Lions.jpg\",\"datePublished\":\"2025-03-26T07:16:41+00:00\",\"author\":{\"@id\":\"https:\\\/\\\/batijournal.com\\\/#\\\/schema\\\/person\\\/1dc96ec6957aa1ccb25ebe78bb19f100\"},\"breadcrumb\":{\"@id\":\"https:\\\/\\\/batijournal.com\\\/index.php\\\/soutien-exceptionnel-de-marc-ladreit-de-lacharriere-pour-le-louvre\\\/111700\\\/#breadcrumb\"},\"inLanguage\":\"fr-FR\",\"potentialAction\":[{\"@type\":\"ReadAction\",\"target\":[\"https:\\\/\\\/batijournal.com\\\/index.php\\\/soutien-exceptionnel-de-marc-ladreit-de-lacharriere-pour-le-louvre\\\/111700\\\/\"]}]},{\"@type\":\"ImageObject\",\"inLanguage\":\"fr-FR\",\"@id\":\"https:\\\/\\\/batijournal.com\\\/index.php\\\/soutien-exceptionnel-de-marc-ladreit-de-lacharriere-pour-le-louvre\\\/111700\\\/#primaryimage\",\"url\":\"https:\\\/\\\/batijournal.com\\\/wp-content\\\/uploads\\\/2025\\\/03\\\/Paris_-_Palais_du_Louvre-_Porte_des_Lions.jpg\",\"contentUrl\":\"https:\\\/\\\/batijournal.com\\\/wp-content\\\/uploads\\\/2025\\\/03\\\/Paris_-_Palais_du_Louvre-_Porte_des_Lions.jpg\",\"width\":1599,\"height\":1066},{\"@type\":\"BreadcrumbList\",\"@id\":\"https:\\\/\\\/batijournal.com\\\/index.php\\\/soutien-exceptionnel-de-marc-ladreit-de-lacharriere-pour-le-louvre\\\/111700\\\/#breadcrumb\",\"itemListElement\":[{\"@type\":\"ListItem\",\"position\":1,\"name\":\"Accueil\",\"item\":\"https:\\\/\\\/batijournal.com\\\/\"},{\"@type\":\"ListItem\",\"position\":2,\"name\":\"Actualit\u00e9s\",\"item\":\"https:\\\/\\\/batijournal.com\\\/index.php\\\/category\\\/actualites\\\/\"},{\"@type\":\"ListItem\",\"position\":3,\"name\":\"Soutien exceptionnel de Marc LADREIT de LACHARRIERE pour le Louvre\"}]},{\"@type\":\"WebSite\",\"@id\":\"https:\\\/\\\/batijournal.com\\\/#website\",\"url\":\"https:\\\/\\\/batijournal.com\\\/\",\"name\":\"Batijournal\",\"description\":\"L&#039;actualit\u00e9 du b\u00e2timent\",\"potentialAction\":[{\"@type\":\"SearchAction\",\"target\":{\"@type\":\"EntryPoint\",\"urlTemplate\":\"https:\\\/\\\/batijournal.com\\\/?s={search_term_string}\"},\"query-input\":{\"@type\":\"PropertyValueSpecification\",\"valueRequired\":true,\"valueName\":\"search_term_string\"}}],\"inLanguage\":\"fr-FR\"},{\"@type\":\"Person\",\"@id\":\"https:\\\/\\\/batijournal.com\\\/#\\\/schema\\\/person\\\/1dc96ec6957aa1ccb25ebe78bb19f100\",\"name\":\"St\u00e9phane Miget\",\"image\":{\"@type\":\"ImageObject\",\"inLanguage\":\"fr-FR\",\"@id\":\"https:\\\/\\\/secure.gravatar.com\\\/avatar\\\/89915563d925342126b8ef0281b93d9d7fc337043e8df017f780908eb9644451?s=96&d=mm&r=g\",\"url\":\"https:\\\/\\\/secure.gravatar.com\\\/avatar\\\/89915563d925342126b8ef0281b93d9d7fc337043e8df017f780908eb9644451?s=96&d=mm&r=g\",\"contentUrl\":\"https:\\\/\\\/secure.gravatar.com\\\/avatar\\\/89915563d925342126b8ef0281b93d9d7fc337043e8df017f780908eb9644451?s=96&d=mm&r=g\",\"caption\":\"St\u00e9phane Miget\"},\"url\":\"https:\\\/\\\/batijournal.com\\\/index.php\\\/author\\\/stephane\\\/\"}]}<\/script>\n<!-- \/ Yoast SEO plugin. -->","yoast_head_json":{"title":"Soutien exceptionnel de Marc LADREIT de LACHARRIERE pour le Louvre","robots":{"index":"index","follow":"follow","max-snippet":"max-snippet:-1","max-image-preview":"max-image-preview:large","max-video-preview":"max-video-preview:-1"},"canonical":"https:\/\/batijournal.com\/index.php\/soutien-exceptionnel-de-marc-ladreit-de-lacharriere-pour-le-louvre\/111700\/","og_locale":"fr_FR","og_type":"article","og_title":"Soutien exceptionnel de Marc LADREIT de LACHARRIERE pour le Louvre","og_description":"Ce mardi 25 mars 2025, Rachida DATI, ministre de la Culture, Laurence des CARS, pr\u00e9sidente-directrice du mus\u00e9e du Louvre, et Marc LADREIT de LACHARRIERE, Pr\u00e9sident de la Fondation Marc Ladreit de Lacharri\u00e8re, ont officialis\u00e9 par la signature d\u2019une convention de m\u00e9c\u00e9nat un soutien exceptionnel de la Fondation Marc Ladreit de Lacharri\u00e8re en faveur de l\u2019am\u00e9nagement [&hellip;]","og_url":"https:\/\/batijournal.com\/index.php\/soutien-exceptionnel-de-marc-ladreit-de-lacharriere-pour-le-louvre\/111700\/","og_site_name":"Batijournal","article_published_time":"2025-03-26T07:16:41+00:00","og_image":[{"width":1599,"height":1066,"url":"https:\/\/batijournal.com\/wp-content\/uploads\/2025\/03\/Paris_-_Palais_du_Louvre-_Porte_des_Lions.jpg","type":"image\/jpeg"}],"author":"St\u00e9phane Miget","twitter_card":"summary_large_image","twitter_creator":"@bati_journal","twitter_site":"@bati_journal","twitter_misc":{"\u00c9crit par":"St\u00e9phane Miget","Dur\u00e9e de lecture estim\u00e9e":"1 minute"},"schema":{"@context":"https:\/\/schema.org","@graph":[{"@type":"Article","@id":"https:\/\/batijournal.com\/index.php\/soutien-exceptionnel-de-marc-ladreit-de-lacharriere-pour-le-louvre\/111700\/#article","isPartOf":{"@id":"https:\/\/batijournal.com\/index.php\/soutien-exceptionnel-de-marc-ladreit-de-lacharriere-pour-le-louvre\/111700\/"},"author":{"name":"St\u00e9phane Miget","@id":"https:\/\/batijournal.com\/#\/schema\/person\/1dc96ec6957aa1ccb25ebe78bb19f100"},"headline":"Soutien exceptionnel de Marc LADREIT de LACHARRIERE pour le Louvre","datePublished":"2025-03-26T07:16:41+00:00","mainEntityOfPage":{"@id":"https:\/\/batijournal.com\/index.php\/soutien-exceptionnel-de-marc-ladreit-de-lacharriere-pour-le-louvre\/111700\/"},"wordCount":265,"image":{"@id":"https:\/\/batijournal.com\/index.php\/soutien-exceptionnel-de-marc-ladreit-de-lacharriere-pour-le-louvre\/111700\/#primaryimage"},"thumbnailUrl":"https:\/\/batijournal.com\/wp-content\/uploads\/2025\/03\/Paris_-_Palais_du_Louvre-_Porte_des_Lions.jpg","keywords":["louvre"],"articleSection":["Actualit\u00e9s","Divers","zz_Actualit\u00e9s - Plan\u00e8te","zz_Plan\u00e8te B\u00e2timent"],"inLanguage":"fr-FR"},{"@type":"WebPage","@id":"https:\/\/batijournal.com\/index.php\/soutien-exceptionnel-de-marc-ladreit-de-lacharriere-pour-le-louvre\/111700\/","url":"https:\/\/batijournal.com\/index.php\/soutien-exceptionnel-de-marc-ladreit-de-lacharriere-pour-le-louvre\/111700\/","name":"Soutien exceptionnel de Marc LADREIT de LACHARRIERE pour le Louvre","isPartOf":{"@id":"https:\/\/batijournal.com\/#website"},"primaryImageOfPage":{"@id":"https:\/\/batijournal.com\/index.php\/soutien-exceptionnel-de-marc-ladreit-de-lacharriere-pour-le-louvre\/111700\/#primaryimage"},"image":{"@id":"https:\/\/batijournal.com\/index.php\/soutien-exceptionnel-de-marc-ladreit-de-lacharriere-pour-le-louvre\/111700\/#primaryimage"},"thumbnailUrl":"https:\/\/batijournal.com\/wp-content\/uploads\/2025\/03\/Paris_-_Palais_du_Louvre-_Porte_des_Lions.jpg","datePublished":"2025-03-26T07:16:41+00:00","author":{"@id":"https:\/\/batijournal.com\/#\/schema\/person\/1dc96ec6957aa1ccb25ebe78bb19f100"},"breadcrumb":{"@id":"https:\/\/batijournal.com\/index.php\/soutien-exceptionnel-de-marc-ladreit-de-lacharriere-pour-le-louvre\/111700\/#breadcrumb"},"inLanguage":"fr-FR","potentialAction":[{"@type":"ReadAction","target":["https:\/\/batijournal.com\/index.php\/soutien-exceptionnel-de-marc-ladreit-de-lacharriere-pour-le-louvre\/111700\/"]}]},{"@type":"ImageObject","inLanguage":"fr-FR","@id":"https:\/\/batijournal.com\/index.php\/soutien-exceptionnel-de-marc-ladreit-de-lacharriere-pour-le-louvre\/111700\/#primaryimage","url":"https:\/\/batijournal.com\/wp-content\/uploads\/2025\/03\/Paris_-_Palais_du_Louvre-_Porte_des_Lions.jpg","contentUrl":"https:\/\/batijournal.com\/wp-content\/uploads\/2025\/03\/Paris_-_Palais_du_Louvre-_Porte_des_Lions.jpg","width":1599,"height":1066},{"@type":"BreadcrumbList","@id":"https:\/\/batijournal.com\/index.php\/soutien-exceptionnel-de-marc-ladreit-de-lacharriere-pour-le-louvre\/111700\/#breadcrumb","itemListElement":[{"@type":"ListItem","position":1,"name":"Accueil","item":"https:\/\/batijournal.com\/"},{"@type":"ListItem","position":2,"name":"Actualit\u00e9s","item":"https:\/\/batijournal.com\/index.php\/category\/actualites\/"},{"@type":"ListItem","position":3,"name":"Soutien exceptionnel de Marc LADREIT de LACHARRIERE pour le Louvre"}]},{"@type":"WebSite","@id":"https:\/\/batijournal.com\/#website","url":"https:\/\/batijournal.com\/","name":"Batijournal","description":"L&#039;actualit\u00e9 du b\u00e2timent","potentialAction":[{"@type":"SearchAction","target":{"@type":"EntryPoint","urlTemplate":"https:\/\/batijournal.com\/?s={search_term_string}"},"query-input":{"@type":"PropertyValueSpecification","valueRequired":true,"valueName":"search_term_string"}}],"inLanguage":"fr-FR"},{"@type":"Person","@id":"https:\/\/batijournal.com\/#\/schema\/person\/1dc96ec6957aa1ccb25ebe78bb19f100","name":"St\u00e9phane Miget","image":{"@type":"ImageObject","inLanguage":"fr-FR","@id":"https:\/\/secure.gravatar.com\/avatar\/89915563d925342126b8ef0281b93d9d7fc337043e8df017f780908eb9644451?s=96&d=mm&r=g","url":"https:\/\/secure.gravatar.com\/avatar\/89915563d925342126b8ef0281b93d9d7fc337043e8df017f780908eb9644451?s=96&d=mm&r=g","contentUrl":"https:\/\/secure.gravatar.com\/avatar\/89915563d925342126b8ef0281b93d9d7fc337043e8df017f780908eb9644451?s=96&d=mm&r=g","caption":"St\u00e9phane Miget"},"url":"https:\/\/batijournal.com\/index.php\/author\/stephane\/"}]}},"_links":{"self":[{"href":"https:\/\/batijournal.com\/index.php\/wp-json\/wp\/v2\/posts\/111700","targetHints":{"allow":["GET"]}}],"collection":[{"href":"https:\/\/batijournal.com\/index.php\/wp-json\/wp\/v2\/posts"}],"about":[{"href":"https:\/\/batijournal.com\/index.php\/wp-json\/wp\/v2\/types\/post"}],"author":[{"embeddable":true,"href":"https:\/\/batijournal.com\/index.php\/wp-json\/wp\/v2\/users\/17"}],"replies":[{"embeddable":true,"href":"https:\/\/batijournal.com\/index.php\/wp-json\/wp\/v2\/comments?post=111700"}],"version-history":[{"count":0,"href":"https:\/\/batijournal.com\/index.php\/wp-json\/wp\/v2\/posts\/111700\/revisions"}],"wp:featuredmedia":[{"embeddable":true,"href":"https:\/\/batijournal.com\/index.php\/wp-json\/wp\/v2\/media\/111701"}],"wp:attachment":[{"href":"https:\/\/batijournal.com\/index.php\/wp-json\/wp\/v2\/media?parent=111700"}],"wp:term":[{"taxonomy":"category","embeddable":true,"href":"https:\/\/batijournal.com\/index.php\/wp-json\/wp\/v2\/categories?post=111700"},{"taxonomy":"post_tag","embeddable":true,"href":"https:\/\/batijournal.com\/index.php\/wp-json\/wp\/v2\/tags?post=111700"}],"curies":[{"name":"wp","href":"https:\/\/api.w.org\/{rel}","templated":true}]}}