{"id":111769,"date":"2025-04-22T09:14:56","date_gmt":"2025-04-22T07:14:56","guid":{"rendered":"https:\/\/batijournal.com\/?p=111769"},"modified":"2025-04-22T09:15:14","modified_gmt":"2025-04-22T07:15:14","slug":"a-aix-en-provence-lhotel-de-saint-pons-va-etre-rehabilite","status":"publish","type":"post","link":"https:\/\/batijournal.com\/index.php\/a-aix-en-provence-lhotel-de-saint-pons-va-etre-rehabilite\/111769\/","title":{"rendered":"\u00c0 Aix-en-Provence, l\u2019H\u00f4tel de Saint-Pons va \u00eatre r\u00e9habilit\u00e9"},"content":{"rendered":"<p>\u00c0 Aix-en-Provence, Nouveau Si\u00e8cle, filiale de Bouygues Immobilier sp\u00e9cialis\u00e9e dans la r\u00e9habilitation de sites patrimoniaux, se pr\u00e9pare \u00e0 un vaste projet de restauration de l\u2019H\u00f4tel de Saint-Pons. Cette bastide a appartenu \u00e0 des familles aristocrates et a rempli diverses fonctions au fil des si\u00e8cles : p\u00e9age, auberge, cabaret\u2026 Elle est prot\u00e9g\u00e9e au titre des Monuments Historiques. Le chantier mobilise un large \u00e9ventail d\u2019acteurs publics et institutionnels : Ville d\u2019Aix, la m\u00e9tropole, le d\u00e9partement, la Drac, l&rsquo;ARS, la DDTM et les Architectes des B\u00e2timents de France, autour d\u2019une ambition commune : la pr\u00e9servation et la valorisation du patrimoine b\u00e2ti et naturel. Ce projet est r\u00e9alis\u00e9 en \u00e9troite collaboration avec Ga\u00ebl Lhenry, architecte et Damien Euzet, architecte du patrimoine pour pr\u00e9server le patrimoine architectural. Les gypseries typiques d&rsquo;Aix, les tomettes, les serrureries et les ferronneries seront restaur\u00e9es par des artisans sp\u00e9cialis\u00e9s, veillant \u00e0 conserver l\u2019\u00e2me du b\u00e2timent tout en int\u00e9grant des prestations modernes de qualit\u00e9. Le projet conservera des \u00e9l\u00e9ments remarquables tels que son escalier monumental, des chemin\u00e9es en marbre somptueuses, des portes en m\u00e9daillon, des gypseries et des plafonds d\u00e9cor\u00e9s de motifs floraux&#8230; Travers\u00e9 par la rivi\u00e8re de l\u2019Arc, le domaine sera \u00e9galement un exemple de patrimoine vivant avec une biodiversit\u00e9 pr\u00e9serv\u00e9e. Un \u00e9cologue accompagne l\u2019int\u00e9gration du projet dans son environnement, tandis que le bureau d&rsquo;\u00e9tudes Jardins d\u2019Histoire recr\u00e9era des jardins selon les essences du XVIIIe si\u00e8cle. incluant deux zones humides, propices au d\u00e9veloppement de la biodiversit\u00e9. Sur les 31 arbres existants, 26 sont conserv\u00e9s et 54 nouveaux seront plant\u00e9s. Le d\u00e9but des travaux pr\u00e9vu au T1 2026.<\/p>\n","protected":false},"excerpt":{"rendered":"<p>\u00c0 Aix-en-Provence, Nouveau Si\u00e8cle, filiale de Bouygues Immobilier sp\u00e9cialis\u00e9e dans la r\u00e9habilitation de sites patrimoniaux, se pr\u00e9pare \u00e0 un vaste projet de restauration de l\u2019H\u00f4tel de Saint-Pons. Cette bastide a appartenu \u00e0 des familles aristocrates et a rempli diverses fonctions au fil des si\u00e8cles : p\u00e9age, auberge, cabaret\u2026 Elle est prot\u00e9g\u00e9e au titre des Monuments [&hellip;]<\/p>\n","protected":false},"author":17,"featured_media":111770,"comment_status":"closed","ping_status":"closed","sticky":false,"template":"","format":"standard","meta":{"_et_pb_use_builder":"","_et_pb_old_content":"","_et_gb_content_width":"","footnotes":""},"categories":[10530,6340,10789,10785],"tags":[89],"class_list":["post-111769","post","type-post","status-publish","format-standard","has-post-thumbnail","hentry","category-actualites","category-architecture-conception","category-publications-atrium","category-atrium","tag-rehabilitation"],"yoast_head":"<!-- This site is optimized with the Yoast SEO plugin v27.4 - https:\/\/yoast.com\/product\/yoast-seo-wordpress\/ -->\n<title>\u00c0 Aix-en-Provence, l\u2019H\u00f4tel de Saint-Pons va \u00eatre r\u00e9habilit\u00e9<\/title>\n<meta name=\"robots\" content=\"index, follow, max-snippet:-1, max-image-preview:large, max-video-preview:-1\" \/>\n<link rel=\"canonical\" href=\"https:\/\/batijournal.com\/index.php\/a-aix-en-provence-lhotel-de-saint-pons-va-etre-rehabilite\/111769\/\" \/>\n<meta property=\"og:locale\" content=\"fr_FR\" \/>\n<meta property=\"og:type\" content=\"article\" \/>\n<meta property=\"og:title\" content=\"\u00c0 Aix-en-Provence, l\u2019H\u00f4tel de Saint-Pons va \u00eatre r\u00e9habilit\u00e9\" \/>\n<meta property=\"og:description\" content=\"\u00c0 Aix-en-Provence, Nouveau Si\u00e8cle, filiale de Bouygues Immobilier sp\u00e9cialis\u00e9e dans la r\u00e9habilitation de sites patrimoniaux, se pr\u00e9pare \u00e0 un vaste projet de restauration de l\u2019H\u00f4tel de Saint-Pons. Cette bastide a appartenu \u00e0 des familles aristocrates et a rempli diverses fonctions au fil des si\u00e8cles : p\u00e9age, auberge, cabaret\u2026 Elle est prot\u00e9g\u00e9e au titre des Monuments [&hellip;]\" \/>\n<meta property=\"og:url\" content=\"https:\/\/batijournal.com\/index.php\/a-aix-en-provence-lhotel-de-saint-pons-va-etre-rehabilite\/111769\/\" \/>\n<meta property=\"og:site_name\" content=\"Batijournal\" \/>\n<meta property=\"article:published_time\" content=\"2025-04-22T07:14:56+00:00\" \/>\n<meta property=\"article:modified_time\" content=\"2025-04-22T07:15:14+00:00\" \/>\n<meta property=\"og:image\" content=\"https:\/\/batijournal.com\/wp-content\/uploads\/2025\/04\/monument-historique-aix-en-provence-hotel-de-saint-pons-aix-en-provence.jpg\" \/>\n\t<meta property=\"og:image:width\" content=\"700\" \/>\n\t<meta property=\"og:image:height\" content=\"337\" \/>\n\t<meta property=\"og:image:type\" content=\"image\/jpeg\" \/>\n<meta name=\"author\" content=\"St\u00e9phane Miget\" \/>\n<meta name=\"twitter:card\" content=\"summary_large_image\" \/>\n<meta name=\"twitter:creator\" content=\"@bati_journal\" \/>\n<meta name=\"twitter:site\" content=\"@bati_journal\" \/>\n<meta name=\"twitter:label1\" content=\"\u00c9crit par\" \/>\n\t<meta name=\"twitter:data1\" content=\"St\u00e9phane Miget\" \/>\n\t<meta name=\"twitter:label2\" content=\"Dur\u00e9e de lecture estim\u00e9e\" \/>\n\t<meta name=\"twitter:data2\" content=\"1 minute\" \/>\n<script type=\"application\/ld+json\" class=\"yoast-schema-graph\">{\"@context\":\"https:\\\/\\\/schema.org\",\"@graph\":[{\"@type\":\"Article\",\"@id\":\"https:\\\/\\\/batijournal.com\\\/index.php\\\/a-aix-en-provence-lhotel-de-saint-pons-va-etre-rehabilite\\\/111769\\\/#article\",\"isPartOf\":{\"@id\":\"https:\\\/\\\/batijournal.com\\\/index.php\\\/a-aix-en-provence-lhotel-de-saint-pons-va-etre-rehabilite\\\/111769\\\/\"},\"author\":{\"name\":\"St\u00e9phane Miget\",\"@id\":\"https:\\\/\\\/batijournal.com\\\/#\\\/schema\\\/person\\\/1dc96ec6957aa1ccb25ebe78bb19f100\"},\"headline\":\"\u00c0 Aix-en-Provence, l\u2019H\u00f4tel de Saint-Pons va \u00eatre r\u00e9habilit\u00e9\",\"datePublished\":\"2025-04-22T07:14:56+00:00\",\"dateModified\":\"2025-04-22T07:15:14+00:00\",\"mainEntityOfPage\":{\"@id\":\"https:\\\/\\\/batijournal.com\\\/index.php\\\/a-aix-en-provence-lhotel-de-saint-pons-va-etre-rehabilite\\\/111769\\\/\"},\"wordCount\":306,\"image\":{\"@id\":\"https:\\\/\\\/batijournal.com\\\/index.php\\\/a-aix-en-provence-lhotel-de-saint-pons-va-etre-rehabilite\\\/111769\\\/#primaryimage\"},\"thumbnailUrl\":\"https:\\\/\\\/batijournal.com\\\/wp-content\\\/uploads\\\/2025\\\/04\\\/monument-historique-aix-en-provence-hotel-de-saint-pons-aix-en-provence.jpg\",\"keywords\":[\"r\u00e9habilitation\"],\"articleSection\":[\"Actualit\u00e9s\",\"Architecture &amp; Conception\",\"zz_Actualit\u00e9s - Atrium\",\"zz_Atrium Patrimoine\"],\"inLanguage\":\"fr-FR\"},{\"@type\":\"WebPage\",\"@id\":\"https:\\\/\\\/batijournal.com\\\/index.php\\\/a-aix-en-provence-lhotel-de-saint-pons-va-etre-rehabilite\\\/111769\\\/\",\"url\":\"https:\\\/\\\/batijournal.com\\\/index.php\\\/a-aix-en-provence-lhotel-de-saint-pons-va-etre-rehabilite\\\/111769\\\/\",\"name\":\"\u00c0 Aix-en-Provence, l\u2019H\u00f4tel de Saint-Pons va \u00eatre r\u00e9habilit\u00e9\",\"isPartOf\":{\"@id\":\"https:\\\/\\\/batijournal.com\\\/#website\"},\"primaryImageOfPage\":{\"@id\":\"https:\\\/\\\/batijournal.com\\\/index.php\\\/a-aix-en-provence-lhotel-de-saint-pons-va-etre-rehabilite\\\/111769\\\/#primaryimage\"},\"image\":{\"@id\":\"https:\\\/\\\/batijournal.com\\\/index.php\\\/a-aix-en-provence-lhotel-de-saint-pons-va-etre-rehabilite\\\/111769\\\/#primaryimage\"},\"thumbnailUrl\":\"https:\\\/\\\/batijournal.com\\\/wp-content\\\/uploads\\\/2025\\\/04\\\/monument-historique-aix-en-provence-hotel-de-saint-pons-aix-en-provence.jpg\",\"datePublished\":\"2025-04-22T07:14:56+00:00\",\"dateModified\":\"2025-04-22T07:15:14+00:00\",\"author\":{\"@id\":\"https:\\\/\\\/batijournal.com\\\/#\\\/schema\\\/person\\\/1dc96ec6957aa1ccb25ebe78bb19f100\"},\"breadcrumb\":{\"@id\":\"https:\\\/\\\/batijournal.com\\\/index.php\\\/a-aix-en-provence-lhotel-de-saint-pons-va-etre-rehabilite\\\/111769\\\/#breadcrumb\"},\"inLanguage\":\"fr-FR\",\"potentialAction\":[{\"@type\":\"ReadAction\",\"target\":[\"https:\\\/\\\/batijournal.com\\\/index.php\\\/a-aix-en-provence-lhotel-de-saint-pons-va-etre-rehabilite\\\/111769\\\/\"]}]},{\"@type\":\"ImageObject\",\"inLanguage\":\"fr-FR\",\"@id\":\"https:\\\/\\\/batijournal.com\\\/index.php\\\/a-aix-en-provence-lhotel-de-saint-pons-va-etre-rehabilite\\\/111769\\\/#primaryimage\",\"url\":\"https:\\\/\\\/batijournal.com\\\/wp-content\\\/uploads\\\/2025\\\/04\\\/monument-historique-aix-en-provence-hotel-de-saint-pons-aix-en-provence.jpg\",\"contentUrl\":\"https:\\\/\\\/batijournal.com\\\/wp-content\\\/uploads\\\/2025\\\/04\\\/monument-historique-aix-en-provence-hotel-de-saint-pons-aix-en-provence.jpg\",\"width\":700,\"height\":337},{\"@type\":\"BreadcrumbList\",\"@id\":\"https:\\\/\\\/batijournal.com\\\/index.php\\\/a-aix-en-provence-lhotel-de-saint-pons-va-etre-rehabilite\\\/111769\\\/#breadcrumb\",\"itemListElement\":[{\"@type\":\"ListItem\",\"position\":1,\"name\":\"Accueil\",\"item\":\"https:\\\/\\\/batijournal.com\\\/\"},{\"@type\":\"ListItem\",\"position\":2,\"name\":\"Actualit\u00e9s\",\"item\":\"https:\\\/\\\/batijournal.com\\\/index.php\\\/category\\\/actualites\\\/\"},{\"@type\":\"ListItem\",\"position\":3,\"name\":\"\u00c0 Aix-en-Provence, l\u2019H\u00f4tel de Saint-Pons va \u00eatre r\u00e9habilit\u00e9\"}]},{\"@type\":\"WebSite\",\"@id\":\"https:\\\/\\\/batijournal.com\\\/#website\",\"url\":\"https:\\\/\\\/batijournal.com\\\/\",\"name\":\"Batijournal\",\"description\":\"L&#039;actualit\u00e9 du b\u00e2timent\",\"potentialAction\":[{\"@type\":\"SearchAction\",\"target\":{\"@type\":\"EntryPoint\",\"urlTemplate\":\"https:\\\/\\\/batijournal.com\\\/?s={search_term_string}\"},\"query-input\":{\"@type\":\"PropertyValueSpecification\",\"valueRequired\":true,\"valueName\":\"search_term_string\"}}],\"inLanguage\":\"fr-FR\"},{\"@type\":\"Person\",\"@id\":\"https:\\\/\\\/batijournal.com\\\/#\\\/schema\\\/person\\\/1dc96ec6957aa1ccb25ebe78bb19f100\",\"name\":\"St\u00e9phane Miget\",\"image\":{\"@type\":\"ImageObject\",\"inLanguage\":\"fr-FR\",\"@id\":\"https:\\\/\\\/secure.gravatar.com\\\/avatar\\\/89915563d925342126b8ef0281b93d9d7fc337043e8df017f780908eb9644451?s=96&d=mm&r=g\",\"url\":\"https:\\\/\\\/secure.gravatar.com\\\/avatar\\\/89915563d925342126b8ef0281b93d9d7fc337043e8df017f780908eb9644451?s=96&d=mm&r=g\",\"contentUrl\":\"https:\\\/\\\/secure.gravatar.com\\\/avatar\\\/89915563d925342126b8ef0281b93d9d7fc337043e8df017f780908eb9644451?s=96&d=mm&r=g\",\"caption\":\"St\u00e9phane Miget\"},\"url\":\"https:\\\/\\\/batijournal.com\\\/index.php\\\/author\\\/stephane\\\/\"}]}<\/script>\n<!-- \/ Yoast SEO plugin. -->","yoast_head_json":{"title":"\u00c0 Aix-en-Provence, l\u2019H\u00f4tel de Saint-Pons va \u00eatre r\u00e9habilit\u00e9","robots":{"index":"index","follow":"follow","max-snippet":"max-snippet:-1","max-image-preview":"max-image-preview:large","max-video-preview":"max-video-preview:-1"},"canonical":"https:\/\/batijournal.com\/index.php\/a-aix-en-provence-lhotel-de-saint-pons-va-etre-rehabilite\/111769\/","og_locale":"fr_FR","og_type":"article","og_title":"\u00c0 Aix-en-Provence, l\u2019H\u00f4tel de Saint-Pons va \u00eatre r\u00e9habilit\u00e9","og_description":"\u00c0 Aix-en-Provence, Nouveau Si\u00e8cle, filiale de Bouygues Immobilier sp\u00e9cialis\u00e9e dans la r\u00e9habilitation de sites patrimoniaux, se pr\u00e9pare \u00e0 un vaste projet de restauration de l\u2019H\u00f4tel de Saint-Pons. Cette bastide a appartenu \u00e0 des familles aristocrates et a rempli diverses fonctions au fil des si\u00e8cles : p\u00e9age, auberge, cabaret\u2026 Elle est prot\u00e9g\u00e9e au titre des Monuments [&hellip;]","og_url":"https:\/\/batijournal.com\/index.php\/a-aix-en-provence-lhotel-de-saint-pons-va-etre-rehabilite\/111769\/","og_site_name":"Batijournal","article_published_time":"2025-04-22T07:14:56+00:00","article_modified_time":"2025-04-22T07:15:14+00:00","og_image":[{"width":700,"height":337,"url":"https:\/\/batijournal.com\/wp-content\/uploads\/2025\/04\/monument-historique-aix-en-provence-hotel-de-saint-pons-aix-en-provence.jpg","type":"image\/jpeg"}],"author":"St\u00e9phane Miget","twitter_card":"summary_large_image","twitter_creator":"@bati_journal","twitter_site":"@bati_journal","twitter_misc":{"\u00c9crit par":"St\u00e9phane Miget","Dur\u00e9e de lecture estim\u00e9e":"1 minute"},"schema":{"@context":"https:\/\/schema.org","@graph":[{"@type":"Article","@id":"https:\/\/batijournal.com\/index.php\/a-aix-en-provence-lhotel-de-saint-pons-va-etre-rehabilite\/111769\/#article","isPartOf":{"@id":"https:\/\/batijournal.com\/index.php\/a-aix-en-provence-lhotel-de-saint-pons-va-etre-rehabilite\/111769\/"},"author":{"name":"St\u00e9phane Miget","@id":"https:\/\/batijournal.com\/#\/schema\/person\/1dc96ec6957aa1ccb25ebe78bb19f100"},"headline":"\u00c0 Aix-en-Provence, l\u2019H\u00f4tel de Saint-Pons va \u00eatre r\u00e9habilit\u00e9","datePublished":"2025-04-22T07:14:56+00:00","dateModified":"2025-04-22T07:15:14+00:00","mainEntityOfPage":{"@id":"https:\/\/batijournal.com\/index.php\/a-aix-en-provence-lhotel-de-saint-pons-va-etre-rehabilite\/111769\/"},"wordCount":306,"image":{"@id":"https:\/\/batijournal.com\/index.php\/a-aix-en-provence-lhotel-de-saint-pons-va-etre-rehabilite\/111769\/#primaryimage"},"thumbnailUrl":"https:\/\/batijournal.com\/wp-content\/uploads\/2025\/04\/monument-historique-aix-en-provence-hotel-de-saint-pons-aix-en-provence.jpg","keywords":["r\u00e9habilitation"],"articleSection":["Actualit\u00e9s","Architecture &amp; Conception","zz_Actualit\u00e9s - Atrium","zz_Atrium Patrimoine"],"inLanguage":"fr-FR"},{"@type":"WebPage","@id":"https:\/\/batijournal.com\/index.php\/a-aix-en-provence-lhotel-de-saint-pons-va-etre-rehabilite\/111769\/","url":"https:\/\/batijournal.com\/index.php\/a-aix-en-provence-lhotel-de-saint-pons-va-etre-rehabilite\/111769\/","name":"\u00c0 Aix-en-Provence, l\u2019H\u00f4tel de Saint-Pons va \u00eatre r\u00e9habilit\u00e9","isPartOf":{"@id":"https:\/\/batijournal.com\/#website"},"primaryImageOfPage":{"@id":"https:\/\/batijournal.com\/index.php\/a-aix-en-provence-lhotel-de-saint-pons-va-etre-rehabilite\/111769\/#primaryimage"},"image":{"@id":"https:\/\/batijournal.com\/index.php\/a-aix-en-provence-lhotel-de-saint-pons-va-etre-rehabilite\/111769\/#primaryimage"},"thumbnailUrl":"https:\/\/batijournal.com\/wp-content\/uploads\/2025\/04\/monument-historique-aix-en-provence-hotel-de-saint-pons-aix-en-provence.jpg","datePublished":"2025-04-22T07:14:56+00:00","dateModified":"2025-04-22T07:15:14+00:00","author":{"@id":"https:\/\/batijournal.com\/#\/schema\/person\/1dc96ec6957aa1ccb25ebe78bb19f100"},"breadcrumb":{"@id":"https:\/\/batijournal.com\/index.php\/a-aix-en-provence-lhotel-de-saint-pons-va-etre-rehabilite\/111769\/#breadcrumb"},"inLanguage":"fr-FR","potentialAction":[{"@type":"ReadAction","target":["https:\/\/batijournal.com\/index.php\/a-aix-en-provence-lhotel-de-saint-pons-va-etre-rehabilite\/111769\/"]}]},{"@type":"ImageObject","inLanguage":"fr-FR","@id":"https:\/\/batijournal.com\/index.php\/a-aix-en-provence-lhotel-de-saint-pons-va-etre-rehabilite\/111769\/#primaryimage","url":"https:\/\/batijournal.com\/wp-content\/uploads\/2025\/04\/monument-historique-aix-en-provence-hotel-de-saint-pons-aix-en-provence.jpg","contentUrl":"https:\/\/batijournal.com\/wp-content\/uploads\/2025\/04\/monument-historique-aix-en-provence-hotel-de-saint-pons-aix-en-provence.jpg","width":700,"height":337},{"@type":"BreadcrumbList","@id":"https:\/\/batijournal.com\/index.php\/a-aix-en-provence-lhotel-de-saint-pons-va-etre-rehabilite\/111769\/#breadcrumb","itemListElement":[{"@type":"ListItem","position":1,"name":"Accueil","item":"https:\/\/batijournal.com\/"},{"@type":"ListItem","position":2,"name":"Actualit\u00e9s","item":"https:\/\/batijournal.com\/index.php\/category\/actualites\/"},{"@type":"ListItem","position":3,"name":"\u00c0 Aix-en-Provence, l\u2019H\u00f4tel de Saint-Pons va \u00eatre r\u00e9habilit\u00e9"}]},{"@type":"WebSite","@id":"https:\/\/batijournal.com\/#website","url":"https:\/\/batijournal.com\/","name":"Batijournal","description":"L&#039;actualit\u00e9 du b\u00e2timent","potentialAction":[{"@type":"SearchAction","target":{"@type":"EntryPoint","urlTemplate":"https:\/\/batijournal.com\/?s={search_term_string}"},"query-input":{"@type":"PropertyValueSpecification","valueRequired":true,"valueName":"search_term_string"}}],"inLanguage":"fr-FR"},{"@type":"Person","@id":"https:\/\/batijournal.com\/#\/schema\/person\/1dc96ec6957aa1ccb25ebe78bb19f100","name":"St\u00e9phane Miget","image":{"@type":"ImageObject","inLanguage":"fr-FR","@id":"https:\/\/secure.gravatar.com\/avatar\/89915563d925342126b8ef0281b93d9d7fc337043e8df017f780908eb9644451?s=96&d=mm&r=g","url":"https:\/\/secure.gravatar.com\/avatar\/89915563d925342126b8ef0281b93d9d7fc337043e8df017f780908eb9644451?s=96&d=mm&r=g","contentUrl":"https:\/\/secure.gravatar.com\/avatar\/89915563d925342126b8ef0281b93d9d7fc337043e8df017f780908eb9644451?s=96&d=mm&r=g","caption":"St\u00e9phane Miget"},"url":"https:\/\/batijournal.com\/index.php\/author\/stephane\/"}]}},"_links":{"self":[{"href":"https:\/\/batijournal.com\/index.php\/wp-json\/wp\/v2\/posts\/111769","targetHints":{"allow":["GET"]}}],"collection":[{"href":"https:\/\/batijournal.com\/index.php\/wp-json\/wp\/v2\/posts"}],"about":[{"href":"https:\/\/batijournal.com\/index.php\/wp-json\/wp\/v2\/types\/post"}],"author":[{"embeddable":true,"href":"https:\/\/batijournal.com\/index.php\/wp-json\/wp\/v2\/users\/17"}],"replies":[{"embeddable":true,"href":"https:\/\/batijournal.com\/index.php\/wp-json\/wp\/v2\/comments?post=111769"}],"version-history":[{"count":0,"href":"https:\/\/batijournal.com\/index.php\/wp-json\/wp\/v2\/posts\/111769\/revisions"}],"wp:featuredmedia":[{"embeddable":true,"href":"https:\/\/batijournal.com\/index.php\/wp-json\/wp\/v2\/media\/111770"}],"wp:attachment":[{"href":"https:\/\/batijournal.com\/index.php\/wp-json\/wp\/v2\/media?parent=111769"}],"wp:term":[{"taxonomy":"category","embeddable":true,"href":"https:\/\/batijournal.com\/index.php\/wp-json\/wp\/v2\/categories?post=111769"},{"taxonomy":"post_tag","embeddable":true,"href":"https:\/\/batijournal.com\/index.php\/wp-json\/wp\/v2\/tags?post=111769"}],"curies":[{"name":"wp","href":"https:\/\/api.w.org\/{rel}","templated":true}]}}