{"id":111777,"date":"2025-04-23T13:22:36","date_gmt":"2025-04-23T11:22:36","guid":{"rendered":"https:\/\/batijournal.com\/?p=111777"},"modified":"2025-04-23T13:22:36","modified_gmt":"2025-04-23T11:22:36","slug":"21%e1%b5%89-edition-de-la-nuit-europeenne-des-musees","status":"publish","type":"post","link":"https:\/\/batijournal.com\/index.php\/21%e1%b5%89-edition-de-la-nuit-europeenne-des-musees\/111777\/","title":{"rendered":"21\u1d49 \u00e9dition de la Nuit europ\u00e9enne des mus\u00e9es"},"content":{"rendered":"<p>La 21\u1d49 \u00e9dition de la Nuit europ\u00e9enne des mus\u00e9es, organis\u00e9e par le minist\u00e8re de la Culture, se tiendra le samedi 17 mai 2025 jusqu\u2019\u00e0 minuit. Plus de 3 000 mus\u00e9es \u00e0 travers la France et l\u2019Europe participent \u00e0 cet \u00e9v\u00e9nement en ouvrant gratuitement leurs portes \u00e0 des visiteurs de tous \u00e2ges et horizons. Cette ann\u00e9e sera marqu\u00e9e par la mise en valeur des mus\u00e9es de France en milieu rural dans la continuit\u00e9 du plan Culture et ruralit\u00e9. \u00c9comus\u00e9es, mus\u00e9es d\u2019histoire et d\u2019arch\u00e9ologie, maisons d\u2019artistes \u2026 ces \u00e9tablissements rec\u00e8lent des tr\u00e9sors qui t\u00e9moignent de l\u2019histoire de leurs territoires, de leurs habitants et de leurs savoir-faire sp\u00e9cifiques. Pour les d\u00e9couvrir, le minist\u00e8re de la Culture propose un \u00ab guide national des mus\u00e9es ruraux \u00bb, pr\u00e9sent\u00e9 sous forme d\u2019une web application mis en \u0153uvre par le Service des mus\u00e9es de France en collaboration avec GrandPalaisRmn, disponible en ligne \u00e0 compter du mardi 13 mai.<br \/>\n<a href=\"https:\/\/nuitdesmusees.culture.gouv.fr\/\">https:\/\/nuitdesmusees.culture.gouv.fr\/<\/a><\/p>\n","protected":false},"excerpt":{"rendered":"<p>La 21\u1d49 \u00e9dition de la Nuit europ\u00e9enne des mus\u00e9es, organis\u00e9e par le minist\u00e8re de la Culture, se tiendra le samedi 17 mai 2025 jusqu\u2019\u00e0 minuit. Plus de 3 000 mus\u00e9es \u00e0 travers la France et l\u2019Europe participent \u00e0 cet \u00e9v\u00e9nement en ouvrant gratuitement leurs portes \u00e0 des visiteurs de tous \u00e2ges et horizons. Cette ann\u00e9e [&hellip;]<\/p>\n","protected":false},"author":17,"featured_media":111778,"comment_status":"closed","ping_status":"closed","sticky":false,"template":"","format":"standard","meta":{"_et_pb_use_builder":"","_et_pb_old_content":"","_et_gb_content_width":"","footnotes":""},"categories":[10530,6362,10789,10785],"tags":[6031],"class_list":["post-111777","post","type-post","status-publish","format-standard","has-post-thumbnail","hentry","category-actualites","category-services-equipements","category-publications-atrium","category-atrium","tag-nuit-des-musees"],"yoast_head":"<!-- This site is optimized with the Yoast SEO plugin v27.4 - https:\/\/yoast.com\/product\/yoast-seo-wordpress\/ -->\n<title>21\u1d49 \u00e9dition de la Nuit europ\u00e9enne des mus\u00e9es<\/title>\n<meta name=\"robots\" content=\"index, follow, max-snippet:-1, max-image-preview:large, max-video-preview:-1\" \/>\n<link rel=\"canonical\" href=\"https:\/\/batijournal.com\/index.php\/21\u1d49-edition-de-la-nuit-europeenne-des-musees\/111777\/\" \/>\n<meta property=\"og:locale\" content=\"fr_FR\" \/>\n<meta property=\"og:type\" content=\"article\" \/>\n<meta property=\"og:title\" content=\"21\u1d49 \u00e9dition de la Nuit europ\u00e9enne des mus\u00e9es\" \/>\n<meta property=\"og:description\" content=\"La 21\u1d49 \u00e9dition de la Nuit europ\u00e9enne des mus\u00e9es, organis\u00e9e par le minist\u00e8re de la Culture, se tiendra le samedi 17 mai 2025 jusqu\u2019\u00e0 minuit. Plus de 3 000 mus\u00e9es \u00e0 travers la France et l\u2019Europe participent \u00e0 cet \u00e9v\u00e9nement en ouvrant gratuitement leurs portes \u00e0 des visiteurs de tous \u00e2ges et horizons. Cette ann\u00e9e [&hellip;]\" \/>\n<meta property=\"og:url\" content=\"https:\/\/batijournal.com\/index.php\/21\u1d49-edition-de-la-nuit-europeenne-des-musees\/111777\/\" \/>\n<meta property=\"og:site_name\" content=\"Batijournal\" \/>\n<meta property=\"article:published_time\" content=\"2025-04-23T11:22:36+00:00\" \/>\n<meta property=\"og:image\" content=\"https:\/\/batijournal.com\/wp-content\/uploads\/2025\/04\/nuit-des-musees.jpg\" \/>\n\t<meta property=\"og:image:width\" content=\"1920\" \/>\n\t<meta property=\"og:image:height\" content=\"1812\" \/>\n\t<meta property=\"og:image:type\" content=\"image\/jpeg\" \/>\n<meta name=\"author\" content=\"St\u00e9phane Miget\" \/>\n<meta name=\"twitter:card\" content=\"summary_large_image\" \/>\n<meta name=\"twitter:creator\" content=\"@bati_journal\" \/>\n<meta name=\"twitter:site\" content=\"@bati_journal\" \/>\n<meta name=\"twitter:label1\" content=\"\u00c9crit par\" \/>\n\t<meta name=\"twitter:data1\" content=\"St\u00e9phane Miget\" \/>\n\t<meta name=\"twitter:label2\" content=\"Dur\u00e9e de lecture estim\u00e9e\" \/>\n\t<meta name=\"twitter:data2\" content=\"1 minute\" \/>\n<script type=\"application\/ld+json\" class=\"yoast-schema-graph\">{\"@context\":\"https:\\\/\\\/schema.org\",\"@graph\":[{\"@type\":\"Article\",\"@id\":\"https:\\\/\\\/batijournal.com\\\/index.php\\\/21%e1%b5%89-edition-de-la-nuit-europeenne-des-musees\\\/111777\\\/#article\",\"isPartOf\":{\"@id\":\"https:\\\/\\\/batijournal.com\\\/index.php\\\/21%e1%b5%89-edition-de-la-nuit-europeenne-des-musees\\\/111777\\\/\"},\"author\":{\"name\":\"St\u00e9phane Miget\",\"@id\":\"https:\\\/\\\/batijournal.com\\\/#\\\/schema\\\/person\\\/1dc96ec6957aa1ccb25ebe78bb19f100\"},\"headline\":\"21\u1d49 \u00e9dition de la Nuit europ\u00e9enne des mus\u00e9es\",\"datePublished\":\"2025-04-23T11:22:36+00:00\",\"mainEntityOfPage\":{\"@id\":\"https:\\\/\\\/batijournal.com\\\/index.php\\\/21%e1%b5%89-edition-de-la-nuit-europeenne-des-musees\\\/111777\\\/\"},\"wordCount\":179,\"image\":{\"@id\":\"https:\\\/\\\/batijournal.com\\\/index.php\\\/21%e1%b5%89-edition-de-la-nuit-europeenne-des-musees\\\/111777\\\/#primaryimage\"},\"thumbnailUrl\":\"https:\\\/\\\/batijournal.com\\\/wp-content\\\/uploads\\\/2025\\\/04\\\/nuit-des-musees.jpg\",\"keywords\":[\"nuit des mus\u00e9es\"],\"articleSection\":[\"Actualit\u00e9s\",\"Divers\",\"zz_Actualit\u00e9s - Atrium\",\"zz_Atrium Patrimoine\"],\"inLanguage\":\"fr-FR\"},{\"@type\":\"WebPage\",\"@id\":\"https:\\\/\\\/batijournal.com\\\/index.php\\\/21%e1%b5%89-edition-de-la-nuit-europeenne-des-musees\\\/111777\\\/\",\"url\":\"https:\\\/\\\/batijournal.com\\\/index.php\\\/21%e1%b5%89-edition-de-la-nuit-europeenne-des-musees\\\/111777\\\/\",\"name\":\"21\u1d49 \u00e9dition de la Nuit europ\u00e9enne des mus\u00e9es\",\"isPartOf\":{\"@id\":\"https:\\\/\\\/batijournal.com\\\/#website\"},\"primaryImageOfPage\":{\"@id\":\"https:\\\/\\\/batijournal.com\\\/index.php\\\/21%e1%b5%89-edition-de-la-nuit-europeenne-des-musees\\\/111777\\\/#primaryimage\"},\"image\":{\"@id\":\"https:\\\/\\\/batijournal.com\\\/index.php\\\/21%e1%b5%89-edition-de-la-nuit-europeenne-des-musees\\\/111777\\\/#primaryimage\"},\"thumbnailUrl\":\"https:\\\/\\\/batijournal.com\\\/wp-content\\\/uploads\\\/2025\\\/04\\\/nuit-des-musees.jpg\",\"datePublished\":\"2025-04-23T11:22:36+00:00\",\"author\":{\"@id\":\"https:\\\/\\\/batijournal.com\\\/#\\\/schema\\\/person\\\/1dc96ec6957aa1ccb25ebe78bb19f100\"},\"breadcrumb\":{\"@id\":\"https:\\\/\\\/batijournal.com\\\/index.php\\\/21%e1%b5%89-edition-de-la-nuit-europeenne-des-musees\\\/111777\\\/#breadcrumb\"},\"inLanguage\":\"fr-FR\",\"potentialAction\":[{\"@type\":\"ReadAction\",\"target\":[\"https:\\\/\\\/batijournal.com\\\/index.php\\\/21%e1%b5%89-edition-de-la-nuit-europeenne-des-musees\\\/111777\\\/\"]}]},{\"@type\":\"ImageObject\",\"inLanguage\":\"fr-FR\",\"@id\":\"https:\\\/\\\/batijournal.com\\\/index.php\\\/21%e1%b5%89-edition-de-la-nuit-europeenne-des-musees\\\/111777\\\/#primaryimage\",\"url\":\"https:\\\/\\\/batijournal.com\\\/wp-content\\\/uploads\\\/2025\\\/04\\\/nuit-des-musees.jpg\",\"contentUrl\":\"https:\\\/\\\/batijournal.com\\\/wp-content\\\/uploads\\\/2025\\\/04\\\/nuit-des-musees.jpg\",\"width\":1920,\"height\":1812},{\"@type\":\"BreadcrumbList\",\"@id\":\"https:\\\/\\\/batijournal.com\\\/index.php\\\/21%e1%b5%89-edition-de-la-nuit-europeenne-des-musees\\\/111777\\\/#breadcrumb\",\"itemListElement\":[{\"@type\":\"ListItem\",\"position\":1,\"name\":\"Accueil\",\"item\":\"https:\\\/\\\/batijournal.com\\\/\"},{\"@type\":\"ListItem\",\"position\":2,\"name\":\"Actualit\u00e9s\",\"item\":\"https:\\\/\\\/batijournal.com\\\/index.php\\\/category\\\/actualites\\\/\"},{\"@type\":\"ListItem\",\"position\":3,\"name\":\"21\u1d49 \u00e9dition de la Nuit europ\u00e9enne des mus\u00e9es\"}]},{\"@type\":\"WebSite\",\"@id\":\"https:\\\/\\\/batijournal.com\\\/#website\",\"url\":\"https:\\\/\\\/batijournal.com\\\/\",\"name\":\"Batijournal\",\"description\":\"L&#039;actualit\u00e9 du b\u00e2timent\",\"potentialAction\":[{\"@type\":\"SearchAction\",\"target\":{\"@type\":\"EntryPoint\",\"urlTemplate\":\"https:\\\/\\\/batijournal.com\\\/?s={search_term_string}\"},\"query-input\":{\"@type\":\"PropertyValueSpecification\",\"valueRequired\":true,\"valueName\":\"search_term_string\"}}],\"inLanguage\":\"fr-FR\"},{\"@type\":\"Person\",\"@id\":\"https:\\\/\\\/batijournal.com\\\/#\\\/schema\\\/person\\\/1dc96ec6957aa1ccb25ebe78bb19f100\",\"name\":\"St\u00e9phane Miget\",\"image\":{\"@type\":\"ImageObject\",\"inLanguage\":\"fr-FR\",\"@id\":\"https:\\\/\\\/secure.gravatar.com\\\/avatar\\\/89915563d925342126b8ef0281b93d9d7fc337043e8df017f780908eb9644451?s=96&d=mm&r=g\",\"url\":\"https:\\\/\\\/secure.gravatar.com\\\/avatar\\\/89915563d925342126b8ef0281b93d9d7fc337043e8df017f780908eb9644451?s=96&d=mm&r=g\",\"contentUrl\":\"https:\\\/\\\/secure.gravatar.com\\\/avatar\\\/89915563d925342126b8ef0281b93d9d7fc337043e8df017f780908eb9644451?s=96&d=mm&r=g\",\"caption\":\"St\u00e9phane Miget\"},\"url\":\"https:\\\/\\\/batijournal.com\\\/index.php\\\/author\\\/stephane\\\/\"}]}<\/script>\n<!-- \/ Yoast SEO plugin. -->","yoast_head_json":{"title":"21\u1d49 \u00e9dition de la Nuit europ\u00e9enne des mus\u00e9es","robots":{"index":"index","follow":"follow","max-snippet":"max-snippet:-1","max-image-preview":"max-image-preview:large","max-video-preview":"max-video-preview:-1"},"canonical":"https:\/\/batijournal.com\/index.php\/21\u1d49-edition-de-la-nuit-europeenne-des-musees\/111777\/","og_locale":"fr_FR","og_type":"article","og_title":"21\u1d49 \u00e9dition de la Nuit europ\u00e9enne des mus\u00e9es","og_description":"La 21\u1d49 \u00e9dition de la Nuit europ\u00e9enne des mus\u00e9es, organis\u00e9e par le minist\u00e8re de la Culture, se tiendra le samedi 17 mai 2025 jusqu\u2019\u00e0 minuit. Plus de 3 000 mus\u00e9es \u00e0 travers la France et l\u2019Europe participent \u00e0 cet \u00e9v\u00e9nement en ouvrant gratuitement leurs portes \u00e0 des visiteurs de tous \u00e2ges et horizons. Cette ann\u00e9e [&hellip;]","og_url":"https:\/\/batijournal.com\/index.php\/21\u1d49-edition-de-la-nuit-europeenne-des-musees\/111777\/","og_site_name":"Batijournal","article_published_time":"2025-04-23T11:22:36+00:00","og_image":[{"width":1920,"height":1812,"url":"https:\/\/batijournal.com\/wp-content\/uploads\/2025\/04\/nuit-des-musees.jpg","type":"image\/jpeg"}],"author":"St\u00e9phane Miget","twitter_card":"summary_large_image","twitter_creator":"@bati_journal","twitter_site":"@bati_journal","twitter_misc":{"\u00c9crit par":"St\u00e9phane Miget","Dur\u00e9e de lecture estim\u00e9e":"1 minute"},"schema":{"@context":"https:\/\/schema.org","@graph":[{"@type":"Article","@id":"https:\/\/batijournal.com\/index.php\/21%e1%b5%89-edition-de-la-nuit-europeenne-des-musees\/111777\/#article","isPartOf":{"@id":"https:\/\/batijournal.com\/index.php\/21%e1%b5%89-edition-de-la-nuit-europeenne-des-musees\/111777\/"},"author":{"name":"St\u00e9phane Miget","@id":"https:\/\/batijournal.com\/#\/schema\/person\/1dc96ec6957aa1ccb25ebe78bb19f100"},"headline":"21\u1d49 \u00e9dition de la Nuit europ\u00e9enne des mus\u00e9es","datePublished":"2025-04-23T11:22:36+00:00","mainEntityOfPage":{"@id":"https:\/\/batijournal.com\/index.php\/21%e1%b5%89-edition-de-la-nuit-europeenne-des-musees\/111777\/"},"wordCount":179,"image":{"@id":"https:\/\/batijournal.com\/index.php\/21%e1%b5%89-edition-de-la-nuit-europeenne-des-musees\/111777\/#primaryimage"},"thumbnailUrl":"https:\/\/batijournal.com\/wp-content\/uploads\/2025\/04\/nuit-des-musees.jpg","keywords":["nuit des mus\u00e9es"],"articleSection":["Actualit\u00e9s","Divers","zz_Actualit\u00e9s - Atrium","zz_Atrium Patrimoine"],"inLanguage":"fr-FR"},{"@type":"WebPage","@id":"https:\/\/batijournal.com\/index.php\/21%e1%b5%89-edition-de-la-nuit-europeenne-des-musees\/111777\/","url":"https:\/\/batijournal.com\/index.php\/21%e1%b5%89-edition-de-la-nuit-europeenne-des-musees\/111777\/","name":"21\u1d49 \u00e9dition de la Nuit europ\u00e9enne des mus\u00e9es","isPartOf":{"@id":"https:\/\/batijournal.com\/#website"},"primaryImageOfPage":{"@id":"https:\/\/batijournal.com\/index.php\/21%e1%b5%89-edition-de-la-nuit-europeenne-des-musees\/111777\/#primaryimage"},"image":{"@id":"https:\/\/batijournal.com\/index.php\/21%e1%b5%89-edition-de-la-nuit-europeenne-des-musees\/111777\/#primaryimage"},"thumbnailUrl":"https:\/\/batijournal.com\/wp-content\/uploads\/2025\/04\/nuit-des-musees.jpg","datePublished":"2025-04-23T11:22:36+00:00","author":{"@id":"https:\/\/batijournal.com\/#\/schema\/person\/1dc96ec6957aa1ccb25ebe78bb19f100"},"breadcrumb":{"@id":"https:\/\/batijournal.com\/index.php\/21%e1%b5%89-edition-de-la-nuit-europeenne-des-musees\/111777\/#breadcrumb"},"inLanguage":"fr-FR","potentialAction":[{"@type":"ReadAction","target":["https:\/\/batijournal.com\/index.php\/21%e1%b5%89-edition-de-la-nuit-europeenne-des-musees\/111777\/"]}]},{"@type":"ImageObject","inLanguage":"fr-FR","@id":"https:\/\/batijournal.com\/index.php\/21%e1%b5%89-edition-de-la-nuit-europeenne-des-musees\/111777\/#primaryimage","url":"https:\/\/batijournal.com\/wp-content\/uploads\/2025\/04\/nuit-des-musees.jpg","contentUrl":"https:\/\/batijournal.com\/wp-content\/uploads\/2025\/04\/nuit-des-musees.jpg","width":1920,"height":1812},{"@type":"BreadcrumbList","@id":"https:\/\/batijournal.com\/index.php\/21%e1%b5%89-edition-de-la-nuit-europeenne-des-musees\/111777\/#breadcrumb","itemListElement":[{"@type":"ListItem","position":1,"name":"Accueil","item":"https:\/\/batijournal.com\/"},{"@type":"ListItem","position":2,"name":"Actualit\u00e9s","item":"https:\/\/batijournal.com\/index.php\/category\/actualites\/"},{"@type":"ListItem","position":3,"name":"21\u1d49 \u00e9dition de la Nuit europ\u00e9enne des mus\u00e9es"}]},{"@type":"WebSite","@id":"https:\/\/batijournal.com\/#website","url":"https:\/\/batijournal.com\/","name":"Batijournal","description":"L&#039;actualit\u00e9 du b\u00e2timent","potentialAction":[{"@type":"SearchAction","target":{"@type":"EntryPoint","urlTemplate":"https:\/\/batijournal.com\/?s={search_term_string}"},"query-input":{"@type":"PropertyValueSpecification","valueRequired":true,"valueName":"search_term_string"}}],"inLanguage":"fr-FR"},{"@type":"Person","@id":"https:\/\/batijournal.com\/#\/schema\/person\/1dc96ec6957aa1ccb25ebe78bb19f100","name":"St\u00e9phane Miget","image":{"@type":"ImageObject","inLanguage":"fr-FR","@id":"https:\/\/secure.gravatar.com\/avatar\/89915563d925342126b8ef0281b93d9d7fc337043e8df017f780908eb9644451?s=96&d=mm&r=g","url":"https:\/\/secure.gravatar.com\/avatar\/89915563d925342126b8ef0281b93d9d7fc337043e8df017f780908eb9644451?s=96&d=mm&r=g","contentUrl":"https:\/\/secure.gravatar.com\/avatar\/89915563d925342126b8ef0281b93d9d7fc337043e8df017f780908eb9644451?s=96&d=mm&r=g","caption":"St\u00e9phane Miget"},"url":"https:\/\/batijournal.com\/index.php\/author\/stephane\/"}]}},"_links":{"self":[{"href":"https:\/\/batijournal.com\/index.php\/wp-json\/wp\/v2\/posts\/111777","targetHints":{"allow":["GET"]}}],"collection":[{"href":"https:\/\/batijournal.com\/index.php\/wp-json\/wp\/v2\/posts"}],"about":[{"href":"https:\/\/batijournal.com\/index.php\/wp-json\/wp\/v2\/types\/post"}],"author":[{"embeddable":true,"href":"https:\/\/batijournal.com\/index.php\/wp-json\/wp\/v2\/users\/17"}],"replies":[{"embeddable":true,"href":"https:\/\/batijournal.com\/index.php\/wp-json\/wp\/v2\/comments?post=111777"}],"version-history":[{"count":0,"href":"https:\/\/batijournal.com\/index.php\/wp-json\/wp\/v2\/posts\/111777\/revisions"}],"wp:featuredmedia":[{"embeddable":true,"href":"https:\/\/batijournal.com\/index.php\/wp-json\/wp\/v2\/media\/111778"}],"wp:attachment":[{"href":"https:\/\/batijournal.com\/index.php\/wp-json\/wp\/v2\/media?parent=111777"}],"wp:term":[{"taxonomy":"category","embeddable":true,"href":"https:\/\/batijournal.com\/index.php\/wp-json\/wp\/v2\/categories?post=111777"},{"taxonomy":"post_tag","embeddable":true,"href":"https:\/\/batijournal.com\/index.php\/wp-json\/wp\/v2\/tags?post=111777"}],"curies":[{"name":"wp","href":"https:\/\/api.w.org\/{rel}","templated":true}]}}