{"id":111826,"date":"2025-05-19T07:29:52","date_gmt":"2025-05-19T05:29:52","guid":{"rendered":"https:\/\/batijournal.com\/?p=111826"},"modified":"2025-05-19T07:29:52","modified_gmt":"2025-05-19T05:29:52","slug":"la-banque-des-territoires-renforce-son-engagement-en-faveur-du-logement-etudiant","status":"publish","type":"post","link":"https:\/\/batijournal.com\/index.php\/la-banque-des-territoires-renforce-son-engagement-en-faveur-du-logement-etudiant\/111826\/","title":{"rendered":"La Banque des Territoires renforce son engagement en faveur du logement \u00e9tudiant"},"content":{"rendered":"<p>La Banque des Territoires renforce son engagement en faveur du logement \u00e9tudiant en initiant un programme de 5 Md\u20ac pour financer, d\u2019ici 2030, 75 000 places dans les territoires. \u00c0 l\u2019occasion de la 6\u1d49 \u00e9dition du Printemps des Territoires, Antoine Saintoyant, directeur de la Banque des Territoires, lance le programme AGiLE, une initiative ambitieuse pour r\u00e9pondre \u00e0 la p\u00e9nurie de logements \u00e9tudiants dans les territoires. Avec un objectif de 75 000 lits (neufs et r\u00e9habilit\u00e9s) d\u2019ici 2030, AGiLE s\u2019inscrit dans le prolongement du plan gouvernemental qui pr\u00e9voit 45 000 logements nouveaux abordables en trois ans. Un premier partenariat avec Uxco Group vient concr\u00e9tiser les ambitions du plan. La Banque des Territoires entend ainsi r\u00e9pondre \u00e0 un double objectif en lien avec ses missions de coh\u00e9sion sociale et de transformation \u00e9cologique et \u00e9nerg\u00e9tique des territoires : apporter des solutions qualitatives en ad\u00e9quation avec les besoins des \u00e9tudiants et r\u00e9pondre aux imp\u00e9ratifs de transformation \u00e9cologique et \u00e9nerg\u00e9tique.<\/p>\n<p>Les axes structurants d\u2019intervention du programme AGiLE<br \/>\n&#8211; Ing\u00e9nierie territoriale et de projet : Une offre d&rsquo;ing\u00e9nierie destin\u00e9e prioritairement aux collectivit\u00e9s, universit\u00e9s, CROUS et organismes de logements sociaux pour les accompagner dans leurs projets de logements \u00e9tudiants.<br \/>\n&#8211; Investissement : Une capacit\u00e9 d&rsquo;investissement pour structurer les acteurs nationaux et territoriaux et faciliter la mobilisation de fonciers n\u00e9cessaires \u00e0 la production de logements \u00e9tudiants et de la r\u00e9habilitation du parc existant.<br \/>\n&#8211; Financement : Le financement de projets via des pr\u00eats sur fonds d&rsquo;\u00e9pargne pour acc\u00e9l\u00e9rer la production de logements \u00e9tudiants.<br \/>\n&#8211; Mobilisation des filiales du groupe Caisse des D\u00e9p\u00f4ts : prioritairement par l\u2019implication de CDC Habitat (via sa marque Stud\u00e9fi), Icade, La Poste Immobilier et le groupe SCET pour la promotion et le portage immobilier.<\/p>\n","protected":false},"excerpt":{"rendered":"<p>La Banque des Territoires renforce son engagement en faveur du logement \u00e9tudiant en initiant un programme de 5 Md\u20ac pour financer, d\u2019ici 2030, 75 000 places dans les territoires. \u00c0 l\u2019occasion de la 6\u1d49 \u00e9dition du Printemps des Territoires, Antoine Saintoyant, directeur de la Banque des Territoires, lance le programme AGiLE, une initiative ambitieuse pour [&hellip;]<\/p>\n","protected":false},"author":17,"featured_media":105383,"comment_status":"closed","ping_status":"closed","sticky":false,"template":"","format":"standard","meta":{"_et_pb_use_builder":"","_et_pb_old_content":"","_et_gb_content_width":"","footnotes":""},"categories":[10530,6345],"tags":[2020,13069],"class_list":["post-111826","post","type-post","status-publish","format-standard","has-post-thumbnail","hentry","category-actualites","category-economie-marches","tag-logement","tag-residence-etudiante"],"yoast_head":"<!-- This site is optimized with the Yoast SEO plugin v27.4 - https:\/\/yoast.com\/product\/yoast-seo-wordpress\/ -->\n<title>La Banque des Territoires renforce son engagement en faveur du logement \u00e9tudiant<\/title>\n<meta name=\"robots\" content=\"index, follow, max-snippet:-1, max-image-preview:large, max-video-preview:-1\" \/>\n<link rel=\"canonical\" href=\"https:\/\/batijournal.com\/index.php\/la-banque-des-territoires-renforce-son-engagement-en-faveur-du-logement-etudiant\/111826\/\" \/>\n<meta property=\"og:locale\" content=\"fr_FR\" \/>\n<meta property=\"og:type\" content=\"article\" \/>\n<meta property=\"og:title\" content=\"La Banque des Territoires renforce son engagement en faveur du logement \u00e9tudiant\" \/>\n<meta property=\"og:description\" content=\"La Banque des Territoires renforce son engagement en faveur du logement \u00e9tudiant en initiant un programme de 5 Md\u20ac pour financer, d\u2019ici 2030, 75 000 places dans les territoires. \u00c0 l\u2019occasion de la 6\u1d49 \u00e9dition du Printemps des Territoires, Antoine Saintoyant, directeur de la Banque des Territoires, lance le programme AGiLE, une initiative ambitieuse pour [&hellip;]\" \/>\n<meta property=\"og:url\" content=\"https:\/\/batijournal.com\/index.php\/la-banque-des-territoires-renforce-son-engagement-en-faveur-du-logement-etudiant\/111826\/\" \/>\n<meta property=\"og:site_name\" content=\"Batijournal\" \/>\n<meta property=\"article:published_time\" content=\"2025-05-19T05:29:52+00:00\" \/>\n<meta property=\"og:image\" content=\"https:\/\/batijournal.com\/wp-content\/uploads\/2021\/01\/grue-chantier.jpg\" \/>\n\t<meta property=\"og:image:width\" content=\"1200\" \/>\n\t<meta property=\"og:image:height\" content=\"663\" \/>\n\t<meta property=\"og:image:type\" content=\"image\/jpeg\" \/>\n<meta name=\"author\" content=\"St\u00e9phane Miget\" \/>\n<meta name=\"twitter:card\" content=\"summary_large_image\" \/>\n<meta name=\"twitter:creator\" content=\"@bati_journal\" \/>\n<meta name=\"twitter:site\" content=\"@bati_journal\" \/>\n<meta name=\"twitter:label1\" content=\"\u00c9crit par\" \/>\n\t<meta name=\"twitter:data1\" content=\"St\u00e9phane Miget\" \/>\n\t<meta name=\"twitter:label2\" content=\"Dur\u00e9e de lecture estim\u00e9e\" \/>\n\t<meta name=\"twitter:data2\" content=\"1 minute\" \/>\n<script type=\"application\/ld+json\" class=\"yoast-schema-graph\">{\"@context\":\"https:\\\/\\\/schema.org\",\"@graph\":[{\"@type\":\"Article\",\"@id\":\"https:\\\/\\\/batijournal.com\\\/index.php\\\/la-banque-des-territoires-renforce-son-engagement-en-faveur-du-logement-etudiant\\\/111826\\\/#article\",\"isPartOf\":{\"@id\":\"https:\\\/\\\/batijournal.com\\\/index.php\\\/la-banque-des-territoires-renforce-son-engagement-en-faveur-du-logement-etudiant\\\/111826\\\/\"},\"author\":{\"name\":\"St\u00e9phane Miget\",\"@id\":\"https:\\\/\\\/batijournal.com\\\/#\\\/schema\\\/person\\\/1dc96ec6957aa1ccb25ebe78bb19f100\"},\"headline\":\"La Banque des Territoires renforce son engagement en faveur du logement \u00e9tudiant\",\"datePublished\":\"2025-05-19T05:29:52+00:00\",\"mainEntityOfPage\":{\"@id\":\"https:\\\/\\\/batijournal.com\\\/index.php\\\/la-banque-des-territoires-renforce-son-engagement-en-faveur-du-logement-etudiant\\\/111826\\\/\"},\"wordCount\":308,\"image\":{\"@id\":\"https:\\\/\\\/batijournal.com\\\/index.php\\\/la-banque-des-territoires-renforce-son-engagement-en-faveur-du-logement-etudiant\\\/111826\\\/#primaryimage\"},\"thumbnailUrl\":\"https:\\\/\\\/batijournal.com\\\/wp-content\\\/uploads\\\/2021\\\/01\\\/grue-chantier.jpg\",\"keywords\":[\"logement\",\"residence etudiante\"],\"articleSection\":[\"Actualit\u00e9s\",\"\u00c9conomie &amp; March\u00e9s\"],\"inLanguage\":\"fr-FR\"},{\"@type\":\"WebPage\",\"@id\":\"https:\\\/\\\/batijournal.com\\\/index.php\\\/la-banque-des-territoires-renforce-son-engagement-en-faveur-du-logement-etudiant\\\/111826\\\/\",\"url\":\"https:\\\/\\\/batijournal.com\\\/index.php\\\/la-banque-des-territoires-renforce-son-engagement-en-faveur-du-logement-etudiant\\\/111826\\\/\",\"name\":\"La Banque des Territoires renforce son engagement en faveur du logement \u00e9tudiant\",\"isPartOf\":{\"@id\":\"https:\\\/\\\/batijournal.com\\\/#website\"},\"primaryImageOfPage\":{\"@id\":\"https:\\\/\\\/batijournal.com\\\/index.php\\\/la-banque-des-territoires-renforce-son-engagement-en-faveur-du-logement-etudiant\\\/111826\\\/#primaryimage\"},\"image\":{\"@id\":\"https:\\\/\\\/batijournal.com\\\/index.php\\\/la-banque-des-territoires-renforce-son-engagement-en-faveur-du-logement-etudiant\\\/111826\\\/#primaryimage\"},\"thumbnailUrl\":\"https:\\\/\\\/batijournal.com\\\/wp-content\\\/uploads\\\/2021\\\/01\\\/grue-chantier.jpg\",\"datePublished\":\"2025-05-19T05:29:52+00:00\",\"author\":{\"@id\":\"https:\\\/\\\/batijournal.com\\\/#\\\/schema\\\/person\\\/1dc96ec6957aa1ccb25ebe78bb19f100\"},\"breadcrumb\":{\"@id\":\"https:\\\/\\\/batijournal.com\\\/index.php\\\/la-banque-des-territoires-renforce-son-engagement-en-faveur-du-logement-etudiant\\\/111826\\\/#breadcrumb\"},\"inLanguage\":\"fr-FR\",\"potentialAction\":[{\"@type\":\"ReadAction\",\"target\":[\"https:\\\/\\\/batijournal.com\\\/index.php\\\/la-banque-des-territoires-renforce-son-engagement-en-faveur-du-logement-etudiant\\\/111826\\\/\"]}]},{\"@type\":\"ImageObject\",\"inLanguage\":\"fr-FR\",\"@id\":\"https:\\\/\\\/batijournal.com\\\/index.php\\\/la-banque-des-territoires-renforce-son-engagement-en-faveur-du-logement-etudiant\\\/111826\\\/#primaryimage\",\"url\":\"https:\\\/\\\/batijournal.com\\\/wp-content\\\/uploads\\\/2021\\\/01\\\/grue-chantier.jpg\",\"contentUrl\":\"https:\\\/\\\/batijournal.com\\\/wp-content\\\/uploads\\\/2021\\\/01\\\/grue-chantier.jpg\",\"width\":1200,\"height\":663},{\"@type\":\"BreadcrumbList\",\"@id\":\"https:\\\/\\\/batijournal.com\\\/index.php\\\/la-banque-des-territoires-renforce-son-engagement-en-faveur-du-logement-etudiant\\\/111826\\\/#breadcrumb\",\"itemListElement\":[{\"@type\":\"ListItem\",\"position\":1,\"name\":\"Accueil\",\"item\":\"https:\\\/\\\/batijournal.com\\\/\"},{\"@type\":\"ListItem\",\"position\":2,\"name\":\"Actualit\u00e9s\",\"item\":\"https:\\\/\\\/batijournal.com\\\/index.php\\\/category\\\/actualites\\\/\"},{\"@type\":\"ListItem\",\"position\":3,\"name\":\"La Banque des Territoires renforce son engagement en faveur du logement \u00e9tudiant\"}]},{\"@type\":\"WebSite\",\"@id\":\"https:\\\/\\\/batijournal.com\\\/#website\",\"url\":\"https:\\\/\\\/batijournal.com\\\/\",\"name\":\"Batijournal\",\"description\":\"L&#039;actualit\u00e9 du b\u00e2timent\",\"potentialAction\":[{\"@type\":\"SearchAction\",\"target\":{\"@type\":\"EntryPoint\",\"urlTemplate\":\"https:\\\/\\\/batijournal.com\\\/?s={search_term_string}\"},\"query-input\":{\"@type\":\"PropertyValueSpecification\",\"valueRequired\":true,\"valueName\":\"search_term_string\"}}],\"inLanguage\":\"fr-FR\"},{\"@type\":\"Person\",\"@id\":\"https:\\\/\\\/batijournal.com\\\/#\\\/schema\\\/person\\\/1dc96ec6957aa1ccb25ebe78bb19f100\",\"name\":\"St\u00e9phane Miget\",\"image\":{\"@type\":\"ImageObject\",\"inLanguage\":\"fr-FR\",\"@id\":\"https:\\\/\\\/secure.gravatar.com\\\/avatar\\\/89915563d925342126b8ef0281b93d9d7fc337043e8df017f780908eb9644451?s=96&d=mm&r=g\",\"url\":\"https:\\\/\\\/secure.gravatar.com\\\/avatar\\\/89915563d925342126b8ef0281b93d9d7fc337043e8df017f780908eb9644451?s=96&d=mm&r=g\",\"contentUrl\":\"https:\\\/\\\/secure.gravatar.com\\\/avatar\\\/89915563d925342126b8ef0281b93d9d7fc337043e8df017f780908eb9644451?s=96&d=mm&r=g\",\"caption\":\"St\u00e9phane Miget\"},\"url\":\"https:\\\/\\\/batijournal.com\\\/index.php\\\/author\\\/stephane\\\/\"}]}<\/script>\n<!-- \/ Yoast SEO plugin. -->","yoast_head_json":{"title":"La Banque des Territoires renforce son engagement en faveur du logement \u00e9tudiant","robots":{"index":"index","follow":"follow","max-snippet":"max-snippet:-1","max-image-preview":"max-image-preview:large","max-video-preview":"max-video-preview:-1"},"canonical":"https:\/\/batijournal.com\/index.php\/la-banque-des-territoires-renforce-son-engagement-en-faveur-du-logement-etudiant\/111826\/","og_locale":"fr_FR","og_type":"article","og_title":"La Banque des Territoires renforce son engagement en faveur du logement \u00e9tudiant","og_description":"La Banque des Territoires renforce son engagement en faveur du logement \u00e9tudiant en initiant un programme de 5 Md\u20ac pour financer, d\u2019ici 2030, 75 000 places dans les territoires. \u00c0 l\u2019occasion de la 6\u1d49 \u00e9dition du Printemps des Territoires, Antoine Saintoyant, directeur de la Banque des Territoires, lance le programme AGiLE, une initiative ambitieuse pour [&hellip;]","og_url":"https:\/\/batijournal.com\/index.php\/la-banque-des-territoires-renforce-son-engagement-en-faveur-du-logement-etudiant\/111826\/","og_site_name":"Batijournal","article_published_time":"2025-05-19T05:29:52+00:00","og_image":[{"width":1200,"height":663,"url":"https:\/\/batijournal.com\/wp-content\/uploads\/2021\/01\/grue-chantier.jpg","type":"image\/jpeg"}],"author":"St\u00e9phane Miget","twitter_card":"summary_large_image","twitter_creator":"@bati_journal","twitter_site":"@bati_journal","twitter_misc":{"\u00c9crit par":"St\u00e9phane Miget","Dur\u00e9e de lecture estim\u00e9e":"1 minute"},"schema":{"@context":"https:\/\/schema.org","@graph":[{"@type":"Article","@id":"https:\/\/batijournal.com\/index.php\/la-banque-des-territoires-renforce-son-engagement-en-faveur-du-logement-etudiant\/111826\/#article","isPartOf":{"@id":"https:\/\/batijournal.com\/index.php\/la-banque-des-territoires-renforce-son-engagement-en-faveur-du-logement-etudiant\/111826\/"},"author":{"name":"St\u00e9phane Miget","@id":"https:\/\/batijournal.com\/#\/schema\/person\/1dc96ec6957aa1ccb25ebe78bb19f100"},"headline":"La Banque des Territoires renforce son engagement en faveur du logement \u00e9tudiant","datePublished":"2025-05-19T05:29:52+00:00","mainEntityOfPage":{"@id":"https:\/\/batijournal.com\/index.php\/la-banque-des-territoires-renforce-son-engagement-en-faveur-du-logement-etudiant\/111826\/"},"wordCount":308,"image":{"@id":"https:\/\/batijournal.com\/index.php\/la-banque-des-territoires-renforce-son-engagement-en-faveur-du-logement-etudiant\/111826\/#primaryimage"},"thumbnailUrl":"https:\/\/batijournal.com\/wp-content\/uploads\/2021\/01\/grue-chantier.jpg","keywords":["logement","residence etudiante"],"articleSection":["Actualit\u00e9s","\u00c9conomie &amp; March\u00e9s"],"inLanguage":"fr-FR"},{"@type":"WebPage","@id":"https:\/\/batijournal.com\/index.php\/la-banque-des-territoires-renforce-son-engagement-en-faveur-du-logement-etudiant\/111826\/","url":"https:\/\/batijournal.com\/index.php\/la-banque-des-territoires-renforce-son-engagement-en-faveur-du-logement-etudiant\/111826\/","name":"La Banque des Territoires renforce son engagement en faveur du logement \u00e9tudiant","isPartOf":{"@id":"https:\/\/batijournal.com\/#website"},"primaryImageOfPage":{"@id":"https:\/\/batijournal.com\/index.php\/la-banque-des-territoires-renforce-son-engagement-en-faveur-du-logement-etudiant\/111826\/#primaryimage"},"image":{"@id":"https:\/\/batijournal.com\/index.php\/la-banque-des-territoires-renforce-son-engagement-en-faveur-du-logement-etudiant\/111826\/#primaryimage"},"thumbnailUrl":"https:\/\/batijournal.com\/wp-content\/uploads\/2021\/01\/grue-chantier.jpg","datePublished":"2025-05-19T05:29:52+00:00","author":{"@id":"https:\/\/batijournal.com\/#\/schema\/person\/1dc96ec6957aa1ccb25ebe78bb19f100"},"breadcrumb":{"@id":"https:\/\/batijournal.com\/index.php\/la-banque-des-territoires-renforce-son-engagement-en-faveur-du-logement-etudiant\/111826\/#breadcrumb"},"inLanguage":"fr-FR","potentialAction":[{"@type":"ReadAction","target":["https:\/\/batijournal.com\/index.php\/la-banque-des-territoires-renforce-son-engagement-en-faveur-du-logement-etudiant\/111826\/"]}]},{"@type":"ImageObject","inLanguage":"fr-FR","@id":"https:\/\/batijournal.com\/index.php\/la-banque-des-territoires-renforce-son-engagement-en-faveur-du-logement-etudiant\/111826\/#primaryimage","url":"https:\/\/batijournal.com\/wp-content\/uploads\/2021\/01\/grue-chantier.jpg","contentUrl":"https:\/\/batijournal.com\/wp-content\/uploads\/2021\/01\/grue-chantier.jpg","width":1200,"height":663},{"@type":"BreadcrumbList","@id":"https:\/\/batijournal.com\/index.php\/la-banque-des-territoires-renforce-son-engagement-en-faveur-du-logement-etudiant\/111826\/#breadcrumb","itemListElement":[{"@type":"ListItem","position":1,"name":"Accueil","item":"https:\/\/batijournal.com\/"},{"@type":"ListItem","position":2,"name":"Actualit\u00e9s","item":"https:\/\/batijournal.com\/index.php\/category\/actualites\/"},{"@type":"ListItem","position":3,"name":"La Banque des Territoires renforce son engagement en faveur du logement \u00e9tudiant"}]},{"@type":"WebSite","@id":"https:\/\/batijournal.com\/#website","url":"https:\/\/batijournal.com\/","name":"Batijournal","description":"L&#039;actualit\u00e9 du b\u00e2timent","potentialAction":[{"@type":"SearchAction","target":{"@type":"EntryPoint","urlTemplate":"https:\/\/batijournal.com\/?s={search_term_string}"},"query-input":{"@type":"PropertyValueSpecification","valueRequired":true,"valueName":"search_term_string"}}],"inLanguage":"fr-FR"},{"@type":"Person","@id":"https:\/\/batijournal.com\/#\/schema\/person\/1dc96ec6957aa1ccb25ebe78bb19f100","name":"St\u00e9phane Miget","image":{"@type":"ImageObject","inLanguage":"fr-FR","@id":"https:\/\/secure.gravatar.com\/avatar\/89915563d925342126b8ef0281b93d9d7fc337043e8df017f780908eb9644451?s=96&d=mm&r=g","url":"https:\/\/secure.gravatar.com\/avatar\/89915563d925342126b8ef0281b93d9d7fc337043e8df017f780908eb9644451?s=96&d=mm&r=g","contentUrl":"https:\/\/secure.gravatar.com\/avatar\/89915563d925342126b8ef0281b93d9d7fc337043e8df017f780908eb9644451?s=96&d=mm&r=g","caption":"St\u00e9phane Miget"},"url":"https:\/\/batijournal.com\/index.php\/author\/stephane\/"}]}},"_links":{"self":[{"href":"https:\/\/batijournal.com\/index.php\/wp-json\/wp\/v2\/posts\/111826","targetHints":{"allow":["GET"]}}],"collection":[{"href":"https:\/\/batijournal.com\/index.php\/wp-json\/wp\/v2\/posts"}],"about":[{"href":"https:\/\/batijournal.com\/index.php\/wp-json\/wp\/v2\/types\/post"}],"author":[{"embeddable":true,"href":"https:\/\/batijournal.com\/index.php\/wp-json\/wp\/v2\/users\/17"}],"replies":[{"embeddable":true,"href":"https:\/\/batijournal.com\/index.php\/wp-json\/wp\/v2\/comments?post=111826"}],"version-history":[{"count":0,"href":"https:\/\/batijournal.com\/index.php\/wp-json\/wp\/v2\/posts\/111826\/revisions"}],"wp:featuredmedia":[{"embeddable":true,"href":"https:\/\/batijournal.com\/index.php\/wp-json\/wp\/v2\/media\/105383"}],"wp:attachment":[{"href":"https:\/\/batijournal.com\/index.php\/wp-json\/wp\/v2\/media?parent=111826"}],"wp:term":[{"taxonomy":"category","embeddable":true,"href":"https:\/\/batijournal.com\/index.php\/wp-json\/wp\/v2\/categories?post=111826"},{"taxonomy":"post_tag","embeddable":true,"href":"https:\/\/batijournal.com\/index.php\/wp-json\/wp\/v2\/tags?post=111826"}],"curies":[{"name":"wp","href":"https:\/\/api.w.org\/{rel}","templated":true}]}}