{"id":112050,"date":"2025-09-11T09:59:27","date_gmt":"2025-09-11T07:59:27","guid":{"rendered":"https:\/\/batijournal.com\/?p=112050"},"modified":"2025-09-11T10:01:22","modified_gmt":"2025-09-11T08:01:22","slug":"panneaux-solaires-la-tva-abaissee-a-55-sous-conditions","status":"publish","type":"post","link":"https:\/\/batijournal.com\/index.php\/panneaux-solaires-la-tva-abaissee-a-55-sous-conditions\/112050\/","title":{"rendered":"Panneaux solaires : la TVA abaiss\u00e9e \u00e0 5,5 % sous conditions"},"content":{"rendered":"<p><strong>Le texte, publi\u00e9 mardi 9 septembre, abaisse la TVA sur l\u2019installation de panneaux solaires, \u00e0 condition de respecter certains crit\u00e8res, que la profession estime trop restrictifs.<\/strong><\/p>\n<p>Avant son d\u00e9part, le gouvernement d\u00e9missionnaire de Fran\u00e7ois Bayrou a publi\u00e9 <a href=\"https:\/\/batijournal.com\/index.php\/maprimerenov-les-derniers-decrets-publies\/112046\/\" target=\"_blank\" rel=\"noopener\">une s\u00e9rie d\u2019arr\u00eat\u00e9s<\/a> ent\u00e9rinant certaines de ses d\u00e9cisions au cours des neuf derniers mois. Le gouvernement a ainsi publi\u00e9, mardi 9 septembre, un arr\u00eat\u00e9 fixant les crit\u00e8res applicables \u00e0 la livraison et \u00e0 l\u2019installation de panneaux solaires dans les logements, paru au Journal officiel.<\/p>\n<p>Le texte abaisse la TVA \u00e0 5,5 % pour les installations solaires d\u2019une puissance inf\u00e9rieure ou \u00e9gale \u00e0 9 kWc, \u00e0 partir du 1er octobre 2025.<\/p>\n<h2>De nombreux crit\u00e8res environnementaux \u00e0 respecter<\/h2>\n<p>Pour b\u00e9n\u00e9ficier de ce taux avantageux, les installations devront toutefois respecter une s\u00e9rie de crit\u00e8res :<\/p>\n<ul>\n<li>Le bilan carbone des modules doit \u00eatre inf\u00e9rieur \u00e0 530 kgCO\u2082eq\/kWc<\/li>\n<li>La quantit\u00e9 d\u2019argent des cellules doit \u00eatre inf\u00e9rieure \u00e0 14 mg\/W<\/li>\n<li>La teneur en plomb des modules doit \u00eatre inf\u00e9rieure \u00e0 0,1 %<\/li>\n<li>La teneur en cadmium des modules doit \u00eatre inf\u00e9rieure \u00e0 0,01 %<\/li>\n<\/ul>\n<p><em>\u00ab Le bilan carbone, la quantit\u00e9 d\u2019argent et les teneurs en plomb et en cadmium mentionn\u00e9s aux a \u00e0 d du 1 sont \u00e9valu\u00e9s conform\u00e9ment \u00e0 une m\u00e9thodologie pr\u00e9cis\u00e9e par arr\u00eat\u00e9 conjoint des ministres charg\u00e9s de l\u2019\u00c9conomie et de l\u2019\u00c9nergie \u00bb<\/em>, pr\u00e9cise le texte.<\/p>\n<p>Autre exigence : l\u2019installation devra \u00eatre associ\u00e9e \u00e0 un syst\u00e8me gestionnaire d\u2019\u00e9nergie, qui collecte en temps r\u00e9el les donn\u00e9es de production et de consommation, et permet de piloter le comportement de consommation des \u00e9quipements \u00e9lectriques. L\u2019obligation de stockage n\u2019a, quant \u00e0 elle, pas \u00e9t\u00e9 retenue, contrairement \u00e0 ce que demandait la profession.<\/p>\n<h2>Des conditions critiqu\u00e9es<\/h2>\n<p>En effet, malgr\u00e9 cette baisse de TVA, certains professionnels n\u2019ont pas manqu\u00e9 de r\u00e9agir. Hello Watt, une start-up fran\u00e7aise sp\u00e9cialis\u00e9e dans la transition \u00e9nerg\u00e9tique des logements, a par exemple fait remarquer que <em>\u00ab l\u2019obligation de faire appel \u00e0 un installateur certifi\u00e9 RGE (Reconnu garant de l\u2019environnement) n\u2019a pas \u00e9t\u00e9 retenue, contrairement aux attentes de la fili\u00e8re, soulevant des inqui\u00e9tudes sur les risques d\u2019\u00e9co-d\u00e9linquance \u00bb,<\/em> c\u2019est-\u00e0-dire des escroqueries \u00e0 la TVA.<\/p>\n<p>Enerplan (Syndicat de l\u2019\u00e9nergie solaire renouvelable) et la FNES (F\u00e9d\u00e9ration nationale de l\u2019\u00e9nergie solaire) ont, quant \u00e0 eux, point\u00e9 des crit\u00e8res trop restrictifs qui limiteront l\u2019acc\u00e8s \u00e0 la TVA \u00e0 5,5 % \u00e0 un petit nombre de foyers, freinant de fait la d\u00e9mocratisation des panneaux photovolta\u00efques. <em>\u00ab \u00c0 date et \u00e0 notre connaissance, aucun distributeur ne dispose de module compatible en catalogue \u00bb<\/em>, a exprim\u00e9 Enerplan sur LinkedIn. Exceptions faites de quelques fabricants, dont certains sont fran\u00e7ais, en capacit\u00e9 de produire des panneaux r\u00e9pondant aux crit\u00e8res d&rsquo;exigences, les autres vont devoir adapter leur production destin\u00e9s au march\u00e9 fran\u00e7ais, pour qu&rsquo;ils pr\u00e9tendre \u00e0 la TVA \u00e0 5,5%.<\/p>\n","protected":false},"excerpt":{"rendered":"<p>Le texte, publi\u00e9 mardi 9 septembre, abaisse la TVA sur l\u2019installation de panneaux solaires, \u00e0 condition de respecter certains crit\u00e8res, que la profession estime trop restrictifs.<\/p>\n","protected":false},"author":18,"featured_media":112051,"comment_status":"closed","ping_status":"closed","sticky":false,"template":"","format":"standard","meta":{"_et_pb_use_builder":"","_et_pb_old_content":"","_et_gb_content_width":"","footnotes":""},"categories":[10736,10530],"tags":[],"class_list":["post-112050","post","type-post","status-publish","format-standard","has-post-thumbnail","hentry","category-a-la-une","category-actualites"],"yoast_head":"<!-- This site is optimized with the Yoast SEO plugin v27.4 - https:\/\/yoast.com\/product\/yoast-seo-wordpress\/ -->\n<title>Panneaux solaires : la TVA abaiss\u00e9e \u00e0 5,5 % sous conditions<\/title>\n<meta name=\"description\" content=\"Le texte, publi\u00e9 mardi 9 septembre, abaisse la TVA sur l\u2019installation de panneaux solaires, \u00e0 condition de respecter certains crit\u00e8res, que la profession estime trop restrictifs.\" \/>\n<meta name=\"robots\" content=\"index, follow, max-snippet:-1, max-image-preview:large, max-video-preview:-1\" \/>\n<link rel=\"canonical\" href=\"https:\/\/batijournal.com\/index.php\/panneaux-solaires-la-tva-abaissee-a-55-sous-conditions\/112050\/\" \/>\n<meta property=\"og:locale\" content=\"fr_FR\" \/>\n<meta property=\"og:type\" content=\"article\" \/>\n<meta property=\"og:title\" content=\"Panneaux solaires : la TVA abaiss\u00e9e \u00e0 5,5 % sous conditions\" \/>\n<meta property=\"og:description\" content=\"Le texte, publi\u00e9 mardi 9 septembre, abaisse la TVA sur l\u2019installation de panneaux solaires, \u00e0 condition de respecter certains crit\u00e8res, que la profession estime trop restrictifs.\" \/>\n<meta property=\"og:url\" content=\"https:\/\/batijournal.com\/index.php\/panneaux-solaires-la-tva-abaissee-a-55-sous-conditions\/112050\/\" \/>\n<meta property=\"og:site_name\" content=\"Batijournal\" \/>\n<meta property=\"article:published_time\" content=\"2025-09-11T07:59:27+00:00\" \/>\n<meta property=\"article:modified_time\" content=\"2025-09-11T08:01:22+00:00\" \/>\n<meta property=\"og:image\" content=\"https:\/\/batijournal.com\/wp-content\/uploads\/2025\/09\/2048px-SolarCellPanel.jpg\" \/>\n\t<meta property=\"og:image:width\" content=\"2048\" \/>\n\t<meta property=\"og:image:height\" content=\"1365\" \/>\n\t<meta property=\"og:image:type\" content=\"image\/jpeg\" \/>\n<meta name=\"author\" content=\"Lucien B\" \/>\n<meta name=\"twitter:card\" content=\"summary_large_image\" \/>\n<meta name=\"twitter:creator\" content=\"@bati_journal\" \/>\n<meta name=\"twitter:site\" content=\"@bati_journal\" \/>\n<meta name=\"twitter:label1\" content=\"\u00c9crit par\" \/>\n\t<meta name=\"twitter:data1\" content=\"Lucien B\" \/>\n\t<meta name=\"twitter:label2\" content=\"Dur\u00e9e de lecture estim\u00e9e\" \/>\n\t<meta name=\"twitter:data2\" content=\"2 minutes\" \/>\n<script type=\"application\/ld+json\" class=\"yoast-schema-graph\">{\"@context\":\"https:\\\/\\\/schema.org\",\"@graph\":[{\"@type\":\"Article\",\"@id\":\"https:\\\/\\\/batijournal.com\\\/index.php\\\/panneaux-solaires-la-tva-abaissee-a-55-sous-conditions\\\/112050\\\/#article\",\"isPartOf\":{\"@id\":\"https:\\\/\\\/batijournal.com\\\/index.php\\\/panneaux-solaires-la-tva-abaissee-a-55-sous-conditions\\\/112050\\\/\"},\"author\":{\"name\":\"Lucien B\",\"@id\":\"https:\\\/\\\/batijournal.com\\\/#\\\/schema\\\/person\\\/4c7c7cef61be850f1b82b3492a006f17\"},\"headline\":\"Panneaux solaires : la TVA abaiss\u00e9e \u00e0 5,5 % sous conditions\",\"datePublished\":\"2025-09-11T07:59:27+00:00\",\"dateModified\":\"2025-09-11T08:01:22+00:00\",\"mainEntityOfPage\":{\"@id\":\"https:\\\/\\\/batijournal.com\\\/index.php\\\/panneaux-solaires-la-tva-abaissee-a-55-sous-conditions\\\/112050\\\/\"},\"wordCount\":490,\"image\":{\"@id\":\"https:\\\/\\\/batijournal.com\\\/index.php\\\/panneaux-solaires-la-tva-abaissee-a-55-sous-conditions\\\/112050\\\/#primaryimage\"},\"thumbnailUrl\":\"https:\\\/\\\/batijournal.com\\\/wp-content\\\/uploads\\\/2025\\\/09\\\/2048px-SolarCellPanel.jpg\",\"articleSection\":[\"A la Une\",\"Actualit\u00e9s\"],\"inLanguage\":\"fr-FR\"},{\"@type\":\"WebPage\",\"@id\":\"https:\\\/\\\/batijournal.com\\\/index.php\\\/panneaux-solaires-la-tva-abaissee-a-55-sous-conditions\\\/112050\\\/\",\"url\":\"https:\\\/\\\/batijournal.com\\\/index.php\\\/panneaux-solaires-la-tva-abaissee-a-55-sous-conditions\\\/112050\\\/\",\"name\":\"Panneaux solaires : la TVA abaiss\u00e9e \u00e0 5,5 % sous conditions\",\"isPartOf\":{\"@id\":\"https:\\\/\\\/batijournal.com\\\/#website\"},\"primaryImageOfPage\":{\"@id\":\"https:\\\/\\\/batijournal.com\\\/index.php\\\/panneaux-solaires-la-tva-abaissee-a-55-sous-conditions\\\/112050\\\/#primaryimage\"},\"image\":{\"@id\":\"https:\\\/\\\/batijournal.com\\\/index.php\\\/panneaux-solaires-la-tva-abaissee-a-55-sous-conditions\\\/112050\\\/#primaryimage\"},\"thumbnailUrl\":\"https:\\\/\\\/batijournal.com\\\/wp-content\\\/uploads\\\/2025\\\/09\\\/2048px-SolarCellPanel.jpg\",\"datePublished\":\"2025-09-11T07:59:27+00:00\",\"dateModified\":\"2025-09-11T08:01:22+00:00\",\"author\":{\"@id\":\"https:\\\/\\\/batijournal.com\\\/#\\\/schema\\\/person\\\/4c7c7cef61be850f1b82b3492a006f17\"},\"description\":\"Le texte, publi\u00e9 mardi 9 septembre, abaisse la TVA sur l\u2019installation de panneaux solaires, \u00e0 condition de respecter certains crit\u00e8res, que la profession estime trop restrictifs.\",\"breadcrumb\":{\"@id\":\"https:\\\/\\\/batijournal.com\\\/index.php\\\/panneaux-solaires-la-tva-abaissee-a-55-sous-conditions\\\/112050\\\/#breadcrumb\"},\"inLanguage\":\"fr-FR\",\"potentialAction\":[{\"@type\":\"ReadAction\",\"target\":[\"https:\\\/\\\/batijournal.com\\\/index.php\\\/panneaux-solaires-la-tva-abaissee-a-55-sous-conditions\\\/112050\\\/\"]}]},{\"@type\":\"ImageObject\",\"inLanguage\":\"fr-FR\",\"@id\":\"https:\\\/\\\/batijournal.com\\\/index.php\\\/panneaux-solaires-la-tva-abaissee-a-55-sous-conditions\\\/112050\\\/#primaryimage\",\"url\":\"https:\\\/\\\/batijournal.com\\\/wp-content\\\/uploads\\\/2025\\\/09\\\/2048px-SolarCellPanel.jpg\",\"contentUrl\":\"https:\\\/\\\/batijournal.com\\\/wp-content\\\/uploads\\\/2025\\\/09\\\/2048px-SolarCellPanel.jpg\",\"width\":2048,\"height\":1365,\"caption\":\"panneaux photovolta\u00efques\"},{\"@type\":\"BreadcrumbList\",\"@id\":\"https:\\\/\\\/batijournal.com\\\/index.php\\\/panneaux-solaires-la-tva-abaissee-a-55-sous-conditions\\\/112050\\\/#breadcrumb\",\"itemListElement\":[{\"@type\":\"ListItem\",\"position\":1,\"name\":\"Accueil\",\"item\":\"https:\\\/\\\/batijournal.com\\\/\"},{\"@type\":\"ListItem\",\"position\":2,\"name\":\"Actualit\u00e9s\",\"item\":\"https:\\\/\\\/batijournal.com\\\/index.php\\\/category\\\/actualites\\\/\"},{\"@type\":\"ListItem\",\"position\":3,\"name\":\"Panneaux solaires : la TVA abaiss\u00e9e \u00e0 5,5 % sous conditions\"}]},{\"@type\":\"WebSite\",\"@id\":\"https:\\\/\\\/batijournal.com\\\/#website\",\"url\":\"https:\\\/\\\/batijournal.com\\\/\",\"name\":\"Batijournal\",\"description\":\"L&#039;actualit\u00e9 du b\u00e2timent\",\"potentialAction\":[{\"@type\":\"SearchAction\",\"target\":{\"@type\":\"EntryPoint\",\"urlTemplate\":\"https:\\\/\\\/batijournal.com\\\/?s={search_term_string}\"},\"query-input\":{\"@type\":\"PropertyValueSpecification\",\"valueRequired\":true,\"valueName\":\"search_term_string\"}}],\"inLanguage\":\"fr-FR\"},{\"@type\":\"Person\",\"@id\":\"https:\\\/\\\/batijournal.com\\\/#\\\/schema\\\/person\\\/4c7c7cef61be850f1b82b3492a006f17\",\"name\":\"Lucien B\",\"image\":{\"@type\":\"ImageObject\",\"inLanguage\":\"fr-FR\",\"@id\":\"https:\\\/\\\/secure.gravatar.com\\\/avatar\\\/7e53691871877667ca1b4481ee38eed4e735d5de53ad94ab51ac26fd8125e321?s=96&d=mm&r=g\",\"url\":\"https:\\\/\\\/secure.gravatar.com\\\/avatar\\\/7e53691871877667ca1b4481ee38eed4e735d5de53ad94ab51ac26fd8125e321?s=96&d=mm&r=g\",\"contentUrl\":\"https:\\\/\\\/secure.gravatar.com\\\/avatar\\\/7e53691871877667ca1b4481ee38eed4e735d5de53ad94ab51ac26fd8125e321?s=96&d=mm&r=g\",\"caption\":\"Lucien B\"},\"url\":\"https:\\\/\\\/batijournal.com\\\/index.php\\\/author\\\/victor\\\/\"}]}<\/script>\n<!-- \/ Yoast SEO plugin. -->","yoast_head_json":{"title":"Panneaux solaires : la TVA abaiss\u00e9e \u00e0 5,5 % sous conditions","description":"Le texte, publi\u00e9 mardi 9 septembre, abaisse la TVA sur l\u2019installation de panneaux solaires, \u00e0 condition de respecter certains crit\u00e8res, que la profession estime trop restrictifs.","robots":{"index":"index","follow":"follow","max-snippet":"max-snippet:-1","max-image-preview":"max-image-preview:large","max-video-preview":"max-video-preview:-1"},"canonical":"https:\/\/batijournal.com\/index.php\/panneaux-solaires-la-tva-abaissee-a-55-sous-conditions\/112050\/","og_locale":"fr_FR","og_type":"article","og_title":"Panneaux solaires : la TVA abaiss\u00e9e \u00e0 5,5 % sous conditions","og_description":"Le texte, publi\u00e9 mardi 9 septembre, abaisse la TVA sur l\u2019installation de panneaux solaires, \u00e0 condition de respecter certains crit\u00e8res, que la profession estime trop restrictifs.","og_url":"https:\/\/batijournal.com\/index.php\/panneaux-solaires-la-tva-abaissee-a-55-sous-conditions\/112050\/","og_site_name":"Batijournal","article_published_time":"2025-09-11T07:59:27+00:00","article_modified_time":"2025-09-11T08:01:22+00:00","og_image":[{"width":2048,"height":1365,"url":"https:\/\/batijournal.com\/wp-content\/uploads\/2025\/09\/2048px-SolarCellPanel.jpg","type":"image\/jpeg"}],"author":"Lucien B","twitter_card":"summary_large_image","twitter_creator":"@bati_journal","twitter_site":"@bati_journal","twitter_misc":{"\u00c9crit par":"Lucien B","Dur\u00e9e de lecture estim\u00e9e":"2 minutes"},"schema":{"@context":"https:\/\/schema.org","@graph":[{"@type":"Article","@id":"https:\/\/batijournal.com\/index.php\/panneaux-solaires-la-tva-abaissee-a-55-sous-conditions\/112050\/#article","isPartOf":{"@id":"https:\/\/batijournal.com\/index.php\/panneaux-solaires-la-tva-abaissee-a-55-sous-conditions\/112050\/"},"author":{"name":"Lucien B","@id":"https:\/\/batijournal.com\/#\/schema\/person\/4c7c7cef61be850f1b82b3492a006f17"},"headline":"Panneaux solaires : la TVA abaiss\u00e9e \u00e0 5,5 % sous conditions","datePublished":"2025-09-11T07:59:27+00:00","dateModified":"2025-09-11T08:01:22+00:00","mainEntityOfPage":{"@id":"https:\/\/batijournal.com\/index.php\/panneaux-solaires-la-tva-abaissee-a-55-sous-conditions\/112050\/"},"wordCount":490,"image":{"@id":"https:\/\/batijournal.com\/index.php\/panneaux-solaires-la-tva-abaissee-a-55-sous-conditions\/112050\/#primaryimage"},"thumbnailUrl":"https:\/\/batijournal.com\/wp-content\/uploads\/2025\/09\/2048px-SolarCellPanel.jpg","articleSection":["A la Une","Actualit\u00e9s"],"inLanguage":"fr-FR"},{"@type":"WebPage","@id":"https:\/\/batijournal.com\/index.php\/panneaux-solaires-la-tva-abaissee-a-55-sous-conditions\/112050\/","url":"https:\/\/batijournal.com\/index.php\/panneaux-solaires-la-tva-abaissee-a-55-sous-conditions\/112050\/","name":"Panneaux solaires : la TVA abaiss\u00e9e \u00e0 5,5 % sous conditions","isPartOf":{"@id":"https:\/\/batijournal.com\/#website"},"primaryImageOfPage":{"@id":"https:\/\/batijournal.com\/index.php\/panneaux-solaires-la-tva-abaissee-a-55-sous-conditions\/112050\/#primaryimage"},"image":{"@id":"https:\/\/batijournal.com\/index.php\/panneaux-solaires-la-tva-abaissee-a-55-sous-conditions\/112050\/#primaryimage"},"thumbnailUrl":"https:\/\/batijournal.com\/wp-content\/uploads\/2025\/09\/2048px-SolarCellPanel.jpg","datePublished":"2025-09-11T07:59:27+00:00","dateModified":"2025-09-11T08:01:22+00:00","author":{"@id":"https:\/\/batijournal.com\/#\/schema\/person\/4c7c7cef61be850f1b82b3492a006f17"},"description":"Le texte, publi\u00e9 mardi 9 septembre, abaisse la TVA sur l\u2019installation de panneaux solaires, \u00e0 condition de respecter certains crit\u00e8res, que la profession estime trop restrictifs.","breadcrumb":{"@id":"https:\/\/batijournal.com\/index.php\/panneaux-solaires-la-tva-abaissee-a-55-sous-conditions\/112050\/#breadcrumb"},"inLanguage":"fr-FR","potentialAction":[{"@type":"ReadAction","target":["https:\/\/batijournal.com\/index.php\/panneaux-solaires-la-tva-abaissee-a-55-sous-conditions\/112050\/"]}]},{"@type":"ImageObject","inLanguage":"fr-FR","@id":"https:\/\/batijournal.com\/index.php\/panneaux-solaires-la-tva-abaissee-a-55-sous-conditions\/112050\/#primaryimage","url":"https:\/\/batijournal.com\/wp-content\/uploads\/2025\/09\/2048px-SolarCellPanel.jpg","contentUrl":"https:\/\/batijournal.com\/wp-content\/uploads\/2025\/09\/2048px-SolarCellPanel.jpg","width":2048,"height":1365,"caption":"panneaux photovolta\u00efques"},{"@type":"BreadcrumbList","@id":"https:\/\/batijournal.com\/index.php\/panneaux-solaires-la-tva-abaissee-a-55-sous-conditions\/112050\/#breadcrumb","itemListElement":[{"@type":"ListItem","position":1,"name":"Accueil","item":"https:\/\/batijournal.com\/"},{"@type":"ListItem","position":2,"name":"Actualit\u00e9s","item":"https:\/\/batijournal.com\/index.php\/category\/actualites\/"},{"@type":"ListItem","position":3,"name":"Panneaux solaires : la TVA abaiss\u00e9e \u00e0 5,5 % sous conditions"}]},{"@type":"WebSite","@id":"https:\/\/batijournal.com\/#website","url":"https:\/\/batijournal.com\/","name":"Batijournal","description":"L&#039;actualit\u00e9 du b\u00e2timent","potentialAction":[{"@type":"SearchAction","target":{"@type":"EntryPoint","urlTemplate":"https:\/\/batijournal.com\/?s={search_term_string}"},"query-input":{"@type":"PropertyValueSpecification","valueRequired":true,"valueName":"search_term_string"}}],"inLanguage":"fr-FR"},{"@type":"Person","@id":"https:\/\/batijournal.com\/#\/schema\/person\/4c7c7cef61be850f1b82b3492a006f17","name":"Lucien B","image":{"@type":"ImageObject","inLanguage":"fr-FR","@id":"https:\/\/secure.gravatar.com\/avatar\/7e53691871877667ca1b4481ee38eed4e735d5de53ad94ab51ac26fd8125e321?s=96&d=mm&r=g","url":"https:\/\/secure.gravatar.com\/avatar\/7e53691871877667ca1b4481ee38eed4e735d5de53ad94ab51ac26fd8125e321?s=96&d=mm&r=g","contentUrl":"https:\/\/secure.gravatar.com\/avatar\/7e53691871877667ca1b4481ee38eed4e735d5de53ad94ab51ac26fd8125e321?s=96&d=mm&r=g","caption":"Lucien B"},"url":"https:\/\/batijournal.com\/index.php\/author\/victor\/"}]}},"_links":{"self":[{"href":"https:\/\/batijournal.com\/index.php\/wp-json\/wp\/v2\/posts\/112050","targetHints":{"allow":["GET"]}}],"collection":[{"href":"https:\/\/batijournal.com\/index.php\/wp-json\/wp\/v2\/posts"}],"about":[{"href":"https:\/\/batijournal.com\/index.php\/wp-json\/wp\/v2\/types\/post"}],"author":[{"embeddable":true,"href":"https:\/\/batijournal.com\/index.php\/wp-json\/wp\/v2\/users\/18"}],"replies":[{"embeddable":true,"href":"https:\/\/batijournal.com\/index.php\/wp-json\/wp\/v2\/comments?post=112050"}],"version-history":[{"count":0,"href":"https:\/\/batijournal.com\/index.php\/wp-json\/wp\/v2\/posts\/112050\/revisions"}],"wp:featuredmedia":[{"embeddable":true,"href":"https:\/\/batijournal.com\/index.php\/wp-json\/wp\/v2\/media\/112051"}],"wp:attachment":[{"href":"https:\/\/batijournal.com\/index.php\/wp-json\/wp\/v2\/media?parent=112050"}],"wp:term":[{"taxonomy":"category","embeddable":true,"href":"https:\/\/batijournal.com\/index.php\/wp-json\/wp\/v2\/categories?post=112050"},{"taxonomy":"post_tag","embeddable":true,"href":"https:\/\/batijournal.com\/index.php\/wp-json\/wp\/v2\/tags?post=112050"}],"curies":[{"name":"wp","href":"https:\/\/api.w.org\/{rel}","templated":true}]}}