{"id":112178,"date":"2025-09-30T09:14:00","date_gmt":"2025-09-30T07:14:00","guid":{"rendered":"https:\/\/batijournal.com\/?p=112178"},"modified":"2025-09-29T15:19:38","modified_gmt":"2025-09-29T13:19:38","slug":"maprimerenov-reouverture-dun-parcours-accompagne-resserre","status":"publish","type":"post","link":"https:\/\/batijournal.com\/index.php\/maprimerenov-reouverture-dun-parcours-accompagne-resserre\/112178\/","title":{"rendered":"MaPrimeR\u00e9nov\u2019 : r\u00e9ouverture d\u2019un parcours accompagn\u00e9 resserr\u00e9"},"content":{"rendered":"<p><strong>MaPrimeR\u00e9nov\u2019 rouvre pour les travaux d\u2019ampleur \u00e0 partir de ce mardi 30 septembre. Le nombre de dossiers est toutefois fortement limit\u00e9, et les aides ainsi que les conditions d\u2019acc\u00e8s sont plus restreintes. La priorit\u00e9 est donn\u00e9e aux plus modestes.<\/strong><\/p>\n<p><a href=\"https:\/\/batijournal.com\/?s=MaPrimeR%C3%A9nov%E2%80%99+\" target=\"_blank\" rel=\"noopener\">MaPrimeR\u00e9nov\u2019<\/a> r\u00e9novation d\u2019ampleur, ou parcours accompagn\u00e9, rouvre ses portes \u2014 ou plut\u00f4t ses guichets \u2014 \u00e0 partir de ce mardi 30 septembre, apr\u00e8s trois mois de suspension. Cette d\u00e9cision avait \u00e9t\u00e9 motiv\u00e9e par l\u2019\u00e9puisement rapide des cr\u00e9dits allou\u00e9s pour l\u2019ann\u00e9e 2025.<\/p>\n<h2>13 000 dossiers, puis stop<\/h2>\n<p>Il va falloir jouer des coudes pour pouvoir en b\u00e9n\u00e9ficier, puisque seuls 13 000 dossiers suppl\u00e9mentaires seront accept\u00e9s jusqu\u2019\u00e0 la fin de l\u2019ann\u00e9e 2025. \u00c0 titre de comparaison, l\u2019Agence nationale de l\u2019habitat (Anah) avait re\u00e7u 29 000 dossiers pour le seul mois de juin. <em>\u00ab Le stock total est ainsi de 61 000 dossiers [\u00e0 instruire, NDLR], alors qu\u2019il aurait d\u00fb n\u2019atteindre que 40 000 dossiers environ \u00bb,<\/em> avait pr\u00e9cis\u00e9 le cabinet de Val\u00e9rie L\u00e9tard, ex-ministre du Logement.<\/p>\n<p>Le dispositif MaPrimeR\u00e9nov\u2019 avait alors \u00e9t\u00e9 suspendu dans sa totalit\u00e9, avant d\u2019\u00eatre finalement maintenu pour les monogestes. L\u2019interdiction concernant les r\u00e9novations d\u2019ampleur avait, quant \u00e0 elle, \u00e9t\u00e9 prolong\u00e9e, initialement jusqu\u2019au 15 septembre, puis jusqu\u2019au 30 septembre. D\u00e9sormais de nouveau disponible, elle n&rsquo;est toutefois dans une nouvelle formule revue \u00e0 la baisse.<\/p>\n<p>Peu avant sa d\u00e9mission, le gouvernement de Fran\u00e7ois Bayrou a publi\u00e9 un d\u00e9cret fixant les nouvelles conditions d\u2019\u00e9ligibilit\u00e9 \u00e0 MaPrimeR\u00e9nov\u2019. Pour les r\u00e9novations d\u2019ampleur, le dispositif a \u00e9t\u00e9 recentr\u00e9 sur les logements class\u00e9s E, F et G au diagnostic de performance \u00e9nerg\u00e9tique (DPE).<\/p>\n<h2>Plafonds et taux restreints<\/h2>\n<p>Autre gros changement : seuls les m\u00e9nages tr\u00e8s modestes pourront d\u00e9poser un dossier, et les m\u00e9nages modestes <em>\u00ab en fonction de la dynamique de d\u00e9p\u00f4t \u00bb,<\/em> pr\u00e9cise une page d\u00e9di\u00e9e du minist\u00e8re de l\u2019\u00c9conomie.<\/p>\n<p>Ce sont aussi les plafonds de travaux qui ont \u00e9t\u00e9 abaiss\u00e9s : \u00e0 30 000 \u20ac pour un gain de deux classes au DPE, et \u00e0 40 000 \u20ac pour un gain de trois classes au DPE. \u00c0 noter que le bonus de 10 % pour la sortie de passoire \u00e9nerg\u00e9tique a \u00e9t\u00e9 supprim\u00e9. Les taux de subvention des travaux sont, quant \u00e0 eux, de 45 % pour les m\u00e9nages aux ressources interm\u00e9diaires et de 10 % pour les m\u00e9nages aux ressources sup\u00e9rieures.<\/p>\n","protected":false},"excerpt":{"rendered":"<p>MaPrimeR\u00e9nov\u2019 rouvre pour les travaux d\u2019ampleur \u00e0 partir de ce mardi 30 septembre. Le nombre de dossiers est toutefois fortement limit\u00e9, et les aides ainsi que les conditions d\u2019acc\u00e8s sont plus restreintes. La priorit\u00e9 est donn\u00e9e aux plus modestes.<\/p>\n","protected":false},"author":18,"featured_media":111864,"comment_status":"closed","ping_status":"closed","sticky":false,"template":"","format":"standard","meta":{"_et_pb_use_builder":"","_et_pb_old_content":"","_et_gb_content_width":"","footnotes":""},"categories":[10736,10530],"tags":[],"class_list":["post-112178","post","type-post","status-publish","format-standard","has-post-thumbnail","hentry","category-a-la-une","category-actualites"],"yoast_head":"<!-- This site is optimized with the Yoast SEO plugin v27.4 - https:\/\/yoast.com\/product\/yoast-seo-wordpress\/ -->\n<title>MaPrimeR\u00e9nov\u2019 : r\u00e9ouverture d\u2019un parcours accompagn\u00e9 resserr\u00e9<\/title>\n<meta name=\"robots\" content=\"index, follow, max-snippet:-1, max-image-preview:large, max-video-preview:-1\" \/>\n<link rel=\"canonical\" href=\"https:\/\/batijournal.com\/index.php\/maprimerenov-reouverture-dun-parcours-accompagne-resserre\/112178\/\" \/>\n<meta property=\"og:locale\" content=\"fr_FR\" \/>\n<meta property=\"og:type\" content=\"article\" \/>\n<meta property=\"og:title\" content=\"MaPrimeR\u00e9nov\u2019 : r\u00e9ouverture d\u2019un parcours accompagn\u00e9 resserr\u00e9\" \/>\n<meta property=\"og:description\" content=\"MaPrimeR\u00e9nov\u2019 rouvre pour les travaux d\u2019ampleur \u00e0 partir de ce mardi 30 septembre. Le nombre de dossiers est toutefois fortement limit\u00e9, et les aides ainsi que les conditions d\u2019acc\u00e8s sont plus restreintes. La priorit\u00e9 est donn\u00e9e aux plus modestes.\" \/>\n<meta property=\"og:url\" content=\"https:\/\/batijournal.com\/index.php\/maprimerenov-reouverture-dun-parcours-accompagne-resserre\/112178\/\" \/>\n<meta property=\"og:site_name\" content=\"Batijournal\" \/>\n<meta property=\"article:published_time\" content=\"2025-09-30T07:14:00+00:00\" \/>\n<meta property=\"og:image\" content=\"https:\/\/batijournal.com\/wp-content\/uploads\/2025\/06\/chantier-renovation.jpg\" \/>\n\t<meta property=\"og:image:width\" content=\"1000\" \/>\n\t<meta property=\"og:image:height\" content=\"765\" \/>\n\t<meta property=\"og:image:type\" content=\"image\/jpeg\" \/>\n<meta name=\"author\" content=\"Lucien B\" \/>\n<meta name=\"twitter:card\" content=\"summary_large_image\" \/>\n<meta name=\"twitter:creator\" content=\"@bati_journal\" \/>\n<meta name=\"twitter:site\" content=\"@bati_journal\" \/>\n<meta name=\"twitter:label1\" content=\"\u00c9crit par\" \/>\n\t<meta name=\"twitter:data1\" content=\"Lucien B\" \/>\n\t<meta name=\"twitter:label2\" content=\"Dur\u00e9e de lecture estim\u00e9e\" \/>\n\t<meta name=\"twitter:data2\" content=\"2 minutes\" \/>\n<script type=\"application\/ld+json\" class=\"yoast-schema-graph\">{\"@context\":\"https:\\\/\\\/schema.org\",\"@graph\":[{\"@type\":\"Article\",\"@id\":\"https:\\\/\\\/batijournal.com\\\/index.php\\\/maprimerenov-reouverture-dun-parcours-accompagne-resserre\\\/112178\\\/#article\",\"isPartOf\":{\"@id\":\"https:\\\/\\\/batijournal.com\\\/index.php\\\/maprimerenov-reouverture-dun-parcours-accompagne-resserre\\\/112178\\\/\"},\"author\":{\"name\":\"Lucien B\",\"@id\":\"https:\\\/\\\/batijournal.com\\\/#\\\/schema\\\/person\\\/4c7c7cef61be850f1b82b3492a006f17\"},\"headline\":\"MaPrimeR\u00e9nov\u2019 : r\u00e9ouverture d\u2019un parcours accompagn\u00e9 resserr\u00e9\",\"datePublished\":\"2025-09-30T07:14:00+00:00\",\"mainEntityOfPage\":{\"@id\":\"https:\\\/\\\/batijournal.com\\\/index.php\\\/maprimerenov-reouverture-dun-parcours-accompagne-resserre\\\/112178\\\/\"},\"wordCount\":407,\"image\":{\"@id\":\"https:\\\/\\\/batijournal.com\\\/index.php\\\/maprimerenov-reouverture-dun-parcours-accompagne-resserre\\\/112178\\\/#primaryimage\"},\"thumbnailUrl\":\"https:\\\/\\\/batijournal.com\\\/wp-content\\\/uploads\\\/2025\\\/06\\\/chantier-renovation.jpg\",\"articleSection\":[\"A la Une\",\"Actualit\u00e9s\"],\"inLanguage\":\"fr-FR\"},{\"@type\":\"WebPage\",\"@id\":\"https:\\\/\\\/batijournal.com\\\/index.php\\\/maprimerenov-reouverture-dun-parcours-accompagne-resserre\\\/112178\\\/\",\"url\":\"https:\\\/\\\/batijournal.com\\\/index.php\\\/maprimerenov-reouverture-dun-parcours-accompagne-resserre\\\/112178\\\/\",\"name\":\"MaPrimeR\u00e9nov\u2019 : r\u00e9ouverture d\u2019un parcours accompagn\u00e9 resserr\u00e9\",\"isPartOf\":{\"@id\":\"https:\\\/\\\/batijournal.com\\\/#website\"},\"primaryImageOfPage\":{\"@id\":\"https:\\\/\\\/batijournal.com\\\/index.php\\\/maprimerenov-reouverture-dun-parcours-accompagne-resserre\\\/112178\\\/#primaryimage\"},\"image\":{\"@id\":\"https:\\\/\\\/batijournal.com\\\/index.php\\\/maprimerenov-reouverture-dun-parcours-accompagne-resserre\\\/112178\\\/#primaryimage\"},\"thumbnailUrl\":\"https:\\\/\\\/batijournal.com\\\/wp-content\\\/uploads\\\/2025\\\/06\\\/chantier-renovation.jpg\",\"datePublished\":\"2025-09-30T07:14:00+00:00\",\"author\":{\"@id\":\"https:\\\/\\\/batijournal.com\\\/#\\\/schema\\\/person\\\/4c7c7cef61be850f1b82b3492a006f17\"},\"breadcrumb\":{\"@id\":\"https:\\\/\\\/batijournal.com\\\/index.php\\\/maprimerenov-reouverture-dun-parcours-accompagne-resserre\\\/112178\\\/#breadcrumb\"},\"inLanguage\":\"fr-FR\",\"potentialAction\":[{\"@type\":\"ReadAction\",\"target\":[\"https:\\\/\\\/batijournal.com\\\/index.php\\\/maprimerenov-reouverture-dun-parcours-accompagne-resserre\\\/112178\\\/\"]}]},{\"@type\":\"ImageObject\",\"inLanguage\":\"fr-FR\",\"@id\":\"https:\\\/\\\/batijournal.com\\\/index.php\\\/maprimerenov-reouverture-dun-parcours-accompagne-resserre\\\/112178\\\/#primaryimage\",\"url\":\"https:\\\/\\\/batijournal.com\\\/wp-content\\\/uploads\\\/2025\\\/06\\\/chantier-renovation.jpg\",\"contentUrl\":\"https:\\\/\\\/batijournal.com\\\/wp-content\\\/uploads\\\/2025\\\/06\\\/chantier-renovation.jpg\",\"width\":1000,\"height\":765},{\"@type\":\"BreadcrumbList\",\"@id\":\"https:\\\/\\\/batijournal.com\\\/index.php\\\/maprimerenov-reouverture-dun-parcours-accompagne-resserre\\\/112178\\\/#breadcrumb\",\"itemListElement\":[{\"@type\":\"ListItem\",\"position\":1,\"name\":\"Accueil\",\"item\":\"https:\\\/\\\/batijournal.com\\\/\"},{\"@type\":\"ListItem\",\"position\":2,\"name\":\"A la Une\",\"item\":\"https:\\\/\\\/batijournal.com\\\/index.php\\\/category\\\/a-la-une\\\/\"},{\"@type\":\"ListItem\",\"position\":3,\"name\":\"MaPrimeR\u00e9nov\u2019 : r\u00e9ouverture d\u2019un parcours accompagn\u00e9 resserr\u00e9\"}]},{\"@type\":\"WebSite\",\"@id\":\"https:\\\/\\\/batijournal.com\\\/#website\",\"url\":\"https:\\\/\\\/batijournal.com\\\/\",\"name\":\"Batijournal\",\"description\":\"L&#039;actualit\u00e9 du b\u00e2timent\",\"potentialAction\":[{\"@type\":\"SearchAction\",\"target\":{\"@type\":\"EntryPoint\",\"urlTemplate\":\"https:\\\/\\\/batijournal.com\\\/?s={search_term_string}\"},\"query-input\":{\"@type\":\"PropertyValueSpecification\",\"valueRequired\":true,\"valueName\":\"search_term_string\"}}],\"inLanguage\":\"fr-FR\"},{\"@type\":\"Person\",\"@id\":\"https:\\\/\\\/batijournal.com\\\/#\\\/schema\\\/person\\\/4c7c7cef61be850f1b82b3492a006f17\",\"name\":\"Lucien B\",\"image\":{\"@type\":\"ImageObject\",\"inLanguage\":\"fr-FR\",\"@id\":\"https:\\\/\\\/secure.gravatar.com\\\/avatar\\\/7e53691871877667ca1b4481ee38eed4e735d5de53ad94ab51ac26fd8125e321?s=96&d=mm&r=g\",\"url\":\"https:\\\/\\\/secure.gravatar.com\\\/avatar\\\/7e53691871877667ca1b4481ee38eed4e735d5de53ad94ab51ac26fd8125e321?s=96&d=mm&r=g\",\"contentUrl\":\"https:\\\/\\\/secure.gravatar.com\\\/avatar\\\/7e53691871877667ca1b4481ee38eed4e735d5de53ad94ab51ac26fd8125e321?s=96&d=mm&r=g\",\"caption\":\"Lucien B\"},\"url\":\"https:\\\/\\\/batijournal.com\\\/index.php\\\/author\\\/victor\\\/\"}]}<\/script>\n<!-- \/ Yoast SEO plugin. -->","yoast_head_json":{"title":"MaPrimeR\u00e9nov\u2019 : r\u00e9ouverture d\u2019un parcours accompagn\u00e9 resserr\u00e9","robots":{"index":"index","follow":"follow","max-snippet":"max-snippet:-1","max-image-preview":"max-image-preview:large","max-video-preview":"max-video-preview:-1"},"canonical":"https:\/\/batijournal.com\/index.php\/maprimerenov-reouverture-dun-parcours-accompagne-resserre\/112178\/","og_locale":"fr_FR","og_type":"article","og_title":"MaPrimeR\u00e9nov\u2019 : r\u00e9ouverture d\u2019un parcours accompagn\u00e9 resserr\u00e9","og_description":"MaPrimeR\u00e9nov\u2019 rouvre pour les travaux d\u2019ampleur \u00e0 partir de ce mardi 30 septembre. Le nombre de dossiers est toutefois fortement limit\u00e9, et les aides ainsi que les conditions d\u2019acc\u00e8s sont plus restreintes. La priorit\u00e9 est donn\u00e9e aux plus modestes.","og_url":"https:\/\/batijournal.com\/index.php\/maprimerenov-reouverture-dun-parcours-accompagne-resserre\/112178\/","og_site_name":"Batijournal","article_published_time":"2025-09-30T07:14:00+00:00","og_image":[{"width":1000,"height":765,"url":"https:\/\/batijournal.com\/wp-content\/uploads\/2025\/06\/chantier-renovation.jpg","type":"image\/jpeg"}],"author":"Lucien B","twitter_card":"summary_large_image","twitter_creator":"@bati_journal","twitter_site":"@bati_journal","twitter_misc":{"\u00c9crit par":"Lucien B","Dur\u00e9e de lecture estim\u00e9e":"2 minutes"},"schema":{"@context":"https:\/\/schema.org","@graph":[{"@type":"Article","@id":"https:\/\/batijournal.com\/index.php\/maprimerenov-reouverture-dun-parcours-accompagne-resserre\/112178\/#article","isPartOf":{"@id":"https:\/\/batijournal.com\/index.php\/maprimerenov-reouverture-dun-parcours-accompagne-resserre\/112178\/"},"author":{"name":"Lucien B","@id":"https:\/\/batijournal.com\/#\/schema\/person\/4c7c7cef61be850f1b82b3492a006f17"},"headline":"MaPrimeR\u00e9nov\u2019 : r\u00e9ouverture d\u2019un parcours accompagn\u00e9 resserr\u00e9","datePublished":"2025-09-30T07:14:00+00:00","mainEntityOfPage":{"@id":"https:\/\/batijournal.com\/index.php\/maprimerenov-reouverture-dun-parcours-accompagne-resserre\/112178\/"},"wordCount":407,"image":{"@id":"https:\/\/batijournal.com\/index.php\/maprimerenov-reouverture-dun-parcours-accompagne-resserre\/112178\/#primaryimage"},"thumbnailUrl":"https:\/\/batijournal.com\/wp-content\/uploads\/2025\/06\/chantier-renovation.jpg","articleSection":["A la Une","Actualit\u00e9s"],"inLanguage":"fr-FR"},{"@type":"WebPage","@id":"https:\/\/batijournal.com\/index.php\/maprimerenov-reouverture-dun-parcours-accompagne-resserre\/112178\/","url":"https:\/\/batijournal.com\/index.php\/maprimerenov-reouverture-dun-parcours-accompagne-resserre\/112178\/","name":"MaPrimeR\u00e9nov\u2019 : r\u00e9ouverture d\u2019un parcours accompagn\u00e9 resserr\u00e9","isPartOf":{"@id":"https:\/\/batijournal.com\/#website"},"primaryImageOfPage":{"@id":"https:\/\/batijournal.com\/index.php\/maprimerenov-reouverture-dun-parcours-accompagne-resserre\/112178\/#primaryimage"},"image":{"@id":"https:\/\/batijournal.com\/index.php\/maprimerenov-reouverture-dun-parcours-accompagne-resserre\/112178\/#primaryimage"},"thumbnailUrl":"https:\/\/batijournal.com\/wp-content\/uploads\/2025\/06\/chantier-renovation.jpg","datePublished":"2025-09-30T07:14:00+00:00","author":{"@id":"https:\/\/batijournal.com\/#\/schema\/person\/4c7c7cef61be850f1b82b3492a006f17"},"breadcrumb":{"@id":"https:\/\/batijournal.com\/index.php\/maprimerenov-reouverture-dun-parcours-accompagne-resserre\/112178\/#breadcrumb"},"inLanguage":"fr-FR","potentialAction":[{"@type":"ReadAction","target":["https:\/\/batijournal.com\/index.php\/maprimerenov-reouverture-dun-parcours-accompagne-resserre\/112178\/"]}]},{"@type":"ImageObject","inLanguage":"fr-FR","@id":"https:\/\/batijournal.com\/index.php\/maprimerenov-reouverture-dun-parcours-accompagne-resserre\/112178\/#primaryimage","url":"https:\/\/batijournal.com\/wp-content\/uploads\/2025\/06\/chantier-renovation.jpg","contentUrl":"https:\/\/batijournal.com\/wp-content\/uploads\/2025\/06\/chantier-renovation.jpg","width":1000,"height":765},{"@type":"BreadcrumbList","@id":"https:\/\/batijournal.com\/index.php\/maprimerenov-reouverture-dun-parcours-accompagne-resserre\/112178\/#breadcrumb","itemListElement":[{"@type":"ListItem","position":1,"name":"Accueil","item":"https:\/\/batijournal.com\/"},{"@type":"ListItem","position":2,"name":"A la Une","item":"https:\/\/batijournal.com\/index.php\/category\/a-la-une\/"},{"@type":"ListItem","position":3,"name":"MaPrimeR\u00e9nov\u2019 : r\u00e9ouverture d\u2019un parcours accompagn\u00e9 resserr\u00e9"}]},{"@type":"WebSite","@id":"https:\/\/batijournal.com\/#website","url":"https:\/\/batijournal.com\/","name":"Batijournal","description":"L&#039;actualit\u00e9 du b\u00e2timent","potentialAction":[{"@type":"SearchAction","target":{"@type":"EntryPoint","urlTemplate":"https:\/\/batijournal.com\/?s={search_term_string}"},"query-input":{"@type":"PropertyValueSpecification","valueRequired":true,"valueName":"search_term_string"}}],"inLanguage":"fr-FR"},{"@type":"Person","@id":"https:\/\/batijournal.com\/#\/schema\/person\/4c7c7cef61be850f1b82b3492a006f17","name":"Lucien B","image":{"@type":"ImageObject","inLanguage":"fr-FR","@id":"https:\/\/secure.gravatar.com\/avatar\/7e53691871877667ca1b4481ee38eed4e735d5de53ad94ab51ac26fd8125e321?s=96&d=mm&r=g","url":"https:\/\/secure.gravatar.com\/avatar\/7e53691871877667ca1b4481ee38eed4e735d5de53ad94ab51ac26fd8125e321?s=96&d=mm&r=g","contentUrl":"https:\/\/secure.gravatar.com\/avatar\/7e53691871877667ca1b4481ee38eed4e735d5de53ad94ab51ac26fd8125e321?s=96&d=mm&r=g","caption":"Lucien B"},"url":"https:\/\/batijournal.com\/index.php\/author\/victor\/"}]}},"_links":{"self":[{"href":"https:\/\/batijournal.com\/index.php\/wp-json\/wp\/v2\/posts\/112178","targetHints":{"allow":["GET"]}}],"collection":[{"href":"https:\/\/batijournal.com\/index.php\/wp-json\/wp\/v2\/posts"}],"about":[{"href":"https:\/\/batijournal.com\/index.php\/wp-json\/wp\/v2\/types\/post"}],"author":[{"embeddable":true,"href":"https:\/\/batijournal.com\/index.php\/wp-json\/wp\/v2\/users\/18"}],"replies":[{"embeddable":true,"href":"https:\/\/batijournal.com\/index.php\/wp-json\/wp\/v2\/comments?post=112178"}],"version-history":[{"count":0,"href":"https:\/\/batijournal.com\/index.php\/wp-json\/wp\/v2\/posts\/112178\/revisions"}],"wp:featuredmedia":[{"embeddable":true,"href":"https:\/\/batijournal.com\/index.php\/wp-json\/wp\/v2\/media\/111864"}],"wp:attachment":[{"href":"https:\/\/batijournal.com\/index.php\/wp-json\/wp\/v2\/media?parent=112178"}],"wp:term":[{"taxonomy":"category","embeddable":true,"href":"https:\/\/batijournal.com\/index.php\/wp-json\/wp\/v2\/categories?post=112178"},{"taxonomy":"post_tag","embeddable":true,"href":"https:\/\/batijournal.com\/index.php\/wp-json\/wp\/v2\/tags?post=112178"}],"curies":[{"name":"wp","href":"https:\/\/api.w.org\/{rel}","templated":true}]}}