{"id":112489,"date":"2025-11-12T10:08:34","date_gmt":"2025-11-12T09:08:34","guid":{"rendered":"https:\/\/batijournal.com\/?p=112489"},"modified":"2025-11-12T10:08:34","modified_gmt":"2025-11-12T09:08:34","slug":"la-ville-de-meudon-distinguee-aux-rubans-du-patrimoine-2025","status":"publish","type":"post","link":"https:\/\/batijournal.com\/index.php\/la-ville-de-meudon-distinguee-aux-rubans-du-patrimoine-2025\/112489\/","title":{"rendered":"La ville de Meudon distingu\u00e9e aux Rubans du Patrimoine 2025"},"content":{"rendered":"<p class=\"p1\">La F\u00e9d\u00e9ration Fran\u00e7aise du B\u00e2timent Grand Paris \u00cele-de-France (FFB GP IDF) a annonc\u00e9 que la ville de Meudon a re\u00e7u un <span class=\"s1\"><b>prix d\u00e9partemental<\/b><\/span> dans le cadre de la 31e \u00e9dition du concours des <span class=\"s1\"><b>Rubans du Patrimoine<\/b><\/span>. Cette distinction r\u00e9compense les travaux de restauration de la <span class=\"s1\"><b>chapelle Saint-Georges<\/b><\/span>, situ\u00e9e dans le parc du Potager du Dauphin. La c\u00e9r\u00e9monie de remise du prix se tiendra le lundi 17 novembre \u00e0 15h30 sur le site restaur\u00e9, en pr\u00e9sence de repr\u00e9sentants de l\u2019Union D\u00e9partementale du B\u00e2timent des Hauts-de-Seine.<\/p>\n<p class=\"p1\"><b>La restauration de la chapelle Saint-Georges<\/b><\/p>\n<p class=\"p1\">Construite en 1956 et labellis\u00e9e d\u2019int\u00e9r\u00eat r\u00e9gional par la r\u00e9gion \u00cele-de-France en 2019, la chapelle Saint-Georges fait partie int\u00e9grante du patrimoine culturel meudonnais. Malgr\u00e9 plusieurs campagnes d\u2019entretien, l\u2019\u00e9difice pr\u00e9sentait d\u2019importantes d\u00e9gradations. Les travaux r\u00e9cents ont permis de remettre le b\u00e2timent hors d\u2019eau, de restaurer la charpente et la toiture, et de moderniser les installations techniques, notamment le chauffage et la ventilation. Les fa\u00e7ades et les peintures murales ont \u00e9galement \u00e9t\u00e9 r\u00e9nov\u00e9es. Ces interventions ont redonn\u00e9 \u00e0 la chapelle son aspect d\u2019origine et renforc\u00e9 ses conditions d\u2019accueil pour le public. La ville de Meudon souhaite d\u00e9sormais inscrire ce lieu dans une dynamique culturelle vivante, avec une programmation ouverte et des \u00e9v\u00e9nements destin\u00e9s \u00e0 valoriser ce patrimoine du XXe si\u00e8cle.<\/p>\n<p class=\"p1\"><b>Un concours d\u00e9di\u00e9 \u00e0 la valorisation du patrimoine b\u00e2ti<\/b><\/p>\n<p class=\"p1\">Cr\u00e9\u00e9 en 1995, le concours des Rubans du Patrimoine met en avant les projets de restauration r\u00e9alis\u00e9s par des collectivit\u00e9s locales en collaboration avec des entreprises du b\u00e2timent. Il valorise les initiatives qui contribuent \u00e0 la transmission des savoir-faire, au dynamisme \u00e9conomique local et \u00e0 la pr\u00e9servation du patrimoine. Depuis sa cr\u00e9ation, la r\u00e9gion \u00cele-de-France a re\u00e7u <span class=\"s1\"><b>166 prix<\/b><\/span>, dont <span class=\"s1\"><b>14 dans les Hauts-de-Seine<\/b><\/span>. La FFB Grand Paris \u00cele-de-France souligne, \u00e0 travers ces distinctions, l\u2019importance du lien entre les acteurs publics et les professionnels du b\u00e2timent dans la sauvegarde du patrimoine r\u00e9gional.<\/p>\n<p class=\"p1\"><b>Une nouvelle \u00e9dition ouverte aux candidatures<\/b><\/p>\n<p class=\"p1\">La <span class=\"s1\"><b>32e \u00e9dition<\/b><\/span> du concours est d\u00e9sormais ouverte. Les communes et structures intercommunales ayant men\u00e9 des op\u00e9rations de r\u00e9novation ou de mise en valeur de leur patrimoine peuvent d\u00e9poser leur candidature jusqu\u2019au <span class=\"s1\"><b>31 janvier 2026<\/b><\/span>. Les projets seront \u00e9valu\u00e9s selon plusieurs crit\u00e8res : la qualit\u00e9 architecturale, l\u2019int\u00e9r\u00eat patrimonial, la coh\u00e9rence esth\u00e9tique, la qualit\u00e9 de la mise en \u0153uvre et les retomb\u00e9es locales.<\/p>\n<h4><b>Un partenariat national autour du patrimoine<\/b><\/h4>\n<p class=\"p4\"><span class=\"s3\">Le concours des Rubans du Patrimoine est organis\u00e9 en partenariat avec la <\/span><b>F\u00e9d\u00e9ration Fran\u00e7aise du B\u00e2timent<\/b><span class=\"s3\">, l\u2019<\/span><b>Association des maires de France<\/b><span class=\"s3\">, la <\/span><b>Fondation du patrimoine<\/b><span class=\"s3\">, la <\/span><b>F\u00e9d\u00e9ration nationale des Caisses d\u2019\u00c9pargne<\/b><span class=\"s3\">et le <\/span><b>Groupement Fran\u00e7ais des Entreprises de Restauration de Monuments Historiques<\/b><span class=\"s3\">. <\/span>Chaque ann\u00e9e, un jury de professionnels \u00e9value les projets candidats et distingue les op\u00e9rations les plus exemplaires, tant sur le plan technique qu\u2019\u00e9conomique, social ou environnemental.<\/p>\n<p>Photo : \u00a9Ville de Meudon<\/p>\n","protected":false},"excerpt":{"rendered":"<p>La F\u00e9d\u00e9ration Fran\u00e7aise du B\u00e2timent Grand Paris \u00cele-de-France (FFB GP IDF) a annonc\u00e9 que la ville de Meudon a re\u00e7u un prix d\u00e9partemental dans le cadre de la 31e \u00e9dition du concours des Rubans du Patrimoine. Cette distinction r\u00e9compense les travaux de restauration de la chapelle Saint-Georges, situ\u00e9e dans le parc du Potager du Dauphin. [&hellip;]<\/p>\n","protected":false},"author":1,"featured_media":112490,"comment_status":"closed","ping_status":"closed","sticky":false,"template":"","format":"standard","meta":{"_et_pb_use_builder":"","_et_pb_old_content":"","_et_gb_content_width":"","footnotes":""},"categories":[10736,10530],"tags":[],"class_list":["post-112489","post","type-post","status-publish","format-standard","has-post-thumbnail","hentry","category-a-la-une","category-actualites"],"yoast_head":"<!-- This site is optimized with the Yoast SEO plugin v27.4 - https:\/\/yoast.com\/product\/yoast-seo-wordpress\/ -->\n<title>La ville de Meudon distingu\u00e9e aux Rubans du Patrimoine 2025<\/title>\n<meta name=\"robots\" content=\"index, follow, max-snippet:-1, max-image-preview:large, max-video-preview:-1\" \/>\n<link rel=\"canonical\" href=\"https:\/\/batijournal.com\/index.php\/la-ville-de-meudon-distinguee-aux-rubans-du-patrimoine-2025\/112489\/\" \/>\n<meta property=\"og:locale\" content=\"fr_FR\" \/>\n<meta property=\"og:type\" content=\"article\" \/>\n<meta property=\"og:title\" content=\"La ville de Meudon distingu\u00e9e aux Rubans du Patrimoine 2025\" \/>\n<meta property=\"og:description\" content=\"La F\u00e9d\u00e9ration Fran\u00e7aise du B\u00e2timent Grand Paris \u00cele-de-France (FFB GP IDF) a annonc\u00e9 que la ville de Meudon a re\u00e7u un prix d\u00e9partemental dans le cadre de la 31e \u00e9dition du concours des Rubans du Patrimoine. Cette distinction r\u00e9compense les travaux de restauration de la chapelle Saint-Georges, situ\u00e9e dans le parc du Potager du Dauphin. [&hellip;]\" \/>\n<meta property=\"og:url\" content=\"https:\/\/batijournal.com\/index.php\/la-ville-de-meudon-distinguee-aux-rubans-du-patrimoine-2025\/112489\/\" \/>\n<meta property=\"og:site_name\" content=\"Batijournal\" \/>\n<meta property=\"article:published_time\" content=\"2025-11-12T09:08:34+00:00\" \/>\n<meta property=\"og:image\" content=\"https:\/\/batijournal.com\/wp-content\/uploads\/2025\/11\/photo-chapelle-saint-georges-meudon.png\" \/>\n\t<meta property=\"og:image:width\" content=\"837\" \/>\n\t<meta property=\"og:image:height\" content=\"633\" \/>\n\t<meta property=\"og:image:type\" content=\"image\/png\" \/>\n<meta name=\"author\" content=\"Bati-journal\" \/>\n<meta name=\"twitter:card\" content=\"summary_large_image\" \/>\n<meta name=\"twitter:creator\" content=\"@bati_journal\" \/>\n<meta name=\"twitter:site\" content=\"@bati_journal\" \/>\n<meta name=\"twitter:label1\" content=\"\u00c9crit par\" \/>\n\t<meta name=\"twitter:data1\" content=\"Bati-journal\" \/>\n\t<meta name=\"twitter:label2\" content=\"Dur\u00e9e de lecture estim\u00e9e\" \/>\n\t<meta name=\"twitter:data2\" content=\"3 minutes\" \/>\n<script type=\"application\/ld+json\" class=\"yoast-schema-graph\">{\"@context\":\"https:\\\/\\\/schema.org\",\"@graph\":[{\"@type\":\"Article\",\"@id\":\"https:\\\/\\\/batijournal.com\\\/index.php\\\/la-ville-de-meudon-distinguee-aux-rubans-du-patrimoine-2025\\\/112489\\\/#article\",\"isPartOf\":{\"@id\":\"https:\\\/\\\/batijournal.com\\\/index.php\\\/la-ville-de-meudon-distinguee-aux-rubans-du-patrimoine-2025\\\/112489\\\/\"},\"author\":{\"name\":\"Bati-journal\",\"@id\":\"https:\\\/\\\/batijournal.com\\\/#\\\/schema\\\/person\\\/6a657e8967569e1b299972574848aa76\"},\"headline\":\"La ville de Meudon distingu\u00e9e aux Rubans du Patrimoine 2025\",\"datePublished\":\"2025-11-12T09:08:34+00:00\",\"mainEntityOfPage\":{\"@id\":\"https:\\\/\\\/batijournal.com\\\/index.php\\\/la-ville-de-meudon-distinguee-aux-rubans-du-patrimoine-2025\\\/112489\\\/\"},\"wordCount\":526,\"image\":{\"@id\":\"https:\\\/\\\/batijournal.com\\\/index.php\\\/la-ville-de-meudon-distinguee-aux-rubans-du-patrimoine-2025\\\/112489\\\/#primaryimage\"},\"thumbnailUrl\":\"https:\\\/\\\/batijournal.com\\\/wp-content\\\/uploads\\\/2025\\\/11\\\/photo-chapelle-saint-georges-meudon.png\",\"articleSection\":[\"A la Une\",\"Actualit\u00e9s\"],\"inLanguage\":\"fr-FR\"},{\"@type\":\"WebPage\",\"@id\":\"https:\\\/\\\/batijournal.com\\\/index.php\\\/la-ville-de-meudon-distinguee-aux-rubans-du-patrimoine-2025\\\/112489\\\/\",\"url\":\"https:\\\/\\\/batijournal.com\\\/index.php\\\/la-ville-de-meudon-distinguee-aux-rubans-du-patrimoine-2025\\\/112489\\\/\",\"name\":\"La ville de Meudon distingu\u00e9e aux Rubans du Patrimoine 2025\",\"isPartOf\":{\"@id\":\"https:\\\/\\\/batijournal.com\\\/#website\"},\"primaryImageOfPage\":{\"@id\":\"https:\\\/\\\/batijournal.com\\\/index.php\\\/la-ville-de-meudon-distinguee-aux-rubans-du-patrimoine-2025\\\/112489\\\/#primaryimage\"},\"image\":{\"@id\":\"https:\\\/\\\/batijournal.com\\\/index.php\\\/la-ville-de-meudon-distinguee-aux-rubans-du-patrimoine-2025\\\/112489\\\/#primaryimage\"},\"thumbnailUrl\":\"https:\\\/\\\/batijournal.com\\\/wp-content\\\/uploads\\\/2025\\\/11\\\/photo-chapelle-saint-georges-meudon.png\",\"datePublished\":\"2025-11-12T09:08:34+00:00\",\"author\":{\"@id\":\"https:\\\/\\\/batijournal.com\\\/#\\\/schema\\\/person\\\/6a657e8967569e1b299972574848aa76\"},\"breadcrumb\":{\"@id\":\"https:\\\/\\\/batijournal.com\\\/index.php\\\/la-ville-de-meudon-distinguee-aux-rubans-du-patrimoine-2025\\\/112489\\\/#breadcrumb\"},\"inLanguage\":\"fr-FR\",\"potentialAction\":[{\"@type\":\"ReadAction\",\"target\":[\"https:\\\/\\\/batijournal.com\\\/index.php\\\/la-ville-de-meudon-distinguee-aux-rubans-du-patrimoine-2025\\\/112489\\\/\"]}]},{\"@type\":\"ImageObject\",\"inLanguage\":\"fr-FR\",\"@id\":\"https:\\\/\\\/batijournal.com\\\/index.php\\\/la-ville-de-meudon-distinguee-aux-rubans-du-patrimoine-2025\\\/112489\\\/#primaryimage\",\"url\":\"https:\\\/\\\/batijournal.com\\\/wp-content\\\/uploads\\\/2025\\\/11\\\/photo-chapelle-saint-georges-meudon.png\",\"contentUrl\":\"https:\\\/\\\/batijournal.com\\\/wp-content\\\/uploads\\\/2025\\\/11\\\/photo-chapelle-saint-georges-meudon.png\",\"width\":837,\"height\":633},{\"@type\":\"BreadcrumbList\",\"@id\":\"https:\\\/\\\/batijournal.com\\\/index.php\\\/la-ville-de-meudon-distinguee-aux-rubans-du-patrimoine-2025\\\/112489\\\/#breadcrumb\",\"itemListElement\":[{\"@type\":\"ListItem\",\"position\":1,\"name\":\"Accueil\",\"item\":\"https:\\\/\\\/batijournal.com\\\/\"},{\"@type\":\"ListItem\",\"position\":2,\"name\":\"A la Une\",\"item\":\"https:\\\/\\\/batijournal.com\\\/index.php\\\/category\\\/a-la-une\\\/\"},{\"@type\":\"ListItem\",\"position\":3,\"name\":\"La ville de Meudon distingu\u00e9e aux Rubans du Patrimoine 2025\"}]},{\"@type\":\"WebSite\",\"@id\":\"https:\\\/\\\/batijournal.com\\\/#website\",\"url\":\"https:\\\/\\\/batijournal.com\\\/\",\"name\":\"Batijournal\",\"description\":\"L&#039;actualit\u00e9 du b\u00e2timent\",\"potentialAction\":[{\"@type\":\"SearchAction\",\"target\":{\"@type\":\"EntryPoint\",\"urlTemplate\":\"https:\\\/\\\/batijournal.com\\\/?s={search_term_string}\"},\"query-input\":{\"@type\":\"PropertyValueSpecification\",\"valueRequired\":true,\"valueName\":\"search_term_string\"}}],\"inLanguage\":\"fr-FR\"},{\"@type\":\"Person\",\"@id\":\"https:\\\/\\\/batijournal.com\\\/#\\\/schema\\\/person\\\/6a657e8967569e1b299972574848aa76\",\"name\":\"Bati-journal\",\"image\":{\"@type\":\"ImageObject\",\"inLanguage\":\"fr-FR\",\"@id\":\"https:\\\/\\\/secure.gravatar.com\\\/avatar\\\/a64364ea26392f9b4dd47e017ddaec74ff03aefc073b49e492e847201258f777?s=96&d=mm&r=g\",\"url\":\"https:\\\/\\\/secure.gravatar.com\\\/avatar\\\/a64364ea26392f9b4dd47e017ddaec74ff03aefc073b49e492e847201258f777?s=96&d=mm&r=g\",\"contentUrl\":\"https:\\\/\\\/secure.gravatar.com\\\/avatar\\\/a64364ea26392f9b4dd47e017ddaec74ff03aefc073b49e492e847201258f777?s=96&d=mm&r=g\",\"caption\":\"Bati-journal\"},\"url\":\"https:\\\/\\\/batijournal.com\\\/index.php\\\/author\\\/elodie\\\/\"}]}<\/script>\n<!-- \/ Yoast SEO plugin. -->","yoast_head_json":{"title":"La ville de Meudon distingu\u00e9e aux Rubans du Patrimoine 2025","robots":{"index":"index","follow":"follow","max-snippet":"max-snippet:-1","max-image-preview":"max-image-preview:large","max-video-preview":"max-video-preview:-1"},"canonical":"https:\/\/batijournal.com\/index.php\/la-ville-de-meudon-distinguee-aux-rubans-du-patrimoine-2025\/112489\/","og_locale":"fr_FR","og_type":"article","og_title":"La ville de Meudon distingu\u00e9e aux Rubans du Patrimoine 2025","og_description":"La F\u00e9d\u00e9ration Fran\u00e7aise du B\u00e2timent Grand Paris \u00cele-de-France (FFB GP IDF) a annonc\u00e9 que la ville de Meudon a re\u00e7u un prix d\u00e9partemental dans le cadre de la 31e \u00e9dition du concours des Rubans du Patrimoine. Cette distinction r\u00e9compense les travaux de restauration de la chapelle Saint-Georges, situ\u00e9e dans le parc du Potager du Dauphin. [&hellip;]","og_url":"https:\/\/batijournal.com\/index.php\/la-ville-de-meudon-distinguee-aux-rubans-du-patrimoine-2025\/112489\/","og_site_name":"Batijournal","article_published_time":"2025-11-12T09:08:34+00:00","og_image":[{"width":837,"height":633,"url":"https:\/\/batijournal.com\/wp-content\/uploads\/2025\/11\/photo-chapelle-saint-georges-meudon.png","type":"image\/png"}],"author":"Bati-journal","twitter_card":"summary_large_image","twitter_creator":"@bati_journal","twitter_site":"@bati_journal","twitter_misc":{"\u00c9crit par":"Bati-journal","Dur\u00e9e de lecture estim\u00e9e":"3 minutes"},"schema":{"@context":"https:\/\/schema.org","@graph":[{"@type":"Article","@id":"https:\/\/batijournal.com\/index.php\/la-ville-de-meudon-distinguee-aux-rubans-du-patrimoine-2025\/112489\/#article","isPartOf":{"@id":"https:\/\/batijournal.com\/index.php\/la-ville-de-meudon-distinguee-aux-rubans-du-patrimoine-2025\/112489\/"},"author":{"name":"Bati-journal","@id":"https:\/\/batijournal.com\/#\/schema\/person\/6a657e8967569e1b299972574848aa76"},"headline":"La ville de Meudon distingu\u00e9e aux Rubans du Patrimoine 2025","datePublished":"2025-11-12T09:08:34+00:00","mainEntityOfPage":{"@id":"https:\/\/batijournal.com\/index.php\/la-ville-de-meudon-distinguee-aux-rubans-du-patrimoine-2025\/112489\/"},"wordCount":526,"image":{"@id":"https:\/\/batijournal.com\/index.php\/la-ville-de-meudon-distinguee-aux-rubans-du-patrimoine-2025\/112489\/#primaryimage"},"thumbnailUrl":"https:\/\/batijournal.com\/wp-content\/uploads\/2025\/11\/photo-chapelle-saint-georges-meudon.png","articleSection":["A la Une","Actualit\u00e9s"],"inLanguage":"fr-FR"},{"@type":"WebPage","@id":"https:\/\/batijournal.com\/index.php\/la-ville-de-meudon-distinguee-aux-rubans-du-patrimoine-2025\/112489\/","url":"https:\/\/batijournal.com\/index.php\/la-ville-de-meudon-distinguee-aux-rubans-du-patrimoine-2025\/112489\/","name":"La ville de Meudon distingu\u00e9e aux Rubans du Patrimoine 2025","isPartOf":{"@id":"https:\/\/batijournal.com\/#website"},"primaryImageOfPage":{"@id":"https:\/\/batijournal.com\/index.php\/la-ville-de-meudon-distinguee-aux-rubans-du-patrimoine-2025\/112489\/#primaryimage"},"image":{"@id":"https:\/\/batijournal.com\/index.php\/la-ville-de-meudon-distinguee-aux-rubans-du-patrimoine-2025\/112489\/#primaryimage"},"thumbnailUrl":"https:\/\/batijournal.com\/wp-content\/uploads\/2025\/11\/photo-chapelle-saint-georges-meudon.png","datePublished":"2025-11-12T09:08:34+00:00","author":{"@id":"https:\/\/batijournal.com\/#\/schema\/person\/6a657e8967569e1b299972574848aa76"},"breadcrumb":{"@id":"https:\/\/batijournal.com\/index.php\/la-ville-de-meudon-distinguee-aux-rubans-du-patrimoine-2025\/112489\/#breadcrumb"},"inLanguage":"fr-FR","potentialAction":[{"@type":"ReadAction","target":["https:\/\/batijournal.com\/index.php\/la-ville-de-meudon-distinguee-aux-rubans-du-patrimoine-2025\/112489\/"]}]},{"@type":"ImageObject","inLanguage":"fr-FR","@id":"https:\/\/batijournal.com\/index.php\/la-ville-de-meudon-distinguee-aux-rubans-du-patrimoine-2025\/112489\/#primaryimage","url":"https:\/\/batijournal.com\/wp-content\/uploads\/2025\/11\/photo-chapelle-saint-georges-meudon.png","contentUrl":"https:\/\/batijournal.com\/wp-content\/uploads\/2025\/11\/photo-chapelle-saint-georges-meudon.png","width":837,"height":633},{"@type":"BreadcrumbList","@id":"https:\/\/batijournal.com\/index.php\/la-ville-de-meudon-distinguee-aux-rubans-du-patrimoine-2025\/112489\/#breadcrumb","itemListElement":[{"@type":"ListItem","position":1,"name":"Accueil","item":"https:\/\/batijournal.com\/"},{"@type":"ListItem","position":2,"name":"A la Une","item":"https:\/\/batijournal.com\/index.php\/category\/a-la-une\/"},{"@type":"ListItem","position":3,"name":"La ville de Meudon distingu\u00e9e aux Rubans du Patrimoine 2025"}]},{"@type":"WebSite","@id":"https:\/\/batijournal.com\/#website","url":"https:\/\/batijournal.com\/","name":"Batijournal","description":"L&#039;actualit\u00e9 du b\u00e2timent","potentialAction":[{"@type":"SearchAction","target":{"@type":"EntryPoint","urlTemplate":"https:\/\/batijournal.com\/?s={search_term_string}"},"query-input":{"@type":"PropertyValueSpecification","valueRequired":true,"valueName":"search_term_string"}}],"inLanguage":"fr-FR"},{"@type":"Person","@id":"https:\/\/batijournal.com\/#\/schema\/person\/6a657e8967569e1b299972574848aa76","name":"Bati-journal","image":{"@type":"ImageObject","inLanguage":"fr-FR","@id":"https:\/\/secure.gravatar.com\/avatar\/a64364ea26392f9b4dd47e017ddaec74ff03aefc073b49e492e847201258f777?s=96&d=mm&r=g","url":"https:\/\/secure.gravatar.com\/avatar\/a64364ea26392f9b4dd47e017ddaec74ff03aefc073b49e492e847201258f777?s=96&d=mm&r=g","contentUrl":"https:\/\/secure.gravatar.com\/avatar\/a64364ea26392f9b4dd47e017ddaec74ff03aefc073b49e492e847201258f777?s=96&d=mm&r=g","caption":"Bati-journal"},"url":"https:\/\/batijournal.com\/index.php\/author\/elodie\/"}]}},"_links":{"self":[{"href":"https:\/\/batijournal.com\/index.php\/wp-json\/wp\/v2\/posts\/112489","targetHints":{"allow":["GET"]}}],"collection":[{"href":"https:\/\/batijournal.com\/index.php\/wp-json\/wp\/v2\/posts"}],"about":[{"href":"https:\/\/batijournal.com\/index.php\/wp-json\/wp\/v2\/types\/post"}],"author":[{"embeddable":true,"href":"https:\/\/batijournal.com\/index.php\/wp-json\/wp\/v2\/users\/1"}],"replies":[{"embeddable":true,"href":"https:\/\/batijournal.com\/index.php\/wp-json\/wp\/v2\/comments?post=112489"}],"version-history":[{"count":0,"href":"https:\/\/batijournal.com\/index.php\/wp-json\/wp\/v2\/posts\/112489\/revisions"}],"wp:featuredmedia":[{"embeddable":true,"href":"https:\/\/batijournal.com\/index.php\/wp-json\/wp\/v2\/media\/112490"}],"wp:attachment":[{"href":"https:\/\/batijournal.com\/index.php\/wp-json\/wp\/v2\/media?parent=112489"}],"wp:term":[{"taxonomy":"category","embeddable":true,"href":"https:\/\/batijournal.com\/index.php\/wp-json\/wp\/v2\/categories?post=112489"},{"taxonomy":"post_tag","embeddable":true,"href":"https:\/\/batijournal.com\/index.php\/wp-json\/wp\/v2\/tags?post=112489"}],"curies":[{"name":"wp","href":"https:\/\/api.w.org\/{rel}","templated":true}]}}