{"id":112504,"date":"2025-11-14T12:13:43","date_gmt":"2025-11-14T11:13:43","guid":{"rendered":"https:\/\/batijournal.com\/?p=112504"},"modified":"2025-11-14T12:13:43","modified_gmt":"2025-11-14T11:13:43","slug":"la-filiere-acier-se-reunira-a-paris-lors-dun-colloque","status":"publish","type":"post","link":"https:\/\/batijournal.com\/index.php\/la-filiere-acier-se-reunira-a-paris-lors-dun-colloque\/112504\/","title":{"rendered":"La fili\u00e8re acier se r\u00e9unira \u00e0 Paris lors d&rsquo;un colloque"},"content":{"rendered":"<p><strong>Le Syndicat de la Construction M\u00e9tallique de France organise, mardi 25 novembre, son colloque annuel \u00ab Ambition France Acier Construction \u00bb. Acteurs industriels, f\u00e9d\u00e9rations professionnelles et repr\u00e9sentants des PME y d\u00e9battront des enjeux autour de la fili\u00e8re.<\/strong><\/p>\n<p>Le Syndicat de la Construction M\u00e9tallique de France organise son colloque annuel \u00ab Ambition France Acier Construction \u00bb mardi 25 novembre, de 8h45 \u00e0 14 heures. Seront pr\u00e9sents de nombreux acteurs tels que la CPME (Conf\u00e9d\u00e9ration des petites et moyennes entreprises), la FFB (F\u00e9d\u00e9ration Fran\u00e7aise du B\u00e2timent), l\u2019UIMM (Union des Industries et M\u00e9tiers de la M\u00e9tallurgie) ou encore A3M (Alliance des Minerais, Min\u00e9raux et M\u00e9taux).<\/p>\n<p>L\u2019\u00e9v\u00e9nement rassemblera les acteurs de la cha\u00eene de valeur de l\u2019acier, des fabricants aux constructeurs, en passant par les f\u00e9d\u00e9rations professionnelles. Seront par exemple pr\u00e9sents la CPME, la FFB, l\u2019UIMM ou A3M, avec un temps d\u2019\u00e9changes et une conclusion officielle assur\u00e9e par S\u00e9bastien Martin, ministre d\u00e9l\u00e9gu\u00e9 charg\u00e9 de l\u2019Industrie.<\/p>\n<h2>En pr\u00e9sence du ministre de l\u2019Industrie<\/h2>\n<p>Tout au long de la matin\u00e9e seront organis\u00e9es plusieurs tables rondes. La premi\u00e8re d\u00e9butera \u00e0 9h45 et abordera la question : <em>\u00ab Comment mettre en \u0153uvre l\u2019Ambition France Acier Construction au service des entreprises et des territoires ?\u00bb.<\/em><\/p>\n<p>La seconde, \u00e0 10h30, portera sur le th\u00e8me : <em>\u00ab Unir nos forces : vers une Ambition France Acier Construction partag\u00e9e pour la souverainet\u00e9 industrielle et territoriale \u00bb.<\/em><\/p>\n<p>Un temps d\u2019\u00e9change en pr\u00e9sence de S\u00e9bastien Martin, suivi d\u2019une conclusion, sera \u00e9galement consacr\u00e9 aux freins et leviers de la r\u00e9industrialisation en France ainsi qu\u2019aux annonces concernant la sauvegarde de la fili\u00e8re.<\/p>\n<p>L\u2019\u00e9v\u00e9nement se tiendra au si\u00e8ge de la FFB, 7 rue La P\u00e9rouse, dans le 16\u1d49 arrondissement de Paris. L\u2019int\u00e9gralit\u00e9 du programme est disponible <a href=\"https:\/\/www.constructionmetallique.fr\/participez-au-colloque-ambition-france-acier-construction-et-construisez-lavenir-metallique-le-25-novembre-2025\/\" target=\"_blank\" rel=\"noopener\">ici<\/a>.<\/p>\n","protected":false},"excerpt":{"rendered":"<p>Le Syndicat de la Construction M\u00e9tallique de France organise, mardi 25 novembre, son colloque annuel \u00ab Ambition France Acier Construction \u00bb. Acteurs industriels, f\u00e9d\u00e9rations professionnelles et repr\u00e9sentants des PME y d\u00e9battront des enjeux autour de la fili\u00e8re.<\/p>\n","protected":false},"author":18,"featured_media":112505,"comment_status":"closed","ping_status":"closed","sticky":false,"template":"","format":"standard","meta":{"_et_pb_use_builder":"","_et_pb_old_content":"","_et_gb_content_width":"","footnotes":""},"categories":[10736,10530],"tags":[],"class_list":["post-112504","post","type-post","status-publish","format-standard","has-post-thumbnail","hentry","category-a-la-une","category-actualites"],"yoast_head":"<!-- This site is optimized with the Yoast SEO plugin v27.4 - https:\/\/yoast.com\/product\/yoast-seo-wordpress\/ -->\n<title>La fili\u00e8re acier se r\u00e9unira \u00e0 Paris lors d&#039;un colloque<\/title>\n<meta name=\"description\" content=\"Le Syndicat de la Construction M\u00e9tallique de France organise, mardi 25 novembre, son colloque annuel \u00ab Ambition France Acier Construction \u00bb. Acteurs industriels, f\u00e9d\u00e9rations professionnelles et repr\u00e9sentants des PME y d\u00e9battront des enjeux autour de la fili\u00e8re.\" \/>\n<meta name=\"robots\" content=\"index, follow, max-snippet:-1, max-image-preview:large, max-video-preview:-1\" \/>\n<link rel=\"canonical\" href=\"https:\/\/batijournal.com\/index.php\/la-filiere-acier-se-reunira-a-paris-lors-dun-colloque\/112504\/\" \/>\n<meta property=\"og:locale\" content=\"fr_FR\" \/>\n<meta property=\"og:type\" content=\"article\" \/>\n<meta property=\"og:title\" content=\"La fili\u00e8re acier se r\u00e9unira \u00e0 Paris lors d&#039;un colloque\" \/>\n<meta property=\"og:description\" content=\"Le Syndicat de la Construction M\u00e9tallique de France organise, mardi 25 novembre, son colloque annuel \u00ab Ambition France Acier Construction \u00bb. Acteurs industriels, f\u00e9d\u00e9rations professionnelles et repr\u00e9sentants des PME y d\u00e9battront des enjeux autour de la fili\u00e8re.\" \/>\n<meta property=\"og:url\" content=\"https:\/\/batijournal.com\/index.php\/la-filiere-acier-se-reunira-a-paris-lors-dun-colloque\/112504\/\" \/>\n<meta property=\"og:site_name\" content=\"Batijournal\" \/>\n<meta property=\"article:published_time\" content=\"2025-11-14T11:13:43+00:00\" \/>\n<meta property=\"og:image\" content=\"https:\/\/batijournal.com\/wp-content\/uploads\/2025\/11\/Capture-decran-2025-11-14-a-12.12.54-e1763118804739.png\" \/>\n\t<meta property=\"og:image:width\" content=\"1000\" \/>\n\t<meta property=\"og:image:height\" content=\"530\" \/>\n\t<meta property=\"og:image:type\" content=\"image\/png\" \/>\n<meta name=\"author\" content=\"Lucien B\" \/>\n<meta name=\"twitter:card\" content=\"summary_large_image\" \/>\n<meta name=\"twitter:creator\" content=\"@bati_journal\" \/>\n<meta name=\"twitter:site\" content=\"@bati_journal\" \/>\n<meta name=\"twitter:label1\" content=\"\u00c9crit par\" \/>\n\t<meta name=\"twitter:data1\" content=\"Lucien B\" \/>\n\t<meta name=\"twitter:label2\" content=\"Dur\u00e9e de lecture estim\u00e9e\" \/>\n\t<meta name=\"twitter:data2\" content=\"2 minutes\" \/>\n<script type=\"application\/ld+json\" class=\"yoast-schema-graph\">{\"@context\":\"https:\\\/\\\/schema.org\",\"@graph\":[{\"@type\":\"Article\",\"@id\":\"https:\\\/\\\/batijournal.com\\\/index.php\\\/la-filiere-acier-se-reunira-a-paris-lors-dun-colloque\\\/112504\\\/#article\",\"isPartOf\":{\"@id\":\"https:\\\/\\\/batijournal.com\\\/index.php\\\/la-filiere-acier-se-reunira-a-paris-lors-dun-colloque\\\/112504\\\/\"},\"author\":{\"name\":\"Lucien B\",\"@id\":\"https:\\\/\\\/batijournal.com\\\/#\\\/schema\\\/person\\\/4c7c7cef61be850f1b82b3492a006f17\"},\"headline\":\"La fili\u00e8re acier se r\u00e9unira \u00e0 Paris lors d&rsquo;un colloque\",\"datePublished\":\"2025-11-14T11:13:43+00:00\",\"mainEntityOfPage\":{\"@id\":\"https:\\\/\\\/batijournal.com\\\/index.php\\\/la-filiere-acier-se-reunira-a-paris-lors-dun-colloque\\\/112504\\\/\"},\"wordCount\":329,\"image\":{\"@id\":\"https:\\\/\\\/batijournal.com\\\/index.php\\\/la-filiere-acier-se-reunira-a-paris-lors-dun-colloque\\\/112504\\\/#primaryimage\"},\"thumbnailUrl\":\"https:\\\/\\\/batijournal.com\\\/wp-content\\\/uploads\\\/2025\\\/11\\\/Capture-decran-2025-11-14-a-12.12.54-e1763118804739.png\",\"articleSection\":[\"A la Une\",\"Actualit\u00e9s\"],\"inLanguage\":\"fr-FR\"},{\"@type\":\"WebPage\",\"@id\":\"https:\\\/\\\/batijournal.com\\\/index.php\\\/la-filiere-acier-se-reunira-a-paris-lors-dun-colloque\\\/112504\\\/\",\"url\":\"https:\\\/\\\/batijournal.com\\\/index.php\\\/la-filiere-acier-se-reunira-a-paris-lors-dun-colloque\\\/112504\\\/\",\"name\":\"La fili\u00e8re acier se r\u00e9unira \u00e0 Paris lors d'un colloque\",\"isPartOf\":{\"@id\":\"https:\\\/\\\/batijournal.com\\\/#website\"},\"primaryImageOfPage\":{\"@id\":\"https:\\\/\\\/batijournal.com\\\/index.php\\\/la-filiere-acier-se-reunira-a-paris-lors-dun-colloque\\\/112504\\\/#primaryimage\"},\"image\":{\"@id\":\"https:\\\/\\\/batijournal.com\\\/index.php\\\/la-filiere-acier-se-reunira-a-paris-lors-dun-colloque\\\/112504\\\/#primaryimage\"},\"thumbnailUrl\":\"https:\\\/\\\/batijournal.com\\\/wp-content\\\/uploads\\\/2025\\\/11\\\/Capture-decran-2025-11-14-a-12.12.54-e1763118804739.png\",\"datePublished\":\"2025-11-14T11:13:43+00:00\",\"author\":{\"@id\":\"https:\\\/\\\/batijournal.com\\\/#\\\/schema\\\/person\\\/4c7c7cef61be850f1b82b3492a006f17\"},\"description\":\"Le Syndicat de la Construction M\u00e9tallique de France organise, mardi 25 novembre, son colloque annuel \u00ab Ambition France Acier Construction \u00bb. Acteurs industriels, f\u00e9d\u00e9rations professionnelles et repr\u00e9sentants des PME y d\u00e9battront des enjeux autour de la fili\u00e8re.\",\"breadcrumb\":{\"@id\":\"https:\\\/\\\/batijournal.com\\\/index.php\\\/la-filiere-acier-se-reunira-a-paris-lors-dun-colloque\\\/112504\\\/#breadcrumb\"},\"inLanguage\":\"fr-FR\",\"potentialAction\":[{\"@type\":\"ReadAction\",\"target\":[\"https:\\\/\\\/batijournal.com\\\/index.php\\\/la-filiere-acier-se-reunira-a-paris-lors-dun-colloque\\\/112504\\\/\"]}]},{\"@type\":\"ImageObject\",\"inLanguage\":\"fr-FR\",\"@id\":\"https:\\\/\\\/batijournal.com\\\/index.php\\\/la-filiere-acier-se-reunira-a-paris-lors-dun-colloque\\\/112504\\\/#primaryimage\",\"url\":\"https:\\\/\\\/batijournal.com\\\/wp-content\\\/uploads\\\/2025\\\/11\\\/Capture-decran-2025-11-14-a-12.12.54-e1763118804739.png\",\"contentUrl\":\"https:\\\/\\\/batijournal.com\\\/wp-content\\\/uploads\\\/2025\\\/11\\\/Capture-decran-2025-11-14-a-12.12.54-e1763118804739.png\",\"width\":1000,\"height\":530},{\"@type\":\"BreadcrumbList\",\"@id\":\"https:\\\/\\\/batijournal.com\\\/index.php\\\/la-filiere-acier-se-reunira-a-paris-lors-dun-colloque\\\/112504\\\/#breadcrumb\",\"itemListElement\":[{\"@type\":\"ListItem\",\"position\":1,\"name\":\"Accueil\",\"item\":\"https:\\\/\\\/batijournal.com\\\/\"},{\"@type\":\"ListItem\",\"position\":2,\"name\":\"A la Une\",\"item\":\"https:\\\/\\\/batijournal.com\\\/index.php\\\/category\\\/a-la-une\\\/\"},{\"@type\":\"ListItem\",\"position\":3,\"name\":\"La fili\u00e8re acier se r\u00e9unira \u00e0 Paris lors d&rsquo;un colloque\"}]},{\"@type\":\"WebSite\",\"@id\":\"https:\\\/\\\/batijournal.com\\\/#website\",\"url\":\"https:\\\/\\\/batijournal.com\\\/\",\"name\":\"Batijournal\",\"description\":\"L&#039;actualit\u00e9 du b\u00e2timent\",\"potentialAction\":[{\"@type\":\"SearchAction\",\"target\":{\"@type\":\"EntryPoint\",\"urlTemplate\":\"https:\\\/\\\/batijournal.com\\\/?s={search_term_string}\"},\"query-input\":{\"@type\":\"PropertyValueSpecification\",\"valueRequired\":true,\"valueName\":\"search_term_string\"}}],\"inLanguage\":\"fr-FR\"},{\"@type\":\"Person\",\"@id\":\"https:\\\/\\\/batijournal.com\\\/#\\\/schema\\\/person\\\/4c7c7cef61be850f1b82b3492a006f17\",\"name\":\"Lucien B\",\"image\":{\"@type\":\"ImageObject\",\"inLanguage\":\"fr-FR\",\"@id\":\"https:\\\/\\\/secure.gravatar.com\\\/avatar\\\/7e53691871877667ca1b4481ee38eed4e735d5de53ad94ab51ac26fd8125e321?s=96&d=mm&r=g\",\"url\":\"https:\\\/\\\/secure.gravatar.com\\\/avatar\\\/7e53691871877667ca1b4481ee38eed4e735d5de53ad94ab51ac26fd8125e321?s=96&d=mm&r=g\",\"contentUrl\":\"https:\\\/\\\/secure.gravatar.com\\\/avatar\\\/7e53691871877667ca1b4481ee38eed4e735d5de53ad94ab51ac26fd8125e321?s=96&d=mm&r=g\",\"caption\":\"Lucien B\"},\"url\":\"https:\\\/\\\/batijournal.com\\\/index.php\\\/author\\\/victor\\\/\"}]}<\/script>\n<!-- \/ Yoast SEO plugin. -->","yoast_head_json":{"title":"La fili\u00e8re acier se r\u00e9unira \u00e0 Paris lors d'un colloque","description":"Le Syndicat de la Construction M\u00e9tallique de France organise, mardi 25 novembre, son colloque annuel \u00ab Ambition France Acier Construction \u00bb. Acteurs industriels, f\u00e9d\u00e9rations professionnelles et repr\u00e9sentants des PME y d\u00e9battront des enjeux autour de la fili\u00e8re.","robots":{"index":"index","follow":"follow","max-snippet":"max-snippet:-1","max-image-preview":"max-image-preview:large","max-video-preview":"max-video-preview:-1"},"canonical":"https:\/\/batijournal.com\/index.php\/la-filiere-acier-se-reunira-a-paris-lors-dun-colloque\/112504\/","og_locale":"fr_FR","og_type":"article","og_title":"La fili\u00e8re acier se r\u00e9unira \u00e0 Paris lors d'un colloque","og_description":"Le Syndicat de la Construction M\u00e9tallique de France organise, mardi 25 novembre, son colloque annuel \u00ab Ambition France Acier Construction \u00bb. Acteurs industriels, f\u00e9d\u00e9rations professionnelles et repr\u00e9sentants des PME y d\u00e9battront des enjeux autour de la fili\u00e8re.","og_url":"https:\/\/batijournal.com\/index.php\/la-filiere-acier-se-reunira-a-paris-lors-dun-colloque\/112504\/","og_site_name":"Batijournal","article_published_time":"2025-11-14T11:13:43+00:00","og_image":[{"width":1000,"height":530,"url":"https:\/\/batijournal.com\/wp-content\/uploads\/2025\/11\/Capture-decran-2025-11-14-a-12.12.54-e1763118804739.png","type":"image\/png"}],"author":"Lucien B","twitter_card":"summary_large_image","twitter_creator":"@bati_journal","twitter_site":"@bati_journal","twitter_misc":{"\u00c9crit par":"Lucien B","Dur\u00e9e de lecture estim\u00e9e":"2 minutes"},"schema":{"@context":"https:\/\/schema.org","@graph":[{"@type":"Article","@id":"https:\/\/batijournal.com\/index.php\/la-filiere-acier-se-reunira-a-paris-lors-dun-colloque\/112504\/#article","isPartOf":{"@id":"https:\/\/batijournal.com\/index.php\/la-filiere-acier-se-reunira-a-paris-lors-dun-colloque\/112504\/"},"author":{"name":"Lucien B","@id":"https:\/\/batijournal.com\/#\/schema\/person\/4c7c7cef61be850f1b82b3492a006f17"},"headline":"La fili\u00e8re acier se r\u00e9unira \u00e0 Paris lors d&rsquo;un colloque","datePublished":"2025-11-14T11:13:43+00:00","mainEntityOfPage":{"@id":"https:\/\/batijournal.com\/index.php\/la-filiere-acier-se-reunira-a-paris-lors-dun-colloque\/112504\/"},"wordCount":329,"image":{"@id":"https:\/\/batijournal.com\/index.php\/la-filiere-acier-se-reunira-a-paris-lors-dun-colloque\/112504\/#primaryimage"},"thumbnailUrl":"https:\/\/batijournal.com\/wp-content\/uploads\/2025\/11\/Capture-decran-2025-11-14-a-12.12.54-e1763118804739.png","articleSection":["A la Une","Actualit\u00e9s"],"inLanguage":"fr-FR"},{"@type":"WebPage","@id":"https:\/\/batijournal.com\/index.php\/la-filiere-acier-se-reunira-a-paris-lors-dun-colloque\/112504\/","url":"https:\/\/batijournal.com\/index.php\/la-filiere-acier-se-reunira-a-paris-lors-dun-colloque\/112504\/","name":"La fili\u00e8re acier se r\u00e9unira \u00e0 Paris lors d'un colloque","isPartOf":{"@id":"https:\/\/batijournal.com\/#website"},"primaryImageOfPage":{"@id":"https:\/\/batijournal.com\/index.php\/la-filiere-acier-se-reunira-a-paris-lors-dun-colloque\/112504\/#primaryimage"},"image":{"@id":"https:\/\/batijournal.com\/index.php\/la-filiere-acier-se-reunira-a-paris-lors-dun-colloque\/112504\/#primaryimage"},"thumbnailUrl":"https:\/\/batijournal.com\/wp-content\/uploads\/2025\/11\/Capture-decran-2025-11-14-a-12.12.54-e1763118804739.png","datePublished":"2025-11-14T11:13:43+00:00","author":{"@id":"https:\/\/batijournal.com\/#\/schema\/person\/4c7c7cef61be850f1b82b3492a006f17"},"description":"Le Syndicat de la Construction M\u00e9tallique de France organise, mardi 25 novembre, son colloque annuel \u00ab Ambition France Acier Construction \u00bb. Acteurs industriels, f\u00e9d\u00e9rations professionnelles et repr\u00e9sentants des PME y d\u00e9battront des enjeux autour de la fili\u00e8re.","breadcrumb":{"@id":"https:\/\/batijournal.com\/index.php\/la-filiere-acier-se-reunira-a-paris-lors-dun-colloque\/112504\/#breadcrumb"},"inLanguage":"fr-FR","potentialAction":[{"@type":"ReadAction","target":["https:\/\/batijournal.com\/index.php\/la-filiere-acier-se-reunira-a-paris-lors-dun-colloque\/112504\/"]}]},{"@type":"ImageObject","inLanguage":"fr-FR","@id":"https:\/\/batijournal.com\/index.php\/la-filiere-acier-se-reunira-a-paris-lors-dun-colloque\/112504\/#primaryimage","url":"https:\/\/batijournal.com\/wp-content\/uploads\/2025\/11\/Capture-decran-2025-11-14-a-12.12.54-e1763118804739.png","contentUrl":"https:\/\/batijournal.com\/wp-content\/uploads\/2025\/11\/Capture-decran-2025-11-14-a-12.12.54-e1763118804739.png","width":1000,"height":530},{"@type":"BreadcrumbList","@id":"https:\/\/batijournal.com\/index.php\/la-filiere-acier-se-reunira-a-paris-lors-dun-colloque\/112504\/#breadcrumb","itemListElement":[{"@type":"ListItem","position":1,"name":"Accueil","item":"https:\/\/batijournal.com\/"},{"@type":"ListItem","position":2,"name":"A la Une","item":"https:\/\/batijournal.com\/index.php\/category\/a-la-une\/"},{"@type":"ListItem","position":3,"name":"La fili\u00e8re acier se r\u00e9unira \u00e0 Paris lors d&rsquo;un colloque"}]},{"@type":"WebSite","@id":"https:\/\/batijournal.com\/#website","url":"https:\/\/batijournal.com\/","name":"Batijournal","description":"L&#039;actualit\u00e9 du b\u00e2timent","potentialAction":[{"@type":"SearchAction","target":{"@type":"EntryPoint","urlTemplate":"https:\/\/batijournal.com\/?s={search_term_string}"},"query-input":{"@type":"PropertyValueSpecification","valueRequired":true,"valueName":"search_term_string"}}],"inLanguage":"fr-FR"},{"@type":"Person","@id":"https:\/\/batijournal.com\/#\/schema\/person\/4c7c7cef61be850f1b82b3492a006f17","name":"Lucien B","image":{"@type":"ImageObject","inLanguage":"fr-FR","@id":"https:\/\/secure.gravatar.com\/avatar\/7e53691871877667ca1b4481ee38eed4e735d5de53ad94ab51ac26fd8125e321?s=96&d=mm&r=g","url":"https:\/\/secure.gravatar.com\/avatar\/7e53691871877667ca1b4481ee38eed4e735d5de53ad94ab51ac26fd8125e321?s=96&d=mm&r=g","contentUrl":"https:\/\/secure.gravatar.com\/avatar\/7e53691871877667ca1b4481ee38eed4e735d5de53ad94ab51ac26fd8125e321?s=96&d=mm&r=g","caption":"Lucien B"},"url":"https:\/\/batijournal.com\/index.php\/author\/victor\/"}]}},"_links":{"self":[{"href":"https:\/\/batijournal.com\/index.php\/wp-json\/wp\/v2\/posts\/112504","targetHints":{"allow":["GET"]}}],"collection":[{"href":"https:\/\/batijournal.com\/index.php\/wp-json\/wp\/v2\/posts"}],"about":[{"href":"https:\/\/batijournal.com\/index.php\/wp-json\/wp\/v2\/types\/post"}],"author":[{"embeddable":true,"href":"https:\/\/batijournal.com\/index.php\/wp-json\/wp\/v2\/users\/18"}],"replies":[{"embeddable":true,"href":"https:\/\/batijournal.com\/index.php\/wp-json\/wp\/v2\/comments?post=112504"}],"version-history":[{"count":0,"href":"https:\/\/batijournal.com\/index.php\/wp-json\/wp\/v2\/posts\/112504\/revisions"}],"wp:featuredmedia":[{"embeddable":true,"href":"https:\/\/batijournal.com\/index.php\/wp-json\/wp\/v2\/media\/112505"}],"wp:attachment":[{"href":"https:\/\/batijournal.com\/index.php\/wp-json\/wp\/v2\/media?parent=112504"}],"wp:term":[{"taxonomy":"category","embeddable":true,"href":"https:\/\/batijournal.com\/index.php\/wp-json\/wp\/v2\/categories?post=112504"},{"taxonomy":"post_tag","embeddable":true,"href":"https:\/\/batijournal.com\/index.php\/wp-json\/wp\/v2\/tags?post=112504"}],"curies":[{"name":"wp","href":"https:\/\/api.w.org\/{rel}","templated":true}]}}