{"id":112634,"date":"2025-12-08T13:35:38","date_gmt":"2025-12-08T12:35:38","guid":{"rendered":"https:\/\/batijournal.com\/?p=112634"},"modified":"2025-12-08T13:36:29","modified_gmt":"2025-12-08T12:36:29","slug":"la-capeb-appelle-a-la-mobilisation-nationale","status":"publish","type":"post","link":"https:\/\/batijournal.com\/index.php\/la-capeb-appelle-a-la-mobilisation-nationale\/112634\/","title":{"rendered":"La CAPEB appelle \u00e0 la mobilisation nationale"},"content":{"rendered":"<p>La <a href=\"https:\/\/batijournal.com\/?s=CAPEB\" target=\"_blank\" rel=\"noopener\">CAPEB<\/a> hausse le ton. Face au m\u00e9contentement de la fili\u00e8re, li\u00e9 entre autres aux dispositifs publics comme MaPrimeR\u00e9nov\u2019, jug\u00e9s trop complexes, et \u00e0<em> \u00ab l\u2019iniquit\u00e9 fiscale entre les entreprises du b\u00e2timent \u00bb,<\/em> l\u2019organisation professionnelle appelle \u00e0 une mobilisation nationale le 17 d\u00e9cembre prochain.<\/p>\n<h2>Stabiliser MaPrimeR\u00e9nov\u2019<\/h2>\n<p>La CAPEB avait lanc\u00e9 une consultation qui avait re\u00e7u quelque 5 000 r\u00e9ponses de ses adh\u00e9rents. Il en \u00e9tait ressorti que 79 % des r\u00e9pondants consid\u00e9raient MaPrimeR\u00e9nov\u2019 comme d\u00e9terminante pour d\u00e9clencher des travaux. 60 % d\u00e9claraient en outre que leur chiffre d\u2019affaires d\u00e9pendait pour grande partie de ce dispositif, jusqu\u2019\u00e0 50 % parfois.<\/p>\n<p><em>\u00ab Mais les r\u00e9centes \u00e9volutions ont cr\u00e9\u00e9 une v\u00e9ritable crise. 62 % des artisans constatent une baisse d\u2019activit\u00e9, 51 % d\u00e9noncent une perte de temps massive li\u00e9e \u00e0 l\u2019instabilit\u00e9 des r\u00e8gles, 46 % subissent des difficult\u00e9s financi\u00e8res dues \u00e0 des d\u00e9lais de paiement trop longs et 12 % rapportent m\u00eame une hausse des litiges avec leurs clients \u00bb<\/em>, \u00e9crit la CAPEB dans un communiqu\u00e9.<\/p>\n<p>En effet, cette ann\u00e9e, le dispositif MaPrimeR\u00e9nov\u2019 a fait l\u2019objet de nombreux r\u00e9ajustements allant dans le sens d\u2019un durcissement de l\u2019octroi des aides. L\u2019installation de chaudi\u00e8res biomasse n\u2019est par exemple plus \u00e9ligible.<\/p>\n<p>Les artisans, eux, plaident pour un maintien du soutien public \u00e0 la r\u00e9novation \u00e9nerg\u00e9tique, <em>\u00ab mais dans une version simplifi\u00e9e, stable et co-construite avec eux \u00bb<\/em>, un acc\u00e8s simplifi\u00e9 aux aides et la mise en place d\u2019un parcours de r\u00e9novation par \u00e9tapes.<\/p>\n<h2>REP : un besoin de simplification<\/h2>\n<p>Autre point de crispation : la REP PMCB, dont les artisans jugent la mise en \u0153uvre \u00ab inadapt\u00e9e aux r\u00e9alit\u00e9s du terrain \u00bb, et qui suscite une nouvelle fois des appels \u00e0 plus de simplicit\u00e9 et de lisibilit\u00e9, une unification des r\u00e8gles en point de collecte, la suppression des pr\u00e9-inscriptions et la cr\u00e9ation d\u2019un outil national pour r\u00e9aliser les d\u00e9marches. L\u2019organisation professionnelle donne notamment l\u2019exemple du maillage des points de collecte, o\u00f9 les r\u00e8gles de reprise sont h\u00e9t\u00e9rog\u00e8nes, et o\u00f9 les outils num\u00e9riques m\u00e9riteraient d\u2019\u00eatre harmonis\u00e9s.<\/p>\n<p>Pour plus d\u2019\u00e9quit\u00e9 entre les entreprises, la CAPEB appelle \u00e9galement \u00e0 un abaissement du seuil de franchise en base de TVA \u00e0 25 000 euros pour le secteur du b\u00e2timent, \u00e0 limiter le statut de micro-entreprise \u00e0 deux ans, et demande au gouvernement de mettre sur pied un accompagnement obligatoire vers un r\u00e9gime de droit commun.<\/p>\n<p>Les mobilisations, elles, ont semble-t-il d\u00e9j\u00e0 d\u00e9but\u00e9 dans d\u2019autres corps d\u2019activit\u00e9. Une soixantaine de professionnels ont manifest\u00e9 \u00e0 Paris, \u00e0 la suite de l\u2019appel du Syndicat fran\u00e7ais des chaudi\u00e9ristes biomasse (SFCB) \u00e0 manifester afin d\u2019exiger que les chaudi\u00e8res biomasse (bois et granul\u00e9s) puissent de nouveau \u00eatre \u00e9ligibles aux monogestes MaPrimeR\u00e9nov\u2019.<\/p>\n","protected":false},"excerpt":{"rendered":"<p>Face au m\u00e9contentement croissant des artisans, la CAPEB (Conf\u00e9d\u00e9ration de l&rsquo;artisanat et des petites entreprises du b\u00e2timent) appelle \u00e0 une mobilisation nationale le 17 d\u00e9cembre prochain afin d\u2019exiger des dispositifs plus simples et adapt\u00e9s aux r\u00e9alit\u00e9s du terrain.<\/p>\n","protected":false},"author":18,"featured_media":112054,"comment_status":"closed","ping_status":"closed","sticky":false,"template":"","format":"standard","meta":{"_et_pb_use_builder":"","_et_pb_old_content":"","_et_gb_content_width":"","footnotes":""},"categories":[10736,10530],"tags":[],"class_list":["post-112634","post","type-post","status-publish","format-standard","has-post-thumbnail","hentry","category-a-la-une","category-actualites"],"yoast_head":"<!-- This site is optimized with the Yoast SEO plugin v27.4 - https:\/\/yoast.com\/product\/yoast-seo-wordpress\/ -->\n<title>La CAPEB appelle \u00e0 la mobilisation nationale<\/title>\n<meta name=\"description\" content=\"Face au m\u00e9contentement croissant des artisans, la CAPEB appelle \u00e0 une mobilisation nationale le 17 d\u00e9cembre afin d\u2019exiger des dispositifs plus simples et adapt\u00e9s aux r\u00e9alit\u00e9s du terrain.\" \/>\n<meta name=\"robots\" content=\"index, follow, max-snippet:-1, max-image-preview:large, max-video-preview:-1\" \/>\n<link rel=\"canonical\" href=\"https:\/\/batijournal.com\/index.php\/la-capeb-appelle-a-la-mobilisation-nationale\/112634\/\" \/>\n<meta property=\"og:locale\" content=\"fr_FR\" \/>\n<meta property=\"og:type\" content=\"article\" \/>\n<meta property=\"og:title\" content=\"La CAPEB appelle \u00e0 la mobilisation nationale\" \/>\n<meta property=\"og:description\" content=\"Face au m\u00e9contentement croissant des artisans, la CAPEB appelle \u00e0 une mobilisation nationale le 17 d\u00e9cembre afin d\u2019exiger des dispositifs plus simples et adapt\u00e9s aux r\u00e9alit\u00e9s du terrain.\" \/>\n<meta property=\"og:url\" content=\"https:\/\/batijournal.com\/index.php\/la-capeb-appelle-a-la-mobilisation-nationale\/112634\/\" \/>\n<meta property=\"og:site_name\" content=\"Batijournal\" \/>\n<meta property=\"article:published_time\" content=\"2025-12-08T12:35:38+00:00\" \/>\n<meta property=\"article:modified_time\" content=\"2025-12-08T12:36:29+00:00\" \/>\n<meta property=\"og:image\" content=\"https:\/\/batijournal.com\/wp-content\/uploads\/2025\/09\/capeb_share.png\" \/>\n\t<meta property=\"og:image:width\" content=\"1200\" \/>\n\t<meta property=\"og:image:height\" content=\"1200\" \/>\n\t<meta property=\"og:image:type\" content=\"image\/png\" \/>\n<meta name=\"author\" content=\"Lucien B\" \/>\n<meta name=\"twitter:card\" content=\"summary_large_image\" \/>\n<meta name=\"twitter:creator\" content=\"@bati_journal\" \/>\n<meta name=\"twitter:site\" content=\"@bati_journal\" \/>\n<meta name=\"twitter:label1\" content=\"\u00c9crit par\" \/>\n\t<meta name=\"twitter:data1\" content=\"Lucien B\" \/>\n\t<meta name=\"twitter:label2\" content=\"Dur\u00e9e de lecture estim\u00e9e\" \/>\n\t<meta name=\"twitter:data2\" content=\"3 minutes\" \/>\n<script type=\"application\/ld+json\" class=\"yoast-schema-graph\">{\"@context\":\"https:\\\/\\\/schema.org\",\"@graph\":[{\"@type\":\"Article\",\"@id\":\"https:\\\/\\\/batijournal.com\\\/index.php\\\/la-capeb-appelle-a-la-mobilisation-nationale\\\/112634\\\/#article\",\"isPartOf\":{\"@id\":\"https:\\\/\\\/batijournal.com\\\/index.php\\\/la-capeb-appelle-a-la-mobilisation-nationale\\\/112634\\\/\"},\"author\":{\"name\":\"Lucien B\",\"@id\":\"https:\\\/\\\/batijournal.com\\\/#\\\/schema\\\/person\\\/4c7c7cef61be850f1b82b3492a006f17\"},\"headline\":\"La CAPEB appelle \u00e0 la mobilisation nationale\",\"datePublished\":\"2025-12-08T12:35:38+00:00\",\"dateModified\":\"2025-12-08T12:36:29+00:00\",\"mainEntityOfPage\":{\"@id\":\"https:\\\/\\\/batijournal.com\\\/index.php\\\/la-capeb-appelle-a-la-mobilisation-nationale\\\/112634\\\/\"},\"wordCount\":478,\"image\":{\"@id\":\"https:\\\/\\\/batijournal.com\\\/index.php\\\/la-capeb-appelle-a-la-mobilisation-nationale\\\/112634\\\/#primaryimage\"},\"thumbnailUrl\":\"https:\\\/\\\/batijournal.com\\\/wp-content\\\/uploads\\\/2025\\\/09\\\/capeb_share.png\",\"articleSection\":[\"A la Une\",\"Actualit\u00e9s\"],\"inLanguage\":\"fr-FR\"},{\"@type\":\"WebPage\",\"@id\":\"https:\\\/\\\/batijournal.com\\\/index.php\\\/la-capeb-appelle-a-la-mobilisation-nationale\\\/112634\\\/\",\"url\":\"https:\\\/\\\/batijournal.com\\\/index.php\\\/la-capeb-appelle-a-la-mobilisation-nationale\\\/112634\\\/\",\"name\":\"La CAPEB appelle \u00e0 la mobilisation nationale\",\"isPartOf\":{\"@id\":\"https:\\\/\\\/batijournal.com\\\/#website\"},\"primaryImageOfPage\":{\"@id\":\"https:\\\/\\\/batijournal.com\\\/index.php\\\/la-capeb-appelle-a-la-mobilisation-nationale\\\/112634\\\/#primaryimage\"},\"image\":{\"@id\":\"https:\\\/\\\/batijournal.com\\\/index.php\\\/la-capeb-appelle-a-la-mobilisation-nationale\\\/112634\\\/#primaryimage\"},\"thumbnailUrl\":\"https:\\\/\\\/batijournal.com\\\/wp-content\\\/uploads\\\/2025\\\/09\\\/capeb_share.png\",\"datePublished\":\"2025-12-08T12:35:38+00:00\",\"dateModified\":\"2025-12-08T12:36:29+00:00\",\"author\":{\"@id\":\"https:\\\/\\\/batijournal.com\\\/#\\\/schema\\\/person\\\/4c7c7cef61be850f1b82b3492a006f17\"},\"description\":\"Face au m\u00e9contentement croissant des artisans, la CAPEB appelle \u00e0 une mobilisation nationale le 17 d\u00e9cembre afin d\u2019exiger des dispositifs plus simples et adapt\u00e9s aux r\u00e9alit\u00e9s du terrain.\",\"breadcrumb\":{\"@id\":\"https:\\\/\\\/batijournal.com\\\/index.php\\\/la-capeb-appelle-a-la-mobilisation-nationale\\\/112634\\\/#breadcrumb\"},\"inLanguage\":\"fr-FR\",\"potentialAction\":[{\"@type\":\"ReadAction\",\"target\":[\"https:\\\/\\\/batijournal.com\\\/index.php\\\/la-capeb-appelle-a-la-mobilisation-nationale\\\/112634\\\/\"]}]},{\"@type\":\"ImageObject\",\"inLanguage\":\"fr-FR\",\"@id\":\"https:\\\/\\\/batijournal.com\\\/index.php\\\/la-capeb-appelle-a-la-mobilisation-nationale\\\/112634\\\/#primaryimage\",\"url\":\"https:\\\/\\\/batijournal.com\\\/wp-content\\\/uploads\\\/2025\\\/09\\\/capeb_share.png\",\"contentUrl\":\"https:\\\/\\\/batijournal.com\\\/wp-content\\\/uploads\\\/2025\\\/09\\\/capeb_share.png\",\"width\":1200,\"height\":1200},{\"@type\":\"BreadcrumbList\",\"@id\":\"https:\\\/\\\/batijournal.com\\\/index.php\\\/la-capeb-appelle-a-la-mobilisation-nationale\\\/112634\\\/#breadcrumb\",\"itemListElement\":[{\"@type\":\"ListItem\",\"position\":1,\"name\":\"Accueil\",\"item\":\"https:\\\/\\\/batijournal.com\\\/\"},{\"@type\":\"ListItem\",\"position\":2,\"name\":\"A la Une\",\"item\":\"https:\\\/\\\/batijournal.com\\\/index.php\\\/category\\\/a-la-une\\\/\"},{\"@type\":\"ListItem\",\"position\":3,\"name\":\"La CAPEB appelle \u00e0 la mobilisation nationale\"}]},{\"@type\":\"WebSite\",\"@id\":\"https:\\\/\\\/batijournal.com\\\/#website\",\"url\":\"https:\\\/\\\/batijournal.com\\\/\",\"name\":\"Batijournal\",\"description\":\"L&#039;actualit\u00e9 du b\u00e2timent\",\"potentialAction\":[{\"@type\":\"SearchAction\",\"target\":{\"@type\":\"EntryPoint\",\"urlTemplate\":\"https:\\\/\\\/batijournal.com\\\/?s={search_term_string}\"},\"query-input\":{\"@type\":\"PropertyValueSpecification\",\"valueRequired\":true,\"valueName\":\"search_term_string\"}}],\"inLanguage\":\"fr-FR\"},{\"@type\":\"Person\",\"@id\":\"https:\\\/\\\/batijournal.com\\\/#\\\/schema\\\/person\\\/4c7c7cef61be850f1b82b3492a006f17\",\"name\":\"Lucien B\",\"image\":{\"@type\":\"ImageObject\",\"inLanguage\":\"fr-FR\",\"@id\":\"https:\\\/\\\/secure.gravatar.com\\\/avatar\\\/7e53691871877667ca1b4481ee38eed4e735d5de53ad94ab51ac26fd8125e321?s=96&d=mm&r=g\",\"url\":\"https:\\\/\\\/secure.gravatar.com\\\/avatar\\\/7e53691871877667ca1b4481ee38eed4e735d5de53ad94ab51ac26fd8125e321?s=96&d=mm&r=g\",\"contentUrl\":\"https:\\\/\\\/secure.gravatar.com\\\/avatar\\\/7e53691871877667ca1b4481ee38eed4e735d5de53ad94ab51ac26fd8125e321?s=96&d=mm&r=g\",\"caption\":\"Lucien B\"},\"url\":\"https:\\\/\\\/batijournal.com\\\/index.php\\\/author\\\/victor\\\/\"}]}<\/script>\n<!-- \/ Yoast SEO plugin. -->","yoast_head_json":{"title":"La CAPEB appelle \u00e0 la mobilisation nationale","description":"Face au m\u00e9contentement croissant des artisans, la CAPEB appelle \u00e0 une mobilisation nationale le 17 d\u00e9cembre afin d\u2019exiger des dispositifs plus simples et adapt\u00e9s aux r\u00e9alit\u00e9s du terrain.","robots":{"index":"index","follow":"follow","max-snippet":"max-snippet:-1","max-image-preview":"max-image-preview:large","max-video-preview":"max-video-preview:-1"},"canonical":"https:\/\/batijournal.com\/index.php\/la-capeb-appelle-a-la-mobilisation-nationale\/112634\/","og_locale":"fr_FR","og_type":"article","og_title":"La CAPEB appelle \u00e0 la mobilisation nationale","og_description":"Face au m\u00e9contentement croissant des artisans, la CAPEB appelle \u00e0 une mobilisation nationale le 17 d\u00e9cembre afin d\u2019exiger des dispositifs plus simples et adapt\u00e9s aux r\u00e9alit\u00e9s du terrain.","og_url":"https:\/\/batijournal.com\/index.php\/la-capeb-appelle-a-la-mobilisation-nationale\/112634\/","og_site_name":"Batijournal","article_published_time":"2025-12-08T12:35:38+00:00","article_modified_time":"2025-12-08T12:36:29+00:00","og_image":[{"width":1200,"height":1200,"url":"https:\/\/batijournal.com\/wp-content\/uploads\/2025\/09\/capeb_share.png","type":"image\/png"}],"author":"Lucien B","twitter_card":"summary_large_image","twitter_creator":"@bati_journal","twitter_site":"@bati_journal","twitter_misc":{"\u00c9crit par":"Lucien B","Dur\u00e9e de lecture estim\u00e9e":"3 minutes"},"schema":{"@context":"https:\/\/schema.org","@graph":[{"@type":"Article","@id":"https:\/\/batijournal.com\/index.php\/la-capeb-appelle-a-la-mobilisation-nationale\/112634\/#article","isPartOf":{"@id":"https:\/\/batijournal.com\/index.php\/la-capeb-appelle-a-la-mobilisation-nationale\/112634\/"},"author":{"name":"Lucien B","@id":"https:\/\/batijournal.com\/#\/schema\/person\/4c7c7cef61be850f1b82b3492a006f17"},"headline":"La CAPEB appelle \u00e0 la mobilisation nationale","datePublished":"2025-12-08T12:35:38+00:00","dateModified":"2025-12-08T12:36:29+00:00","mainEntityOfPage":{"@id":"https:\/\/batijournal.com\/index.php\/la-capeb-appelle-a-la-mobilisation-nationale\/112634\/"},"wordCount":478,"image":{"@id":"https:\/\/batijournal.com\/index.php\/la-capeb-appelle-a-la-mobilisation-nationale\/112634\/#primaryimage"},"thumbnailUrl":"https:\/\/batijournal.com\/wp-content\/uploads\/2025\/09\/capeb_share.png","articleSection":["A la Une","Actualit\u00e9s"],"inLanguage":"fr-FR"},{"@type":"WebPage","@id":"https:\/\/batijournal.com\/index.php\/la-capeb-appelle-a-la-mobilisation-nationale\/112634\/","url":"https:\/\/batijournal.com\/index.php\/la-capeb-appelle-a-la-mobilisation-nationale\/112634\/","name":"La CAPEB appelle \u00e0 la mobilisation nationale","isPartOf":{"@id":"https:\/\/batijournal.com\/#website"},"primaryImageOfPage":{"@id":"https:\/\/batijournal.com\/index.php\/la-capeb-appelle-a-la-mobilisation-nationale\/112634\/#primaryimage"},"image":{"@id":"https:\/\/batijournal.com\/index.php\/la-capeb-appelle-a-la-mobilisation-nationale\/112634\/#primaryimage"},"thumbnailUrl":"https:\/\/batijournal.com\/wp-content\/uploads\/2025\/09\/capeb_share.png","datePublished":"2025-12-08T12:35:38+00:00","dateModified":"2025-12-08T12:36:29+00:00","author":{"@id":"https:\/\/batijournal.com\/#\/schema\/person\/4c7c7cef61be850f1b82b3492a006f17"},"description":"Face au m\u00e9contentement croissant des artisans, la CAPEB appelle \u00e0 une mobilisation nationale le 17 d\u00e9cembre afin d\u2019exiger des dispositifs plus simples et adapt\u00e9s aux r\u00e9alit\u00e9s du terrain.","breadcrumb":{"@id":"https:\/\/batijournal.com\/index.php\/la-capeb-appelle-a-la-mobilisation-nationale\/112634\/#breadcrumb"},"inLanguage":"fr-FR","potentialAction":[{"@type":"ReadAction","target":["https:\/\/batijournal.com\/index.php\/la-capeb-appelle-a-la-mobilisation-nationale\/112634\/"]}]},{"@type":"ImageObject","inLanguage":"fr-FR","@id":"https:\/\/batijournal.com\/index.php\/la-capeb-appelle-a-la-mobilisation-nationale\/112634\/#primaryimage","url":"https:\/\/batijournal.com\/wp-content\/uploads\/2025\/09\/capeb_share.png","contentUrl":"https:\/\/batijournal.com\/wp-content\/uploads\/2025\/09\/capeb_share.png","width":1200,"height":1200},{"@type":"BreadcrumbList","@id":"https:\/\/batijournal.com\/index.php\/la-capeb-appelle-a-la-mobilisation-nationale\/112634\/#breadcrumb","itemListElement":[{"@type":"ListItem","position":1,"name":"Accueil","item":"https:\/\/batijournal.com\/"},{"@type":"ListItem","position":2,"name":"A la Une","item":"https:\/\/batijournal.com\/index.php\/category\/a-la-une\/"},{"@type":"ListItem","position":3,"name":"La CAPEB appelle \u00e0 la mobilisation nationale"}]},{"@type":"WebSite","@id":"https:\/\/batijournal.com\/#website","url":"https:\/\/batijournal.com\/","name":"Batijournal","description":"L&#039;actualit\u00e9 du b\u00e2timent","potentialAction":[{"@type":"SearchAction","target":{"@type":"EntryPoint","urlTemplate":"https:\/\/batijournal.com\/?s={search_term_string}"},"query-input":{"@type":"PropertyValueSpecification","valueRequired":true,"valueName":"search_term_string"}}],"inLanguage":"fr-FR"},{"@type":"Person","@id":"https:\/\/batijournal.com\/#\/schema\/person\/4c7c7cef61be850f1b82b3492a006f17","name":"Lucien B","image":{"@type":"ImageObject","inLanguage":"fr-FR","@id":"https:\/\/secure.gravatar.com\/avatar\/7e53691871877667ca1b4481ee38eed4e735d5de53ad94ab51ac26fd8125e321?s=96&d=mm&r=g","url":"https:\/\/secure.gravatar.com\/avatar\/7e53691871877667ca1b4481ee38eed4e735d5de53ad94ab51ac26fd8125e321?s=96&d=mm&r=g","contentUrl":"https:\/\/secure.gravatar.com\/avatar\/7e53691871877667ca1b4481ee38eed4e735d5de53ad94ab51ac26fd8125e321?s=96&d=mm&r=g","caption":"Lucien B"},"url":"https:\/\/batijournal.com\/index.php\/author\/victor\/"}]}},"_links":{"self":[{"href":"https:\/\/batijournal.com\/index.php\/wp-json\/wp\/v2\/posts\/112634","targetHints":{"allow":["GET"]}}],"collection":[{"href":"https:\/\/batijournal.com\/index.php\/wp-json\/wp\/v2\/posts"}],"about":[{"href":"https:\/\/batijournal.com\/index.php\/wp-json\/wp\/v2\/types\/post"}],"author":[{"embeddable":true,"href":"https:\/\/batijournal.com\/index.php\/wp-json\/wp\/v2\/users\/18"}],"replies":[{"embeddable":true,"href":"https:\/\/batijournal.com\/index.php\/wp-json\/wp\/v2\/comments?post=112634"}],"version-history":[{"count":0,"href":"https:\/\/batijournal.com\/index.php\/wp-json\/wp\/v2\/posts\/112634\/revisions"}],"wp:featuredmedia":[{"embeddable":true,"href":"https:\/\/batijournal.com\/index.php\/wp-json\/wp\/v2\/media\/112054"}],"wp:attachment":[{"href":"https:\/\/batijournal.com\/index.php\/wp-json\/wp\/v2\/media?parent=112634"}],"wp:term":[{"taxonomy":"category","embeddable":true,"href":"https:\/\/batijournal.com\/index.php\/wp-json\/wp\/v2\/categories?post=112634"},{"taxonomy":"post_tag","embeddable":true,"href":"https:\/\/batijournal.com\/index.php\/wp-json\/wp\/v2\/tags?post=112634"}],"curies":[{"name":"wp","href":"https:\/\/api.w.org\/{rel}","templated":true}]}}