{"id":112802,"date":"2026-01-20T13:44:02","date_gmt":"2026-01-20T12:44:02","guid":{"rendered":"https:\/\/batijournal.com\/?p=112802"},"modified":"2026-01-20T13:44:02","modified_gmt":"2026-01-20T12:44:02","slug":"une-coentreprise-avec-knauf-dediee-au-recyclage-du-platre","status":"publish","type":"post","link":"https:\/\/batijournal.com\/index.php\/une-coentreprise-avec-knauf-dediee-au-recyclage-du-platre\/112802\/","title":{"rendered":"Une coentreprise avec Knauf d\u00e9di\u00e9e au recyclage du pl\u00e2tre"},"content":{"rendered":"<p><strong>Le projet repose sur une usine en construction \u00e0 Auneuil, dans l\u2019Oise, qui doit \u00eatre mise en service en 2026. Une partie des volumes recycl\u00e9s sera ensuite achemin\u00e9e vers une usine de Knauf, en Seine-et-Marne (77).<\/strong><\/p>\n<p>Le fabricant allemand de mat\u00e9riaux <a href=\"https:\/\/batijournal.com\/?s=knauf\" target=\"_blank\" rel=\"noopener\">Knauf<\/a> a annonc\u00e9 la cr\u00e9ation d\u2019une coentreprise avec Ritleng Revalorisations, une soci\u00e9t\u00e9 alsacienne sp\u00e9cialis\u00e9e dans le recyclage du pl\u00e2tre, et HL D\u00e9veloppement, un investisseur fran\u00e7ais, acteur de la gestion des d\u00e9chets.<\/p>\n<p>Sur le terrain, les trois partenaires investissent dans une usine de recyclage de gypse \u00e0 Auneuil, dans l\u2019Oise. Sa construction a d\u00e9marr\u00e9 l\u2019ann\u00e9e derni\u00e8re et sa mise en service est pr\u00e9vue pour la fin du premier semestre 2026. L\u2019infrastructure, est annonc\u00e9e par Ritleng Revalorisations comme la plus grande de ce type en Europe, et serait en capacit\u00e9 de traiter pr\u00e8s d\u2019un tiers des d\u00e9chets de pl\u00e2tre de l\u2019Hexagone. Les technologies de concassage et de s\u00e9paration employ\u00e9es sur place seront appliqu\u00e9es \u00e0 des d\u00e9chets complexes issus de la d\u00e9molition et de la construction.<\/p>\n<p><em>\u00ab Notre technologie de recyclage avanc\u00e9e et notre exp\u00e9rience dans le traitement de flux de d\u00e9chets complexes nous permettent de fournir, \u00e0 l\u2019\u00e9chelle industrielle, du pl\u00e2tre recycl\u00e9 de haute qualit\u00e9. L\u2019alliance avec Knauf valide notre expertise et nous permettra d\u2019apporter des solutions techniques innovantes \u00e0 un secteur en expansion \u00e0 l\u2019international \u00bb,<\/em> a d\u00e9clar\u00e9 Jean-Luc Ritleng, pr\u00e9sident de Ritleng Revalorisations, cit\u00e9 dans un communiqu\u00e9.<\/p>\n<h2>S\u00e9curiser l\u2019approvisionnement<\/h2>\n<p>Et Knauf dans tout \u00e7a ? Son usine seine-et-marnaise, bas\u00e9e \u00e0 Saint-Soupplets, r\u00e9ceptionnera une partie du volume de pl\u00e2tre recycl\u00e9, qui sera ensuite incorpor\u00e9 \u00e0 la production.<\/p>\n<p>Cette coentreprise doit permettre \u00e0 Knauf de r\u00e9duire les \u00e9missions de CO2 li\u00e9es \u00e0 la fabrication de ses produits, ainsi qu\u2019aux transports, en privil\u00e9giant un approvisionnement local r\u00e9duisant les flux logistiques. L\u2019int\u00e9r\u00eat n\u2019est pas qu\u2019environnemental. Par cette initiative, l\u2019industriel cherche \u00e9galement \u00e0 s\u00e9curiser son approvisionnement, en misant sur une nouvelle source, en mesure de suivre une cadence de production \u00e9lev\u00e9e.<\/p>\n<p>L\u2019autre int\u00e9r\u00eat est \u00e9videmment r\u00e9glementaire. Cette coentreprise r\u00e9pond aussi aux exigences des directives europ\u00e9ennes en mati\u00e8re d\u2019\u00e9conomie circulaire, ou encore de la Responsabilit\u00e9 \u00e9largie du producteur (REP). Les trois acteurs sont actuellement en train d\u2019\u00e9valuer d\u2019autres projets en France et \u00e0 l\u2019international. Knauf a d\u00e9j\u00e0 engag\u00e9 plusieurs d\u00e9marches li\u00e9es au recyclage. L\u2019industriel a par exemple mis en place une unit\u00e9 de recyclage dans son process de fabrication sur l\u2019usine de Fos-sur-Mer (Bouches-du-Rh\u00f4ne).<\/p>\n","protected":false},"excerpt":{"rendered":"<p>Le projet repose sur une usine en construction \u00e0 Auneuil, dans l\u2019Oise, qui doit \u00eatre mise en service en 2026. Une partie des volumes recycl\u00e9s sera ensuite achemin\u00e9e vers une usine de Knauf, en Seine-et-Marne (77). Le fabricant allemand de mat\u00e9riaux Knauf a annonc\u00e9 la cr\u00e9ation d\u2019une coentreprise avec Ritleng Revalorisations, une soci\u00e9t\u00e9 alsacienne sp\u00e9cialis\u00e9e [&hellip;]<\/p>\n","protected":false},"author":18,"featured_media":112583,"comment_status":"closed","ping_status":"closed","sticky":false,"template":"","format":"standard","meta":{"_et_pb_use_builder":"","_et_pb_old_content":"","_et_gb_content_width":"","footnotes":""},"categories":[10736,10530],"tags":[],"class_list":["post-112802","post","type-post","status-publish","format-standard","has-post-thumbnail","hentry","category-a-la-une","category-actualites"],"yoast_head":"<!-- This site is optimized with the Yoast SEO plugin v27.4 - https:\/\/yoast.com\/product\/yoast-seo-wordpress\/ -->\n<title>Une coentreprise avec Knauf d\u00e9di\u00e9e au recyclage du pl\u00e2tre<\/title>\n<meta name=\"description\" content=\"Le projet repose sur une usine en construction \u00e0 Auneuil, dans l\u2019Oise, qui doit \u00eatre mise en service en 2026. Une partie des volumes recycl\u00e9s sera ensuite achemin\u00e9e vers une usine de Knauf, en Seine-et-Marne (77).\" \/>\n<meta name=\"robots\" content=\"index, follow, max-snippet:-1, max-image-preview:large, max-video-preview:-1\" \/>\n<link rel=\"canonical\" href=\"https:\/\/batijournal.com\/index.php\/une-coentreprise-avec-knauf-dediee-au-recyclage-du-platre\/112802\/\" \/>\n<meta property=\"og:locale\" content=\"fr_FR\" \/>\n<meta property=\"og:type\" content=\"article\" \/>\n<meta property=\"og:title\" content=\"Une coentreprise avec Knauf d\u00e9di\u00e9e au recyclage du pl\u00e2tre\" \/>\n<meta property=\"og:description\" content=\"Le projet repose sur une usine en construction \u00e0 Auneuil, dans l\u2019Oise, qui doit \u00eatre mise en service en 2026. Une partie des volumes recycl\u00e9s sera ensuite achemin\u00e9e vers une usine de Knauf, en Seine-et-Marne (77).\" \/>\n<meta property=\"og:url\" content=\"https:\/\/batijournal.com\/index.php\/une-coentreprise-avec-knauf-dediee-au-recyclage-du-platre\/112802\/\" \/>\n<meta property=\"og:site_name\" content=\"Batijournal\" \/>\n<meta property=\"article:published_time\" content=\"2026-01-20T12:44:02+00:00\" \/>\n<meta property=\"og:image\" content=\"https:\/\/batijournal.com\/wp-content\/uploads\/2025\/11\/Capture-decran-2025-11-24-a-15.11.48-copie-e1763993679164.jpg\" \/>\n\t<meta property=\"og:image:width\" content=\"1000\" \/>\n\t<meta property=\"og:image:height\" content=\"550\" \/>\n\t<meta property=\"og:image:type\" content=\"image\/jpeg\" \/>\n<meta name=\"author\" content=\"Lucien B\" \/>\n<meta name=\"twitter:card\" content=\"summary_large_image\" \/>\n<meta name=\"twitter:creator\" content=\"@bati_journal\" \/>\n<meta name=\"twitter:site\" content=\"@bati_journal\" \/>\n<meta name=\"twitter:label1\" content=\"\u00c9crit par\" \/>\n\t<meta name=\"twitter:data1\" content=\"Lucien B\" \/>\n\t<meta name=\"twitter:label2\" content=\"Dur\u00e9e de lecture estim\u00e9e\" \/>\n\t<meta name=\"twitter:data2\" content=\"3 minutes\" \/>\n<script type=\"application\/ld+json\" class=\"yoast-schema-graph\">{\"@context\":\"https:\\\/\\\/schema.org\",\"@graph\":[{\"@type\":\"Article\",\"@id\":\"https:\\\/\\\/batijournal.com\\\/index.php\\\/une-coentreprise-avec-knauf-dediee-au-recyclage-du-platre\\\/112802\\\/#article\",\"isPartOf\":{\"@id\":\"https:\\\/\\\/batijournal.com\\\/index.php\\\/une-coentreprise-avec-knauf-dediee-au-recyclage-du-platre\\\/112802\\\/\"},\"author\":{\"name\":\"Lucien B\",\"@id\":\"https:\\\/\\\/batijournal.com\\\/#\\\/schema\\\/person\\\/4c7c7cef61be850f1b82b3492a006f17\"},\"headline\":\"Une coentreprise avec Knauf d\u00e9di\u00e9e au recyclage du pl\u00e2tre\",\"datePublished\":\"2026-01-20T12:44:02+00:00\",\"mainEntityOfPage\":{\"@id\":\"https:\\\/\\\/batijournal.com\\\/index.php\\\/une-coentreprise-avec-knauf-dediee-au-recyclage-du-platre\\\/112802\\\/\"},\"wordCount\":459,\"image\":{\"@id\":\"https:\\\/\\\/batijournal.com\\\/index.php\\\/une-coentreprise-avec-knauf-dediee-au-recyclage-du-platre\\\/112802\\\/#primaryimage\"},\"thumbnailUrl\":\"https:\\\/\\\/batijournal.com\\\/wp-content\\\/uploads\\\/2025\\\/11\\\/Capture-decran-2025-11-24-a-15.11.48-copie-e1763993679164.jpg\",\"articleSection\":[\"A la Une\",\"Actualit\u00e9s\"],\"inLanguage\":\"fr-FR\"},{\"@type\":\"WebPage\",\"@id\":\"https:\\\/\\\/batijournal.com\\\/index.php\\\/une-coentreprise-avec-knauf-dediee-au-recyclage-du-platre\\\/112802\\\/\",\"url\":\"https:\\\/\\\/batijournal.com\\\/index.php\\\/une-coentreprise-avec-knauf-dediee-au-recyclage-du-platre\\\/112802\\\/\",\"name\":\"Une coentreprise avec Knauf d\u00e9di\u00e9e au recyclage du pl\u00e2tre\",\"isPartOf\":{\"@id\":\"https:\\\/\\\/batijournal.com\\\/#website\"},\"primaryImageOfPage\":{\"@id\":\"https:\\\/\\\/batijournal.com\\\/index.php\\\/une-coentreprise-avec-knauf-dediee-au-recyclage-du-platre\\\/112802\\\/#primaryimage\"},\"image\":{\"@id\":\"https:\\\/\\\/batijournal.com\\\/index.php\\\/une-coentreprise-avec-knauf-dediee-au-recyclage-du-platre\\\/112802\\\/#primaryimage\"},\"thumbnailUrl\":\"https:\\\/\\\/batijournal.com\\\/wp-content\\\/uploads\\\/2025\\\/11\\\/Capture-decran-2025-11-24-a-15.11.48-copie-e1763993679164.jpg\",\"datePublished\":\"2026-01-20T12:44:02+00:00\",\"author\":{\"@id\":\"https:\\\/\\\/batijournal.com\\\/#\\\/schema\\\/person\\\/4c7c7cef61be850f1b82b3492a006f17\"},\"description\":\"Le projet repose sur une usine en construction \u00e0 Auneuil, dans l\u2019Oise, qui doit \u00eatre mise en service en 2026. Une partie des volumes recycl\u00e9s sera ensuite achemin\u00e9e vers une usine de Knauf, en Seine-et-Marne (77).\",\"breadcrumb\":{\"@id\":\"https:\\\/\\\/batijournal.com\\\/index.php\\\/une-coentreprise-avec-knauf-dediee-au-recyclage-du-platre\\\/112802\\\/#breadcrumb\"},\"inLanguage\":\"fr-FR\",\"potentialAction\":[{\"@type\":\"ReadAction\",\"target\":[\"https:\\\/\\\/batijournal.com\\\/index.php\\\/une-coentreprise-avec-knauf-dediee-au-recyclage-du-platre\\\/112802\\\/\"]}]},{\"@type\":\"ImageObject\",\"inLanguage\":\"fr-FR\",\"@id\":\"https:\\\/\\\/batijournal.com\\\/index.php\\\/une-coentreprise-avec-knauf-dediee-au-recyclage-du-platre\\\/112802\\\/#primaryimage\",\"url\":\"https:\\\/\\\/batijournal.com\\\/wp-content\\\/uploads\\\/2025\\\/11\\\/Capture-decran-2025-11-24-a-15.11.48-copie-e1763993679164.jpg\",\"contentUrl\":\"https:\\\/\\\/batijournal.com\\\/wp-content\\\/uploads\\\/2025\\\/11\\\/Capture-decran-2025-11-24-a-15.11.48-copie-e1763993679164.jpg\",\"width\":1000,\"height\":550,\"caption\":\"Knauf HydroProof\"},{\"@type\":\"BreadcrumbList\",\"@id\":\"https:\\\/\\\/batijournal.com\\\/index.php\\\/une-coentreprise-avec-knauf-dediee-au-recyclage-du-platre\\\/112802\\\/#breadcrumb\",\"itemListElement\":[{\"@type\":\"ListItem\",\"position\":1,\"name\":\"Accueil\",\"item\":\"https:\\\/\\\/batijournal.com\\\/\"},{\"@type\":\"ListItem\",\"position\":2,\"name\":\"A la Une\",\"item\":\"https:\\\/\\\/batijournal.com\\\/index.php\\\/category\\\/a-la-une\\\/\"},{\"@type\":\"ListItem\",\"position\":3,\"name\":\"Une coentreprise avec Knauf d\u00e9di\u00e9e au recyclage du pl\u00e2tre\"}]},{\"@type\":\"WebSite\",\"@id\":\"https:\\\/\\\/batijournal.com\\\/#website\",\"url\":\"https:\\\/\\\/batijournal.com\\\/\",\"name\":\"Batijournal\",\"description\":\"L&#039;actualit\u00e9 du b\u00e2timent\",\"potentialAction\":[{\"@type\":\"SearchAction\",\"target\":{\"@type\":\"EntryPoint\",\"urlTemplate\":\"https:\\\/\\\/batijournal.com\\\/?s={search_term_string}\"},\"query-input\":{\"@type\":\"PropertyValueSpecification\",\"valueRequired\":true,\"valueName\":\"search_term_string\"}}],\"inLanguage\":\"fr-FR\"},{\"@type\":\"Person\",\"@id\":\"https:\\\/\\\/batijournal.com\\\/#\\\/schema\\\/person\\\/4c7c7cef61be850f1b82b3492a006f17\",\"name\":\"Lucien B\",\"image\":{\"@type\":\"ImageObject\",\"inLanguage\":\"fr-FR\",\"@id\":\"https:\\\/\\\/secure.gravatar.com\\\/avatar\\\/7e53691871877667ca1b4481ee38eed4e735d5de53ad94ab51ac26fd8125e321?s=96&d=mm&r=g\",\"url\":\"https:\\\/\\\/secure.gravatar.com\\\/avatar\\\/7e53691871877667ca1b4481ee38eed4e735d5de53ad94ab51ac26fd8125e321?s=96&d=mm&r=g\",\"contentUrl\":\"https:\\\/\\\/secure.gravatar.com\\\/avatar\\\/7e53691871877667ca1b4481ee38eed4e735d5de53ad94ab51ac26fd8125e321?s=96&d=mm&r=g\",\"caption\":\"Lucien B\"},\"url\":\"https:\\\/\\\/batijournal.com\\\/index.php\\\/author\\\/victor\\\/\"}]}<\/script>\n<!-- \/ Yoast SEO plugin. -->","yoast_head_json":{"title":"Une coentreprise avec Knauf d\u00e9di\u00e9e au recyclage du pl\u00e2tre","description":"Le projet repose sur une usine en construction \u00e0 Auneuil, dans l\u2019Oise, qui doit \u00eatre mise en service en 2026. Une partie des volumes recycl\u00e9s sera ensuite achemin\u00e9e vers une usine de Knauf, en Seine-et-Marne (77).","robots":{"index":"index","follow":"follow","max-snippet":"max-snippet:-1","max-image-preview":"max-image-preview:large","max-video-preview":"max-video-preview:-1"},"canonical":"https:\/\/batijournal.com\/index.php\/une-coentreprise-avec-knauf-dediee-au-recyclage-du-platre\/112802\/","og_locale":"fr_FR","og_type":"article","og_title":"Une coentreprise avec Knauf d\u00e9di\u00e9e au recyclage du pl\u00e2tre","og_description":"Le projet repose sur une usine en construction \u00e0 Auneuil, dans l\u2019Oise, qui doit \u00eatre mise en service en 2026. Une partie des volumes recycl\u00e9s sera ensuite achemin\u00e9e vers une usine de Knauf, en Seine-et-Marne (77).","og_url":"https:\/\/batijournal.com\/index.php\/une-coentreprise-avec-knauf-dediee-au-recyclage-du-platre\/112802\/","og_site_name":"Batijournal","article_published_time":"2026-01-20T12:44:02+00:00","og_image":[{"width":1000,"height":550,"url":"https:\/\/batijournal.com\/wp-content\/uploads\/2025\/11\/Capture-decran-2025-11-24-a-15.11.48-copie-e1763993679164.jpg","type":"image\/jpeg"}],"author":"Lucien B","twitter_card":"summary_large_image","twitter_creator":"@bati_journal","twitter_site":"@bati_journal","twitter_misc":{"\u00c9crit par":"Lucien B","Dur\u00e9e de lecture estim\u00e9e":"3 minutes"},"schema":{"@context":"https:\/\/schema.org","@graph":[{"@type":"Article","@id":"https:\/\/batijournal.com\/index.php\/une-coentreprise-avec-knauf-dediee-au-recyclage-du-platre\/112802\/#article","isPartOf":{"@id":"https:\/\/batijournal.com\/index.php\/une-coentreprise-avec-knauf-dediee-au-recyclage-du-platre\/112802\/"},"author":{"name":"Lucien B","@id":"https:\/\/batijournal.com\/#\/schema\/person\/4c7c7cef61be850f1b82b3492a006f17"},"headline":"Une coentreprise avec Knauf d\u00e9di\u00e9e au recyclage du pl\u00e2tre","datePublished":"2026-01-20T12:44:02+00:00","mainEntityOfPage":{"@id":"https:\/\/batijournal.com\/index.php\/une-coentreprise-avec-knauf-dediee-au-recyclage-du-platre\/112802\/"},"wordCount":459,"image":{"@id":"https:\/\/batijournal.com\/index.php\/une-coentreprise-avec-knauf-dediee-au-recyclage-du-platre\/112802\/#primaryimage"},"thumbnailUrl":"https:\/\/batijournal.com\/wp-content\/uploads\/2025\/11\/Capture-decran-2025-11-24-a-15.11.48-copie-e1763993679164.jpg","articleSection":["A la Une","Actualit\u00e9s"],"inLanguage":"fr-FR"},{"@type":"WebPage","@id":"https:\/\/batijournal.com\/index.php\/une-coentreprise-avec-knauf-dediee-au-recyclage-du-platre\/112802\/","url":"https:\/\/batijournal.com\/index.php\/une-coentreprise-avec-knauf-dediee-au-recyclage-du-platre\/112802\/","name":"Une coentreprise avec Knauf d\u00e9di\u00e9e au recyclage du pl\u00e2tre","isPartOf":{"@id":"https:\/\/batijournal.com\/#website"},"primaryImageOfPage":{"@id":"https:\/\/batijournal.com\/index.php\/une-coentreprise-avec-knauf-dediee-au-recyclage-du-platre\/112802\/#primaryimage"},"image":{"@id":"https:\/\/batijournal.com\/index.php\/une-coentreprise-avec-knauf-dediee-au-recyclage-du-platre\/112802\/#primaryimage"},"thumbnailUrl":"https:\/\/batijournal.com\/wp-content\/uploads\/2025\/11\/Capture-decran-2025-11-24-a-15.11.48-copie-e1763993679164.jpg","datePublished":"2026-01-20T12:44:02+00:00","author":{"@id":"https:\/\/batijournal.com\/#\/schema\/person\/4c7c7cef61be850f1b82b3492a006f17"},"description":"Le projet repose sur une usine en construction \u00e0 Auneuil, dans l\u2019Oise, qui doit \u00eatre mise en service en 2026. Une partie des volumes recycl\u00e9s sera ensuite achemin\u00e9e vers une usine de Knauf, en Seine-et-Marne (77).","breadcrumb":{"@id":"https:\/\/batijournal.com\/index.php\/une-coentreprise-avec-knauf-dediee-au-recyclage-du-platre\/112802\/#breadcrumb"},"inLanguage":"fr-FR","potentialAction":[{"@type":"ReadAction","target":["https:\/\/batijournal.com\/index.php\/une-coentreprise-avec-knauf-dediee-au-recyclage-du-platre\/112802\/"]}]},{"@type":"ImageObject","inLanguage":"fr-FR","@id":"https:\/\/batijournal.com\/index.php\/une-coentreprise-avec-knauf-dediee-au-recyclage-du-platre\/112802\/#primaryimage","url":"https:\/\/batijournal.com\/wp-content\/uploads\/2025\/11\/Capture-decran-2025-11-24-a-15.11.48-copie-e1763993679164.jpg","contentUrl":"https:\/\/batijournal.com\/wp-content\/uploads\/2025\/11\/Capture-decran-2025-11-24-a-15.11.48-copie-e1763993679164.jpg","width":1000,"height":550,"caption":"Knauf HydroProof"},{"@type":"BreadcrumbList","@id":"https:\/\/batijournal.com\/index.php\/une-coentreprise-avec-knauf-dediee-au-recyclage-du-platre\/112802\/#breadcrumb","itemListElement":[{"@type":"ListItem","position":1,"name":"Accueil","item":"https:\/\/batijournal.com\/"},{"@type":"ListItem","position":2,"name":"A la Une","item":"https:\/\/batijournal.com\/index.php\/category\/a-la-une\/"},{"@type":"ListItem","position":3,"name":"Une coentreprise avec Knauf d\u00e9di\u00e9e au recyclage du pl\u00e2tre"}]},{"@type":"WebSite","@id":"https:\/\/batijournal.com\/#website","url":"https:\/\/batijournal.com\/","name":"Batijournal","description":"L&#039;actualit\u00e9 du b\u00e2timent","potentialAction":[{"@type":"SearchAction","target":{"@type":"EntryPoint","urlTemplate":"https:\/\/batijournal.com\/?s={search_term_string}"},"query-input":{"@type":"PropertyValueSpecification","valueRequired":true,"valueName":"search_term_string"}}],"inLanguage":"fr-FR"},{"@type":"Person","@id":"https:\/\/batijournal.com\/#\/schema\/person\/4c7c7cef61be850f1b82b3492a006f17","name":"Lucien B","image":{"@type":"ImageObject","inLanguage":"fr-FR","@id":"https:\/\/secure.gravatar.com\/avatar\/7e53691871877667ca1b4481ee38eed4e735d5de53ad94ab51ac26fd8125e321?s=96&d=mm&r=g","url":"https:\/\/secure.gravatar.com\/avatar\/7e53691871877667ca1b4481ee38eed4e735d5de53ad94ab51ac26fd8125e321?s=96&d=mm&r=g","contentUrl":"https:\/\/secure.gravatar.com\/avatar\/7e53691871877667ca1b4481ee38eed4e735d5de53ad94ab51ac26fd8125e321?s=96&d=mm&r=g","caption":"Lucien B"},"url":"https:\/\/batijournal.com\/index.php\/author\/victor\/"}]}},"_links":{"self":[{"href":"https:\/\/batijournal.com\/index.php\/wp-json\/wp\/v2\/posts\/112802","targetHints":{"allow":["GET"]}}],"collection":[{"href":"https:\/\/batijournal.com\/index.php\/wp-json\/wp\/v2\/posts"}],"about":[{"href":"https:\/\/batijournal.com\/index.php\/wp-json\/wp\/v2\/types\/post"}],"author":[{"embeddable":true,"href":"https:\/\/batijournal.com\/index.php\/wp-json\/wp\/v2\/users\/18"}],"replies":[{"embeddable":true,"href":"https:\/\/batijournal.com\/index.php\/wp-json\/wp\/v2\/comments?post=112802"}],"version-history":[{"count":0,"href":"https:\/\/batijournal.com\/index.php\/wp-json\/wp\/v2\/posts\/112802\/revisions"}],"wp:featuredmedia":[{"embeddable":true,"href":"https:\/\/batijournal.com\/index.php\/wp-json\/wp\/v2\/media\/112583"}],"wp:attachment":[{"href":"https:\/\/batijournal.com\/index.php\/wp-json\/wp\/v2\/media?parent=112802"}],"wp:term":[{"taxonomy":"category","embeddable":true,"href":"https:\/\/batijournal.com\/index.php\/wp-json\/wp\/v2\/categories?post=112802"},{"taxonomy":"post_tag","embeddable":true,"href":"https:\/\/batijournal.com\/index.php\/wp-json\/wp\/v2\/tags?post=112802"}],"curies":[{"name":"wp","href":"https:\/\/api.w.org\/{rel}","templated":true}]}}