{"id":112924,"date":"2026-01-29T13:40:13","date_gmt":"2026-01-29T12:40:13","guid":{"rendered":"https:\/\/batijournal.com\/?p=112924"},"modified":"2026-01-29T13:40:13","modified_gmt":"2026-01-29T12:40:13","slug":"edilians-va-racheter-un-fabricant-italien-de-tuiles-en-terre-cuite","status":"publish","type":"post","link":"https:\/\/batijournal.com\/index.php\/edilians-va-racheter-un-fabricant-italien-de-tuiles-en-terre-cuite\/112924\/","title":{"rendered":"Edilians va racheter un fabricant italien de tuiles en terre cuite"},"content":{"rendered":"<p><strong>Edilians veut se renforcer en Europe du Sud en mettant la main sur un industriel italien. Le groupe devrait prochainement acqu\u00e9rir Industrie Cotto Possagno, un industriel italien sp\u00e9cialis\u00e9 dans la fabrication de tuiles en terre cuite.<\/strong><\/p>\n<p><a href=\"https:\/\/batijournal.com\/?s=Edilians\" target=\"_blank\" rel=\"noopener\">Edilians<\/a>, sp\u00e9cialiste tricolore de la tuile en terre cuite a annonc\u00e9, jeudi, la signature d\u2019un accord en vue d\u2019acqu\u00e9rir son concurrent italien, Industrie Cotto Possagno.<\/p>\n<p>Cette entreprise familiale, fond\u00e9e au XVIII\u1d49 si\u00e8cle, compte 150 employ\u00e9s et r\u00e9alise un chiffre d\u2019affaires annuel de 40 millions d\u2019euros. \u00c0 titre de comparaison, Edilians compte 1 700 collaborateurs, exploite 17 sites industriels et a r\u00e9alis\u00e9 un chiffre d\u2019affaires de 450 millions d\u2019euros en 2025.<\/p>\n<h2>Industrie Cotto Possagno conservera son identit\u00e9<\/h2>\n<p>Une op\u00e9ration qui permet \u00e0 l\u2019industriel fran\u00e7ais de se renforcer de l\u2019autre c\u00f4t\u00e9 des Alpes, et plus g\u00e9n\u00e9ralement en Europe du Sud. \u00ab Cette acquisition, qui devrait \u00eatre finalis\u00e9e en avril 2026, renforce notre position de leader en Europe du Sud en nous permettant de conqu\u00e9rir un march\u00e9 important et historique de la tuile en terre cuite. Cela nous permet d\u2019offrir \u00e0 nos clients des solutions de couverture qui allient tradition, performances techniques et engagement environnemental \u00bb, a d\u00e9clar\u00e9 Pascal Casanova, pr\u00e9sident d\u2019Edilians Group, cit\u00e9 dans un communiqu\u00e9.<\/p>\n<p>Industrie Cotto Possagno exploite quatre carri\u00e8res et dispose de quatre lignes de production principales, lui permettant de conserver un contr\u00f4le total sur sa cha\u00eene d\u2019approvisionnement. L\u2019entreprise devrait conserver son identit\u00e9 propre et b\u00e9n\u00e9ficier de la port\u00e9e internationale d\u2019Edilians pour renforcer sa pr\u00e9sence sur le march\u00e9 italien et se d\u00e9velopper au-del\u00e0.<\/p>\n","protected":false},"excerpt":{"rendered":"<p>Edilians veut se renforcer en Europe du Sud en mettant la main sur un industriel italien. Le groupe devrait prochainement acqu\u00e9rir Industrie Cotto Possagno, un industriel italien sp\u00e9cialis\u00e9 dans la fabrication de tuiles en terre cuite.<\/p>\n","protected":false},"author":18,"featured_media":110721,"comment_status":"closed","ping_status":"closed","sticky":false,"template":"","format":"standard","meta":{"_et_pb_use_builder":"","_et_pb_old_content":"","_et_gb_content_width":"","footnotes":""},"categories":[10736,10530,6345],"tags":[],"class_list":["post-112924","post","type-post","status-publish","format-standard","has-post-thumbnail","hentry","category-a-la-une","category-actualites","category-economie-marches"],"yoast_head":"<!-- This site is optimized with the Yoast SEO plugin v27.4 - https:\/\/yoast.com\/product\/yoast-seo-wordpress\/ -->\n<title>Edilians va racheter un fabricant italien de tuiles en terre cuite<\/title>\n<meta name=\"description\" content=\"Edilians veut se renforcer en Europe du Sud en mettant la main sur un industriel italien. Le groupe devrait prochainement acqu\u00e9rir Industrie Cotto Possagno, un industriel italien sp\u00e9cialis\u00e9 dans la fabrication de tuiles en terre cuite.\" \/>\n<meta name=\"robots\" content=\"index, follow, max-snippet:-1, max-image-preview:large, max-video-preview:-1\" \/>\n<link rel=\"canonical\" href=\"https:\/\/batijournal.com\/index.php\/edilians-va-racheter-un-fabricant-italien-de-tuiles-en-terre-cuite\/112924\/\" \/>\n<meta property=\"og:locale\" content=\"fr_FR\" \/>\n<meta property=\"og:type\" content=\"article\" \/>\n<meta property=\"og:title\" content=\"Edilians va racheter un fabricant italien de tuiles en terre cuite\" \/>\n<meta property=\"og:description\" content=\"Edilians veut se renforcer en Europe du Sud en mettant la main sur un industriel italien. Le groupe devrait prochainement acqu\u00e9rir Industrie Cotto Possagno, un industriel italien sp\u00e9cialis\u00e9 dans la fabrication de tuiles en terre cuite.\" \/>\n<meta property=\"og:url\" content=\"https:\/\/batijournal.com\/index.php\/edilians-va-racheter-un-fabricant-italien-de-tuiles-en-terre-cuite\/112924\/\" \/>\n<meta property=\"og:site_name\" content=\"Batijournal\" \/>\n<meta property=\"article:published_time\" content=\"2026-01-29T12:40:13+00:00\" \/>\n<meta property=\"og:image\" content=\"https:\/\/batijournal.com\/wp-content\/uploads\/2024\/06\/plein_sud_reabilis-sainte_madeleine-plain_carre-edilians.jpg\" \/>\n\t<meta property=\"og:image:width\" content=\"1000\" \/>\n\t<meta property=\"og:image:height\" content=\"673\" \/>\n\t<meta property=\"og:image:type\" content=\"image\/jpeg\" \/>\n<meta name=\"author\" content=\"Lucien B\" \/>\n<meta name=\"twitter:card\" content=\"summary_large_image\" \/>\n<meta name=\"twitter:creator\" content=\"@bati_journal\" \/>\n<meta name=\"twitter:site\" content=\"@bati_journal\" \/>\n<meta name=\"twitter:label1\" content=\"\u00c9crit par\" \/>\n\t<meta name=\"twitter:data1\" content=\"Lucien B\" \/>\n\t<meta name=\"twitter:label2\" content=\"Dur\u00e9e de lecture estim\u00e9e\" \/>\n\t<meta name=\"twitter:data2\" content=\"2 minutes\" \/>\n<script type=\"application\/ld+json\" class=\"yoast-schema-graph\">{\"@context\":\"https:\\\/\\\/schema.org\",\"@graph\":[{\"@type\":\"Article\",\"@id\":\"https:\\\/\\\/batijournal.com\\\/index.php\\\/edilians-va-racheter-un-fabricant-italien-de-tuiles-en-terre-cuite\\\/112924\\\/#article\",\"isPartOf\":{\"@id\":\"https:\\\/\\\/batijournal.com\\\/index.php\\\/edilians-va-racheter-un-fabricant-italien-de-tuiles-en-terre-cuite\\\/112924\\\/\"},\"author\":{\"name\":\"Lucien B\",\"@id\":\"https:\\\/\\\/batijournal.com\\\/#\\\/schema\\\/person\\\/4c7c7cef61be850f1b82b3492a006f17\"},\"headline\":\"Edilians va racheter un fabricant italien de tuiles en terre cuite\",\"datePublished\":\"2026-01-29T12:40:13+00:00\",\"mainEntityOfPage\":{\"@id\":\"https:\\\/\\\/batijournal.com\\\/index.php\\\/edilians-va-racheter-un-fabricant-italien-de-tuiles-en-terre-cuite\\\/112924\\\/\"},\"wordCount\":287,\"image\":{\"@id\":\"https:\\\/\\\/batijournal.com\\\/index.php\\\/edilians-va-racheter-un-fabricant-italien-de-tuiles-en-terre-cuite\\\/112924\\\/#primaryimage\"},\"thumbnailUrl\":\"https:\\\/\\\/batijournal.com\\\/wp-content\\\/uploads\\\/2024\\\/06\\\/plein_sud_reabilis-sainte_madeleine-plain_carre-edilians.jpg\",\"articleSection\":[\"A la Une\",\"Actualit\u00e9s\",\"\u00c9conomie &amp; March\u00e9s\"],\"inLanguage\":\"fr-FR\"},{\"@type\":\"WebPage\",\"@id\":\"https:\\\/\\\/batijournal.com\\\/index.php\\\/edilians-va-racheter-un-fabricant-italien-de-tuiles-en-terre-cuite\\\/112924\\\/\",\"url\":\"https:\\\/\\\/batijournal.com\\\/index.php\\\/edilians-va-racheter-un-fabricant-italien-de-tuiles-en-terre-cuite\\\/112924\\\/\",\"name\":\"Edilians va racheter un fabricant italien de tuiles en terre cuite\",\"isPartOf\":{\"@id\":\"https:\\\/\\\/batijournal.com\\\/#website\"},\"primaryImageOfPage\":{\"@id\":\"https:\\\/\\\/batijournal.com\\\/index.php\\\/edilians-va-racheter-un-fabricant-italien-de-tuiles-en-terre-cuite\\\/112924\\\/#primaryimage\"},\"image\":{\"@id\":\"https:\\\/\\\/batijournal.com\\\/index.php\\\/edilians-va-racheter-un-fabricant-italien-de-tuiles-en-terre-cuite\\\/112924\\\/#primaryimage\"},\"thumbnailUrl\":\"https:\\\/\\\/batijournal.com\\\/wp-content\\\/uploads\\\/2024\\\/06\\\/plein_sud_reabilis-sainte_madeleine-plain_carre-edilians.jpg\",\"datePublished\":\"2026-01-29T12:40:13+00:00\",\"author\":{\"@id\":\"https:\\\/\\\/batijournal.com\\\/#\\\/schema\\\/person\\\/4c7c7cef61be850f1b82b3492a006f17\"},\"description\":\"Edilians veut se renforcer en Europe du Sud en mettant la main sur un industriel italien. Le groupe devrait prochainement acqu\u00e9rir Industrie Cotto Possagno, un industriel italien sp\u00e9cialis\u00e9 dans la fabrication de tuiles en terre cuite.\",\"breadcrumb\":{\"@id\":\"https:\\\/\\\/batijournal.com\\\/index.php\\\/edilians-va-racheter-un-fabricant-italien-de-tuiles-en-terre-cuite\\\/112924\\\/#breadcrumb\"},\"inLanguage\":\"fr-FR\",\"potentialAction\":[{\"@type\":\"ReadAction\",\"target\":[\"https:\\\/\\\/batijournal.com\\\/index.php\\\/edilians-va-racheter-un-fabricant-italien-de-tuiles-en-terre-cuite\\\/112924\\\/\"]}]},{\"@type\":\"ImageObject\",\"inLanguage\":\"fr-FR\",\"@id\":\"https:\\\/\\\/batijournal.com\\\/index.php\\\/edilians-va-racheter-un-fabricant-italien-de-tuiles-en-terre-cuite\\\/112924\\\/#primaryimage\",\"url\":\"https:\\\/\\\/batijournal.com\\\/wp-content\\\/uploads\\\/2024\\\/06\\\/plein_sud_reabilis-sainte_madeleine-plain_carre-edilians.jpg\",\"contentUrl\":\"https:\\\/\\\/batijournal.com\\\/wp-content\\\/uploads\\\/2024\\\/06\\\/plein_sud_reabilis-sainte_madeleine-plain_carre-edilians.jpg\",\"width\":1000,\"height\":673},{\"@type\":\"BreadcrumbList\",\"@id\":\"https:\\\/\\\/batijournal.com\\\/index.php\\\/edilians-va-racheter-un-fabricant-italien-de-tuiles-en-terre-cuite\\\/112924\\\/#breadcrumb\",\"itemListElement\":[{\"@type\":\"ListItem\",\"position\":1,\"name\":\"Accueil\",\"item\":\"https:\\\/\\\/batijournal.com\\\/\"},{\"@type\":\"ListItem\",\"position\":2,\"name\":\"A la Une\",\"item\":\"https:\\\/\\\/batijournal.com\\\/index.php\\\/category\\\/a-la-une\\\/\"},{\"@type\":\"ListItem\",\"position\":3,\"name\":\"Edilians va racheter un fabricant italien de tuiles en terre cuite\"}]},{\"@type\":\"WebSite\",\"@id\":\"https:\\\/\\\/batijournal.com\\\/#website\",\"url\":\"https:\\\/\\\/batijournal.com\\\/\",\"name\":\"Batijournal\",\"description\":\"L&#039;actualit\u00e9 du b\u00e2timent\",\"potentialAction\":[{\"@type\":\"SearchAction\",\"target\":{\"@type\":\"EntryPoint\",\"urlTemplate\":\"https:\\\/\\\/batijournal.com\\\/?s={search_term_string}\"},\"query-input\":{\"@type\":\"PropertyValueSpecification\",\"valueRequired\":true,\"valueName\":\"search_term_string\"}}],\"inLanguage\":\"fr-FR\"},{\"@type\":\"Person\",\"@id\":\"https:\\\/\\\/batijournal.com\\\/#\\\/schema\\\/person\\\/4c7c7cef61be850f1b82b3492a006f17\",\"name\":\"Lucien B\",\"image\":{\"@type\":\"ImageObject\",\"inLanguage\":\"fr-FR\",\"@id\":\"https:\\\/\\\/secure.gravatar.com\\\/avatar\\\/7e53691871877667ca1b4481ee38eed4e735d5de53ad94ab51ac26fd8125e321?s=96&d=mm&r=g\",\"url\":\"https:\\\/\\\/secure.gravatar.com\\\/avatar\\\/7e53691871877667ca1b4481ee38eed4e735d5de53ad94ab51ac26fd8125e321?s=96&d=mm&r=g\",\"contentUrl\":\"https:\\\/\\\/secure.gravatar.com\\\/avatar\\\/7e53691871877667ca1b4481ee38eed4e735d5de53ad94ab51ac26fd8125e321?s=96&d=mm&r=g\",\"caption\":\"Lucien B\"},\"url\":\"https:\\\/\\\/batijournal.com\\\/index.php\\\/author\\\/victor\\\/\"}]}<\/script>\n<!-- \/ Yoast SEO plugin. -->","yoast_head_json":{"title":"Edilians va racheter un fabricant italien de tuiles en terre cuite","description":"Edilians veut se renforcer en Europe du Sud en mettant la main sur un industriel italien. Le groupe devrait prochainement acqu\u00e9rir Industrie Cotto Possagno, un industriel italien sp\u00e9cialis\u00e9 dans la fabrication de tuiles en terre cuite.","robots":{"index":"index","follow":"follow","max-snippet":"max-snippet:-1","max-image-preview":"max-image-preview:large","max-video-preview":"max-video-preview:-1"},"canonical":"https:\/\/batijournal.com\/index.php\/edilians-va-racheter-un-fabricant-italien-de-tuiles-en-terre-cuite\/112924\/","og_locale":"fr_FR","og_type":"article","og_title":"Edilians va racheter un fabricant italien de tuiles en terre cuite","og_description":"Edilians veut se renforcer en Europe du Sud en mettant la main sur un industriel italien. Le groupe devrait prochainement acqu\u00e9rir Industrie Cotto Possagno, un industriel italien sp\u00e9cialis\u00e9 dans la fabrication de tuiles en terre cuite.","og_url":"https:\/\/batijournal.com\/index.php\/edilians-va-racheter-un-fabricant-italien-de-tuiles-en-terre-cuite\/112924\/","og_site_name":"Batijournal","article_published_time":"2026-01-29T12:40:13+00:00","og_image":[{"width":1000,"height":673,"url":"https:\/\/batijournal.com\/wp-content\/uploads\/2024\/06\/plein_sud_reabilis-sainte_madeleine-plain_carre-edilians.jpg","type":"image\/jpeg"}],"author":"Lucien B","twitter_card":"summary_large_image","twitter_creator":"@bati_journal","twitter_site":"@bati_journal","twitter_misc":{"\u00c9crit par":"Lucien B","Dur\u00e9e de lecture estim\u00e9e":"2 minutes"},"schema":{"@context":"https:\/\/schema.org","@graph":[{"@type":"Article","@id":"https:\/\/batijournal.com\/index.php\/edilians-va-racheter-un-fabricant-italien-de-tuiles-en-terre-cuite\/112924\/#article","isPartOf":{"@id":"https:\/\/batijournal.com\/index.php\/edilians-va-racheter-un-fabricant-italien-de-tuiles-en-terre-cuite\/112924\/"},"author":{"name":"Lucien B","@id":"https:\/\/batijournal.com\/#\/schema\/person\/4c7c7cef61be850f1b82b3492a006f17"},"headline":"Edilians va racheter un fabricant italien de tuiles en terre cuite","datePublished":"2026-01-29T12:40:13+00:00","mainEntityOfPage":{"@id":"https:\/\/batijournal.com\/index.php\/edilians-va-racheter-un-fabricant-italien-de-tuiles-en-terre-cuite\/112924\/"},"wordCount":287,"image":{"@id":"https:\/\/batijournal.com\/index.php\/edilians-va-racheter-un-fabricant-italien-de-tuiles-en-terre-cuite\/112924\/#primaryimage"},"thumbnailUrl":"https:\/\/batijournal.com\/wp-content\/uploads\/2024\/06\/plein_sud_reabilis-sainte_madeleine-plain_carre-edilians.jpg","articleSection":["A la Une","Actualit\u00e9s","\u00c9conomie &amp; March\u00e9s"],"inLanguage":"fr-FR"},{"@type":"WebPage","@id":"https:\/\/batijournal.com\/index.php\/edilians-va-racheter-un-fabricant-italien-de-tuiles-en-terre-cuite\/112924\/","url":"https:\/\/batijournal.com\/index.php\/edilians-va-racheter-un-fabricant-italien-de-tuiles-en-terre-cuite\/112924\/","name":"Edilians va racheter un fabricant italien de tuiles en terre cuite","isPartOf":{"@id":"https:\/\/batijournal.com\/#website"},"primaryImageOfPage":{"@id":"https:\/\/batijournal.com\/index.php\/edilians-va-racheter-un-fabricant-italien-de-tuiles-en-terre-cuite\/112924\/#primaryimage"},"image":{"@id":"https:\/\/batijournal.com\/index.php\/edilians-va-racheter-un-fabricant-italien-de-tuiles-en-terre-cuite\/112924\/#primaryimage"},"thumbnailUrl":"https:\/\/batijournal.com\/wp-content\/uploads\/2024\/06\/plein_sud_reabilis-sainte_madeleine-plain_carre-edilians.jpg","datePublished":"2026-01-29T12:40:13+00:00","author":{"@id":"https:\/\/batijournal.com\/#\/schema\/person\/4c7c7cef61be850f1b82b3492a006f17"},"description":"Edilians veut se renforcer en Europe du Sud en mettant la main sur un industriel italien. Le groupe devrait prochainement acqu\u00e9rir Industrie Cotto Possagno, un industriel italien sp\u00e9cialis\u00e9 dans la fabrication de tuiles en terre cuite.","breadcrumb":{"@id":"https:\/\/batijournal.com\/index.php\/edilians-va-racheter-un-fabricant-italien-de-tuiles-en-terre-cuite\/112924\/#breadcrumb"},"inLanguage":"fr-FR","potentialAction":[{"@type":"ReadAction","target":["https:\/\/batijournal.com\/index.php\/edilians-va-racheter-un-fabricant-italien-de-tuiles-en-terre-cuite\/112924\/"]}]},{"@type":"ImageObject","inLanguage":"fr-FR","@id":"https:\/\/batijournal.com\/index.php\/edilians-va-racheter-un-fabricant-italien-de-tuiles-en-terre-cuite\/112924\/#primaryimage","url":"https:\/\/batijournal.com\/wp-content\/uploads\/2024\/06\/plein_sud_reabilis-sainte_madeleine-plain_carre-edilians.jpg","contentUrl":"https:\/\/batijournal.com\/wp-content\/uploads\/2024\/06\/plein_sud_reabilis-sainte_madeleine-plain_carre-edilians.jpg","width":1000,"height":673},{"@type":"BreadcrumbList","@id":"https:\/\/batijournal.com\/index.php\/edilians-va-racheter-un-fabricant-italien-de-tuiles-en-terre-cuite\/112924\/#breadcrumb","itemListElement":[{"@type":"ListItem","position":1,"name":"Accueil","item":"https:\/\/batijournal.com\/"},{"@type":"ListItem","position":2,"name":"A la Une","item":"https:\/\/batijournal.com\/index.php\/category\/a-la-une\/"},{"@type":"ListItem","position":3,"name":"Edilians va racheter un fabricant italien de tuiles en terre cuite"}]},{"@type":"WebSite","@id":"https:\/\/batijournal.com\/#website","url":"https:\/\/batijournal.com\/","name":"Batijournal","description":"L&#039;actualit\u00e9 du b\u00e2timent","potentialAction":[{"@type":"SearchAction","target":{"@type":"EntryPoint","urlTemplate":"https:\/\/batijournal.com\/?s={search_term_string}"},"query-input":{"@type":"PropertyValueSpecification","valueRequired":true,"valueName":"search_term_string"}}],"inLanguage":"fr-FR"},{"@type":"Person","@id":"https:\/\/batijournal.com\/#\/schema\/person\/4c7c7cef61be850f1b82b3492a006f17","name":"Lucien B","image":{"@type":"ImageObject","inLanguage":"fr-FR","@id":"https:\/\/secure.gravatar.com\/avatar\/7e53691871877667ca1b4481ee38eed4e735d5de53ad94ab51ac26fd8125e321?s=96&d=mm&r=g","url":"https:\/\/secure.gravatar.com\/avatar\/7e53691871877667ca1b4481ee38eed4e735d5de53ad94ab51ac26fd8125e321?s=96&d=mm&r=g","contentUrl":"https:\/\/secure.gravatar.com\/avatar\/7e53691871877667ca1b4481ee38eed4e735d5de53ad94ab51ac26fd8125e321?s=96&d=mm&r=g","caption":"Lucien B"},"url":"https:\/\/batijournal.com\/index.php\/author\/victor\/"}]}},"_links":{"self":[{"href":"https:\/\/batijournal.com\/index.php\/wp-json\/wp\/v2\/posts\/112924","targetHints":{"allow":["GET"]}}],"collection":[{"href":"https:\/\/batijournal.com\/index.php\/wp-json\/wp\/v2\/posts"}],"about":[{"href":"https:\/\/batijournal.com\/index.php\/wp-json\/wp\/v2\/types\/post"}],"author":[{"embeddable":true,"href":"https:\/\/batijournal.com\/index.php\/wp-json\/wp\/v2\/users\/18"}],"replies":[{"embeddable":true,"href":"https:\/\/batijournal.com\/index.php\/wp-json\/wp\/v2\/comments?post=112924"}],"version-history":[{"count":0,"href":"https:\/\/batijournal.com\/index.php\/wp-json\/wp\/v2\/posts\/112924\/revisions"}],"wp:featuredmedia":[{"embeddable":true,"href":"https:\/\/batijournal.com\/index.php\/wp-json\/wp\/v2\/media\/110721"}],"wp:attachment":[{"href":"https:\/\/batijournal.com\/index.php\/wp-json\/wp\/v2\/media?parent=112924"}],"wp:term":[{"taxonomy":"category","embeddable":true,"href":"https:\/\/batijournal.com\/index.php\/wp-json\/wp\/v2\/categories?post=112924"},{"taxonomy":"post_tag","embeddable":true,"href":"https:\/\/batijournal.com\/index.php\/wp-json\/wp\/v2\/tags?post=112924"}],"curies":[{"name":"wp","href":"https:\/\/api.w.org\/{rel}","templated":true}]}}